{"id":8625,"date":"2020-01-07T10:21:23","date_gmt":"2020-01-07T09:21:23","guid":{"rendered":"https:\/\/www.organisator.ch\/?p=6200"},"modified":"2020-01-07T10:21:23","modified_gmt":"2020-01-07T09:21:23","slug":"hans-peter-nehmer-wird-praesident-des-harbourclub","status":"publish","type":"post","link":"https:\/\/www.organisator.ch\/it\/marketing\/2020-01-07\/hans-peter-nehmer-wird-praesident-des-harbourclub\/","title":{"rendered":"Hans-Peter Nehmer diventa presidente dell'HarbourClub"},"content":{"rendered":"<figure id=\"attachment_6201\" aria-describedby=\"caption-attachment-6201\" style=\"width: 680px\" class=\"wp-caption alignnone\"><img loading=\"lazy\" decoding=\"async\" class=\"size-medium wp-image-6201\" src=\"https:\/\/www.organisator.ch\/wp-content\/uploads\/2020\/01\/Hans-Peter-Nehmer-wird-Praesident-des-HarbourClub_Organisator.jpg\" alt=\"\" width=\"680\" height=\"471\" \/><figcaption id=\"caption-attachment-6201\" class=\"wp-caption-text\">Hans-Peter Nehmer diventer\u00e0 il nuovo presidente dell'HarbourClub il 1\u00b0 gennaio 2020. (Immagine: zVg)<\/figcaption><\/figure>\n<p>L'HarbourClub, la rete dei responsabili della comunicazione delle grandi aziende e organizzazioni svizzere, ha nominato il suo membro del consiglio di amministrazione Hans-Peter Nehmer presidente a partire dal 1\u00b0 gennaio 2020. Il nuovo presidente \u00e8 Chief Communications Officer di Allianz Suisse, dove \u00e8 responsabile della comunicazione aziendale e delle attivit\u00e0 di responsabilit\u00e0 sociale d'impresa del gruppo assicurativo in Svizzera. In precedenza ha ricoperto la stessa posizione presso UPC\/Cablecom, il pi\u00f9 grande operatore di rete via cavo della Svizzera, e il gruppo internazionale Hotelplan. Prima di \"passare al settore delle PR\", Nehmer ha lavorato per oltre dieci anni come redattore e presentatore alla radio privata Radio Z e alla televisione svizzera. Dal 2015 \u00e8 presidente di giuria dello Swiss Annual Report Rating. La sua nomina \u00e8 soggetta all'elezione da parte dell'Assemblea Generale il 13 marzo 2020.<\/p>\n<p>Hans-Peter Nehmer prende il posto di Dominique Morel, che ha guidato con successo il rinomato club come mastermind negli ultimi cinque anni. Dominique Morel lascer\u00e0 l'HarbourClub alla fine di marzo 2020 per motivi statutari, in quanto non sar\u00e0 pi\u00f9 attivo come Head Marketing, Communications &amp; Sales presso KPMG, ma come consulente per Marketing, Reputation &amp; Customer Experience. Il Consiglio di Amministrazione di HarbourClub sar\u00e0 quindi composto in futuro come segue:<\/p>\n<ul>\n<li>Hans-Peter Nehmer (Presidente), Allianz<\/li>\n<li>Larissa Alghisi, Julius Baer<\/li>\n<li>Edi Estermann, SRG\/SSR<\/li>\n<li>Myriam K\u00e4ser, Skyguide<\/li>\n<li>Salom\u00e9 Ramseier, Hoerbiger<\/li>\n<li>Roman Sidler, Geberit<\/li>\n<\/ul>\n<p><em>Ulteriori informazioni: <a href=\"http:\/\/www.harbourclub.ch\/\">www.harbourclub.ch<\/a><\/em><\/p>","protected":false},"excerpt":{"rendered":"<p>Der HarbourClub, das Netzwerk der Kommunikations-Verantwortlichen von wichtigen Schweizer Unternehmen und Organisationen, hat sein Vorstandsmitglied Hans-Peter Nehmer per 1. Januar 2020 zum Pr\u00e4sidenten ernannt. Der neue Pr\u00e4sident ist Chief Communications Officer bei der Allianz Suisse, wo er die Unternehmenskommunikation und die Corporate Social Responsibility-Aktivit\u00e4ten des Versicherungskonzerns in der Schweiz verantwortet. Zuvor war er bei UPC\/Cablecom, [&hellip;]<\/p>\n","protected":false},"author":4,"featured_media":8549,"comment_status":"closed","ping_status":"closed","sticky":false,"template":"","format":"standard","meta":{"_acf_changed":false,"_yoast_wpseo_focuskw":"Hans-Peter Nehmer","_yoast_wpseo_metadesc":"Der HarbourClub hat Hans-Peter Nehmer zum neuen Pr\u00e4sidenten ernannt. Er hat die Aufgabe per 1. Januar 2020 von Dominique Morel \u00fcbernommen.","articlekey":"","footnotes":""},"categories":[29],"tags":[335,339,381,492],"class_list":["post-8625","post","type-post","status-publish","format-standard","has-post-thumbnail","hentry","category-marketing","tag-management-und-unternehmensfuehrung","tag-marketing","tag-personalia","tag-unternehmen"],"acf":[],"yoast_head":"<!-- This site is optimized with the Yoast SEO plugin v27.4 - https:\/\/yoast.com\/product\/yoast-seo-wordpress\/ -->\n<title>Hans-Peter Nehmer wird Pr\u00e4sident des HarbourClub - Organisator<\/title>\n<meta name=\"description\" content=\"Der HarbourClub hat Hans-Peter Nehmer zum neuen Pr\u00e4sidenten ernannt. Er hat die Aufgabe per 1. Januar 2020 von Dominique Morel \u00fcbernommen.\" \/>\n<meta name=\"robots\" content=\"index, follow, max-snippet:-1, max-image-preview:large, max-video-preview:-1\" \/>\n<link rel=\"canonical\" href=\"https:\/\/www.organisator.ch\/it\/marketing\/2020-01-07\/hans-peter-nehmer-wird-praesident-des-harbourclub\/\" \/>\n<meta property=\"og:locale\" content=\"it_IT\" \/>\n<meta property=\"og:type\" content=\"article\" \/>\n<meta property=\"og:title\" content=\"Hans-Peter Nehmer wird Pr\u00e4sident des HarbourClub\" \/>\n<meta property=\"og:description\" content=\"Der HarbourClub hat Hans-Peter Nehmer zum neuen Pr\u00e4sidenten ernannt. Er hat die Aufgabe per 1. Januar 2020 von Dominique Morel \u00fcbernommen.\" \/>\n<meta property=\"og:url\" content=\"https:\/\/www.organisator.ch\/it\/marketing\/2020-01-07\/hans-peter-nehmer-wird-praesident-des-harbourclub\/\" \/>\n<meta property=\"og:site_name\" content=\"Organisator\" \/>\n<meta property=\"article:publisher\" content=\"https:\/\/www.facebook.com\/OrganisatorFachmagazin\" \/>\n<meta property=\"article:published_time\" content=\"2020-01-07T09:21:23+00:00\" \/>\n<meta name=\"author\" content=\"thomas.berner\" \/>\n<meta name=\"twitter:card\" content=\"summary_large_image\" \/>\n<meta name=\"twitter:title\" content=\"Hans-Peter Nehmer wird Pr\u00e4sident des #HarbourClub\" \/>\n<meta name=\"twitter:description\" content=\"Der #HarbourClub hat Hans-Peter Nehmer zum neuen Pr\u00e4sidenten ernannt. Er hat die Aufgabe per 1. Januar 2020 von Dominique Morel \u00fcbernommen.\" \/>\n<script type=\"application\/ld+json\" class=\"yoast-schema-graph\">{\"@context\":\"https:\\\/\\\/schema.org\",\"@graph\":[{\"@type\":\"Article\",\"@id\":\"https:\\\/\\\/www.organisator.ch\\\/marketing\\\/2020-01-07\\\/hans-peter-nehmer-wird-praesident-des-harbourclub\\\/#article\",\"isPartOf\":{\"@id\":\"https:\\\/\\\/www.organisator.ch\\\/marketing\\\/2020-01-07\\\/hans-peter-nehmer-wird-praesident-des-harbourclub\\\/\"},\"author\":{\"name\":\"thomas.berner\",\"@id\":\"https:\\\/\\\/www.organisator.ch\\\/#\\\/schema\\\/person\\\/6f650f90b2842cd4c0cc334b4e36f67e\"},\"headline\":\"Hans-Peter Nehmer wird Pr\u00e4sident des HarbourClub\",\"datePublished\":\"2020-01-07T09:21:23+00:00\",\"mainEntityOfPage\":{\"@id\":\"https:\\\/\\\/www.organisator.ch\\\/marketing\\\/2020-01-07\\\/hans-peter-nehmer-wird-praesident-des-harbourclub\\\/\"},\"wordCount\":252,\"publisher\":{\"@id\":\"https:\\\/\\\/www.organisator.ch\\\/#organization\"},\"image\":{\"@id\":\"https:\\\/\\\/www.organisator.ch\\\/marketing\\\/2020-01-07\\\/hans-peter-nehmer-wird-praesident-des-harbourclub\\\/#primaryimage\"},\"thumbnailUrl\":\"https:\\\/\\\/www.organisator.ch\\\/wp-content\\\/uploads\\\/2020\\\/01\\\/Hans-Peter-Nehmer-wird-Praesident-des-HarbourClub_Organisator.jpg\",\"keywords\":[\"Management und Unternehmensf\u00fchrung\",\"Marketing\",\"Personalia\",\"Unternehmen\"],\"articleSection\":[\"MARKETING\"],\"inLanguage\":\"it-IT\"},{\"@type\":\"WebPage\",\"@id\":\"https:\\\/\\\/www.organisator.ch\\\/marketing\\\/2020-01-07\\\/hans-peter-nehmer-wird-praesident-des-harbourclub\\\/\",\"url\":\"https:\\\/\\\/www.organisator.ch\\\/marketing\\\/2020-01-07\\\/hans-peter-nehmer-wird-praesident-des-harbourclub\\\/\",\"name\":\"Hans-Peter Nehmer wird Pr\u00e4sident des HarbourClub - Organisator\",\"isPartOf\":{\"@id\":\"https:\\\/\\\/www.organisator.ch\\\/#website\"},\"primaryImageOfPage\":{\"@id\":\"https:\\\/\\\/www.organisator.ch\\\/marketing\\\/2020-01-07\\\/hans-peter-nehmer-wird-praesident-des-harbourclub\\\/#primaryimage\"},\"image\":{\"@id\":\"https:\\\/\\\/www.organisator.ch\\\/marketing\\\/2020-01-07\\\/hans-peter-nehmer-wird-praesident-des-harbourclub\\\/#primaryimage\"},\"thumbnailUrl\":\"https:\\\/\\\/www.organisator.ch\\\/wp-content\\\/uploads\\\/2020\\\/01\\\/Hans-Peter-Nehmer-wird-Praesident-des-HarbourClub_Organisator.jpg\",\"datePublished\":\"2020-01-07T09:21:23+00:00\",\"description\":\"Der HarbourClub hat Hans-Peter Nehmer zum neuen Pr\u00e4sidenten ernannt. Er hat die Aufgabe per 1. Januar 2020 von Dominique Morel \u00fcbernommen.\",\"breadcrumb\":{\"@id\":\"https:\\\/\\\/www.organisator.ch\\\/marketing\\\/2020-01-07\\\/hans-peter-nehmer-wird-praesident-des-harbourclub\\\/#breadcrumb\"},\"inLanguage\":\"it-IT\",\"potentialAction\":[{\"@type\":\"ReadAction\",\"target\":[\"https:\\\/\\\/www.organisator.ch\\\/marketing\\\/2020-01-07\\\/hans-peter-nehmer-wird-praesident-des-harbourclub\\\/\"]}]},{\"@type\":\"ImageObject\",\"inLanguage\":\"it-IT\",\"@id\":\"https:\\\/\\\/www.organisator.ch\\\/marketing\\\/2020-01-07\\\/hans-peter-nehmer-wird-praesident-des-harbourclub\\\/#primaryimage\",\"url\":\"https:\\\/\\\/www.organisator.ch\\\/wp-content\\\/uploads\\\/2020\\\/01\\\/Hans-Peter-Nehmer-wird-Praesident-des-HarbourClub_Organisator.jpg\",\"contentUrl\":\"https:\\\/\\\/www.organisator.ch\\\/wp-content\\\/uploads\\\/2020\\\/01\\\/Hans-Peter-Nehmer-wird-Praesident-des-HarbourClub_Organisator.jpg\",\"width\":680,\"height\":471,\"caption\":\"Per 1. Januar 2020 wird Hans-Peter Nehmer neuer Pr\u00e4sident des HarbourClub. (Bild: zVg)\"},{\"@type\":\"BreadcrumbList\",\"@id\":\"https:\\\/\\\/www.organisator.ch\\\/marketing\\\/2020-01-07\\\/hans-peter-nehmer-wird-praesident-des-harbourclub\\\/#breadcrumb\",\"itemListElement\":[{\"@type\":\"ListItem\",\"position\":1,\"name\":\"Home\",\"item\":\"https:\\\/\\\/www.organisator.ch\\\/\"},{\"@type\":\"ListItem\",\"position\":2,\"name\":\"Hans-Peter Nehmer wird Pr\u00e4sident des HarbourClub\"}]},{\"@type\":\"WebSite\",\"@id\":\"https:\\\/\\\/www.organisator.ch\\\/#website\",\"url\":\"https:\\\/\\\/www.organisator.ch\\\/\",\"name\":\"Organisator\",\"description\":\"Kompetent. Praxisnah. Der ORGANISATOR bereitet in 10 Ausgaben pro Jahr die wesentlichen Themen f\u00fcr F\u00fchrungskr\u00e4fte von KMU auf.\",\"publisher\":{\"@id\":\"https:\\\/\\\/www.organisator.ch\\\/#organization\"},\"potentialAction\":[{\"@type\":\"SearchAction\",\"target\":{\"@type\":\"EntryPoint\",\"urlTemplate\":\"https:\\\/\\\/www.organisator.ch\\\/?s={search_term_string}\"},\"query-input\":{\"@type\":\"PropertyValueSpecification\",\"valueRequired\":true,\"valueName\":\"search_term_string\"}}],\"inLanguage\":\"it-IT\"},{\"@type\":\"Organization\",\"@id\":\"https:\\\/\\\/www.organisator.ch\\\/#organization\",\"name\":\"Organisator\",\"url\":\"https:\\\/\\\/www.organisator.ch\\\/\",\"logo\":{\"@type\":\"ImageObject\",\"inLanguage\":\"it-IT\",\"@id\":\"https:\\\/\\\/www.organisator.ch\\\/#\\\/schema\\\/logo\\\/image\\\/\",\"url\":\"https:\\\/\\\/www.organisator.ch\\\/wp-content\\\/uploads\\\/2022\\\/01\\\/Logo_Organisator_Website.png\",\"contentUrl\":\"https:\\\/\\\/www.organisator.ch\\\/wp-content\\\/uploads\\\/2022\\\/01\\\/Logo_Organisator_Website.png\",\"width\":800,\"height\":77,\"caption\":\"Organisator\"},\"image\":{\"@id\":\"https:\\\/\\\/www.organisator.ch\\\/#\\\/schema\\\/logo\\\/image\\\/\"},\"sameAs\":[\"https:\\\/\\\/www.facebook.com\\\/OrganisatorFachmagazin\",\"https:\\\/\\\/www.linkedin.com\\\/showcase\\\/organisator-das-magazin-fr-kmu\",\"https:\\\/\\\/www.xing.com\\\/news\\\/pages\\\/organisator-ch-695\",\"https:\\\/\\\/www.youtube.com\\\/channel\\\/UCGP2Sq0iWaZwT3BdIAQFYpw\"]},{\"@type\":\"Person\",\"@id\":\"https:\\\/\\\/www.organisator.ch\\\/#\\\/schema\\\/person\\\/6f650f90b2842cd4c0cc334b4e36f67e\",\"name\":\"thomas.berner\",\"image\":{\"@type\":\"ImageObject\",\"inLanguage\":\"it-IT\",\"@id\":\"https:\\\/\\\/secure.gravatar.com\\\/avatar\\\/ac5001d2a36cb6c6cd3e50789007ffca834b477b74a2144564522e944eabff61?s=96&d=mm&r=g\",\"url\":\"https:\\\/\\\/secure.gravatar.com\\\/avatar\\\/ac5001d2a36cb6c6cd3e50789007ffca834b477b74a2144564522e944eabff61?s=96&d=mm&r=g\",\"contentUrl\":\"https:\\\/\\\/secure.gravatar.com\\\/avatar\\\/ac5001d2a36cb6c6cd3e50789007ffca834b477b74a2144564522e944eabff61?s=96&d=mm&r=g\",\"caption\":\"thomas.berner\"},\"url\":\"https:\\\/\\\/www.organisator.ch\\\/it\\\/author\\\/thomas-berner\\\/\"}]}<\/script>\n<!-- \/ Yoast SEO plugin. -->","yoast_head_json":{"title":"Hans-Peter Nehmer diventa presidente dell'HarbourClub - organizzatore","description":"L'HarbourClub ha nominato Hans-Peter Nehmer nuovo presidente. Subentra a Dominique Morel a partire dal 1\u00b0 gennaio 2020.","robots":{"index":"index","follow":"follow","max-snippet":"max-snippet:-1","max-image-preview":"max-image-preview:large","max-video-preview":"max-video-preview:-1"},"canonical":"https:\/\/www.organisator.ch\/it\/marketing\/2020-01-07\/hans-peter-nehmer-wird-praesident-des-harbourclub\/","og_locale":"it_IT","og_type":"article","og_title":"Hans-Peter Nehmer wird Pr\u00e4sident des HarbourClub","og_description":"Der HarbourClub hat Hans-Peter Nehmer zum neuen Pr\u00e4sidenten ernannt. Er hat die Aufgabe per 1. Januar 2020 von Dominique Morel \u00fcbernommen.","og_url":"https:\/\/www.organisator.ch\/it\/marketing\/2020-01-07\/hans-peter-nehmer-wird-praesident-des-harbourclub\/","og_site_name":"Organisator","article_publisher":"https:\/\/www.facebook.com\/OrganisatorFachmagazin","article_published_time":"2020-01-07T09:21:23+00:00","author":"thomas.berner","twitter_card":"summary_large_image","twitter_title":"Hans-Peter Nehmer wird Pr\u00e4sident des #HarbourClub","twitter_description":"Der #HarbourClub hat Hans-Peter Nehmer zum neuen Pr\u00e4sidenten ernannt. Er hat die Aufgabe per 1. Januar 2020 von Dominique Morel \u00fcbernommen.","schema":{"@context":"https:\/\/schema.org","@graph":[{"@type":"Article","@id":"https:\/\/www.organisator.ch\/marketing\/2020-01-07\/hans-peter-nehmer-wird-praesident-des-harbourclub\/#article","isPartOf":{"@id":"https:\/\/www.organisator.ch\/marketing\/2020-01-07\/hans-peter-nehmer-wird-praesident-des-harbourclub\/"},"author":{"name":"thomas.berner","@id":"https:\/\/www.organisator.ch\/#\/schema\/person\/6f650f90b2842cd4c0cc334b4e36f67e"},"headline":"Hans-Peter Nehmer wird Pr\u00e4sident des HarbourClub","datePublished":"2020-01-07T09:21:23+00:00","mainEntityOfPage":{"@id":"https:\/\/www.organisator.ch\/marketing\/2020-01-07\/hans-peter-nehmer-wird-praesident-des-harbourclub\/"},"wordCount":252,"publisher":{"@id":"https:\/\/www.organisator.ch\/#organization"},"image":{"@id":"https:\/\/www.organisator.ch\/marketing\/2020-01-07\/hans-peter-nehmer-wird-praesident-des-harbourclub\/#primaryimage"},"thumbnailUrl":"https:\/\/www.organisator.ch\/wp-content\/uploads\/2020\/01\/Hans-Peter-Nehmer-wird-Praesident-des-HarbourClub_Organisator.jpg","keywords":["Management und Unternehmensf\u00fchrung","Marketing","Personalia","Unternehmen"],"articleSection":["MARKETING"],"inLanguage":"it-IT"},{"@type":"WebPage","@id":"https:\/\/www.organisator.ch\/marketing\/2020-01-07\/hans-peter-nehmer-wird-praesident-des-harbourclub\/","url":"https:\/\/www.organisator.ch\/marketing\/2020-01-07\/hans-peter-nehmer-wird-praesident-des-harbourclub\/","name":"Hans-Peter Nehmer diventa presidente dell'HarbourClub - organizzatore","isPartOf":{"@id":"https:\/\/www.organisator.ch\/#website"},"primaryImageOfPage":{"@id":"https:\/\/www.organisator.ch\/marketing\/2020-01-07\/hans-peter-nehmer-wird-praesident-des-harbourclub\/#primaryimage"},"image":{"@id":"https:\/\/www.organisator.ch\/marketing\/2020-01-07\/hans-peter-nehmer-wird-praesident-des-harbourclub\/#primaryimage"},"thumbnailUrl":"https:\/\/www.organisator.ch\/wp-content\/uploads\/2020\/01\/Hans-Peter-Nehmer-wird-Praesident-des-HarbourClub_Organisator.jpg","datePublished":"2020-01-07T09:21:23+00:00","description":"L'HarbourClub ha nominato Hans-Peter Nehmer nuovo presidente. Subentra a Dominique Morel a partire dal 1\u00b0 gennaio 2020.","breadcrumb":{"@id":"https:\/\/www.organisator.ch\/marketing\/2020-01-07\/hans-peter-nehmer-wird-praesident-des-harbourclub\/#breadcrumb"},"inLanguage":"it-IT","potentialAction":[{"@type":"ReadAction","target":["https:\/\/www.organisator.ch\/marketing\/2020-01-07\/hans-peter-nehmer-wird-praesident-des-harbourclub\/"]}]},{"@type":"ImageObject","inLanguage":"it-IT","@id":"https:\/\/www.organisator.ch\/marketing\/2020-01-07\/hans-peter-nehmer-wird-praesident-des-harbourclub\/#primaryimage","url":"https:\/\/www.organisator.ch\/wp-content\/uploads\/2020\/01\/Hans-Peter-Nehmer-wird-Praesident-des-HarbourClub_Organisator.jpg","contentUrl":"https:\/\/www.organisator.ch\/wp-content\/uploads\/2020\/01\/Hans-Peter-Nehmer-wird-Praesident-des-HarbourClub_Organisator.jpg","width":680,"height":471,"caption":"Per 1. Januar 2020 wird Hans-Peter Nehmer neuer Pr\u00e4sident des HarbourClub. (Bild: zVg)"},{"@type":"BreadcrumbList","@id":"https:\/\/www.organisator.ch\/marketing\/2020-01-07\/hans-peter-nehmer-wird-praesident-des-harbourclub\/#breadcrumb","itemListElement":[{"@type":"ListItem","position":1,"name":"Home","item":"https:\/\/www.organisator.ch\/"},{"@type":"ListItem","position":2,"name":"Hans-Peter Nehmer wird Pr\u00e4sident des HarbourClub"}]},{"@type":"WebSite","@id":"https:\/\/www.organisator.ch\/#website","url":"https:\/\/www.organisator.ch\/","name":"Organizzatore","description":"Competente. Pratico. In 10 numeri all'anno, ORGANISATOR presenta i temi essenziali per i manager delle PMI.","publisher":{"@id":"https:\/\/www.organisator.ch\/#organization"},"potentialAction":[{"@type":"SearchAction","target":{"@type":"EntryPoint","urlTemplate":"https:\/\/www.organisator.ch\/?s={search_term_string}"},"query-input":{"@type":"PropertyValueSpecification","valueRequired":true,"valueName":"search_term_string"}}],"inLanguage":"it-IT"},{"@type":"Organization","@id":"https:\/\/www.organisator.ch\/#organization","name":"Organizzatore","url":"https:\/\/www.organisator.ch\/","logo":{"@type":"ImageObject","inLanguage":"it-IT","@id":"https:\/\/www.organisator.ch\/#\/schema\/logo\/image\/","url":"https:\/\/www.organisator.ch\/wp-content\/uploads\/2022\/01\/Logo_Organisator_Website.png","contentUrl":"https:\/\/www.organisator.ch\/wp-content\/uploads\/2022\/01\/Logo_Organisator_Website.png","width":800,"height":77,"caption":"Organisator"},"image":{"@id":"https:\/\/www.organisator.ch\/#\/schema\/logo\/image\/"},"sameAs":["https:\/\/www.facebook.com\/OrganisatorFachmagazin","https:\/\/www.linkedin.com\/showcase\/organisator-das-magazin-fr-kmu","https:\/\/www.xing.com\/news\/pages\/organisator-ch-695","https:\/\/www.youtube.com\/channel\/UCGP2Sq0iWaZwT3BdIAQFYpw"]},{"@type":"Person","@id":"https:\/\/www.organisator.ch\/#\/schema\/person\/6f650f90b2842cd4c0cc334b4e36f67e","name":"Tommaso.berner","image":{"@type":"ImageObject","inLanguage":"it-IT","@id":"https:\/\/secure.gravatar.com\/avatar\/ac5001d2a36cb6c6cd3e50789007ffca834b477b74a2144564522e944eabff61?s=96&d=mm&r=g","url":"https:\/\/secure.gravatar.com\/avatar\/ac5001d2a36cb6c6cd3e50789007ffca834b477b74a2144564522e944eabff61?s=96&d=mm&r=g","contentUrl":"https:\/\/secure.gravatar.com\/avatar\/ac5001d2a36cb6c6cd3e50789007ffca834b477b74a2144564522e944eabff61?s=96&d=mm&r=g","caption":"thomas.berner"},"url":"https:\/\/www.organisator.ch\/it\/author\/thomas-berner\/"}]}},"_links":{"self":[{"href":"https:\/\/www.organisator.ch\/it\/wp-json\/wp\/v2\/posts\/8625","targetHints":{"allow":["GET"]}}],"collection":[{"href":"https:\/\/www.organisator.ch\/it\/wp-json\/wp\/v2\/posts"}],"about":[{"href":"https:\/\/www.organisator.ch\/it\/wp-json\/wp\/v2\/types\/post"}],"author":[{"embeddable":true,"href":"https:\/\/www.organisator.ch\/it\/wp-json\/wp\/v2\/users\/4"}],"replies":[{"embeddable":true,"href":"https:\/\/www.organisator.ch\/it\/wp-json\/wp\/v2\/comments?post=8625"}],"version-history":[{"count":0,"href":"https:\/\/www.organisator.ch\/it\/wp-json\/wp\/v2\/posts\/8625\/revisions"}],"wp:featuredmedia":[{"embeddable":true,"href":"https:\/\/www.organisator.ch\/it\/wp-json\/wp\/v2\/media\/8549"}],"wp:attachment":[{"href":"https:\/\/www.organisator.ch\/it\/wp-json\/wp\/v2\/media?parent=8625"}],"wp:term":[{"taxonomy":"category","embeddable":true,"href":"https:\/\/www.organisator.ch\/it\/wp-json\/wp\/v2\/categories?post=8625"},{"taxonomy":"post_tag","embeddable":true,"href":"https:\/\/www.organisator.ch\/it\/wp-json\/wp\/v2\/tags?post=8625"}],"curies":[{"name":"wp","href":"https:\/\/api.w.org\/{rel}","templated":true}]}}