{"id":872,"date":"2017-03-07T11:20:07","date_gmt":"2017-03-07T10:20:07","guid":{"rendered":"https:\/\/www.umweltperspektiven.ch\/?p=872"},"modified":"2022-02-09T11:10:11","modified_gmt":"2022-02-09T10:10:11","slug":"nestle-will-biobasiertes-pet-entwickeln","status":"publish","type":"post","link":"https:\/\/www.organisator.ch\/it\/sustainability\/2017-03-07\/nestle-will-biobasiertes-pet-entwickeln\/","title":{"rendered":"Nestl\u00e9 svilupper\u00e0 il PET a base biologica"},"content":{"rendered":"<figure id=\"attachment_873\" aria-describedby=\"caption-attachment-873\" style=\"width: 680px\" class=\"wp-caption alignnone\"><img loading=\"lazy\" decoding=\"async\" class=\"size-medium wp-image-873\" src=\"\/\/www.umweltperspektiven.ch\/wp-content\/uploads\/2017\/03\/Depositphotos_11222134_l-2015.jpg\" alt=\"\" width=\"680\" height=\"452\" srcset=\"https:\/\/www.organisator.ch\/wp-content\/uploads\/2017\/03\/Depositphotos_11222134_l-2015.jpg 1999w, https:\/\/www.organisator.ch\/wp-content\/uploads\/2017\/03\/Depositphotos_11222134_l-2015-680x452.jpg 680w, https:\/\/www.organisator.ch\/wp-content\/uploads\/2017\/03\/Depositphotos_11222134_l-2015-1024x680.jpg 1024w, https:\/\/www.organisator.ch\/wp-content\/uploads\/2017\/03\/Depositphotos_11222134_l-2015-768x510.jpg 768w, https:\/\/www.organisator.ch\/wp-content\/uploads\/2017\/03\/Depositphotos_11222134_l-2015-1536x1020.jpg 1536w, https:\/\/www.organisator.ch\/wp-content\/uploads\/2017\/03\/Depositphotos_11222134_l-2015-18x12.jpg 18w, https:\/\/www.organisator.ch\/wp-content\/uploads\/2017\/03\/Depositphotos_11222134_l-2015-263x175.jpg 263w, https:\/\/www.organisator.ch\/wp-content\/uploads\/2017\/03\/Depositphotos_11222134_l-2015-527x350.jpg 527w, https:\/\/www.organisator.ch\/wp-content\/uploads\/2017\/03\/Depositphotos_11222134_l-2015-1204x800.jpg 1204w, https:\/\/www.organisator.ch\/wp-content\/uploads\/2017\/03\/Depositphotos_11222134_l-2015-920x611.jpg 920w, https:\/\/www.organisator.ch\/wp-content\/uploads\/2017\/03\/Depositphotos_11222134_l-2015-1400x930.jpg 1400w, https:\/\/www.organisator.ch\/wp-content\/uploads\/2017\/03\/Depositphotos_11222134_l-2015-300x199.jpg 300w\" sizes=\"auto, (max-width: 680px) 100vw, 680px\" \/><figcaption id=\"caption-attachment-873\" class=\"wp-caption-text\">In futuro, le bottiglie in PET saranno prodotte dalla biomassa.<\/figcaption><\/figure>\n<p>I due maggiori fornitori di acqua in bottiglia, Danone e Nestl\u00e9 Water, vogliono collaborare con la startup californiana <a href=\"\/\/originmaterials.com\/\">Materiali di origine<\/a> sviluppare una bottiglia in PET rinnovabile 100% che pu\u00f2 essere utilizzata su scala commerciale. Il progetto utilizza la biomassa dai rifiuti - come il cartone usato o la segatura. Questo per garantire che la produzione delle bottiglie non richieda risorse e terreni aggiuntivi e non sottragga alla produzione di cibo e mangimi.<\/p>\n<p><strong>Utilizzare risorse sostenibili<\/strong><\/p>\n<p>L'obiettivo \u00e8 quello di raggiungere un'economia circolare per gli imballaggi, secondo il capo dello sviluppo della Danone Frederic Jouin. Questo deve essere fatto da un lato utilizzando risorse sostenibili, e dall'altro con il riciclaggio di seconda mano di tutti i materiali plastici. \"Crediamo che sia possibile sostituire i materiali fossili tradizionali con materiali di imballaggio a base biologica\", dice Jouin. Le nuove bottiglie dovrebbero essere leggere, trasparenti, riciclabili e compatibili con il contenuto come il PET di oggi.<\/p>\n<p>La tecnologia odierna permette di utilizzare circa 30% di PET a base biologica nella produzione di bottiglie. Il nuovo sviluppo dovrebbe aumentare questo a 100%. Origin Materials \u00e8 riuscita finora a produrre prodotti pilota con un massimo di 80% di materiale biobased; la produzione commerciale di bottiglie con 60+% di PET biobased dovrebbe iniziare nel 2018. Inizialmente, 5000 tonnellate del nuovo materiale saranno immesse sul mercato. La visione dell'alleanza \u00e8 di produrre commercialmente bottiglie in PET con almeno 95% bio-PET entro il 2020.<\/p>\n<figure id=\"attachment_874\" aria-describedby=\"caption-attachment-874\" style=\"width: 680px\" class=\"wp-caption alignnone\"><img loading=\"lazy\" decoding=\"async\" class=\"size-medium wp-image-874\" src=\"\/\/www.umweltperspektiven.ch\/wp-content\/uploads\/2017\/03\/Nestle-Infographie-280217-GB.jpg\" alt=\"\" width=\"680\" height=\"715\" \/><figcaption id=\"caption-attachment-874\" class=\"wp-caption-text\">Entro il 2022, le bottiglie d'acqua saranno prodotte con un massimo di 95% di PET a base biologica.<\/figcaption><\/figure>\n<p><strong>Tecnologia aperta<\/strong><\/p>\n<p>Non sono solo i prodotti di Danone e Nestl\u00e9 che riceveranno un imballaggio pi\u00f9 sostenibile in futuro: Secondo l'alleanza, la tecnologia sar\u00e0 messa a disposizione dell'intera industria delle bevande.<\/p>","protected":false},"excerpt":{"rendered":"<p>Die beiden gr\u00f6ssten Anbieter von Flaschenwasser, Danone und Nestl\u00e9 Wasser wollen gemeinsam mit dem kalifornischen Startup Origin Materials eine 100% erneuerbare PET-Flasche entwickeln, die auf kommerzieller Ebene eingesetzt werden kann. Das Projekt verwendet Biomasse aus Abf\u00e4llen &#8211; etwa gebrauchtes Karton oder S\u00e4gemehl. Damit soll die Herstellung der Flaschen keine zus\u00e4tzlichen Ressourcen und Landfl\u00e4chen ben\u00f6tigen und [&hellip;]<\/p>\n","protected":false},"author":1,"featured_media":873,"comment_status":"open","ping_status":"open","sticky":false,"template":"","format":"standard","meta":{"_acf_changed":false,"_yoast_wpseo_focuskw":"PET","_yoast_wpseo_metadesc":"Nestl\u00e9 will gemeinsam mit zwei weiteren Partnern eine nachhaltige Plastikflasche entwickeln. Ziel ist ein PET-Material aus Bioabf\u00e4llen wie S\u00e4gesp\u00e4ne.","articlekey":"","footnotes":""},"categories":[580],"tags":[962,1822,1896,1987,600],"class_list":["post-872","post","type-post","status-publish","format-standard","has-post-thumbnail","hentry","category-sustainability","tag-danone","tag-nestle","tag-pet","tag-recycling","tag-wasser"],"acf":[],"yoast_head":"<!-- This site is optimized with the Yoast SEO plugin v27.5 - https:\/\/yoast.com\/product\/yoast-seo-wordpress\/ -->\n<title>Nestl\u00e9 will biobasiertes PET entwickeln - Organisator<\/title>\n<meta name=\"description\" content=\"Nestl\u00e9 will gemeinsam mit zwei weiteren Partnern eine nachhaltige Plastikflasche entwickeln. Ziel ist ein PET-Material aus Bioabf\u00e4llen wie S\u00e4gesp\u00e4ne.\" \/>\n<meta name=\"robots\" content=\"index, follow, max-snippet:-1, max-image-preview:large, max-video-preview:-1\" \/>\n<link rel=\"canonical\" href=\"https:\/\/www.organisator.ch\/it\/sostenibilita\/2017-03-07\/nestle-will-biobasiertes-pet-entwickeln\/\" \/>\n<meta property=\"og:locale\" content=\"it_IT\" \/>\n<meta property=\"og:type\" content=\"article\" \/>\n<meta property=\"og:title\" content=\"Nestl\u00e9 will biobasiertes PET entwickeln - Organisator\" \/>\n<meta property=\"og:description\" content=\"Nestl\u00e9 will gemeinsam mit zwei weiteren Partnern eine nachhaltige Plastikflasche entwickeln. Ziel ist ein PET-Material aus Bioabf\u00e4llen wie S\u00e4gesp\u00e4ne.\" \/>\n<meta property=\"og:url\" content=\"https:\/\/www.organisator.ch\/it\/sostenibilita\/2017-03-07\/nestle-will-biobasiertes-pet-entwickeln\/\" \/>\n<meta property=\"og:site_name\" content=\"Organisator\" \/>\n<meta property=\"article:publisher\" content=\"https:\/\/www.facebook.com\/OrganisatorFachmagazin\" \/>\n<meta property=\"article:published_time\" content=\"2017-03-07T10:20:07+00:00\" \/>\n<meta property=\"article:modified_time\" content=\"2022-02-09T10:10:11+00:00\" \/>\n<meta property=\"og:image\" content=\"https:\/\/www.organisator.ch\/wp-content\/uploads\/2017\/03\/Depositphotos_11222134_l-2015.jpg\" \/>\n\t<meta property=\"og:image:width\" content=\"1999\" \/>\n\t<meta property=\"og:image:height\" content=\"1328\" \/>\n\t<meta property=\"og:image:type\" content=\"image\/jpeg\" \/>\n<meta name=\"author\" content=\"admin\" \/>\n<meta name=\"twitter:card\" content=\"summary_large_image\" \/>\n<script type=\"application\/ld+json\" class=\"yoast-schema-graph\">{\"@context\":\"https:\\\/\\\/schema.org\",\"@graph\":[{\"@type\":\"Article\",\"@id\":\"https:\\\/\\\/www.organisator.ch\\\/sustainability\\\/2017-03-07\\\/nestle-will-biobasiertes-pet-entwickeln\\\/#article\",\"isPartOf\":{\"@id\":\"https:\\\/\\\/www.organisator.ch\\\/sustainability\\\/2017-03-07\\\/nestle-will-biobasiertes-pet-entwickeln\\\/\"},\"author\":{\"name\":\"admin\",\"@id\":\"https:\\\/\\\/www.organisator.ch\\\/#\\\/schema\\\/person\\\/aa2bace6c5c5aad60102004a50c4eb1c\"},\"headline\":\"Nestl\u00e9 will biobasiertes PET entwickeln\",\"datePublished\":\"2017-03-07T10:20:07+00:00\",\"dateModified\":\"2022-02-09T10:10:11+00:00\",\"mainEntityOfPage\":{\"@id\":\"https:\\\/\\\/www.organisator.ch\\\/sustainability\\\/2017-03-07\\\/nestle-will-biobasiertes-pet-entwickeln\\\/\"},\"wordCount\":279,\"commentCount\":0,\"publisher\":{\"@id\":\"https:\\\/\\\/www.organisator.ch\\\/#organization\"},\"image\":{\"@id\":\"https:\\\/\\\/www.organisator.ch\\\/sustainability\\\/2017-03-07\\\/nestle-will-biobasiertes-pet-entwickeln\\\/#primaryimage\"},\"thumbnailUrl\":\"https:\\\/\\\/www.organisator.ch\\\/wp-content\\\/uploads\\\/2017\\\/03\\\/Depositphotos_11222134_l-2015.jpg\",\"keywords\":[\"Danone\",\"Nestle\",\"PET\",\"Recycling\",\"WASSER\"],\"articleSection\":[\"SUSTAINABILITY\"],\"inLanguage\":\"it-IT\"},{\"@type\":\"WebPage\",\"@id\":\"https:\\\/\\\/www.organisator.ch\\\/sustainability\\\/2017-03-07\\\/nestle-will-biobasiertes-pet-entwickeln\\\/\",\"url\":\"https:\\\/\\\/www.organisator.ch\\\/sustainability\\\/2017-03-07\\\/nestle-will-biobasiertes-pet-entwickeln\\\/\",\"name\":\"Nestl\u00e9 will biobasiertes PET entwickeln - Organisator\",\"isPartOf\":{\"@id\":\"https:\\\/\\\/www.organisator.ch\\\/#website\"},\"primaryImageOfPage\":{\"@id\":\"https:\\\/\\\/www.organisator.ch\\\/sustainability\\\/2017-03-07\\\/nestle-will-biobasiertes-pet-entwickeln\\\/#primaryimage\"},\"image\":{\"@id\":\"https:\\\/\\\/www.organisator.ch\\\/sustainability\\\/2017-03-07\\\/nestle-will-biobasiertes-pet-entwickeln\\\/#primaryimage\"},\"thumbnailUrl\":\"https:\\\/\\\/www.organisator.ch\\\/wp-content\\\/uploads\\\/2017\\\/03\\\/Depositphotos_11222134_l-2015.jpg\",\"datePublished\":\"2017-03-07T10:20:07+00:00\",\"dateModified\":\"2022-02-09T10:10:11+00:00\",\"description\":\"Nestl\u00e9 will gemeinsam mit zwei weiteren Partnern eine nachhaltige Plastikflasche entwickeln. Ziel ist ein PET-Material aus Bioabf\u00e4llen wie S\u00e4gesp\u00e4ne.\",\"breadcrumb\":{\"@id\":\"https:\\\/\\\/www.organisator.ch\\\/sustainability\\\/2017-03-07\\\/nestle-will-biobasiertes-pet-entwickeln\\\/#breadcrumb\"},\"inLanguage\":\"it-IT\",\"potentialAction\":[{\"@type\":\"ReadAction\",\"target\":[\"https:\\\/\\\/www.organisator.ch\\\/sustainability\\\/2017-03-07\\\/nestle-will-biobasiertes-pet-entwickeln\\\/\"]}]},{\"@type\":\"ImageObject\",\"inLanguage\":\"it-IT\",\"@id\":\"https:\\\/\\\/www.organisator.ch\\\/sustainability\\\/2017-03-07\\\/nestle-will-biobasiertes-pet-entwickeln\\\/#primaryimage\",\"url\":\"https:\\\/\\\/www.organisator.ch\\\/wp-content\\\/uploads\\\/2017\\\/03\\\/Depositphotos_11222134_l-2015.jpg\",\"contentUrl\":\"https:\\\/\\\/www.organisator.ch\\\/wp-content\\\/uploads\\\/2017\\\/03\\\/Depositphotos_11222134_l-2015.jpg\",\"width\":1999,\"height\":1328,\"caption\":\"K\u00fcnftig sollen PET-Flaschen aus Biomasse hergestellt werden.\"},{\"@type\":\"BreadcrumbList\",\"@id\":\"https:\\\/\\\/www.organisator.ch\\\/sustainability\\\/2017-03-07\\\/nestle-will-biobasiertes-pet-entwickeln\\\/#breadcrumb\",\"itemListElement\":[{\"@type\":\"ListItem\",\"position\":1,\"name\":\"Home\",\"item\":\"https:\\\/\\\/www.organisator.ch\\\/\"},{\"@type\":\"ListItem\",\"position\":2,\"name\":\"Nestl\u00e9 will biobasiertes PET entwickeln\"}]},{\"@type\":\"WebSite\",\"@id\":\"https:\\\/\\\/www.organisator.ch\\\/#website\",\"url\":\"https:\\\/\\\/www.organisator.ch\\\/\",\"name\":\"Organisator\",\"description\":\"Kompetent. Praxisnah. Der ORGANISATOR bereitet in 10 Ausgaben pro Jahr die wesentlichen Themen f\u00fcr F\u00fchrungskr\u00e4fte von KMU auf.\",\"publisher\":{\"@id\":\"https:\\\/\\\/www.organisator.ch\\\/#organization\"},\"potentialAction\":[{\"@type\":\"SearchAction\",\"target\":{\"@type\":\"EntryPoint\",\"urlTemplate\":\"https:\\\/\\\/www.organisator.ch\\\/?s={search_term_string}\"},\"query-input\":{\"@type\":\"PropertyValueSpecification\",\"valueRequired\":true,\"valueName\":\"search_term_string\"}}],\"inLanguage\":\"it-IT\"},{\"@type\":\"Organization\",\"@id\":\"https:\\\/\\\/www.organisator.ch\\\/#organization\",\"name\":\"Organisator\",\"url\":\"https:\\\/\\\/www.organisator.ch\\\/\",\"logo\":{\"@type\":\"ImageObject\",\"inLanguage\":\"it-IT\",\"@id\":\"https:\\\/\\\/www.organisator.ch\\\/#\\\/schema\\\/logo\\\/image\\\/\",\"url\":\"https:\\\/\\\/www.organisator.ch\\\/wp-content\\\/uploads\\\/2022\\\/01\\\/Logo_Organisator_Website.png\",\"contentUrl\":\"https:\\\/\\\/www.organisator.ch\\\/wp-content\\\/uploads\\\/2022\\\/01\\\/Logo_Organisator_Website.png\",\"width\":800,\"height\":77,\"caption\":\"Organisator\"},\"image\":{\"@id\":\"https:\\\/\\\/www.organisator.ch\\\/#\\\/schema\\\/logo\\\/image\\\/\"},\"sameAs\":[\"https:\\\/\\\/www.facebook.com\\\/OrganisatorFachmagazin\",\"https:\\\/\\\/www.linkedin.com\\\/showcase\\\/organisator-das-magazin-fr-kmu\",\"https:\\\/\\\/www.xing.com\\\/news\\\/pages\\\/organisator-ch-695\",\"https:\\\/\\\/www.youtube.com\\\/channel\\\/UCGP2Sq0iWaZwT3BdIAQFYpw\"]},{\"@type\":\"Person\",\"@id\":\"https:\\\/\\\/www.organisator.ch\\\/#\\\/schema\\\/person\\\/aa2bace6c5c5aad60102004a50c4eb1c\",\"name\":\"admin\",\"image\":{\"@type\":\"ImageObject\",\"inLanguage\":\"it-IT\",\"@id\":\"https:\\\/\\\/secure.gravatar.com\\\/avatar\\\/ae2f4d718e6c49043e314ce431e7e645d646302a24a5ef5a8bc8e3f5a032e319?s=96&d=mm&r=g\",\"url\":\"https:\\\/\\\/secure.gravatar.com\\\/avatar\\\/ae2f4d718e6c49043e314ce431e7e645d646302a24a5ef5a8bc8e3f5a032e319?s=96&d=mm&r=g\",\"contentUrl\":\"https:\\\/\\\/secure.gravatar.com\\\/avatar\\\/ae2f4d718e6c49043e314ce431e7e645d646302a24a5ef5a8bc8e3f5a032e319?s=96&d=mm&r=g\",\"caption\":\"admin\"},\"sameAs\":[\"https:\\\/\\\/www.organisator.ch\"],\"url\":\"https:\\\/\\\/www.organisator.ch\\\/it\\\/author\\\/admin\\\/\"}]}<\/script>\n<!-- \/ Yoast SEO plugin. -->","yoast_head_json":{"title":"Nestl\u00e9 svilupper\u00e0 il PET a base biologica - Organizzatore","description":"Nestl\u00e9 sta lavorando con altri due partner per sviluppare una bottiglia di plastica sostenibile. L'obiettivo \u00e8 un materiale in PET ricavato da rifiuti organici come la segatura.","robots":{"index":"index","follow":"follow","max-snippet":"max-snippet:-1","max-image-preview":"max-image-preview:large","max-video-preview":"max-video-preview:-1"},"canonical":"https:\/\/www.organisator.ch\/it\/sostenibilita\/2017-03-07\/nestle-will-biobasiertes-pet-entwickeln\/","og_locale":"it_IT","og_type":"article","og_title":"Nestl\u00e9 will biobasiertes PET entwickeln - Organisator","og_description":"Nestl\u00e9 will gemeinsam mit zwei weiteren Partnern eine nachhaltige Plastikflasche entwickeln. Ziel ist ein PET-Material aus Bioabf\u00e4llen wie S\u00e4gesp\u00e4ne.","og_url":"https:\/\/www.organisator.ch\/it\/sostenibilita\/2017-03-07\/nestle-will-biobasiertes-pet-entwickeln\/","og_site_name":"Organisator","article_publisher":"https:\/\/www.facebook.com\/OrganisatorFachmagazin","article_published_time":"2017-03-07T10:20:07+00:00","article_modified_time":"2022-02-09T10:10:11+00:00","og_image":[{"width":1999,"height":1328,"url":"https:\/\/www.organisator.ch\/wp-content\/uploads\/2017\/03\/Depositphotos_11222134_l-2015.jpg","type":"image\/jpeg"}],"author":"admin","twitter_card":"summary_large_image","schema":{"@context":"https:\/\/schema.org","@graph":[{"@type":"Article","@id":"https:\/\/www.organisator.ch\/sustainability\/2017-03-07\/nestle-will-biobasiertes-pet-entwickeln\/#article","isPartOf":{"@id":"https:\/\/www.organisator.ch\/sustainability\/2017-03-07\/nestle-will-biobasiertes-pet-entwickeln\/"},"author":{"name":"admin","@id":"https:\/\/www.organisator.ch\/#\/schema\/person\/aa2bace6c5c5aad60102004a50c4eb1c"},"headline":"Nestl\u00e9 will biobasiertes PET entwickeln","datePublished":"2017-03-07T10:20:07+00:00","dateModified":"2022-02-09T10:10:11+00:00","mainEntityOfPage":{"@id":"https:\/\/www.organisator.ch\/sustainability\/2017-03-07\/nestle-will-biobasiertes-pet-entwickeln\/"},"wordCount":279,"commentCount":0,"publisher":{"@id":"https:\/\/www.organisator.ch\/#organization"},"image":{"@id":"https:\/\/www.organisator.ch\/sustainability\/2017-03-07\/nestle-will-biobasiertes-pet-entwickeln\/#primaryimage"},"thumbnailUrl":"https:\/\/www.organisator.ch\/wp-content\/uploads\/2017\/03\/Depositphotos_11222134_l-2015.jpg","keywords":["Danone","Nestle","PET","Recycling","WASSER"],"articleSection":["SUSTAINABILITY"],"inLanguage":"it-IT"},{"@type":"WebPage","@id":"https:\/\/www.organisator.ch\/sustainability\/2017-03-07\/nestle-will-biobasiertes-pet-entwickeln\/","url":"https:\/\/www.organisator.ch\/sustainability\/2017-03-07\/nestle-will-biobasiertes-pet-entwickeln\/","name":"Nestl\u00e9 svilupper\u00e0 il PET a base biologica - Organizzatore","isPartOf":{"@id":"https:\/\/www.organisator.ch\/#website"},"primaryImageOfPage":{"@id":"https:\/\/www.organisator.ch\/sustainability\/2017-03-07\/nestle-will-biobasiertes-pet-entwickeln\/#primaryimage"},"image":{"@id":"https:\/\/www.organisator.ch\/sustainability\/2017-03-07\/nestle-will-biobasiertes-pet-entwickeln\/#primaryimage"},"thumbnailUrl":"https:\/\/www.organisator.ch\/wp-content\/uploads\/2017\/03\/Depositphotos_11222134_l-2015.jpg","datePublished":"2017-03-07T10:20:07+00:00","dateModified":"2022-02-09T10:10:11+00:00","description":"Nestl\u00e9 sta lavorando con altri due partner per sviluppare una bottiglia di plastica sostenibile. L'obiettivo \u00e8 un materiale in PET ricavato da rifiuti organici come la segatura.","breadcrumb":{"@id":"https:\/\/www.organisator.ch\/sustainability\/2017-03-07\/nestle-will-biobasiertes-pet-entwickeln\/#breadcrumb"},"inLanguage":"it-IT","potentialAction":[{"@type":"ReadAction","target":["https:\/\/www.organisator.ch\/sustainability\/2017-03-07\/nestle-will-biobasiertes-pet-entwickeln\/"]}]},{"@type":"ImageObject","inLanguage":"it-IT","@id":"https:\/\/www.organisator.ch\/sustainability\/2017-03-07\/nestle-will-biobasiertes-pet-entwickeln\/#primaryimage","url":"https:\/\/www.organisator.ch\/wp-content\/uploads\/2017\/03\/Depositphotos_11222134_l-2015.jpg","contentUrl":"https:\/\/www.organisator.ch\/wp-content\/uploads\/2017\/03\/Depositphotos_11222134_l-2015.jpg","width":1999,"height":1328,"caption":"K\u00fcnftig sollen PET-Flaschen aus Biomasse hergestellt werden."},{"@type":"BreadcrumbList","@id":"https:\/\/www.organisator.ch\/sustainability\/2017-03-07\/nestle-will-biobasiertes-pet-entwickeln\/#breadcrumb","itemListElement":[{"@type":"ListItem","position":1,"name":"Home","item":"https:\/\/www.organisator.ch\/"},{"@type":"ListItem","position":2,"name":"Nestl\u00e9 will biobasiertes PET entwickeln"}]},{"@type":"WebSite","@id":"https:\/\/www.organisator.ch\/#website","url":"https:\/\/www.organisator.ch\/","name":"Organizzatore","description":"Competente. Pratico. In 10 numeri all'anno, ORGANISATOR presenta i temi essenziali per i manager delle PMI.","publisher":{"@id":"https:\/\/www.organisator.ch\/#organization"},"potentialAction":[{"@type":"SearchAction","target":{"@type":"EntryPoint","urlTemplate":"https:\/\/www.organisator.ch\/?s={search_term_string}"},"query-input":{"@type":"PropertyValueSpecification","valueRequired":true,"valueName":"search_term_string"}}],"inLanguage":"it-IT"},{"@type":"Organization","@id":"https:\/\/www.organisator.ch\/#organization","name":"Organizzatore","url":"https:\/\/www.organisator.ch\/","logo":{"@type":"ImageObject","inLanguage":"it-IT","@id":"https:\/\/www.organisator.ch\/#\/schema\/logo\/image\/","url":"https:\/\/www.organisator.ch\/wp-content\/uploads\/2022\/01\/Logo_Organisator_Website.png","contentUrl":"https:\/\/www.organisator.ch\/wp-content\/uploads\/2022\/01\/Logo_Organisator_Website.png","width":800,"height":77,"caption":"Organisator"},"image":{"@id":"https:\/\/www.organisator.ch\/#\/schema\/logo\/image\/"},"sameAs":["https:\/\/www.facebook.com\/OrganisatorFachmagazin","https:\/\/www.linkedin.com\/showcase\/organisator-das-magazin-fr-kmu","https:\/\/www.xing.com\/news\/pages\/organisator-ch-695","https:\/\/www.youtube.com\/channel\/UCGP2Sq0iWaZwT3BdIAQFYpw"]},{"@type":"Person","@id":"https:\/\/www.organisator.ch\/#\/schema\/person\/aa2bace6c5c5aad60102004a50c4eb1c","name":"amministratore","image":{"@type":"ImageObject","inLanguage":"it-IT","@id":"https:\/\/secure.gravatar.com\/avatar\/ae2f4d718e6c49043e314ce431e7e645d646302a24a5ef5a8bc8e3f5a032e319?s=96&d=mm&r=g","url":"https:\/\/secure.gravatar.com\/avatar\/ae2f4d718e6c49043e314ce431e7e645d646302a24a5ef5a8bc8e3f5a032e319?s=96&d=mm&r=g","contentUrl":"https:\/\/secure.gravatar.com\/avatar\/ae2f4d718e6c49043e314ce431e7e645d646302a24a5ef5a8bc8e3f5a032e319?s=96&d=mm&r=g","caption":"admin"},"sameAs":["https:\/\/www.organisator.ch"],"url":"https:\/\/www.organisator.ch\/it\/author\/admin\/"}]}},"_links":{"self":[{"href":"https:\/\/www.organisator.ch\/it\/wp-json\/wp\/v2\/posts\/872","targetHints":{"allow":["GET"]}}],"collection":[{"href":"https:\/\/www.organisator.ch\/it\/wp-json\/wp\/v2\/posts"}],"about":[{"href":"https:\/\/www.organisator.ch\/it\/wp-json\/wp\/v2\/types\/post"}],"author":[{"embeddable":true,"href":"https:\/\/www.organisator.ch\/it\/wp-json\/wp\/v2\/users\/1"}],"replies":[{"embeddable":true,"href":"https:\/\/www.organisator.ch\/it\/wp-json\/wp\/v2\/comments?post=872"}],"version-history":[{"count":1,"href":"https:\/\/www.organisator.ch\/it\/wp-json\/wp\/v2\/posts\/872\/revisions"}],"predecessor-version":[{"id":10943,"href":"https:\/\/www.organisator.ch\/it\/wp-json\/wp\/v2\/posts\/872\/revisions\/10943"}],"wp:featuredmedia":[{"embeddable":true,"href":"https:\/\/www.organisator.ch\/it\/wp-json\/wp\/v2\/media\/873"}],"wp:attachment":[{"href":"https:\/\/www.organisator.ch\/it\/wp-json\/wp\/v2\/media?parent=872"}],"wp:term":[{"taxonomy":"category","embeddable":true,"href":"https:\/\/www.organisator.ch\/it\/wp-json\/wp\/v2\/categories?post=872"},{"taxonomy":"post_tag","embeddable":true,"href":"https:\/\/www.organisator.ch\/it\/wp-json\/wp\/v2\/tags?post=872"}],"curies":[{"name":"wp","href":"https:\/\/api.w.org\/{rel}","templated":true}]}}