{"id":894,"date":"2016-09-07T17:27:06","date_gmt":"2016-09-07T15:27:06","guid":{"rendered":"http:\/\/dev.organisator.ch\/?p=894"},"modified":"2016-09-07T17:27:06","modified_gmt":"2016-09-07T15:27:06","slug":"die-schweizer-wirtschaft-auf-dem-weg-zu-mehr-flexibilitaet","status":"publish","type":"post","link":"https:\/\/www.organisator.ch\/it\/human-resources\/hrm\/2016-09-07\/die-schweizer-wirtschaft-auf-dem-weg-zu-mehr-flexibilitaet\/","title":{"rendered":"L'economia svizzera verso una maggiore flessibilit\u00e0"},"content":{"rendered":"<p><img loading=\"lazy\" decoding=\"async\" class=\"alignnone wp-image-896 size-full\" src=\"https:\/\/www.organisator.ch\/wp-content\/uploads\/2016\/12\/Die-Schweizer-Wirtschaft-auf-dem-Weg-zu-mehr-Flexibilitaet-organisator.jpg\" width=\"640\" height=\"427\" srcset=\"https:\/\/www.organisator.ch\/wp-content\/uploads\/2016\/12\/Die-Schweizer-Wirtschaft-auf-dem-Weg-zu-mehr-Flexibilitaet-organisator.jpg 640w, https:\/\/www.organisator.ch\/wp-content\/uploads\/2016\/12\/Die-Schweizer-Wirtschaft-auf-dem-Weg-zu-mehr-Flexibilitaet-organisator-16x12.jpg 16w, https:\/\/www.organisator.ch\/wp-content\/uploads\/2016\/12\/Die-Schweizer-Wirtschaft-auf-dem-Weg-zu-mehr-Flexibilitaet-organisator-262x175.jpg 262w, https:\/\/www.organisator.ch\/wp-content\/uploads\/2016\/12\/Die-Schweizer-Wirtschaft-auf-dem-Weg-zu-mehr-Flexibilitaet-organisator-525x350.jpg 525w, https:\/\/www.organisator.ch\/wp-content\/uploads\/2016\/12\/Die-Schweizer-Wirtschaft-auf-dem-Weg-zu-mehr-Flexibilitaet-organisator-300x200.jpg 300w\" sizes=\"auto, (max-width: 640px) 100vw, 640px\" \/><\/p>\n<blockquote><p>Nella primavera del 2015, FFS, Swisscom, Microsoft Svizzera, Mobiliare, La Posta Svizzera e Witzig The Office Company hanno fondato l'iniziativa Work Smart.<\/p><\/blockquote>\n<p><strong>Dalla Giornata dell'ufficio a domicilio a un'iniziativa Work Smart su vasta scala<\/strong><\/p>\n<p>Sono successe molte cose dalla prima Giornata nazionale dell'Home Office nel 2010 e dal passaggio all'Iniziativa Work Smart l'anno scorso: Numerosi nuovi partner sostengono l'iniziativa e molte aziende si stanno allineando alla Carta Work Smart. Una serie di strumenti ed eventi aiutano le aziende e le organizzazioni a modificare in modo sostenibile la propria cultura del lavoro verso una maggiore flessibilit\u00e0 e a trarre vantaggio dalle intuizioni degli altri.<\/p>\n<p><strong>L'iniziativa Work Smart<\/strong><\/p>\n<p>Nella primavera del 2015, FFS, Swisscom, Microsoft Svizzera, Mobiliare, La Posta Svizzera e Witzig The Office Company hanno fondato l'iniziativa Work Smart. Promuovendo forme di lavoro flessibili, si vogliono raggiungere i seguenti obiettivi:<\/p>\n<ol>\n<li>\u00a0Creare condizioni quadro motivanti per dipendenti altamente qualificati<\/li>\n<li>Sfruttare meglio il mercato del lavoro per i lavoratori qualificati<\/li>\n<li>Utilizzare le risorse e le infrastrutture di trasporto in modo pi\u00f9 intelligente<\/li>\n<\/ol>\n<p><em>Attualmente, 79 datori di lavoro svizzeri hanno firmato la Carta Work Smart e si sono quindi impegnati a raggiungere questi tre obiettivi.<\/em><\/p>\n<p>Dei circa 4,65 milioni di persone impiegate nell'economia svizzera, 1,12 milioni, ovvero circa un quarto, lavorano gi\u00e0 in modo flessibile. 2,62 milioni di dipendenti non possono ancora lavorare in modo flessibile a causa del loro lavoro, delle infrastrutture o dei regolamenti aziendali. Finora, 79 aziende hanno firmato la Carta Work Smart, esprimendo cos\u00ec il loro impegno per un luogo di lavoro flessibile in Svizzera.<\/p>\n<p>I nuovi studi dell'Universit\u00e0 di Zurigo e dell'Universit\u00e0 di Scienze Applicate della Svizzera Nord-occidentale si sono concentrati su due domande: come \u00e8 cambiata nello specifico l'economia svizzera dall'ultima misurazione del 2014 e quali sono i metodi disponibili per plasmare con successo la trasformazione della cultura del lavoro?<\/p>\n<p><strong>Risultati:<\/strong><\/p>\n<ul>\n<li>Dei 4,65 milioni di persone impiegate nell'economia svizzera, 1,12 milioni, ovvero circa un quarto, lavorano gi\u00e0 in modo ampiamente flessibile.<\/li>\n<li>2,62 milioni di dipendenti non possono (a causa della loro mansione o dell'infrastruttura tecnica) o non sono autorizzati (a causa dei regolamenti aziendali e\/o della cultura manageriale) a lavorare in modo flessibile.<\/li>\n<li>11 % dei dipendenti potrebbero gi\u00e0 lavorare in modo flessibile nel loro posto di lavoro, ma non hanno la tecnologia per farlo (4 %, costante rispetto al 2014) o non hanno il permesso di farlo (7 % rispetto a 8 % 2014).<\/li>\n<li>Solo 6 % degli occupati non vogliono lavorare affatto e solo 3 % degli occupati vogliono lavorare in modo meno flessibile.<\/li>\n<\/ul>\n<p><strong>I maggiori ostacoli al lavoro flessibile<\/strong><\/p>\n<p>Il pi\u00f9 delle volte, il lavoro di squadra richiede una vicinanza fisica (54 %). Altre aree importanti in cui la flessibilit\u00e0 \u00e8 minore sono la protezione dei dati e la riservatezza (38 %) e i regolamenti aziendali che non consentono il lavoro flessibile o solo in situazioni eccezionali (36 %).<\/p>\n<p>Per il passaggio da modelli di presenza a forme di lavoro flessibili con relativi accordi sugli obiettivi, esistono numerosi approcci che sono stati sperimentati nell'economia svizzera. Questi includono metodi completi come la \"gestione partecipativa\" e metodi mirati come le \"direttive e le linee guida sociali\". In pratica, questi approcci vengono spesso combinati. L'applicazione dei metodi e la loro combinazione deve essere consapevole e adattata al contesto aziendale. Tuttavia, ci sono ancora molte zone d'ombra.<\/p>\n<p>Gli studi e gli esempi pratici saranno presentati durante la Work Smart Week dal 12 al 16 settembre.<\/p>\n<p><a href=\"http:\/\/www.work-smart-initiative.ch\" target=\"_blank\" rel=\"noreferrer noopener\" data-cke-saved-href=\"http:\/\/www.work-smart-initiative.ch\">http:\/\/www.work-smart-initiative.ch<\/a><\/p>","protected":false},"excerpt":{"rendered":"<p>Im Fr\u00fchjahr 2015 gr\u00fcndeten SBB, Swisscom, Microsoft Schweiz, Mobiliar, Post und Witzig The Office Company die Work Smart Initiative. Vom Home Office Day zur breit abgest\u00fctzten Work Smart Initiative Seit dem ersten nationalen Home Office Day 2010 und der \u00dcberf\u00fchrung in die Work Smart Initiative im letzten Jahr ist viel passiert: Zahlreiche neue Partner unterst\u00fctzen [&hellip;]<\/p>\n","protected":false},"author":1,"featured_media":896,"comment_status":"open","ping_status":"open","sticky":false,"template":"","format":"standard","meta":{"_acf_changed":false,"_yoast_wpseo_focuskw":"Flexibilit\u00e4t","_yoast_wpseo_metadesc":"Zwei neue Studien der Work Smart Initiative zeigen auf, wo die Schweiz punkto flexiblen Arbeitsformen steht und wie Unternehmen den Wandel Richtung mehr Agilit\u00e4t und Flexibilit\u00e4t gezielt gestalten k\u00f6nnen.","articlekey":"","footnotes":""},"categories":[26],"tags":[51,254],"class_list":["post-894","post","type-post","status-publish","format-standard","has-post-thumbnail","hentry","category-hrm","tag-arbeitsplatzgestaltung","tag-hrm"],"acf":[],"yoast_head":"<!-- This site is optimized with the Yoast SEO plugin v27.5 - https:\/\/yoast.com\/product\/yoast-seo-wordpress\/ -->\n<title>Die Schweizer Wirtschaft auf dem Weg zu mehr Flexibilit\u00e4t - Organisator<\/title>\n<meta name=\"description\" content=\"Zwei neue Studien der Work Smart Initiative zeigen auf, wo die Schweiz punkto flexiblen Arbeitsformen steht und wie Unternehmen den Wandel Richtung mehr Agilit\u00e4t und Flexibilit\u00e4t gezielt gestalten k\u00f6nnen.\" \/>\n<meta name=\"robots\" content=\"index, follow, max-snippet:-1, max-image-preview:large, max-video-preview:-1\" \/>\n<link rel=\"canonical\" href=\"https:\/\/www.organisator.ch\/it\/risorse-umane\/hrm\/2016-09-07\/die-schweizer-wirtschaft-auf-dem-weg-zu-mehr-flexibilitaet\/\" \/>\n<meta property=\"og:locale\" content=\"it_IT\" \/>\n<meta property=\"og:type\" content=\"article\" \/>\n<meta property=\"og:title\" content=\"Die Schweizer Wirtschaft auf dem Weg zu mehr Flexibilit\u00e4t\" \/>\n<meta property=\"og:description\" content=\"Zwei neue Studien der Work Smart Initiative zeigen auf, wo die Schweiz punkto flexiblen Arbeitsformen steht und wie Unternehmen den Wandel Richtung mehr Agilit\u00e4t und Flexibilit\u00e4t gezielt gestalten k\u00f6nnen. Nebst einer offiziellen Charta f\u00fcr flexible Arbeitsformen finden zahlreiche Veranstaltungen im Rahmen der Work Smart Week vom 12. bis 16. September statt.\" \/>\n<meta property=\"og:url\" content=\"https:\/\/www.organisator.ch\/it\/risorse-umane\/hrm\/2016-09-07\/die-schweizer-wirtschaft-auf-dem-weg-zu-mehr-flexibilitaet\/\" \/>\n<meta property=\"og:site_name\" content=\"Organisator\" \/>\n<meta property=\"article:publisher\" content=\"https:\/\/www.facebook.com\/OrganisatorFachmagazin\" \/>\n<meta property=\"article:published_time\" content=\"2016-09-07T15:27:06+00:00\" \/>\n<meta name=\"author\" content=\"admin\" \/>\n<meta name=\"twitter:card\" content=\"summary_large_image\" \/>\n<meta name=\"twitter:image\" content=\"https:\/\/www.organisator.ch\/wp-content\/uploads\/2016\/12\/Die-Schweizer-Wirtschaft-auf-dem-Weg-zu-mehr-Flexibilitaet-organisator.jpg\" \/>\n<script type=\"application\/ld+json\" class=\"yoast-schema-graph\">{\"@context\":\"https:\\\/\\\/schema.org\",\"@graph\":[{\"@type\":\"Article\",\"@id\":\"https:\\\/\\\/www.organisator.ch\\\/human-resources\\\/hrm\\\/2016-09-07\\\/die-schweizer-wirtschaft-auf-dem-weg-zu-mehr-flexibilitaet\\\/#article\",\"isPartOf\":{\"@id\":\"https:\\\/\\\/www.organisator.ch\\\/human-resources\\\/hrm\\\/2016-09-07\\\/die-schweizer-wirtschaft-auf-dem-weg-zu-mehr-flexibilitaet\\\/\"},\"author\":{\"name\":\"admin\",\"@id\":\"https:\\\/\\\/www.organisator.ch\\\/#\\\/schema\\\/person\\\/aa2bace6c5c5aad60102004a50c4eb1c\"},\"headline\":\"Die Schweizer Wirtschaft auf dem Weg zu mehr Flexibilit\u00e4t\",\"datePublished\":\"2016-09-07T15:27:06+00:00\",\"mainEntityOfPage\":{\"@id\":\"https:\\\/\\\/www.organisator.ch\\\/human-resources\\\/hrm\\\/2016-09-07\\\/die-schweizer-wirtschaft-auf-dem-weg-zu-mehr-flexibilitaet\\\/\"},\"wordCount\":514,\"commentCount\":0,\"publisher\":{\"@id\":\"https:\\\/\\\/www.organisator.ch\\\/#organization\"},\"image\":{\"@id\":\"https:\\\/\\\/www.organisator.ch\\\/human-resources\\\/hrm\\\/2016-09-07\\\/die-schweizer-wirtschaft-auf-dem-weg-zu-mehr-flexibilitaet\\\/#primaryimage\"},\"thumbnailUrl\":\"https:\\\/\\\/www.organisator.ch\\\/wp-content\\\/uploads\\\/2016\\\/12\\\/Die-Schweizer-Wirtschaft-auf-dem-Weg-zu-mehr-Flexibilitaet-organisator.jpg\",\"keywords\":[\"Arbeitsplatzgestaltung\",\"HRM\"],\"articleSection\":[\"HRM\"],\"inLanguage\":\"it-IT\"},{\"@type\":\"WebPage\",\"@id\":\"https:\\\/\\\/www.organisator.ch\\\/human-resources\\\/hrm\\\/2016-09-07\\\/die-schweizer-wirtschaft-auf-dem-weg-zu-mehr-flexibilitaet\\\/\",\"url\":\"https:\\\/\\\/www.organisator.ch\\\/human-resources\\\/hrm\\\/2016-09-07\\\/die-schweizer-wirtschaft-auf-dem-weg-zu-mehr-flexibilitaet\\\/\",\"name\":\"Die Schweizer Wirtschaft auf dem Weg zu mehr Flexibilit\u00e4t - Organisator\",\"isPartOf\":{\"@id\":\"https:\\\/\\\/www.organisator.ch\\\/#website\"},\"primaryImageOfPage\":{\"@id\":\"https:\\\/\\\/www.organisator.ch\\\/human-resources\\\/hrm\\\/2016-09-07\\\/die-schweizer-wirtschaft-auf-dem-weg-zu-mehr-flexibilitaet\\\/#primaryimage\"},\"image\":{\"@id\":\"https:\\\/\\\/www.organisator.ch\\\/human-resources\\\/hrm\\\/2016-09-07\\\/die-schweizer-wirtschaft-auf-dem-weg-zu-mehr-flexibilitaet\\\/#primaryimage\"},\"thumbnailUrl\":\"https:\\\/\\\/www.organisator.ch\\\/wp-content\\\/uploads\\\/2016\\\/12\\\/Die-Schweizer-Wirtschaft-auf-dem-Weg-zu-mehr-Flexibilitaet-organisator.jpg\",\"datePublished\":\"2016-09-07T15:27:06+00:00\",\"description\":\"Zwei neue Studien der Work Smart Initiative zeigen auf, wo die Schweiz punkto flexiblen Arbeitsformen steht und wie Unternehmen den Wandel Richtung mehr Agilit\u00e4t und Flexibilit\u00e4t gezielt gestalten k\u00f6nnen.\",\"breadcrumb\":{\"@id\":\"https:\\\/\\\/www.organisator.ch\\\/human-resources\\\/hrm\\\/2016-09-07\\\/die-schweizer-wirtschaft-auf-dem-weg-zu-mehr-flexibilitaet\\\/#breadcrumb\"},\"inLanguage\":\"it-IT\",\"potentialAction\":[{\"@type\":\"ReadAction\",\"target\":[\"https:\\\/\\\/www.organisator.ch\\\/human-resources\\\/hrm\\\/2016-09-07\\\/die-schweizer-wirtschaft-auf-dem-weg-zu-mehr-flexibilitaet\\\/\"]}]},{\"@type\":\"ImageObject\",\"inLanguage\":\"it-IT\",\"@id\":\"https:\\\/\\\/www.organisator.ch\\\/human-resources\\\/hrm\\\/2016-09-07\\\/die-schweizer-wirtschaft-auf-dem-weg-zu-mehr-flexibilitaet\\\/#primaryimage\",\"url\":\"https:\\\/\\\/www.organisator.ch\\\/wp-content\\\/uploads\\\/2016\\\/12\\\/Die-Schweizer-Wirtschaft-auf-dem-Weg-zu-mehr-Flexibilitaet-organisator.jpg\",\"contentUrl\":\"https:\\\/\\\/www.organisator.ch\\\/wp-content\\\/uploads\\\/2016\\\/12\\\/Die-Schweizer-Wirtschaft-auf-dem-Weg-zu-mehr-Flexibilitaet-organisator.jpg\",\"width\":640,\"height\":427,\"caption\":\"Young people in the office\"},{\"@type\":\"BreadcrumbList\",\"@id\":\"https:\\\/\\\/www.organisator.ch\\\/human-resources\\\/hrm\\\/2016-09-07\\\/die-schweizer-wirtschaft-auf-dem-weg-zu-mehr-flexibilitaet\\\/#breadcrumb\",\"itemListElement\":[{\"@type\":\"ListItem\",\"position\":1,\"name\":\"Home\",\"item\":\"https:\\\/\\\/www.organisator.ch\\\/\"},{\"@type\":\"ListItem\",\"position\":2,\"name\":\"Die Schweizer Wirtschaft auf dem Weg zu mehr Flexibilit\u00e4t\"}]},{\"@type\":\"WebSite\",\"@id\":\"https:\\\/\\\/www.organisator.ch\\\/#website\",\"url\":\"https:\\\/\\\/www.organisator.ch\\\/\",\"name\":\"Organisator\",\"description\":\"Kompetent. Praxisnah. Der ORGANISATOR bereitet in 10 Ausgaben pro Jahr die wesentlichen Themen f\u00fcr F\u00fchrungskr\u00e4fte von KMU auf.\",\"publisher\":{\"@id\":\"https:\\\/\\\/www.organisator.ch\\\/#organization\"},\"potentialAction\":[{\"@type\":\"SearchAction\",\"target\":{\"@type\":\"EntryPoint\",\"urlTemplate\":\"https:\\\/\\\/www.organisator.ch\\\/?s={search_term_string}\"},\"query-input\":{\"@type\":\"PropertyValueSpecification\",\"valueRequired\":true,\"valueName\":\"search_term_string\"}}],\"inLanguage\":\"it-IT\"},{\"@type\":\"Organization\",\"@id\":\"https:\\\/\\\/www.organisator.ch\\\/#organization\",\"name\":\"Organisator\",\"url\":\"https:\\\/\\\/www.organisator.ch\\\/\",\"logo\":{\"@type\":\"ImageObject\",\"inLanguage\":\"it-IT\",\"@id\":\"https:\\\/\\\/www.organisator.ch\\\/#\\\/schema\\\/logo\\\/image\\\/\",\"url\":\"https:\\\/\\\/www.organisator.ch\\\/wp-content\\\/uploads\\\/2022\\\/01\\\/Logo_Organisator_Website.png\",\"contentUrl\":\"https:\\\/\\\/www.organisator.ch\\\/wp-content\\\/uploads\\\/2022\\\/01\\\/Logo_Organisator_Website.png\",\"width\":800,\"height\":77,\"caption\":\"Organisator\"},\"image\":{\"@id\":\"https:\\\/\\\/www.organisator.ch\\\/#\\\/schema\\\/logo\\\/image\\\/\"},\"sameAs\":[\"https:\\\/\\\/www.facebook.com\\\/OrganisatorFachmagazin\",\"https:\\\/\\\/www.linkedin.com\\\/showcase\\\/organisator-das-magazin-fr-kmu\",\"https:\\\/\\\/www.xing.com\\\/news\\\/pages\\\/organisator-ch-695\",\"https:\\\/\\\/www.youtube.com\\\/channel\\\/UCGP2Sq0iWaZwT3BdIAQFYpw\"]},{\"@type\":\"Person\",\"@id\":\"https:\\\/\\\/www.organisator.ch\\\/#\\\/schema\\\/person\\\/aa2bace6c5c5aad60102004a50c4eb1c\",\"name\":\"admin\",\"image\":{\"@type\":\"ImageObject\",\"inLanguage\":\"it-IT\",\"@id\":\"https:\\\/\\\/secure.gravatar.com\\\/avatar\\\/ae2f4d718e6c49043e314ce431e7e645d646302a24a5ef5a8bc8e3f5a032e319?s=96&d=mm&r=g\",\"url\":\"https:\\\/\\\/secure.gravatar.com\\\/avatar\\\/ae2f4d718e6c49043e314ce431e7e645d646302a24a5ef5a8bc8e3f5a032e319?s=96&d=mm&r=g\",\"contentUrl\":\"https:\\\/\\\/secure.gravatar.com\\\/avatar\\\/ae2f4d718e6c49043e314ce431e7e645d646302a24a5ef5a8bc8e3f5a032e319?s=96&d=mm&r=g\",\"caption\":\"admin\"},\"sameAs\":[\"https:\\\/\\\/www.organisator.ch\"],\"url\":\"https:\\\/\\\/www.organisator.ch\\\/it\\\/author\\\/admin\\\/\"}]}<\/script>\n<!-- \/ Yoast SEO plugin. -->","yoast_head_json":{"title":"L'economia svizzera verso una maggiore flessibilit\u00e0 - Organizzatore","description":"Due nuovi studi della Work Smart Initiative mostrano a che punto \u00e8 la Svizzera in termini di forme di lavoro flessibili e come le aziende possono dare forma specifica al cambiamento verso una maggiore agilit\u00e0 e flessibilit\u00e0.","robots":{"index":"index","follow":"follow","max-snippet":"max-snippet:-1","max-image-preview":"max-image-preview:large","max-video-preview":"max-video-preview:-1"},"canonical":"https:\/\/www.organisator.ch\/it\/risorse-umane\/hrm\/2016-09-07\/die-schweizer-wirtschaft-auf-dem-weg-zu-mehr-flexibilitaet\/","og_locale":"it_IT","og_type":"article","og_title":"Die Schweizer Wirtschaft auf dem Weg zu mehr Flexibilit\u00e4t","og_description":"Zwei neue Studien der Work Smart Initiative zeigen auf, wo die Schweiz punkto flexiblen Arbeitsformen steht und wie Unternehmen den Wandel Richtung mehr Agilit\u00e4t und Flexibilit\u00e4t gezielt gestalten k\u00f6nnen. Nebst einer offiziellen Charta f\u00fcr flexible Arbeitsformen finden zahlreiche Veranstaltungen im Rahmen der Work Smart Week vom 12. bis 16. September statt.","og_url":"https:\/\/www.organisator.ch\/it\/risorse-umane\/hrm\/2016-09-07\/die-schweizer-wirtschaft-auf-dem-weg-zu-mehr-flexibilitaet\/","og_site_name":"Organisator","article_publisher":"https:\/\/www.facebook.com\/OrganisatorFachmagazin","article_published_time":"2016-09-07T15:27:06+00:00","author":"admin","twitter_card":"summary_large_image","twitter_image":"https:\/\/www.organisator.ch\/wp-content\/uploads\/2016\/12\/Die-Schweizer-Wirtschaft-auf-dem-Weg-zu-mehr-Flexibilitaet-organisator.jpg","schema":{"@context":"https:\/\/schema.org","@graph":[{"@type":"Article","@id":"https:\/\/www.organisator.ch\/human-resources\/hrm\/2016-09-07\/die-schweizer-wirtschaft-auf-dem-weg-zu-mehr-flexibilitaet\/#article","isPartOf":{"@id":"https:\/\/www.organisator.ch\/human-resources\/hrm\/2016-09-07\/die-schweizer-wirtschaft-auf-dem-weg-zu-mehr-flexibilitaet\/"},"author":{"name":"admin","@id":"https:\/\/www.organisator.ch\/#\/schema\/person\/aa2bace6c5c5aad60102004a50c4eb1c"},"headline":"Die Schweizer Wirtschaft auf dem Weg zu mehr Flexibilit\u00e4t","datePublished":"2016-09-07T15:27:06+00:00","mainEntityOfPage":{"@id":"https:\/\/www.organisator.ch\/human-resources\/hrm\/2016-09-07\/die-schweizer-wirtschaft-auf-dem-weg-zu-mehr-flexibilitaet\/"},"wordCount":514,"commentCount":0,"publisher":{"@id":"https:\/\/www.organisator.ch\/#organization"},"image":{"@id":"https:\/\/www.organisator.ch\/human-resources\/hrm\/2016-09-07\/die-schweizer-wirtschaft-auf-dem-weg-zu-mehr-flexibilitaet\/#primaryimage"},"thumbnailUrl":"https:\/\/www.organisator.ch\/wp-content\/uploads\/2016\/12\/Die-Schweizer-Wirtschaft-auf-dem-Weg-zu-mehr-Flexibilitaet-organisator.jpg","keywords":["Arbeitsplatzgestaltung","HRM"],"articleSection":["HRM"],"inLanguage":"it-IT"},{"@type":"WebPage","@id":"https:\/\/www.organisator.ch\/human-resources\/hrm\/2016-09-07\/die-schweizer-wirtschaft-auf-dem-weg-zu-mehr-flexibilitaet\/","url":"https:\/\/www.organisator.ch\/human-resources\/hrm\/2016-09-07\/die-schweizer-wirtschaft-auf-dem-weg-zu-mehr-flexibilitaet\/","name":"L'economia svizzera verso una maggiore flessibilit\u00e0 - Organizzatore","isPartOf":{"@id":"https:\/\/www.organisator.ch\/#website"},"primaryImageOfPage":{"@id":"https:\/\/www.organisator.ch\/human-resources\/hrm\/2016-09-07\/die-schweizer-wirtschaft-auf-dem-weg-zu-mehr-flexibilitaet\/#primaryimage"},"image":{"@id":"https:\/\/www.organisator.ch\/human-resources\/hrm\/2016-09-07\/die-schweizer-wirtschaft-auf-dem-weg-zu-mehr-flexibilitaet\/#primaryimage"},"thumbnailUrl":"https:\/\/www.organisator.ch\/wp-content\/uploads\/2016\/12\/Die-Schweizer-Wirtschaft-auf-dem-Weg-zu-mehr-Flexibilitaet-organisator.jpg","datePublished":"2016-09-07T15:27:06+00:00","description":"Due nuovi studi della Work Smart Initiative mostrano a che punto \u00e8 la Svizzera in termini di forme di lavoro flessibili e come le aziende possono dare forma specifica al cambiamento verso una maggiore agilit\u00e0 e flessibilit\u00e0.","breadcrumb":{"@id":"https:\/\/www.organisator.ch\/human-resources\/hrm\/2016-09-07\/die-schweizer-wirtschaft-auf-dem-weg-zu-mehr-flexibilitaet\/#breadcrumb"},"inLanguage":"it-IT","potentialAction":[{"@type":"ReadAction","target":["https:\/\/www.organisator.ch\/human-resources\/hrm\/2016-09-07\/die-schweizer-wirtschaft-auf-dem-weg-zu-mehr-flexibilitaet\/"]}]},{"@type":"ImageObject","inLanguage":"it-IT","@id":"https:\/\/www.organisator.ch\/human-resources\/hrm\/2016-09-07\/die-schweizer-wirtschaft-auf-dem-weg-zu-mehr-flexibilitaet\/#primaryimage","url":"https:\/\/www.organisator.ch\/wp-content\/uploads\/2016\/12\/Die-Schweizer-Wirtschaft-auf-dem-Weg-zu-mehr-Flexibilitaet-organisator.jpg","contentUrl":"https:\/\/www.organisator.ch\/wp-content\/uploads\/2016\/12\/Die-Schweizer-Wirtschaft-auf-dem-Weg-zu-mehr-Flexibilitaet-organisator.jpg","width":640,"height":427,"caption":"Young people in the office"},{"@type":"BreadcrumbList","@id":"https:\/\/www.organisator.ch\/human-resources\/hrm\/2016-09-07\/die-schweizer-wirtschaft-auf-dem-weg-zu-mehr-flexibilitaet\/#breadcrumb","itemListElement":[{"@type":"ListItem","position":1,"name":"Home","item":"https:\/\/www.organisator.ch\/"},{"@type":"ListItem","position":2,"name":"Die Schweizer Wirtschaft auf dem Weg zu mehr Flexibilit\u00e4t"}]},{"@type":"WebSite","@id":"https:\/\/www.organisator.ch\/#website","url":"https:\/\/www.organisator.ch\/","name":"Organizzatore","description":"Competente. Pratico. In 10 numeri all'anno, ORGANISATOR presenta i temi essenziali per i manager delle PMI.","publisher":{"@id":"https:\/\/www.organisator.ch\/#organization"},"potentialAction":[{"@type":"SearchAction","target":{"@type":"EntryPoint","urlTemplate":"https:\/\/www.organisator.ch\/?s={search_term_string}"},"query-input":{"@type":"PropertyValueSpecification","valueRequired":true,"valueName":"search_term_string"}}],"inLanguage":"it-IT"},{"@type":"Organization","@id":"https:\/\/www.organisator.ch\/#organization","name":"Organizzatore","url":"https:\/\/www.organisator.ch\/","logo":{"@type":"ImageObject","inLanguage":"it-IT","@id":"https:\/\/www.organisator.ch\/#\/schema\/logo\/image\/","url":"https:\/\/www.organisator.ch\/wp-content\/uploads\/2022\/01\/Logo_Organisator_Website.png","contentUrl":"https:\/\/www.organisator.ch\/wp-content\/uploads\/2022\/01\/Logo_Organisator_Website.png","width":800,"height":77,"caption":"Organisator"},"image":{"@id":"https:\/\/www.organisator.ch\/#\/schema\/logo\/image\/"},"sameAs":["https:\/\/www.facebook.com\/OrganisatorFachmagazin","https:\/\/www.linkedin.com\/showcase\/organisator-das-magazin-fr-kmu","https:\/\/www.xing.com\/news\/pages\/organisator-ch-695","https:\/\/www.youtube.com\/channel\/UCGP2Sq0iWaZwT3BdIAQFYpw"]},{"@type":"Person","@id":"https:\/\/www.organisator.ch\/#\/schema\/person\/aa2bace6c5c5aad60102004a50c4eb1c","name":"amministratore","image":{"@type":"ImageObject","inLanguage":"it-IT","@id":"https:\/\/secure.gravatar.com\/avatar\/ae2f4d718e6c49043e314ce431e7e645d646302a24a5ef5a8bc8e3f5a032e319?s=96&d=mm&r=g","url":"https:\/\/secure.gravatar.com\/avatar\/ae2f4d718e6c49043e314ce431e7e645d646302a24a5ef5a8bc8e3f5a032e319?s=96&d=mm&r=g","contentUrl":"https:\/\/secure.gravatar.com\/avatar\/ae2f4d718e6c49043e314ce431e7e645d646302a24a5ef5a8bc8e3f5a032e319?s=96&d=mm&r=g","caption":"admin"},"sameAs":["https:\/\/www.organisator.ch"],"url":"https:\/\/www.organisator.ch\/it\/author\/admin\/"}]}},"_links":{"self":[{"href":"https:\/\/www.organisator.ch\/it\/wp-json\/wp\/v2\/posts\/894","targetHints":{"allow":["GET"]}}],"collection":[{"href":"https:\/\/www.organisator.ch\/it\/wp-json\/wp\/v2\/posts"}],"about":[{"href":"https:\/\/www.organisator.ch\/it\/wp-json\/wp\/v2\/types\/post"}],"author":[{"embeddable":true,"href":"https:\/\/www.organisator.ch\/it\/wp-json\/wp\/v2\/users\/1"}],"replies":[{"embeddable":true,"href":"https:\/\/www.organisator.ch\/it\/wp-json\/wp\/v2\/comments?post=894"}],"version-history":[{"count":0,"href":"https:\/\/www.organisator.ch\/it\/wp-json\/wp\/v2\/posts\/894\/revisions"}],"wp:featuredmedia":[{"embeddable":true,"href":"https:\/\/www.organisator.ch\/it\/wp-json\/wp\/v2\/media\/896"}],"wp:attachment":[{"href":"https:\/\/www.organisator.ch\/it\/wp-json\/wp\/v2\/media?parent=894"}],"wp:term":[{"taxonomy":"category","embeddable":true,"href":"https:\/\/www.organisator.ch\/it\/wp-json\/wp\/v2\/categories?post=894"},{"taxonomy":"post_tag","embeddable":true,"href":"https:\/\/www.organisator.ch\/it\/wp-json\/wp\/v2\/tags?post=894"}],"curies":[{"name":"wp","href":"https:\/\/api.w.org\/{rel}","templated":true}]}}