{"id":899,"date":"2016-07-11T17:26:48","date_gmt":"2016-07-11T15:26:48","guid":{"rendered":"http:\/\/dev.organisator.ch\/?p=899"},"modified":"2016-07-11T17:26:48","modified_gmt":"2016-07-11T15:26:48","slug":"schluss-mit-dem-ferien-blues","status":"publish","type":"post","link":"https:\/\/www.organisator.ch\/it\/allgemein\/2016-07-11\/schluss-mit-dem-ferien-blues\/","title":{"rendered":"Mettere fine alla tristezza delle vacanze"},"content":{"rendered":"<figure id=\"attachment_900\" aria-describedby=\"caption-attachment-900\" style=\"width: 468px\" class=\"wp-caption alignnone\"><img loading=\"lazy\" decoding=\"async\" class=\"size-full wp-image-900\" src=\"https:\/\/www.organisator.ch\/wp-content\/uploads\/2016\/12\/Schluss-mit-dem-Ferien-Blues-organisator.jpg\" alt=\"\" width=\"468\" height=\"640\" srcset=\"https:\/\/www.organisator.ch\/wp-content\/uploads\/2016\/12\/Schluss-mit-dem-Ferien-Blues-organisator.jpg 468w, https:\/\/www.organisator.ch\/wp-content\/uploads\/2016\/12\/Schluss-mit-dem-Ferien-Blues-organisator-9x12.jpg 9w, https:\/\/www.organisator.ch\/wp-content\/uploads\/2016\/12\/Schluss-mit-dem-Ferien-Blues-organisator-128x175.jpg 128w, https:\/\/www.organisator.ch\/wp-content\/uploads\/2016\/12\/Schluss-mit-dem-Ferien-Blues-organisator-256x350.jpg 256w, https:\/\/www.organisator.ch\/wp-content\/uploads\/2016\/12\/Schluss-mit-dem-Ferien-Blues-organisator-300x410.jpg 300w\" sizes=\"auto, (max-width: 468px) 100vw, 468px\" \/><figcaption id=\"caption-attachment-900\" class=\"wp-caption-text\">(Fonte: Mankau Verlag)<\/figcaption><\/figure>\n<p>Nel suo libro omonimo, pubblicato da Mankau Verlag in concomitanza con l'inizio delle vacanze, ha scritto per la prima volta il suo metodo in modo accessibile a tutti e immediatamente attuabile. L'obiettivo del libro \u00e8 fornire ai lettori un modo chiaro e semplice per liberarsi definitivamente di schemi pesanti, per affrontare la vita con una prospettiva nuova e pi\u00f9 gioiosa e per definire e raggiungere i propri obiettivi e desideri.<\/p>\n<p>A tal fine, l'HRC utilizza gli effetti della risonanza cardiaca, della coerenza e della fisica quantistica, combinati con i metodi della medicina naturopatica ed energetica. In questo modo, aiuta a raggiungere una qualit\u00e0 di vita pi\u00f9 elevata, con pi\u00f9 gioia e senso dello scopo - in modo permanente, anche al di fuori delle festivit\u00e0 natalizie.<\/p>\n<p><strong>Il \"bagaglio pesante\" pu\u00f2 rovinare la vacanza<\/strong><\/p>\n<p>Il nostro cuore, centro di tutti i sentimenti, genera un campo elettromagnetico ad ogni battito: il campo di risonanza cardiaca. Tutte le nostre esperienze, sia positive che negative, sono immagazzinate in questo campo energetico. Se gli argomenti stressanti sfuggono di mano, ne derivano reazioni di stress fisico ed emotivo che possono farci ammalare e portare a esaurimento, depressione o burn-out.<\/p>\n<p>Purtroppo, queste \"dissonanze\" si manifestano spesso in modo particolarmente evidente durante le vacanze - quando c'\u00e8 pace e tranquillit\u00e0 e si \u00e8 lontani dal solito - ad esempio sotto forma di discussioni e tensioni, stanchezza estrema, passivit\u00e0, predisposizione alle malattie e persino crisi di senso. Perch\u00e9 non importa dove va il viaggio: si porta sempre con s\u00e9 se stessi con tutti gli \"orpelli\" (fisici ed emotivi). Se non si \"confessa\" a se stessi, queste dissonanze rimangono e si intensificano in una spirale negativa.<\/p>\n<p>\u00c8 proprio qui che entra in gioco l'HRC. Vuole contribuire in modo significativo al chiarimento e al miglioramento.<\/p>\n<p><strong>Seguire la bussola del cuore<\/strong><\/p>\n<p>L'Heart Resonance Coaching consiste nell'utilizzare il cuore come una bussola. Il \"cuore\" e lo strumento di lavoro essenziale in questo contesto \u00e8 la cosiddetta mappa della vita come base per fare chiarezza nella rete personale di relazioni del passato e del presente.<\/p>\n<p>Con il loro aiuto, si determina innanzitutto la posizione attuale nella vita e si rivela e chiarisce la causa di tutti i problemi negativi, come esaurimento, malattia, incidente, esperienze negative o conflitti. In una seconda fase, tutti i campi di interferenza rilevanti (= cause\/problemi negativi) che influenzano negativamente il campo di risonanza del cuore vengono identificati e neutralizzati con semplici compiti di risoluzione.<\/p>\n<p>Infine, grazie alla necessaria chiarezza degli obiettivi e delle visioni personali, la bussola del cuore pu\u00f2 tornare a funzionare senza problemi.<\/p>\n<p><strong>Essere in triade<\/strong><\/p>\n<p>\"Se liberiamo il cuore da ci\u00f2 che ci opprime, la pace interiore, la tranquillit\u00e0 e la serenit\u00e0 ritornano in modo permanente\", cos\u00ec Claus Walter riassume l'effetto del suo modello di coaching. L'obiettivo \u00e8 riportare la testa (= pensieri), il cuore (= sentimenti) e l'intestino (= intuizione, istinto, voce interiore) in un'unit\u00e0 stabile, una triade armoniosa. Quando tutti e tre sono in equilibrio, le persone sono pi\u00f9 consapevoli in tutte le loro attivit\u00e0.<\/p>\n<p>Dall'equilibrio si ricavano spunti che stimolano i cambiamenti e ne promuovono l'attuazione. Di conseguenza, questo processo porta spesso a una (ri)riflessione sulle proprie conoscenze, competenze e abilit\u00e0 e talenti personali - la seconda importante triade nel nucleo dell'essere umano - e improvvisamente le risposte alle possibili domande di significato sono molto vicine. In questo modo, il coaching di risonanza cardiaca porta a una gioia di vivere e a una qualit\u00e0 di vita durature.<\/p>\n<p>Claus Walter: \"Heart-Resonance-Coaching\" - con mappa della vita allegata in formato A2 - disponibile presso Mankau Verlag. ISBN 978-3-86374-305-5.<\/p>\n<p><a href=\"http:\/\/www.mankau.com\" target=\"_blank\" data-cke-saved-href=\"http:\/\/www.mankau.com\" rel=\"noopener\">http:\/\/www.mankau.com<\/a><\/p>","protected":false},"excerpt":{"rendered":"<p>In seinem gleichnamigen, passend zum Ferienbeginn beim Mankau Verlag erscheinenden Buch hat er seine Methode erstmals f\u00fcr alle zug\u00e4nglich und sofort umsetzbar niedergeschrieben. Ziel des Buches ist, den Lesern einen klaren und einfachen Weg zu vermitteln, wie sie belastende Muster f\u00fcr immer loswerden, mit neuem, freudvollerem Blickwinkel durchs Leben gehen und ihre Ziele und W\u00fcnsche [&hellip;]<\/p>\n","protected":false},"author":1,"featured_media":900,"comment_status":"open","ping_status":"open","sticky":false,"template":"","format":"standard","meta":{"_acf_changed":false,"_yoast_wpseo_focuskw":"Ferien-Blues","_yoast_wpseo_metadesc":"Mit dem \u201eHerz-Resonanz-Coaching\u201c (HRC) l\u00e4sst sich der h\u00e4ufig frustrierende Kreislauf aus Arbeit \u2013 Urlaub \u2013 Arbeit wirksam durchbrechen.","articlekey":"","footnotes":""},"categories":[1],"tags":[92],"class_list":["post-899","post","type-post","status-publish","format-standard","has-post-thumbnail","hentry","category-allgemein","tag-buch"],"acf":[],"yoast_head":"<!-- This site is optimized with the Yoast SEO plugin v27.4 - https:\/\/yoast.com\/product\/yoast-seo-wordpress\/ -->\n<title>Schluss mit dem Ferien-Blues - Organisator<\/title>\n<meta name=\"description\" content=\"Mit dem \u201eHerz-Resonanz-Coaching\u201c (HRC) l\u00e4sst sich der h\u00e4ufig frustrierende Kreislauf aus Arbeit \u2013 Urlaub \u2013 Arbeit wirksam durchbrechen.\" \/>\n<meta name=\"robots\" content=\"index, follow, max-snippet:-1, max-image-preview:large, max-video-preview:-1\" \/>\n<link rel=\"canonical\" href=\"https:\/\/www.organisator.ch\/it\/generale\/2016-07-11\/schluss-mit-dem-ferien-blues\/\" \/>\n<meta property=\"og:locale\" content=\"it_IT\" \/>\n<meta property=\"og:type\" content=\"article\" \/>\n<meta property=\"og:title\" content=\"Schluss mit dem Ferien-Blues\" \/>\n<meta property=\"og:description\" content=\"Mit dem \u201eHerz-Resonanz-Coaching\u201c (HRC) l\u00e4sst sich der h\u00e4ufig frustrierende Kreislauf aus Arbeit \u2013 Urlaub \u2013 Arbeit wirksam durchbrechen. Claus Walter entwickelte das innovative Herz-Resonanz-Coaching in zw\u00f6lfj\u00e4hriger Forschungsarbeit. Soeben ist sein gleichnamiges Buch erschienen.\" \/>\n<meta property=\"og:url\" content=\"https:\/\/www.organisator.ch\/it\/generale\/2016-07-11\/schluss-mit-dem-ferien-blues\/\" \/>\n<meta property=\"og:site_name\" content=\"Organisator\" \/>\n<meta property=\"article:publisher\" content=\"https:\/\/www.facebook.com\/OrganisatorFachmagazin\" \/>\n<meta property=\"article:published_time\" content=\"2016-07-11T15:26:48+00:00\" \/>\n<meta name=\"author\" content=\"admin\" \/>\n<meta name=\"twitter:card\" content=\"summary_large_image\" \/>\n<meta name=\"twitter:image\" content=\"https:\/\/www.organisator.ch\/wp-content\/uploads\/2016\/12\/Schluss-mit-dem-Ferien-Blues-organisator.jpg\" \/>\n<script type=\"application\/ld+json\" class=\"yoast-schema-graph\">{\"@context\":\"https:\\\/\\\/schema.org\",\"@graph\":[{\"@type\":\"Article\",\"@id\":\"https:\\\/\\\/www.organisator.ch\\\/fr\\\/general\\\/2016-07-11\\\/schluss-mit-dem-ferien-blues\\\/#article\",\"isPartOf\":{\"@id\":\"https:\\\/\\\/www.organisator.ch\\\/fr\\\/general\\\/2016-07-11\\\/schluss-mit-dem-ferien-blues\\\/\"},\"author\":{\"name\":\"admin\",\"@id\":\"https:\\\/\\\/www.organisator.ch\\\/#\\\/schema\\\/person\\\/aa2bace6c5c5aad60102004a50c4eb1c\"},\"headline\":\"Schluss mit dem Ferien-Blues\",\"datePublished\":\"2016-07-11T15:26:48+00:00\",\"mainEntityOfPage\":{\"@id\":\"https:\\\/\\\/www.organisator.ch\\\/fr\\\/general\\\/2016-07-11\\\/schluss-mit-dem-ferien-blues\\\/\"},\"wordCount\":573,\"commentCount\":0,\"publisher\":{\"@id\":\"https:\\\/\\\/www.organisator.ch\\\/#organization\"},\"image\":{\"@id\":\"https:\\\/\\\/www.organisator.ch\\\/fr\\\/general\\\/2016-07-11\\\/schluss-mit-dem-ferien-blues\\\/#primaryimage\"},\"thumbnailUrl\":\"https:\\\/\\\/www.organisator.ch\\\/wp-content\\\/uploads\\\/2016\\\/12\\\/Schluss-mit-dem-Ferien-Blues-organisator.jpg\",\"keywords\":[\"Buch\"],\"articleSection\":[\"Allgemein\"],\"inLanguage\":\"it-IT\"},{\"@type\":\"WebPage\",\"@id\":\"https:\\\/\\\/www.organisator.ch\\\/fr\\\/general\\\/2016-07-11\\\/schluss-mit-dem-ferien-blues\\\/\",\"url\":\"https:\\\/\\\/www.organisator.ch\\\/fr\\\/general\\\/2016-07-11\\\/schluss-mit-dem-ferien-blues\\\/\",\"name\":\"Schluss mit dem Ferien-Blues - Organisator\",\"isPartOf\":{\"@id\":\"https:\\\/\\\/www.organisator.ch\\\/#website\"},\"primaryImageOfPage\":{\"@id\":\"https:\\\/\\\/www.organisator.ch\\\/fr\\\/general\\\/2016-07-11\\\/schluss-mit-dem-ferien-blues\\\/#primaryimage\"},\"image\":{\"@id\":\"https:\\\/\\\/www.organisator.ch\\\/fr\\\/general\\\/2016-07-11\\\/schluss-mit-dem-ferien-blues\\\/#primaryimage\"},\"thumbnailUrl\":\"https:\\\/\\\/www.organisator.ch\\\/wp-content\\\/uploads\\\/2016\\\/12\\\/Schluss-mit-dem-Ferien-Blues-organisator.jpg\",\"datePublished\":\"2016-07-11T15:26:48+00:00\",\"description\":\"Mit dem \u201eHerz-Resonanz-Coaching\u201c (HRC) l\u00e4sst sich der h\u00e4ufig frustrierende Kreislauf aus Arbeit \u2013 Urlaub \u2013 Arbeit wirksam durchbrechen.\",\"breadcrumb\":{\"@id\":\"https:\\\/\\\/www.organisator.ch\\\/fr\\\/general\\\/2016-07-11\\\/schluss-mit-dem-ferien-blues\\\/#breadcrumb\"},\"inLanguage\":\"it-IT\",\"potentialAction\":[{\"@type\":\"ReadAction\",\"target\":[\"https:\\\/\\\/www.organisator.ch\\\/fr\\\/general\\\/2016-07-11\\\/schluss-mit-dem-ferien-blues\\\/\"]}]},{\"@type\":\"ImageObject\",\"inLanguage\":\"it-IT\",\"@id\":\"https:\\\/\\\/www.organisator.ch\\\/fr\\\/general\\\/2016-07-11\\\/schluss-mit-dem-ferien-blues\\\/#primaryimage\",\"url\":\"https:\\\/\\\/www.organisator.ch\\\/wp-content\\\/uploads\\\/2016\\\/12\\\/Schluss-mit-dem-Ferien-Blues-organisator.jpg\",\"contentUrl\":\"https:\\\/\\\/www.organisator.ch\\\/wp-content\\\/uploads\\\/2016\\\/12\\\/Schluss-mit-dem-Ferien-Blues-organisator.jpg\",\"width\":468,\"height\":640,\"caption\":\"(Quelle Mankau Verlag)\"},{\"@type\":\"BreadcrumbList\",\"@id\":\"https:\\\/\\\/www.organisator.ch\\\/fr\\\/general\\\/2016-07-11\\\/schluss-mit-dem-ferien-blues\\\/#breadcrumb\",\"itemListElement\":[{\"@type\":\"ListItem\",\"position\":1,\"name\":\"Home\",\"item\":\"https:\\\/\\\/www.organisator.ch\\\/\"},{\"@type\":\"ListItem\",\"position\":2,\"name\":\"Schluss mit dem Ferien-Blues\"}]},{\"@type\":\"WebSite\",\"@id\":\"https:\\\/\\\/www.organisator.ch\\\/#website\",\"url\":\"https:\\\/\\\/www.organisator.ch\\\/\",\"name\":\"Organisator\",\"description\":\"Kompetent. Praxisnah. Der ORGANISATOR bereitet in 10 Ausgaben pro Jahr die wesentlichen Themen f\u00fcr F\u00fchrungskr\u00e4fte von KMU auf.\",\"publisher\":{\"@id\":\"https:\\\/\\\/www.organisator.ch\\\/#organization\"},\"potentialAction\":[{\"@type\":\"SearchAction\",\"target\":{\"@type\":\"EntryPoint\",\"urlTemplate\":\"https:\\\/\\\/www.organisator.ch\\\/?s={search_term_string}\"},\"query-input\":{\"@type\":\"PropertyValueSpecification\",\"valueRequired\":true,\"valueName\":\"search_term_string\"}}],\"inLanguage\":\"it-IT\"},{\"@type\":\"Organization\",\"@id\":\"https:\\\/\\\/www.organisator.ch\\\/#organization\",\"name\":\"Organisator\",\"url\":\"https:\\\/\\\/www.organisator.ch\\\/\",\"logo\":{\"@type\":\"ImageObject\",\"inLanguage\":\"it-IT\",\"@id\":\"https:\\\/\\\/www.organisator.ch\\\/#\\\/schema\\\/logo\\\/image\\\/\",\"url\":\"https:\\\/\\\/www.organisator.ch\\\/wp-content\\\/uploads\\\/2022\\\/01\\\/Logo_Organisator_Website.png\",\"contentUrl\":\"https:\\\/\\\/www.organisator.ch\\\/wp-content\\\/uploads\\\/2022\\\/01\\\/Logo_Organisator_Website.png\",\"width\":800,\"height\":77,\"caption\":\"Organisator\"},\"image\":{\"@id\":\"https:\\\/\\\/www.organisator.ch\\\/#\\\/schema\\\/logo\\\/image\\\/\"},\"sameAs\":[\"https:\\\/\\\/www.facebook.com\\\/OrganisatorFachmagazin\",\"https:\\\/\\\/www.linkedin.com\\\/showcase\\\/organisator-das-magazin-fr-kmu\",\"https:\\\/\\\/www.xing.com\\\/news\\\/pages\\\/organisator-ch-695\",\"https:\\\/\\\/www.youtube.com\\\/channel\\\/UCGP2Sq0iWaZwT3BdIAQFYpw\"]},{\"@type\":\"Person\",\"@id\":\"https:\\\/\\\/www.organisator.ch\\\/#\\\/schema\\\/person\\\/aa2bace6c5c5aad60102004a50c4eb1c\",\"name\":\"admin\",\"image\":{\"@type\":\"ImageObject\",\"inLanguage\":\"it-IT\",\"@id\":\"https:\\\/\\\/secure.gravatar.com\\\/avatar\\\/ae2f4d718e6c49043e314ce431e7e645d646302a24a5ef5a8bc8e3f5a032e319?s=96&d=mm&r=g\",\"url\":\"https:\\\/\\\/secure.gravatar.com\\\/avatar\\\/ae2f4d718e6c49043e314ce431e7e645d646302a24a5ef5a8bc8e3f5a032e319?s=96&d=mm&r=g\",\"contentUrl\":\"https:\\\/\\\/secure.gravatar.com\\\/avatar\\\/ae2f4d718e6c49043e314ce431e7e645d646302a24a5ef5a8bc8e3f5a032e319?s=96&d=mm&r=g\",\"caption\":\"admin\"},\"sameAs\":[\"https:\\\/\\\/www.organisator.ch\"],\"url\":\"https:\\\/\\\/www.organisator.ch\\\/it\\\/author\\\/admin\\\/\"}]}<\/script>\n<!-- \/ Yoast SEO plugin. -->","yoast_head_json":{"title":"Mettere fine alla tristezza da vacanza - Organizzatore","description":"L'Heart Resonance Coaching\" (HRC) \u00e8 un modo efficace per spezzare il ciclo spesso frustrante di lavoro - vacanza - lavoro.","robots":{"index":"index","follow":"follow","max-snippet":"max-snippet:-1","max-image-preview":"max-image-preview:large","max-video-preview":"max-video-preview:-1"},"canonical":"https:\/\/www.organisator.ch\/it\/generale\/2016-07-11\/schluss-mit-dem-ferien-blues\/","og_locale":"it_IT","og_type":"article","og_title":"Schluss mit dem Ferien-Blues","og_description":"Mit dem \u201eHerz-Resonanz-Coaching\u201c (HRC) l\u00e4sst sich der h\u00e4ufig frustrierende Kreislauf aus Arbeit \u2013 Urlaub \u2013 Arbeit wirksam durchbrechen. Claus Walter entwickelte das innovative Herz-Resonanz-Coaching in zw\u00f6lfj\u00e4hriger Forschungsarbeit. Soeben ist sein gleichnamiges Buch erschienen.","og_url":"https:\/\/www.organisator.ch\/it\/generale\/2016-07-11\/schluss-mit-dem-ferien-blues\/","og_site_name":"Organisator","article_publisher":"https:\/\/www.facebook.com\/OrganisatorFachmagazin","article_published_time":"2016-07-11T15:26:48+00:00","author":"admin","twitter_card":"summary_large_image","twitter_image":"https:\/\/www.organisator.ch\/wp-content\/uploads\/2016\/12\/Schluss-mit-dem-Ferien-Blues-organisator.jpg","schema":{"@context":"https:\/\/schema.org","@graph":[{"@type":"Article","@id":"https:\/\/www.organisator.ch\/fr\/general\/2016-07-11\/schluss-mit-dem-ferien-blues\/#article","isPartOf":{"@id":"https:\/\/www.organisator.ch\/fr\/general\/2016-07-11\/schluss-mit-dem-ferien-blues\/"},"author":{"name":"admin","@id":"https:\/\/www.organisator.ch\/#\/schema\/person\/aa2bace6c5c5aad60102004a50c4eb1c"},"headline":"Schluss mit dem Ferien-Blues","datePublished":"2016-07-11T15:26:48+00:00","mainEntityOfPage":{"@id":"https:\/\/www.organisator.ch\/fr\/general\/2016-07-11\/schluss-mit-dem-ferien-blues\/"},"wordCount":573,"commentCount":0,"publisher":{"@id":"https:\/\/www.organisator.ch\/#organization"},"image":{"@id":"https:\/\/www.organisator.ch\/fr\/general\/2016-07-11\/schluss-mit-dem-ferien-blues\/#primaryimage"},"thumbnailUrl":"https:\/\/www.organisator.ch\/wp-content\/uploads\/2016\/12\/Schluss-mit-dem-Ferien-Blues-organisator.jpg","keywords":["Buch"],"articleSection":["Allgemein"],"inLanguage":"it-IT"},{"@type":"WebPage","@id":"https:\/\/www.organisator.ch\/fr\/general\/2016-07-11\/schluss-mit-dem-ferien-blues\/","url":"https:\/\/www.organisator.ch\/fr\/general\/2016-07-11\/schluss-mit-dem-ferien-blues\/","name":"Mettere fine alla tristezza da vacanza - Organizzatore","isPartOf":{"@id":"https:\/\/www.organisator.ch\/#website"},"primaryImageOfPage":{"@id":"https:\/\/www.organisator.ch\/fr\/general\/2016-07-11\/schluss-mit-dem-ferien-blues\/#primaryimage"},"image":{"@id":"https:\/\/www.organisator.ch\/fr\/general\/2016-07-11\/schluss-mit-dem-ferien-blues\/#primaryimage"},"thumbnailUrl":"https:\/\/www.organisator.ch\/wp-content\/uploads\/2016\/12\/Schluss-mit-dem-Ferien-Blues-organisator.jpg","datePublished":"2016-07-11T15:26:48+00:00","description":"L'Heart Resonance Coaching\" (HRC) \u00e8 un modo efficace per spezzare il ciclo spesso frustrante di lavoro - vacanza - lavoro.","breadcrumb":{"@id":"https:\/\/www.organisator.ch\/fr\/general\/2016-07-11\/schluss-mit-dem-ferien-blues\/#breadcrumb"},"inLanguage":"it-IT","potentialAction":[{"@type":"ReadAction","target":["https:\/\/www.organisator.ch\/fr\/general\/2016-07-11\/schluss-mit-dem-ferien-blues\/"]}]},{"@type":"ImageObject","inLanguage":"it-IT","@id":"https:\/\/www.organisator.ch\/fr\/general\/2016-07-11\/schluss-mit-dem-ferien-blues\/#primaryimage","url":"https:\/\/www.organisator.ch\/wp-content\/uploads\/2016\/12\/Schluss-mit-dem-Ferien-Blues-organisator.jpg","contentUrl":"https:\/\/www.organisator.ch\/wp-content\/uploads\/2016\/12\/Schluss-mit-dem-Ferien-Blues-organisator.jpg","width":468,"height":640,"caption":"(Quelle Mankau Verlag)"},{"@type":"BreadcrumbList","@id":"https:\/\/www.organisator.ch\/fr\/general\/2016-07-11\/schluss-mit-dem-ferien-blues\/#breadcrumb","itemListElement":[{"@type":"ListItem","position":1,"name":"Home","item":"https:\/\/www.organisator.ch\/"},{"@type":"ListItem","position":2,"name":"Schluss mit dem Ferien-Blues"}]},{"@type":"WebSite","@id":"https:\/\/www.organisator.ch\/#website","url":"https:\/\/www.organisator.ch\/","name":"Organizzatore","description":"Competente. Pratico. In 10 numeri all'anno, ORGANISATOR presenta i temi essenziali per i manager delle PMI.","publisher":{"@id":"https:\/\/www.organisator.ch\/#organization"},"potentialAction":[{"@type":"SearchAction","target":{"@type":"EntryPoint","urlTemplate":"https:\/\/www.organisator.ch\/?s={search_term_string}"},"query-input":{"@type":"PropertyValueSpecification","valueRequired":true,"valueName":"search_term_string"}}],"inLanguage":"it-IT"},{"@type":"Organization","@id":"https:\/\/www.organisator.ch\/#organization","name":"Organizzatore","url":"https:\/\/www.organisator.ch\/","logo":{"@type":"ImageObject","inLanguage":"it-IT","@id":"https:\/\/www.organisator.ch\/#\/schema\/logo\/image\/","url":"https:\/\/www.organisator.ch\/wp-content\/uploads\/2022\/01\/Logo_Organisator_Website.png","contentUrl":"https:\/\/www.organisator.ch\/wp-content\/uploads\/2022\/01\/Logo_Organisator_Website.png","width":800,"height":77,"caption":"Organisator"},"image":{"@id":"https:\/\/www.organisator.ch\/#\/schema\/logo\/image\/"},"sameAs":["https:\/\/www.facebook.com\/OrganisatorFachmagazin","https:\/\/www.linkedin.com\/showcase\/organisator-das-magazin-fr-kmu","https:\/\/www.xing.com\/news\/pages\/organisator-ch-695","https:\/\/www.youtube.com\/channel\/UCGP2Sq0iWaZwT3BdIAQFYpw"]},{"@type":"Person","@id":"https:\/\/www.organisator.ch\/#\/schema\/person\/aa2bace6c5c5aad60102004a50c4eb1c","name":"amministratore","image":{"@type":"ImageObject","inLanguage":"it-IT","@id":"https:\/\/secure.gravatar.com\/avatar\/ae2f4d718e6c49043e314ce431e7e645d646302a24a5ef5a8bc8e3f5a032e319?s=96&d=mm&r=g","url":"https:\/\/secure.gravatar.com\/avatar\/ae2f4d718e6c49043e314ce431e7e645d646302a24a5ef5a8bc8e3f5a032e319?s=96&d=mm&r=g","contentUrl":"https:\/\/secure.gravatar.com\/avatar\/ae2f4d718e6c49043e314ce431e7e645d646302a24a5ef5a8bc8e3f5a032e319?s=96&d=mm&r=g","caption":"admin"},"sameAs":["https:\/\/www.organisator.ch"],"url":"https:\/\/www.organisator.ch\/it\/author\/admin\/"}]}},"_links":{"self":[{"href":"https:\/\/www.organisator.ch\/it\/wp-json\/wp\/v2\/posts\/899","targetHints":{"allow":["GET"]}}],"collection":[{"href":"https:\/\/www.organisator.ch\/it\/wp-json\/wp\/v2\/posts"}],"about":[{"href":"https:\/\/www.organisator.ch\/it\/wp-json\/wp\/v2\/types\/post"}],"author":[{"embeddable":true,"href":"https:\/\/www.organisator.ch\/it\/wp-json\/wp\/v2\/users\/1"}],"replies":[{"embeddable":true,"href":"https:\/\/www.organisator.ch\/it\/wp-json\/wp\/v2\/comments?post=899"}],"version-history":[{"count":0,"href":"https:\/\/www.organisator.ch\/it\/wp-json\/wp\/v2\/posts\/899\/revisions"}],"wp:featuredmedia":[{"embeddable":true,"href":"https:\/\/www.organisator.ch\/it\/wp-json\/wp\/v2\/media\/900"}],"wp:attachment":[{"href":"https:\/\/www.organisator.ch\/it\/wp-json\/wp\/v2\/media?parent=899"}],"wp:term":[{"taxonomy":"category","embeddable":true,"href":"https:\/\/www.organisator.ch\/it\/wp-json\/wp\/v2\/categories?post=899"},{"taxonomy":"post_tag","embeddable":true,"href":"https:\/\/www.organisator.ch\/it\/wp-json\/wp\/v2\/tags?post=899"}],"curies":[{"name":"wp","href":"https:\/\/api.w.org\/{rel}","templated":true}]}}