{"id":912,"date":"2016-07-13T17:31:58","date_gmt":"2016-07-13T15:31:58","guid":{"rendered":"http:\/\/dev.organisator.ch\/?p=912"},"modified":"2016-07-13T17:31:58","modified_gmt":"2016-07-13T15:31:58","slug":"start-up-steuer-zuercher-jungunternehmen-im-abseits","status":"publish","type":"post","link":"https:\/\/www.organisator.ch\/it\/allgemein\/2016-07-13\/start-up-steuer-zuercher-jungunternehmen-im-abseits\/","title":{"rendered":"Tassa sulle start-up: le start-up zurighesi ai margini"},"content":{"rendered":"<p><img loading=\"lazy\" decoding=\"async\" class=\"alignnone wp-image-915 size-full\" src=\"https:\/\/www.organisator.ch\/wp-content\/uploads\/2016\/12\/Start-Up-Steuer-Zuercher-Jungunternehmen-im-Abseits-organisator.jpg\" width=\"640\" height=\"427\" srcset=\"https:\/\/www.organisator.ch\/wp-content\/uploads\/2016\/12\/Start-Up-Steuer-Zuercher-Jungunternehmen-im-Abseits-organisator.jpg 640w, https:\/\/www.organisator.ch\/wp-content\/uploads\/2016\/12\/Start-Up-Steuer-Zuercher-Jungunternehmen-im-Abseits-organisator-16x12.jpg 16w, https:\/\/www.organisator.ch\/wp-content\/uploads\/2016\/12\/Start-Up-Steuer-Zuercher-Jungunternehmen-im-Abseits-organisator-262x175.jpg 262w, https:\/\/www.organisator.ch\/wp-content\/uploads\/2016\/12\/Start-Up-Steuer-Zuercher-Jungunternehmen-im-Abseits-organisator-525x350.jpg 525w, https:\/\/www.organisator.ch\/wp-content\/uploads\/2016\/12\/Start-Up-Steuer-Zuercher-Jungunternehmen-im-Abseits-organisator-300x200.jpg 300w\" sizes=\"auto, (max-width: 640px) 100vw, 640px\" \/><\/p>\n<p>&nbsp;<\/p>\n<figure id=\"attachment_916\" aria-describedby=\"caption-attachment-916\" style=\"width: 680px\" class=\"wp-caption alignnone\"><img loading=\"lazy\" decoding=\"async\" class=\"size-medium wp-image-916\" src=\"https:\/\/organisator.ch\/wp-content\/uploads\/2016\/12\/Start-Up-Steuer-Z\u00fcrcher-Jungunternehmen-im-Abseits-organisator.png\" alt=\"\" width=\"680\" height=\"469\" \/><figcaption id=\"caption-attachment-916\" class=\"wp-caption-text\">Cifre sbalorditive: l'85% degli intervistati sta considerando un trasloco. (Studio: venturelab)<\/figcaption><\/figure>\n<p>Da marzo 2016, l'ufficio delle imposte di Zurigo valuta le azioni dei fondatori di societ\u00e0 ai fini dell'imposta sul patrimonio non secondo il valore attuale della societ\u00e0, ma secondo il prezzo che un investitore aveva pagato per un'azione. Questo metodo di valutazione ha la conseguenza che i proprietari di start-up\/imprese giovani sono in una posizione peggiore per quanto riguarda l'imposta sul patrimonio rispetto alle persone che investono parte del loro patrimonio in azioni di PMI consolidate\/imprese quotate in borsa.<\/p>\n<p>In casi estremi, l'onere dell'imposta sul patrimonio potrebbe persino essere superiore al reddito totale. Il cantone di Berna ha un approccio diverso, pi\u00f9 favorevole all'imprenditore, come il Bern Innovation Promotion be-advanced nel <a href=\"http:\/\/www.startwerk.ch\/2016\/07\/13\/startupsteuer-vorteil-bern\" target=\"_blank\" data-cke-saved-href=\"http:\/\/www.startwerk.ch\/2016\/07\/13\/startupsteuer-vorteil-bern\" rel=\"noopener\">Intervista<\/a> sottolinea.<\/p>\n<p><strong>Le start-up resteranno a Zurigo?<\/strong><\/p>\n<p>Le start-up zurighesi continuano a mobilitarsi contro le astronomiche tasse di propriet\u00e0 del cantone di Zurigo. Quando si parla di fondatori di start-up a Zurigo, non si devono certo trascurare le aziende high-tech e i loro business angels. Le migliori start-up (soprattutto gli spin-off dell'ETH) sono ora costretti a lasciare il cantone di Zurigo o addirittura la Svizzera.<\/p>\n<p>Questo non \u00e8 solo a causa delle orrende tasse, ma perch\u00e9 la ricerca di investitori per le start-up con sede nel cantone di Zurigo sta diventando molto pi\u00f9 difficile a causa della nuova pratica fiscale.<\/p>\n<p><strong>I periodi di grazia aiutano?<\/strong><\/p>\n<p>A causa della grande resistenza della scena delle start-up, la Direzione delle Finanze ha allentato un po' la nuova pratica il 1\u00b0 marzo 2016 e introduce dei \"periodi di grazia\" di tre anni di attivit\u00e0 (cinque anni per le biotecnologie e le medtech). Tuttavia, questo non risolve il problema reale, perch\u00e9 alla fine i costi di finanziamento sono spostati su cicli fiscali successivi.<\/p>\n<p>Mentre la Direzione delle Finanze del Cantone di Zurigo sta spingendo affinch\u00e9 la sua nuova pratica fiscale diventi lo standard nazionale attraverso la Conferenza dei Direttori delle Finanze e la Conferenza Fiscale Svizzera, tutti gli esponenti della scena delle start-up temono un danno enorme per la Svizzera come luogo di innovazione. Anche i politici sono attivi: FDP\/CVP\/SVP del Consiglio cantonale di Zurigo hanno presentato un postulato urgente (KR-Nr. 168\/2016), che chiede il ritorno al metodo del praticante e quindi la parit\u00e0 di trattamento di tutte le startup e PMI.<\/p>\n<p><strong>Il 37% vorrebbe lasciare la Svizzera<\/strong><\/p>\n<p>Il promotore nazionale di startup venturelab ha voluto saperlo esattamente e ha lanciato uno studio per indagare le conseguenze della nuova pratica fiscale zurighese sulle migliori startup: 85% degli intervistati stanno considerando un trasferimento. Mentre il 33% sta cercando una sede in un altro cantone, il 37% vuole lasciare la Svizzera!<\/p>\n<p>15% sono ancora indecisi sulla posizione. Con la nuova pratica fiscale, il cantone di Zurigo rischia di perdere quasi la met\u00e0 delle sue migliori start-up all'estero. Questo \u00e8 particolarmente esplosivo alla luce degli enormi investimenti statali che confluiscono nel lavoro di ricerca e nella promozione di questi spin-off.<\/p>\n<p>Inoltre, le startup colpite dalla tassa sulle startup stanno lottando con un ambiente di finanziamento molto pi\u00f9 difficile: per esempio, 20% delle startup intervistate pensano che il finanziamento tramite business angels diventer\u00e0 quasi impossibile a causa della nuova pratica fiscale nel cantone di Zurigo. E 70% supporre che la raccolta di fondi diventer\u00e0 molto pi\u00f9 difficile per loro di quanto non lo sia gi\u00e0.<\/p>\n<p><strong>Postulato per il metodo del praticante<\/strong><\/p>\n<p>Le 61 start-up che hanno partecipato finora allo studio costeranno al solo Cantone di Zurigo 1.050 posti di lavoro. Ci\u00f2 corrisponde a circa 25 milioni di franchi di imposte sul reddito. Per compensare lo stesso importo con le imposte sul patrimonio, bisognerebbe tassare un patrimonio di circa 5 miliardi di franchi. Questo calcolo dimostra quanto sia assurda la nuova pratica delle autorit\u00e0 fiscali di Zurigo.<\/p>\n<p>Tuttavia, il consiglio di governo di Zurigo \u00e8 disposto ad accettare il postulato d'urgenza nel senso delle considerazioni legate alla pratica. Ora resta da sperare che il governo cantonale di Zurigo persuada le sue autorit\u00e0 fiscali a modificare la loro pratica sbagliata entro un periodo di tempo ragionevole.<\/p>\n<p>Potete trovare maggiori informazioni sullo studio a questo <a href=\"http:\/\/www.venturelab.ch\/startupsteuer\" target=\"_blank\" data-cke-saved-href=\"http:\/\/www.venturelab.ch\/startupsteuer\" rel=\"noopener\">Link<\/a><\/p>\n<p>&nbsp;<\/p>","protected":false},"excerpt":{"rendered":"<p>&nbsp; Das Z\u00fcrcher Steueramt bewertet f\u00fcr die Verm\u00f6genssteuer seit M\u00e4rz 2016 die Aktien von Unternehmensgr\u00fcndern nicht nach dem aktuellen Wert der Gesellschaft, sondern nach dem Preis, den ein Investor f\u00fcr eine Aktie bezahlt hatte. Diese Bewertungsmethode hat zur Folge, dass Eigent\u00fcmer von Startups\/Jungunternehmen in Bezug auf die Verm\u00f6genssteuer schlechter gestellt sind, als Personen, welche einen [&hellip;]<\/p>\n","protected":false},"author":1,"featured_media":915,"comment_status":"open","ping_status":"open","sticky":false,"template":"","format":"standard","meta":{"_acf_changed":false,"_yoast_wpseo_focuskw":"Start-Up Steuer","_yoast_wpseo_metadesc":"Die Steuerbeh\u00f6rde des Kt. ZH verwendet seit dem dritten Quartal 2014 letztbezahlte Emissionspreise von Kapitalerh\u00f6hungen als Basis f\u00fcr die Verm\u00f6genssteuer.","articlekey":"","footnotes":""},"categories":[1],"tags":[119,492],"class_list":["post-912","post","type-post","status-publish","format-standard","has-post-thumbnail","hentry","category-allgemein","tag-checklisten-startupsunternehmensgruendung","tag-unternehmen"],"acf":[],"yoast_head":"<!-- This site is optimized with the Yoast SEO plugin v27.5 - https:\/\/yoast.com\/product\/yoast-seo-wordpress\/ -->\n<title>Start-Up Steuer: Z\u00fcrcher Jungunternehmen im Abseits - Organisator<\/title>\n<meta name=\"description\" content=\"Die Steuerbeh\u00f6rde des Kt. ZH verwendet seit dem dritten Quartal 2014 letztbezahlte Emissionspreise von Kapitalerh\u00f6hungen als Basis f\u00fcr die Verm\u00f6genssteuer.\" \/>\n<meta name=\"robots\" content=\"index, follow, max-snippet:-1, max-image-preview:large, max-video-preview:-1\" \/>\n<link rel=\"canonical\" href=\"https:\/\/www.organisator.ch\/it\/generale\/2016-07-13\/start-up-steuer-zuercher-jungunternehmen-im-abseits\/\" \/>\n<meta property=\"og:locale\" content=\"it_IT\" \/>\n<meta property=\"og:type\" content=\"article\" \/>\n<meta property=\"og:title\" content=\"Start-Up Steuer: Z\u00fcrcher Jungunternehmen im Abseits\" \/>\n<meta property=\"og:description\" content=\"W\u00e4hrend andere Kantone die Aktien von KMU und Startups mit der bew\u00e4hrten Praktikermethode bewerten, verwendet die Steuerbeh\u00f6rde des Kantons Z\u00fcrich seit dem dritten Quartal 2014 letztbezahlte Emissionspreise von Kapitalerh\u00f6hungen als Basis f\u00fcr die Verm\u00f6genssteuer. Seit 2016 zeigt diese Praxis immer mehr Grenzen f\u00fcr Start-Ups auf.\" \/>\n<meta property=\"og:url\" content=\"https:\/\/www.organisator.ch\/it\/generale\/2016-07-13\/start-up-steuer-zuercher-jungunternehmen-im-abseits\/\" \/>\n<meta property=\"og:site_name\" content=\"Organisator\" \/>\n<meta property=\"article:publisher\" content=\"https:\/\/www.facebook.com\/OrganisatorFachmagazin\" \/>\n<meta property=\"article:published_time\" content=\"2016-07-13T15:31:58+00:00\" \/>\n<meta name=\"author\" content=\"admin\" \/>\n<meta name=\"twitter:card\" content=\"summary_large_image\" \/>\n<meta name=\"twitter:image\" content=\"https:\/\/www.organisator.ch\/wp-content\/uploads\/2016\/12\/Start-Up-Steuer-Zuercher-Jungunternehmen-im-Abseits-organisator.jpg\" \/>\n<script type=\"application\/ld+json\" class=\"yoast-schema-graph\">{\"@context\":\"https:\\\/\\\/schema.org\",\"@graph\":[{\"@type\":\"Article\",\"@id\":\"https:\\\/\\\/www.organisator.ch\\\/fr\\\/general\\\/2016-07-13\\\/start-up-steuer-zuercher-jungunternehmen-im-abseits\\\/#article\",\"isPartOf\":{\"@id\":\"https:\\\/\\\/www.organisator.ch\\\/fr\\\/general\\\/2016-07-13\\\/start-up-steuer-zuercher-jungunternehmen-im-abseits\\\/\"},\"author\":{\"name\":\"admin\",\"@id\":\"https:\\\/\\\/www.organisator.ch\\\/#\\\/schema\\\/person\\\/aa2bace6c5c5aad60102004a50c4eb1c\"},\"headline\":\"Start-Up Steuer: Z\u00fcrcher Jungunternehmen im Abseits\",\"datePublished\":\"2016-07-13T15:31:58+00:00\",\"mainEntityOfPage\":{\"@id\":\"https:\\\/\\\/www.organisator.ch\\\/fr\\\/general\\\/2016-07-13\\\/start-up-steuer-zuercher-jungunternehmen-im-abseits\\\/\"},\"wordCount\":629,\"commentCount\":0,\"publisher\":{\"@id\":\"https:\\\/\\\/www.organisator.ch\\\/#organization\"},\"image\":{\"@id\":\"https:\\\/\\\/www.organisator.ch\\\/fr\\\/general\\\/2016-07-13\\\/start-up-steuer-zuercher-jungunternehmen-im-abseits\\\/#primaryimage\"},\"thumbnailUrl\":\"https:\\\/\\\/www.organisator.ch\\\/wp-content\\\/uploads\\\/2016\\\/12\\\/Start-Up-Steuer-Zuercher-Jungunternehmen-im-Abseits-organisator.jpg\",\"keywords\":[\"Checklisten \u00abStartups\\\/Unternehmensgr\u00fcndung\",\"Unternehmen\"],\"articleSection\":[\"Allgemein\"],\"inLanguage\":\"it-IT\"},{\"@type\":\"WebPage\",\"@id\":\"https:\\\/\\\/www.organisator.ch\\\/fr\\\/general\\\/2016-07-13\\\/start-up-steuer-zuercher-jungunternehmen-im-abseits\\\/\",\"url\":\"https:\\\/\\\/www.organisator.ch\\\/fr\\\/general\\\/2016-07-13\\\/start-up-steuer-zuercher-jungunternehmen-im-abseits\\\/\",\"name\":\"Start-Up Steuer: Z\u00fcrcher Jungunternehmen im Abseits - Organisator\",\"isPartOf\":{\"@id\":\"https:\\\/\\\/www.organisator.ch\\\/#website\"},\"primaryImageOfPage\":{\"@id\":\"https:\\\/\\\/www.organisator.ch\\\/fr\\\/general\\\/2016-07-13\\\/start-up-steuer-zuercher-jungunternehmen-im-abseits\\\/#primaryimage\"},\"image\":{\"@id\":\"https:\\\/\\\/www.organisator.ch\\\/fr\\\/general\\\/2016-07-13\\\/start-up-steuer-zuercher-jungunternehmen-im-abseits\\\/#primaryimage\"},\"thumbnailUrl\":\"https:\\\/\\\/www.organisator.ch\\\/wp-content\\\/uploads\\\/2016\\\/12\\\/Start-Up-Steuer-Zuercher-Jungunternehmen-im-Abseits-organisator.jpg\",\"datePublished\":\"2016-07-13T15:31:58+00:00\",\"description\":\"Die Steuerbeh\u00f6rde des Kt. ZH verwendet seit dem dritten Quartal 2014 letztbezahlte Emissionspreise von Kapitalerh\u00f6hungen als Basis f\u00fcr die Verm\u00f6genssteuer.\",\"breadcrumb\":{\"@id\":\"https:\\\/\\\/www.organisator.ch\\\/fr\\\/general\\\/2016-07-13\\\/start-up-steuer-zuercher-jungunternehmen-im-abseits\\\/#breadcrumb\"},\"inLanguage\":\"it-IT\",\"potentialAction\":[{\"@type\":\"ReadAction\",\"target\":[\"https:\\\/\\\/www.organisator.ch\\\/fr\\\/general\\\/2016-07-13\\\/start-up-steuer-zuercher-jungunternehmen-im-abseits\\\/\"]}]},{\"@type\":\"ImageObject\",\"inLanguage\":\"it-IT\",\"@id\":\"https:\\\/\\\/www.organisator.ch\\\/fr\\\/general\\\/2016-07-13\\\/start-up-steuer-zuercher-jungunternehmen-im-abseits\\\/#primaryimage\",\"url\":\"https:\\\/\\\/www.organisator.ch\\\/wp-content\\\/uploads\\\/2016\\\/12\\\/Start-Up-Steuer-Zuercher-Jungunternehmen-im-Abseits-organisator.jpg\",\"contentUrl\":\"https:\\\/\\\/www.organisator.ch\\\/wp-content\\\/uploads\\\/2016\\\/12\\\/Start-Up-Steuer-Zuercher-Jungunternehmen-im-Abseits-organisator.jpg\",\"width\":640,\"height\":427,\"caption\":\"Famous postcard view of various houses and churches in the old town part of Zurich\"},{\"@type\":\"BreadcrumbList\",\"@id\":\"https:\\\/\\\/www.organisator.ch\\\/fr\\\/general\\\/2016-07-13\\\/start-up-steuer-zuercher-jungunternehmen-im-abseits\\\/#breadcrumb\",\"itemListElement\":[{\"@type\":\"ListItem\",\"position\":1,\"name\":\"Home\",\"item\":\"https:\\\/\\\/www.organisator.ch\\\/\"},{\"@type\":\"ListItem\",\"position\":2,\"name\":\"Start-Up Steuer: Z\u00fcrcher Jungunternehmen im Abseits\"}]},{\"@type\":\"WebSite\",\"@id\":\"https:\\\/\\\/www.organisator.ch\\\/#website\",\"url\":\"https:\\\/\\\/www.organisator.ch\\\/\",\"name\":\"Organisator\",\"description\":\"Kompetent. Praxisnah. Der ORGANISATOR bereitet in 10 Ausgaben pro Jahr die wesentlichen Themen f\u00fcr F\u00fchrungskr\u00e4fte von KMU auf.\",\"publisher\":{\"@id\":\"https:\\\/\\\/www.organisator.ch\\\/#organization\"},\"potentialAction\":[{\"@type\":\"SearchAction\",\"target\":{\"@type\":\"EntryPoint\",\"urlTemplate\":\"https:\\\/\\\/www.organisator.ch\\\/?s={search_term_string}\"},\"query-input\":{\"@type\":\"PropertyValueSpecification\",\"valueRequired\":true,\"valueName\":\"search_term_string\"}}],\"inLanguage\":\"it-IT\"},{\"@type\":\"Organization\",\"@id\":\"https:\\\/\\\/www.organisator.ch\\\/#organization\",\"name\":\"Organisator\",\"url\":\"https:\\\/\\\/www.organisator.ch\\\/\",\"logo\":{\"@type\":\"ImageObject\",\"inLanguage\":\"it-IT\",\"@id\":\"https:\\\/\\\/www.organisator.ch\\\/#\\\/schema\\\/logo\\\/image\\\/\",\"url\":\"https:\\\/\\\/www.organisator.ch\\\/wp-content\\\/uploads\\\/2022\\\/01\\\/Logo_Organisator_Website.png\",\"contentUrl\":\"https:\\\/\\\/www.organisator.ch\\\/wp-content\\\/uploads\\\/2022\\\/01\\\/Logo_Organisator_Website.png\",\"width\":800,\"height\":77,\"caption\":\"Organisator\"},\"image\":{\"@id\":\"https:\\\/\\\/www.organisator.ch\\\/#\\\/schema\\\/logo\\\/image\\\/\"},\"sameAs\":[\"https:\\\/\\\/www.facebook.com\\\/OrganisatorFachmagazin\",\"https:\\\/\\\/www.linkedin.com\\\/showcase\\\/organisator-das-magazin-fr-kmu\",\"https:\\\/\\\/www.xing.com\\\/news\\\/pages\\\/organisator-ch-695\",\"https:\\\/\\\/www.youtube.com\\\/channel\\\/UCGP2Sq0iWaZwT3BdIAQFYpw\"]},{\"@type\":\"Person\",\"@id\":\"https:\\\/\\\/www.organisator.ch\\\/#\\\/schema\\\/person\\\/aa2bace6c5c5aad60102004a50c4eb1c\",\"name\":\"admin\",\"image\":{\"@type\":\"ImageObject\",\"inLanguage\":\"it-IT\",\"@id\":\"https:\\\/\\\/secure.gravatar.com\\\/avatar\\\/ae2f4d718e6c49043e314ce431e7e645d646302a24a5ef5a8bc8e3f5a032e319?s=96&d=mm&r=g\",\"url\":\"https:\\\/\\\/secure.gravatar.com\\\/avatar\\\/ae2f4d718e6c49043e314ce431e7e645d646302a24a5ef5a8bc8e3f5a032e319?s=96&d=mm&r=g\",\"contentUrl\":\"https:\\\/\\\/secure.gravatar.com\\\/avatar\\\/ae2f4d718e6c49043e314ce431e7e645d646302a24a5ef5a8bc8e3f5a032e319?s=96&d=mm&r=g\",\"caption\":\"admin\"},\"sameAs\":[\"https:\\\/\\\/www.organisator.ch\"],\"url\":\"https:\\\/\\\/www.organisator.ch\\\/it\\\/author\\\/admin\\\/\"}]}<\/script>\n<!-- \/ Yoast SEO plugin. -->","yoast_head_json":{"title":"Tassa sulle start-up: le start-up zurighesi in disparte - Organizzatore","description":"Dal terzo trimestre del 2014, le autorit\u00e0 fiscali del Cantone di Zurigo utilizzano i prezzi di emissione degli aumenti di capitale pagati per ultimi come base per l'imposta patrimoniale.","robots":{"index":"index","follow":"follow","max-snippet":"max-snippet:-1","max-image-preview":"max-image-preview:large","max-video-preview":"max-video-preview:-1"},"canonical":"https:\/\/www.organisator.ch\/it\/generale\/2016-07-13\/start-up-steuer-zuercher-jungunternehmen-im-abseits\/","og_locale":"it_IT","og_type":"article","og_title":"Start-Up Steuer: Z\u00fcrcher Jungunternehmen im Abseits","og_description":"W\u00e4hrend andere Kantone die Aktien von KMU und Startups mit der bew\u00e4hrten Praktikermethode bewerten, verwendet die Steuerbeh\u00f6rde des Kantons Z\u00fcrich seit dem dritten Quartal 2014 letztbezahlte Emissionspreise von Kapitalerh\u00f6hungen als Basis f\u00fcr die Verm\u00f6genssteuer. Seit 2016 zeigt diese Praxis immer mehr Grenzen f\u00fcr Start-Ups auf.","og_url":"https:\/\/www.organisator.ch\/it\/generale\/2016-07-13\/start-up-steuer-zuercher-jungunternehmen-im-abseits\/","og_site_name":"Organisator","article_publisher":"https:\/\/www.facebook.com\/OrganisatorFachmagazin","article_published_time":"2016-07-13T15:31:58+00:00","author":"admin","twitter_card":"summary_large_image","twitter_image":"https:\/\/www.organisator.ch\/wp-content\/uploads\/2016\/12\/Start-Up-Steuer-Zuercher-Jungunternehmen-im-Abseits-organisator.jpg","schema":{"@context":"https:\/\/schema.org","@graph":[{"@type":"Article","@id":"https:\/\/www.organisator.ch\/fr\/general\/2016-07-13\/start-up-steuer-zuercher-jungunternehmen-im-abseits\/#article","isPartOf":{"@id":"https:\/\/www.organisator.ch\/fr\/general\/2016-07-13\/start-up-steuer-zuercher-jungunternehmen-im-abseits\/"},"author":{"name":"admin","@id":"https:\/\/www.organisator.ch\/#\/schema\/person\/aa2bace6c5c5aad60102004a50c4eb1c"},"headline":"Start-Up Steuer: Z\u00fcrcher Jungunternehmen im Abseits","datePublished":"2016-07-13T15:31:58+00:00","mainEntityOfPage":{"@id":"https:\/\/www.organisator.ch\/fr\/general\/2016-07-13\/start-up-steuer-zuercher-jungunternehmen-im-abseits\/"},"wordCount":629,"commentCount":0,"publisher":{"@id":"https:\/\/www.organisator.ch\/#organization"},"image":{"@id":"https:\/\/www.organisator.ch\/fr\/general\/2016-07-13\/start-up-steuer-zuercher-jungunternehmen-im-abseits\/#primaryimage"},"thumbnailUrl":"https:\/\/www.organisator.ch\/wp-content\/uploads\/2016\/12\/Start-Up-Steuer-Zuercher-Jungunternehmen-im-Abseits-organisator.jpg","keywords":["Checklisten \u00abStartups\/Unternehmensgr\u00fcndung","Unternehmen"],"articleSection":["Allgemein"],"inLanguage":"it-IT"},{"@type":"WebPage","@id":"https:\/\/www.organisator.ch\/fr\/general\/2016-07-13\/start-up-steuer-zuercher-jungunternehmen-im-abseits\/","url":"https:\/\/www.organisator.ch\/fr\/general\/2016-07-13\/start-up-steuer-zuercher-jungunternehmen-im-abseits\/","name":"Tassa sulle start-up: le start-up zurighesi in disparte - Organizzatore","isPartOf":{"@id":"https:\/\/www.organisator.ch\/#website"},"primaryImageOfPage":{"@id":"https:\/\/www.organisator.ch\/fr\/general\/2016-07-13\/start-up-steuer-zuercher-jungunternehmen-im-abseits\/#primaryimage"},"image":{"@id":"https:\/\/www.organisator.ch\/fr\/general\/2016-07-13\/start-up-steuer-zuercher-jungunternehmen-im-abseits\/#primaryimage"},"thumbnailUrl":"https:\/\/www.organisator.ch\/wp-content\/uploads\/2016\/12\/Start-Up-Steuer-Zuercher-Jungunternehmen-im-Abseits-organisator.jpg","datePublished":"2016-07-13T15:31:58+00:00","description":"Dal terzo trimestre del 2014, le autorit\u00e0 fiscali del Cantone di Zurigo utilizzano i prezzi di emissione degli aumenti di capitale pagati per ultimi come base per l'imposta patrimoniale.","breadcrumb":{"@id":"https:\/\/www.organisator.ch\/fr\/general\/2016-07-13\/start-up-steuer-zuercher-jungunternehmen-im-abseits\/#breadcrumb"},"inLanguage":"it-IT","potentialAction":[{"@type":"ReadAction","target":["https:\/\/www.organisator.ch\/fr\/general\/2016-07-13\/start-up-steuer-zuercher-jungunternehmen-im-abseits\/"]}]},{"@type":"ImageObject","inLanguage":"it-IT","@id":"https:\/\/www.organisator.ch\/fr\/general\/2016-07-13\/start-up-steuer-zuercher-jungunternehmen-im-abseits\/#primaryimage","url":"https:\/\/www.organisator.ch\/wp-content\/uploads\/2016\/12\/Start-Up-Steuer-Zuercher-Jungunternehmen-im-Abseits-organisator.jpg","contentUrl":"https:\/\/www.organisator.ch\/wp-content\/uploads\/2016\/12\/Start-Up-Steuer-Zuercher-Jungunternehmen-im-Abseits-organisator.jpg","width":640,"height":427,"caption":"Famous postcard view of various houses and churches in the old town part of Zurich"},{"@type":"BreadcrumbList","@id":"https:\/\/www.organisator.ch\/fr\/general\/2016-07-13\/start-up-steuer-zuercher-jungunternehmen-im-abseits\/#breadcrumb","itemListElement":[{"@type":"ListItem","position":1,"name":"Home","item":"https:\/\/www.organisator.ch\/"},{"@type":"ListItem","position":2,"name":"Start-Up Steuer: Z\u00fcrcher Jungunternehmen im Abseits"}]},{"@type":"WebSite","@id":"https:\/\/www.organisator.ch\/#website","url":"https:\/\/www.organisator.ch\/","name":"Organizzatore","description":"Competente. Pratico. In 10 numeri all'anno, ORGANISATOR presenta i temi essenziali per i manager delle PMI.","publisher":{"@id":"https:\/\/www.organisator.ch\/#organization"},"potentialAction":[{"@type":"SearchAction","target":{"@type":"EntryPoint","urlTemplate":"https:\/\/www.organisator.ch\/?s={search_term_string}"},"query-input":{"@type":"PropertyValueSpecification","valueRequired":true,"valueName":"search_term_string"}}],"inLanguage":"it-IT"},{"@type":"Organization","@id":"https:\/\/www.organisator.ch\/#organization","name":"Organizzatore","url":"https:\/\/www.organisator.ch\/","logo":{"@type":"ImageObject","inLanguage":"it-IT","@id":"https:\/\/www.organisator.ch\/#\/schema\/logo\/image\/","url":"https:\/\/www.organisator.ch\/wp-content\/uploads\/2022\/01\/Logo_Organisator_Website.png","contentUrl":"https:\/\/www.organisator.ch\/wp-content\/uploads\/2022\/01\/Logo_Organisator_Website.png","width":800,"height":77,"caption":"Organisator"},"image":{"@id":"https:\/\/www.organisator.ch\/#\/schema\/logo\/image\/"},"sameAs":["https:\/\/www.facebook.com\/OrganisatorFachmagazin","https:\/\/www.linkedin.com\/showcase\/organisator-das-magazin-fr-kmu","https:\/\/www.xing.com\/news\/pages\/organisator-ch-695","https:\/\/www.youtube.com\/channel\/UCGP2Sq0iWaZwT3BdIAQFYpw"]},{"@type":"Person","@id":"https:\/\/www.organisator.ch\/#\/schema\/person\/aa2bace6c5c5aad60102004a50c4eb1c","name":"amministratore","image":{"@type":"ImageObject","inLanguage":"it-IT","@id":"https:\/\/secure.gravatar.com\/avatar\/ae2f4d718e6c49043e314ce431e7e645d646302a24a5ef5a8bc8e3f5a032e319?s=96&d=mm&r=g","url":"https:\/\/secure.gravatar.com\/avatar\/ae2f4d718e6c49043e314ce431e7e645d646302a24a5ef5a8bc8e3f5a032e319?s=96&d=mm&r=g","contentUrl":"https:\/\/secure.gravatar.com\/avatar\/ae2f4d718e6c49043e314ce431e7e645d646302a24a5ef5a8bc8e3f5a032e319?s=96&d=mm&r=g","caption":"admin"},"sameAs":["https:\/\/www.organisator.ch"],"url":"https:\/\/www.organisator.ch\/it\/author\/admin\/"}]}},"_links":{"self":[{"href":"https:\/\/www.organisator.ch\/it\/wp-json\/wp\/v2\/posts\/912","targetHints":{"allow":["GET"]}}],"collection":[{"href":"https:\/\/www.organisator.ch\/it\/wp-json\/wp\/v2\/posts"}],"about":[{"href":"https:\/\/www.organisator.ch\/it\/wp-json\/wp\/v2\/types\/post"}],"author":[{"embeddable":true,"href":"https:\/\/www.organisator.ch\/it\/wp-json\/wp\/v2\/users\/1"}],"replies":[{"embeddable":true,"href":"https:\/\/www.organisator.ch\/it\/wp-json\/wp\/v2\/comments?post=912"}],"version-history":[{"count":0,"href":"https:\/\/www.organisator.ch\/it\/wp-json\/wp\/v2\/posts\/912\/revisions"}],"wp:featuredmedia":[{"embeddable":true,"href":"https:\/\/www.organisator.ch\/it\/wp-json\/wp\/v2\/media\/915"}],"wp:attachment":[{"href":"https:\/\/www.organisator.ch\/it\/wp-json\/wp\/v2\/media?parent=912"}],"wp:term":[{"taxonomy":"category","embeddable":true,"href":"https:\/\/www.organisator.ch\/it\/wp-json\/wp\/v2\/categories?post=912"},{"taxonomy":"post_tag","embeddable":true,"href":"https:\/\/www.organisator.ch\/it\/wp-json\/wp\/v2\/tags?post=912"}],"curies":[{"name":"wp","href":"https:\/\/api.w.org\/{rel}","templated":true}]}}