{"id":9278,"date":"2021-12-14T11:01:22","date_gmt":"2021-12-14T10:01:22","guid":{"rendered":"https:\/\/www.umweltperspektiven.ch\/?p=5208"},"modified":"2022-02-09T11:10:47","modified_gmt":"2022-02-09T10:10:47","slug":"die-schweiz-als-hotspot-der-fischartenvielfalt","status":"publish","type":"post","link":"https:\/\/www.organisator.ch\/it\/sustainability\/2021-12-14\/die-schweiz-als-hotspot-der-fischartenvielfalt\/","title":{"rendered":"La Svizzera come hotspot di diversit\u00e0 delle specie ittiche"},"content":{"rendered":"<div id=\"attachment_5209\" style=\"width: 690px\" class=\"wp-caption aligncenter\"><img class=\"size-medium wp-image-5209\" src=\"https:\/\/www.umweltperspektiven.ch\/wp-content\/uploads\/2021\/12\/csm_teaser_d1c8d57e09.jpg\" alt=\"Diversit\u00e0 delle specie ittiche\" width=\"680\" height=\"387\" srcset=\"\/\/www.umweltperspektiven.ch\/wp-content\/uploads\/2021\/12\/csm_teaser_d1c8d57e09.jpg 680w, \/\/www.umweltperspektiven.ch\/wp-content\/uploads\/2021\/12\/csm_teaser_d1c8d57e09.jpg 768w, \/\/www.umweltperspektiven.ch\/wp-content\/uploads\/2021\/12\/csm_teaser_d1c8d57e09.jpg 624w, \/\/www.umweltperspektiven.ch\/wp-content\/uploads\/2021\/12\/csm_teaser_d1c8d57e09.jpg 800w\" sizes=\"(max-width: 680px) 100vw, 680px\" \/><p class=\"wp-caption-text\">Nascosta sul fondo del Lago Maggiore, una rara Cagnetta (Salaria fluviatilis). Foto: Eawag, Ole Seehausen<\/p><\/div>\n<p>\"Tra il 2010 e il 2020, i pesci di molti laghi ai margini delle Alpi hanno dovuto fare l'inventario. Come parte del <a href=\"https:\/\/www.eawag.ch\/de\/abteilung\/fishec\/projekte\/projet-lac\/\">\"Projet Lac\"<\/a> un team di scienziati dell'Istituto di ricerca sull'acqua Eawag e dell'Universit\u00e0 di Berna ha effettuato per la prima volta registrazioni complete e standardizzate degli stock ittici in 35 grandi laghi al confine con le Alpi. Il lavoro \u00e8 stato svolto insieme al Museo di storia naturale di Berna, agli enti cantonali e a numerosi altri partner, e con il sostegno dell'Ufficio federale dell'ambiente (UFAM). \u00c8 stata valutata un'enorme quantit\u00e0 di dati sulle specie, la loro distribuzione e la loro distribuzione all'interno dei laghi. Il progetto \u00e8 stato completato con la pubblicazione del rapporto di sintesi.<\/p>\n<h2><strong>Diversit\u00e0 nuove e riscoperte<\/strong><\/h2>\n<p>Su un totale di circa 550 specie di pesci ora conosciute in Europa, 106 sono state identificate nel \"Projet Lac\". Anche se la Svizzera rappresenta solo lo 0,4% della superficie dell'Europa, ospita quasi 20% delle specie. Questo la rende una delle regioni d'Europa con la pi\u00f9 alta diversit\u00e0 di specie di pesci d'acqua dolce. 15 specie di pesci (endemiche), la maggior parte delle quali si trovano solo qui, sono state rilevate e documentate per la prima volta. Inoltre, sono state catturate cinque specie la cui presenza in Svizzera era precedentemente sconosciuta. Sono state trovate due specie a nord delle Alpi che prima si pensava fossero presenti solo a sud delle Alpi. E sono state riscoperte quattro specie di pesci che si pensava fossero estinte, per esempio un salmerino che vive a grandi profondit\u00e0 nel lago Uri.<\/p>\n<h2><strong>Dalla riva pi\u00f9 bassa alle pi\u00f9 grandi profondit\u00e0<\/strong><\/h2>\n<p>La maggior parte delle specie di pesci (endemiche) che si trovano esclusivamente nel rispettivo lago sono state rilevate in acque aperte e in habitat molto profondi dei laghi poveri di nutrienti, come la specie unica di coregone nei laghi di Brienz e Thun o uno speciale bullhead che apparentemente vive ancora a profondit\u00e0 di oltre 200 m nel lago di Uri. In molti laghi ricchi di nutrienti, d'altra parte, praticamente nessun pesce \u00e8 stato catturato sopra i 30 m di profondit\u00e0 - l'ossigeno manca l\u00ec in estate. In termini assoluti, i ricercatori hanno trovato il maggior numero di specie nelle zone di riva meno profonde e vicino alle foci dei fiumi, e si tratta per lo pi\u00f9 di specie diffuse. Per il ricercatore sull'evoluzione dei pesci Ole Seehausen, che ha guidato il progetto, questo dimostra quanto sia enormemente importante per la diversit\u00e0 dei pesci la presenza di habitat diversi e quasi naturali, oltre all'alta qualit\u00e0 dell'acqua - dalle rive dei laghi alle profondit\u00e0 maggiori.<\/p>\n<p><img class=\"size-medium wp-image-5211\" src=\"https:\/\/www.umweltperspektiven.ch\/wp-content\/uploads\/2021\/12\/groppen_flach_tief.jpg\" alt=\"Diversit\u00e0 delle specie ittiche, Eawag\" width=\"680\" height=\"225\" srcset=\"\/\/www.umweltperspektiven.ch\/wp-content\/uploads\/2021\/12\/groppen_flach_tief.jpg 680w, \/\/www.umweltperspektiven.ch\/wp-content\/uploads\/2021\/12\/groppen_flach_tief.jpg 768w, \/\/www.umweltperspektiven.ch\/wp-content\/uploads\/2021\/12\/groppen_flach_tief.jpg 1024w, \/\/www.umweltperspektiven.ch\/wp-content\/uploads\/2021\/12\/groppen_flach_tief.jpg 624w\" sizes=\"(max-width: 680px) 100vw, 680px\" \/><\/p>\n<p>Due bullheads (Cottus gobio) del lago di Thun. Uno (a sinistra) vive vicino alla riva, in acque poco profonde; l'altro (a destra) \u00e8 stato trovato nel Projet Lac ancora ad una profondit\u00e0 di oltre 200 m. \u00a9 zVg<\/p>\n<h2><strong>Pesce bianco e pesce persico dominanti<\/strong><\/h2>\n<p>Mentre nei grandi laghi alpini come il lago dei Quattro Cantoni, il lago di Brienz o il lago di Thun, le varie specie di coregoni dominano in termini di numero di pesci e della loro biomassa, a livelli pi\u00f9 alti del nutriente fosforo, \u00e8 piuttosto l'eglis, insieme al roach, all'anguilla e al red\/black feather. Fanno eccezione il Lago Maggiore, dove l'agone, un'aringa d'acqua dolce, domina nelle acque libere, e i laghi alpini di Sils e Poschiavo, dove predominano il salmerino alpino non locale e le trote autoctone e introdotte, anch'esse non locali.<\/p>\n<p>&nbsp;<\/p>\n<blockquote>\n<h2>Consigli per la pesca e le misure di conservazione<\/h2>\n<p>Questo rapporto di sintesi sul progetto fornisce una panoramica dello stato della diversit\u00e0 delle specie ittiche e degli stock ittici in tutti i maggiori laghi della regione alpina occidentale. Riunisce i risultati dei singoli laghi, e dato che sono stati raccolti con la stessa metodologia ovunque, il lavoro \u00e8 una base per i confronti tra i laghi e per l'analisi di contesti pi\u00f9 ampi. \"Soprattutto, le raccomandazioni possono ora essere derivate per la conservazione della diversit\u00e0 delle specie ittiche ancora conservate nei laghi e per una pesca sostenibile del lago\", dice il leader del progetto Ole Seehausen. Anche importante per il monitoraggio continuo e i confronti successivi \u00e8 la collezione scientifica di riferimento di tutte le specie di pesci di tutti i laghi costruita al Museo di Storia Naturale di Berna. \u00c8 anche esposto al pubblico nella nuova mostra permanente\u00a0<a href=\"https:\/\/www.nmbe.ch\/de\/ausstellungen-und-veranstaltungen\/wunderkammer-die-schausammlung\">\"Wunderkammer\"<\/a>\u00a0accessibile.<\/p><\/blockquote>\n<p>&nbsp;<\/p>\n<p>&nbsp;<\/p>\n<p>Il contributo <a rel=\"nofollow\" href=\"https:\/\/www.umweltperspektiven.ch\/die-schweiz-als-hotspot-der-fischartenvielfalt\/\">La Svizzera come hotspot di diversit\u00e0 delle specie ittiche<\/a> \u00e8 apparso per la prima volta su <a rel=\"nofollow\" href=\"https:\/\/www.umweltperspektiven.ch\/\">Prospettive ambientali<\/a>.<\/p>","protected":false},"excerpt":{"rendered":"<p>\u00abAntreten zur Inventur\u00bb, hiess es zwischen 2010 und 2020 f\u00fcr die Fische in vielen Seen am Alpenrand. Im Rahmen des \u00abProjet Lac\u00bb hat ein Team von Wissenschaftlerinnen und Wissenschaftlern aus dem Wasserforschungsinstitut Eawag und der Universit\u00e4t Bern erstmals umfassende und standardisierte Aufnahmen von Fischbest\u00e4nden in 35 grossen Alpenrandseen gemacht. Durchgef\u00fchrt wurden die Arbeiten zusammen mit [\u2026]<\/p>\n<p>Der Beitrag <a rel=\"nofollow\" href=\"https:\/\/www.umweltperspektiven.ch\/die-schweiz-als-hotspot-der-fischartenvielfalt\/\">Die Schweiz als Hotspot der Fischartenvielfalt<\/a> erschien zuerst auf <a rel=\"nofollow\" href=\"https:\/\/www.umweltperspektiven.ch\/\">Umwelt Perspektiven<\/a>.<\/p>\n","protected":false},"author":10,"featured_media":5209,"comment_status":"closed","ping_status":"closed","sticky":false,"template":"","format":"standard","meta":{"_acf_changed":false,"_yoast_wpseo_focuskw":"Fischartenvielfalt","_yoast_wpseo_metadesc":"Mit fast 20 Prozent aller in Europa bekannten Fischarten geh\u00f6rt die Schweiz damit zu den Hotspots f\u00fcr die Fischartenvielfalt.","articlekey":"","footnotes":""},"categories":[580],"tags":[601,460],"class_list":["post-9278","post","type-post","status-publish","format-standard","has-post-thumbnail","hentry","category-sustainability","tag-fischartenvielfalt","tag-studien"],"acf":[],"yoast_head":"<!-- This site is optimized with the Yoast SEO plugin v27.5 - https:\/\/yoast.com\/product\/yoast-seo-wordpress\/ -->\n<title>Die Schweiz als Hotspot der Fischartenvielfalt - Organisator<\/title>\n<meta name=\"description\" content=\"Mit fast 20 Prozent aller in Europa bekannten Fischarten geh\u00f6rt die Schweiz damit zu den Hotspots f\u00fcr die Fischartenvielfalt.\" \/>\n<meta name=\"robots\" content=\"index, follow, max-snippet:-1, max-image-preview:large, max-video-preview:-1\" \/>\n<link rel=\"canonical\" href=\"https:\/\/www.organisator.ch\/it\/sostenibilita\/2021-12-14\/die-schweiz-als-hotspot-der-fischartenvielfalt\/\" \/>\n<meta property=\"og:locale\" content=\"it_IT\" \/>\n<meta property=\"og:type\" content=\"article\" \/>\n<meta property=\"og:title\" content=\"Die Schweiz als Hotspot der Fischartenvielfalt - Organisator\" \/>\n<meta property=\"og:description\" content=\"Mit fast 20 Prozent aller in Europa bekannten Fischarten geh\u00f6rt die Schweiz damit zu den Hotspots f\u00fcr die Fischartenvielfalt.\" \/>\n<meta property=\"og:url\" content=\"https:\/\/www.organisator.ch\/it\/sostenibilita\/2021-12-14\/die-schweiz-als-hotspot-der-fischartenvielfalt\/\" \/>\n<meta property=\"og:site_name\" content=\"Organisator\" \/>\n<meta property=\"article:publisher\" content=\"https:\/\/www.facebook.com\/OrganisatorFachmagazin\" \/>\n<meta property=\"article:published_time\" content=\"2021-12-14T10:01:22+00:00\" \/>\n<meta property=\"article:modified_time\" content=\"2022-02-09T10:10:47+00:00\" \/>\n<meta property=\"og:image\" content=\"https:\/\/www.organisator.ch\/wp-content\/uploads\/2021\/12\/csm_teaser_d1c8d57e09.jpg\" \/>\n\t<meta property=\"og:image:width\" content=\"800\" \/>\n\t<meta property=\"og:image:height\" content=\"455\" \/>\n\t<meta property=\"og:image:type\" content=\"image\/jpeg\" \/>\n<meta name=\"author\" content=\"Roger Str\u00e4ssle\" \/>\n<meta name=\"twitter:card\" content=\"summary_large_image\" \/>\n<script type=\"application\/ld+json\" class=\"yoast-schema-graph\">{\"@context\":\"https:\\\/\\\/schema.org\",\"@graph\":[{\"@type\":\"Article\",\"@id\":\"https:\\\/\\\/www.organisator.ch\\\/sustainability\\\/2021-12-14\\\/die-schweiz-als-hotspot-der-fischartenvielfalt\\\/#article\",\"isPartOf\":{\"@id\":\"https:\\\/\\\/www.organisator.ch\\\/sustainability\\\/2021-12-14\\\/die-schweiz-als-hotspot-der-fischartenvielfalt\\\/\"},\"author\":{\"name\":\"Roger Str\u00e4ssle\",\"@id\":\"https:\\\/\\\/www.organisator.ch\\\/#\\\/schema\\\/person\\\/2dded0f0616e4c64c59d6d2e56668359\"},\"headline\":\"Die Schweiz als Hotspot der Fischartenvielfalt\",\"datePublished\":\"2021-12-14T10:01:22+00:00\",\"dateModified\":\"2022-02-09T10:10:47+00:00\",\"mainEntityOfPage\":{\"@id\":\"https:\\\/\\\/www.organisator.ch\\\/sustainability\\\/2021-12-14\\\/die-schweiz-als-hotspot-der-fischartenvielfalt\\\/\"},\"wordCount\":656,\"publisher\":{\"@id\":\"https:\\\/\\\/www.organisator.ch\\\/#organization\"},\"image\":{\"@id\":\"https:\\\/\\\/www.organisator.ch\\\/sustainability\\\/2021-12-14\\\/die-schweiz-als-hotspot-der-fischartenvielfalt\\\/#primaryimage\"},\"thumbnailUrl\":\"https:\\\/\\\/www.organisator.ch\\\/wp-content\\\/uploads\\\/2021\\\/12\\\/csm_teaser_d1c8d57e09.jpg\",\"keywords\":[\"Fischartenvielfalt\",\"Studien\"],\"articleSection\":[\"SUSTAINABILITY\"],\"inLanguage\":\"it-IT\"},{\"@type\":\"WebPage\",\"@id\":\"https:\\\/\\\/www.organisator.ch\\\/sustainability\\\/2021-12-14\\\/die-schweiz-als-hotspot-der-fischartenvielfalt\\\/\",\"url\":\"https:\\\/\\\/www.organisator.ch\\\/sustainability\\\/2021-12-14\\\/die-schweiz-als-hotspot-der-fischartenvielfalt\\\/\",\"name\":\"Die Schweiz als Hotspot der Fischartenvielfalt - Organisator\",\"isPartOf\":{\"@id\":\"https:\\\/\\\/www.organisator.ch\\\/#website\"},\"primaryImageOfPage\":{\"@id\":\"https:\\\/\\\/www.organisator.ch\\\/sustainability\\\/2021-12-14\\\/die-schweiz-als-hotspot-der-fischartenvielfalt\\\/#primaryimage\"},\"image\":{\"@id\":\"https:\\\/\\\/www.organisator.ch\\\/sustainability\\\/2021-12-14\\\/die-schweiz-als-hotspot-der-fischartenvielfalt\\\/#primaryimage\"},\"thumbnailUrl\":\"https:\\\/\\\/www.organisator.ch\\\/wp-content\\\/uploads\\\/2021\\\/12\\\/csm_teaser_d1c8d57e09.jpg\",\"datePublished\":\"2021-12-14T10:01:22+00:00\",\"dateModified\":\"2022-02-09T10:10:47+00:00\",\"description\":\"Mit fast 20 Prozent aller in Europa bekannten Fischarten geh\u00f6rt die Schweiz damit zu den Hotspots f\u00fcr die Fischartenvielfalt.\",\"breadcrumb\":{\"@id\":\"https:\\\/\\\/www.organisator.ch\\\/sustainability\\\/2021-12-14\\\/die-schweiz-als-hotspot-der-fischartenvielfalt\\\/#breadcrumb\"},\"inLanguage\":\"it-IT\",\"potentialAction\":[{\"@type\":\"ReadAction\",\"target\":[\"https:\\\/\\\/www.organisator.ch\\\/sustainability\\\/2021-12-14\\\/die-schweiz-als-hotspot-der-fischartenvielfalt\\\/\"]}]},{\"@type\":\"ImageObject\",\"inLanguage\":\"it-IT\",\"@id\":\"https:\\\/\\\/www.organisator.ch\\\/sustainability\\\/2021-12-14\\\/die-schweiz-als-hotspot-der-fischartenvielfalt\\\/#primaryimage\",\"url\":\"https:\\\/\\\/www.organisator.ch\\\/wp-content\\\/uploads\\\/2021\\\/12\\\/csm_teaser_d1c8d57e09.jpg\",\"contentUrl\":\"https:\\\/\\\/www.organisator.ch\\\/wp-content\\\/uploads\\\/2021\\\/12\\\/csm_teaser_d1c8d57e09.jpg\",\"width\":800,\"height\":455,\"caption\":\"Verborgen am Grund vom Lago Maggiore ein seltener Cagnetta (Salaria fluviatilis). Foto: Eawag, Ole Seehausen\"},{\"@type\":\"BreadcrumbList\",\"@id\":\"https:\\\/\\\/www.organisator.ch\\\/sustainability\\\/2021-12-14\\\/die-schweiz-als-hotspot-der-fischartenvielfalt\\\/#breadcrumb\",\"itemListElement\":[{\"@type\":\"ListItem\",\"position\":1,\"name\":\"Home\",\"item\":\"https:\\\/\\\/www.organisator.ch\\\/\"},{\"@type\":\"ListItem\",\"position\":2,\"name\":\"Die Schweiz als Hotspot der Fischartenvielfalt\"}]},{\"@type\":\"WebSite\",\"@id\":\"https:\\\/\\\/www.organisator.ch\\\/#website\",\"url\":\"https:\\\/\\\/www.organisator.ch\\\/\",\"name\":\"Organisator\",\"description\":\"Kompetent. Praxisnah. Der ORGANISATOR bereitet in 10 Ausgaben pro Jahr die wesentlichen Themen f\u00fcr F\u00fchrungskr\u00e4fte von KMU auf.\",\"publisher\":{\"@id\":\"https:\\\/\\\/www.organisator.ch\\\/#organization\"},\"potentialAction\":[{\"@type\":\"SearchAction\",\"target\":{\"@type\":\"EntryPoint\",\"urlTemplate\":\"https:\\\/\\\/www.organisator.ch\\\/?s={search_term_string}\"},\"query-input\":{\"@type\":\"PropertyValueSpecification\",\"valueRequired\":true,\"valueName\":\"search_term_string\"}}],\"inLanguage\":\"it-IT\"},{\"@type\":\"Organization\",\"@id\":\"https:\\\/\\\/www.organisator.ch\\\/#organization\",\"name\":\"Organisator\",\"url\":\"https:\\\/\\\/www.organisator.ch\\\/\",\"logo\":{\"@type\":\"ImageObject\",\"inLanguage\":\"it-IT\",\"@id\":\"https:\\\/\\\/www.organisator.ch\\\/#\\\/schema\\\/logo\\\/image\\\/\",\"url\":\"https:\\\/\\\/www.organisator.ch\\\/wp-content\\\/uploads\\\/2022\\\/01\\\/Logo_Organisator_Website.png\",\"contentUrl\":\"https:\\\/\\\/www.organisator.ch\\\/wp-content\\\/uploads\\\/2022\\\/01\\\/Logo_Organisator_Website.png\",\"width\":800,\"height\":77,\"caption\":\"Organisator\"},\"image\":{\"@id\":\"https:\\\/\\\/www.organisator.ch\\\/#\\\/schema\\\/logo\\\/image\\\/\"},\"sameAs\":[\"https:\\\/\\\/www.facebook.com\\\/OrganisatorFachmagazin\",\"https:\\\/\\\/www.linkedin.com\\\/showcase\\\/organisator-das-magazin-fr-kmu\",\"https:\\\/\\\/www.xing.com\\\/news\\\/pages\\\/organisator-ch-695\",\"https:\\\/\\\/www.youtube.com\\\/channel\\\/UCGP2Sq0iWaZwT3BdIAQFYpw\"]},{\"@type\":\"Person\",\"@id\":\"https:\\\/\\\/www.organisator.ch\\\/#\\\/schema\\\/person\\\/2dded0f0616e4c64c59d6d2e56668359\",\"name\":\"Roger Str\u00e4ssle\",\"image\":{\"@type\":\"ImageObject\",\"inLanguage\":\"it-IT\",\"@id\":\"https:\\\/\\\/secure.gravatar.com\\\/avatar\\\/6d14f9312d7b1b5b7ffc59da9975df0f21b8801b52af8159c227095b2c855504?s=96&d=mm&r=g\",\"url\":\"https:\\\/\\\/secure.gravatar.com\\\/avatar\\\/6d14f9312d7b1b5b7ffc59da9975df0f21b8801b52af8159c227095b2c855504?s=96&d=mm&r=g\",\"contentUrl\":\"https:\\\/\\\/secure.gravatar.com\\\/avatar\\\/6d14f9312d7b1b5b7ffc59da9975df0f21b8801b52af8159c227095b2c855504?s=96&d=mm&r=g\",\"caption\":\"Roger Str\u00e4ssle\"},\"sameAs\":[\"https:\\\/\\\/www.umweltperspektiven.ch\"],\"url\":\"https:\\\/\\\/www.organisator.ch\\\/it\\\/author\\\/roger-straessle-2\\\/\"}]}<\/script>\n<!-- \/ Yoast SEO plugin. -->","yoast_head_json":{"title":"La Svizzera come hotspot di diversit\u00e0 delle specie ittiche - Organizzatore","description":"Con quasi il 20% di tutte le specie ittiche conosciute in Europa, la Svizzera \u00e8 quindi uno degli hotspot per la diversit\u00e0 delle specie ittiche.","robots":{"index":"index","follow":"follow","max-snippet":"max-snippet:-1","max-image-preview":"max-image-preview:large","max-video-preview":"max-video-preview:-1"},"canonical":"https:\/\/www.organisator.ch\/it\/sostenibilita\/2021-12-14\/die-schweiz-als-hotspot-der-fischartenvielfalt\/","og_locale":"it_IT","og_type":"article","og_title":"Die Schweiz als Hotspot der Fischartenvielfalt - Organisator","og_description":"Mit fast 20 Prozent aller in Europa bekannten Fischarten geh\u00f6rt die Schweiz damit zu den Hotspots f\u00fcr die Fischartenvielfalt.","og_url":"https:\/\/www.organisator.ch\/it\/sostenibilita\/2021-12-14\/die-schweiz-als-hotspot-der-fischartenvielfalt\/","og_site_name":"Organisator","article_publisher":"https:\/\/www.facebook.com\/OrganisatorFachmagazin","article_published_time":"2021-12-14T10:01:22+00:00","article_modified_time":"2022-02-09T10:10:47+00:00","og_image":[{"width":800,"height":455,"url":"https:\/\/www.organisator.ch\/wp-content\/uploads\/2021\/12\/csm_teaser_d1c8d57e09.jpg","type":"image\/jpeg"}],"author":"Roger Str\u00e4ssle","twitter_card":"summary_large_image","schema":{"@context":"https:\/\/schema.org","@graph":[{"@type":"Article","@id":"https:\/\/www.organisator.ch\/sustainability\/2021-12-14\/die-schweiz-als-hotspot-der-fischartenvielfalt\/#article","isPartOf":{"@id":"https:\/\/www.organisator.ch\/sustainability\/2021-12-14\/die-schweiz-als-hotspot-der-fischartenvielfalt\/"},"author":{"name":"Roger Str\u00e4ssle","@id":"https:\/\/www.organisator.ch\/#\/schema\/person\/2dded0f0616e4c64c59d6d2e56668359"},"headline":"Die Schweiz als Hotspot der Fischartenvielfalt","datePublished":"2021-12-14T10:01:22+00:00","dateModified":"2022-02-09T10:10:47+00:00","mainEntityOfPage":{"@id":"https:\/\/www.organisator.ch\/sustainability\/2021-12-14\/die-schweiz-als-hotspot-der-fischartenvielfalt\/"},"wordCount":656,"publisher":{"@id":"https:\/\/www.organisator.ch\/#organization"},"image":{"@id":"https:\/\/www.organisator.ch\/sustainability\/2021-12-14\/die-schweiz-als-hotspot-der-fischartenvielfalt\/#primaryimage"},"thumbnailUrl":"https:\/\/www.organisator.ch\/wp-content\/uploads\/2021\/12\/csm_teaser_d1c8d57e09.jpg","keywords":["Fischartenvielfalt","Studien"],"articleSection":["SUSTAINABILITY"],"inLanguage":"it-IT"},{"@type":"WebPage","@id":"https:\/\/www.organisator.ch\/sustainability\/2021-12-14\/die-schweiz-als-hotspot-der-fischartenvielfalt\/","url":"https:\/\/www.organisator.ch\/sustainability\/2021-12-14\/die-schweiz-als-hotspot-der-fischartenvielfalt\/","name":"La Svizzera come hotspot di diversit\u00e0 delle specie ittiche - Organizzatore","isPartOf":{"@id":"https:\/\/www.organisator.ch\/#website"},"primaryImageOfPage":{"@id":"https:\/\/www.organisator.ch\/sustainability\/2021-12-14\/die-schweiz-als-hotspot-der-fischartenvielfalt\/#primaryimage"},"image":{"@id":"https:\/\/www.organisator.ch\/sustainability\/2021-12-14\/die-schweiz-als-hotspot-der-fischartenvielfalt\/#primaryimage"},"thumbnailUrl":"https:\/\/www.organisator.ch\/wp-content\/uploads\/2021\/12\/csm_teaser_d1c8d57e09.jpg","datePublished":"2021-12-14T10:01:22+00:00","dateModified":"2022-02-09T10:10:47+00:00","description":"Con quasi il 20% di tutte le specie ittiche conosciute in Europa, la Svizzera \u00e8 quindi uno degli hotspot per la diversit\u00e0 delle specie ittiche.","breadcrumb":{"@id":"https:\/\/www.organisator.ch\/sustainability\/2021-12-14\/die-schweiz-als-hotspot-der-fischartenvielfalt\/#breadcrumb"},"inLanguage":"it-IT","potentialAction":[{"@type":"ReadAction","target":["https:\/\/www.organisator.ch\/sustainability\/2021-12-14\/die-schweiz-als-hotspot-der-fischartenvielfalt\/"]}]},{"@type":"ImageObject","inLanguage":"it-IT","@id":"https:\/\/www.organisator.ch\/sustainability\/2021-12-14\/die-schweiz-als-hotspot-der-fischartenvielfalt\/#primaryimage","url":"https:\/\/www.organisator.ch\/wp-content\/uploads\/2021\/12\/csm_teaser_d1c8d57e09.jpg","contentUrl":"https:\/\/www.organisator.ch\/wp-content\/uploads\/2021\/12\/csm_teaser_d1c8d57e09.jpg","width":800,"height":455,"caption":"Verborgen am Grund vom Lago Maggiore ein seltener Cagnetta (Salaria fluviatilis). Foto: Eawag, Ole Seehausen"},{"@type":"BreadcrumbList","@id":"https:\/\/www.organisator.ch\/sustainability\/2021-12-14\/die-schweiz-als-hotspot-der-fischartenvielfalt\/#breadcrumb","itemListElement":[{"@type":"ListItem","position":1,"name":"Home","item":"https:\/\/www.organisator.ch\/"},{"@type":"ListItem","position":2,"name":"Die Schweiz als Hotspot der Fischartenvielfalt"}]},{"@type":"WebSite","@id":"https:\/\/www.organisator.ch\/#website","url":"https:\/\/www.organisator.ch\/","name":"Organizzatore","description":"Competente. Pratico. In 10 numeri all'anno, ORGANISATOR presenta i temi essenziali per i manager delle PMI.","publisher":{"@id":"https:\/\/www.organisator.ch\/#organization"},"potentialAction":[{"@type":"SearchAction","target":{"@type":"EntryPoint","urlTemplate":"https:\/\/www.organisator.ch\/?s={search_term_string}"},"query-input":{"@type":"PropertyValueSpecification","valueRequired":true,"valueName":"search_term_string"}}],"inLanguage":"it-IT"},{"@type":"Organization","@id":"https:\/\/www.organisator.ch\/#organization","name":"Organizzatore","url":"https:\/\/www.organisator.ch\/","logo":{"@type":"ImageObject","inLanguage":"it-IT","@id":"https:\/\/www.organisator.ch\/#\/schema\/logo\/image\/","url":"https:\/\/www.organisator.ch\/wp-content\/uploads\/2022\/01\/Logo_Organisator_Website.png","contentUrl":"https:\/\/www.organisator.ch\/wp-content\/uploads\/2022\/01\/Logo_Organisator_Website.png","width":800,"height":77,"caption":"Organisator"},"image":{"@id":"https:\/\/www.organisator.ch\/#\/schema\/logo\/image\/"},"sameAs":["https:\/\/www.facebook.com\/OrganisatorFachmagazin","https:\/\/www.linkedin.com\/showcase\/organisator-das-magazin-fr-kmu","https:\/\/www.xing.com\/news\/pages\/organisator-ch-695","https:\/\/www.youtube.com\/channel\/UCGP2Sq0iWaZwT3BdIAQFYpw"]},{"@type":"Person","@id":"https:\/\/www.organisator.ch\/#\/schema\/person\/2dded0f0616e4c64c59d6d2e56668359","name":"Roger Str\u00e4ssle","image":{"@type":"ImageObject","inLanguage":"it-IT","@id":"https:\/\/secure.gravatar.com\/avatar\/6d14f9312d7b1b5b7ffc59da9975df0f21b8801b52af8159c227095b2c855504?s=96&d=mm&r=g","url":"https:\/\/secure.gravatar.com\/avatar\/6d14f9312d7b1b5b7ffc59da9975df0f21b8801b52af8159c227095b2c855504?s=96&d=mm&r=g","contentUrl":"https:\/\/secure.gravatar.com\/avatar\/6d14f9312d7b1b5b7ffc59da9975df0f21b8801b52af8159c227095b2c855504?s=96&d=mm&r=g","caption":"Roger Str\u00e4ssle"},"sameAs":["https:\/\/www.umweltperspektiven.ch"],"url":"https:\/\/www.organisator.ch\/it\/author\/roger-straessle-2\/"}]}},"_links":{"self":[{"href":"https:\/\/www.organisator.ch\/it\/wp-json\/wp\/v2\/posts\/9278","targetHints":{"allow":["GET"]}}],"collection":[{"href":"https:\/\/www.organisator.ch\/it\/wp-json\/wp\/v2\/posts"}],"about":[{"href":"https:\/\/www.organisator.ch\/it\/wp-json\/wp\/v2\/types\/post"}],"author":[{"embeddable":true,"href":"https:\/\/www.organisator.ch\/it\/wp-json\/wp\/v2\/users\/10"}],"replies":[{"embeddable":true,"href":"https:\/\/www.organisator.ch\/it\/wp-json\/wp\/v2\/comments?post=9278"}],"version-history":[{"count":3,"href":"https:\/\/www.organisator.ch\/it\/wp-json\/wp\/v2\/posts\/9278\/revisions"}],"predecessor-version":[{"id":11920,"href":"https:\/\/www.organisator.ch\/it\/wp-json\/wp\/v2\/posts\/9278\/revisions\/11920"}],"wp:featuredmedia":[{"embeddable":true,"href":"https:\/\/www.organisator.ch\/it\/wp-json\/wp\/v2\/media\/5209"}],"wp:attachment":[{"href":"https:\/\/www.organisator.ch\/it\/wp-json\/wp\/v2\/media?parent=9278"}],"wp:term":[{"taxonomy":"category","embeddable":true,"href":"https:\/\/www.organisator.ch\/it\/wp-json\/wp\/v2\/categories?post=9278"},{"taxonomy":"post_tag","embeddable":true,"href":"https:\/\/www.organisator.ch\/it\/wp-json\/wp\/v2\/tags?post=9278"}],"curies":[{"name":"wp","href":"https:\/\/api.w.org\/{rel}","templated":true}]}}