{"id":9292,"date":"2022-02-21T10:29:41","date_gmt":"2022-02-21T09:29:41","guid":{"rendered":"https:\/\/www.organisator.ch\/?p=9292"},"modified":"2022-02-21T10:29:41","modified_gmt":"2022-02-21T09:29:41","slug":"lohnerhoehungen-2022-swisscom-und-die-sozialpartner-einigen-sich","status":"publish","type":"post","link":"https:\/\/www.organisator.ch\/it\/allgemein\/2022-02-21\/lohnerhoehungen-2022-swisscom-und-die-sozialpartner-einigen-sich\/","title":{"rendered":"Aumenti salariali 2022: Swisscom e le parti sociali raggiungono un accordo"},"content":{"rendered":"<figure id=\"attachment_9293\" aria-describedby=\"caption-attachment-9293\" style=\"width: 680px\" class=\"wp-caption alignnone\"><a href=\"https:\/\/www.organisator.ch\/wp-content\/uploads\/2022\/02\/Lohnerhoehungen-2022-Swisscom-und-die-Sozialpartner-einigen-sich_Organisator.jpg\"><img loading=\"lazy\" decoding=\"async\" class=\"size-medium wp-image-9293\" src=\"https:\/\/www.organisator.ch\/wp-content\/uploads\/2022\/02\/Lohnerhoehungen-2022-Swisscom-und-die-Sozialpartner-einigen-sich_Organisator.jpg\" alt=\"\" width=\"680\" height=\"454\" srcset=\"https:\/\/www.organisator.ch\/wp-content\/uploads\/2022\/02\/Lohnerhoehungen-2022-Swisscom-und-die-Sozialpartner-einigen-sich_Organisator.jpg 680w, https:\/\/www.organisator.ch\/wp-content\/uploads\/2022\/02\/Lohnerhoehungen-2022-Swisscom-und-die-Sozialpartner-einigen-sich_Organisator-18x12.jpg 18w, https:\/\/www.organisator.ch\/wp-content\/uploads\/2022\/02\/Lohnerhoehungen-2022-Swisscom-und-die-Sozialpartner-einigen-sich_Organisator-262x175.jpg 262w, https:\/\/www.organisator.ch\/wp-content\/uploads\/2022\/02\/Lohnerhoehungen-2022-Swisscom-und-die-Sozialpartner-einigen-sich_Organisator-524x350.jpg 524w, https:\/\/www.organisator.ch\/wp-content\/uploads\/2022\/02\/Lohnerhoehungen-2022-Swisscom-und-die-Sozialpartner-einigen-sich_Organisator-300x200.jpg 300w\" sizes=\"auto, (max-width: 680px) 100vw, 680px\" \/><\/a><figcaption id=\"caption-attachment-9293\" class=\"wp-caption-text\">La maggior parte dei collaboratori di Swisscom pu\u00f2 aspettarsi un aumento salariale medio dello 0,9 percento nel 2022. (Immagine: Swisscom)<\/figcaption><\/figure>\n<p>I collaboratori del fornitore di servizi di telecomunicazione Swisscom possono aspettarsi aumenti salariali. Dell'aumento salariale di 0,9% beneficeranno circa 10'000 collaboratori di Swisscom che rientrano nel contratto collettivo di lavoro dal 1\u00b0 aprile 2022. Per tenere conto dell'inflazione, la maggior parte dei dipendenti riceveranno generalmente una paga maggiore. Gli aumenti di stipendio variano a seconda della posizione nella fascia salariale. Non \u00e8 previsto alcun aumento di stipendio per i dipendenti il cui stipendio \u00e8 superiore alla fascia salariale.<\/p>\n<p>Swisscom e i partner sociali sono riusciti a trovare un accordo su questi aumenti salariali. \"I collaboratori di Swisscom hanno dimostrato un grande impegno nei confronti dei nostri clienti e di Swisscom in un contesto difficile nel 2021. Abbiamo ottenuto ottimi risultati. Con l'accordo salariale di quest'anno, vorremmo esprimere il nostro sincero ringraziamento per questo. Come buon datore di lavoro, \u00e8 importante per noi pagare stipendi in linea con il mercato, oltre a interessanti benefici accessori. In questo senso, sono soddisfatta dell'accordo raggiunto con le parti sociali\", afferma Klementina Pejic, CPO di Swisscom. Daniel H\u00fcgli, capo del settore ICT di syndicom commenta l'accordo come segue: \"Nel 2021, i dipendenti continueranno a dare un contributo significativo a un'infrastruttura performante e a un'alta qualit\u00e0 dei servizi nell'ambito del servizio pubblico. Il risultato dei negoziati tiene conto di questo\". Robert M\u00e9trailler, responsabile della comunicazione del partner sociale transfair, ha aggiunto: \"Per transfair era importante tenere conto dell'aumento del rincaro, del solido risultato finanziario di Swisscom e, soprattutto, dello straordinario impegno del personale in un contesto lavorativo estremamente difficile. Questi aspetti hanno contribuito a un risultato salariale molto positivo\".<\/p>\n<p><em>Fonte: <a href=\"http:\/\/www.swisscom.ch\">Swisscom<\/a><\/em><\/p>","protected":false},"excerpt":{"rendered":"<p>Die Mitarbeitenden des Telekom-Dienstleisters Swisscom d\u00fcrfen sich \u00fcber Lohnerh\u00f6hungen freuen. Die Lohnerh\u00f6hung von 0,9% kommt ab 1. April 2022 den rund 10&#8217;000 Mitarbeitenden von Swisscom zugute, die dem Gesamtarbeitsvertrag unterstehen. Um der Teuerung Rechnung zu tragen, erhalten die meisten Mitarbeitenden generell mehr Lohn. Die Lohnerh\u00f6hungen fallen je nach Lage im Lohnband unterschiedlich hoch aus. F\u00fcr [&hellip;]<\/p>\n","protected":false},"author":4,"featured_media":9293,"comment_status":"closed","ping_status":"closed","sticky":false,"template":"","format":"standard","meta":{"_acf_changed":false,"_yoast_wpseo_focuskw":"Lohnerh\u00f6hungen","_yoast_wpseo_metadesc":"Bei der Swisscom gibt es 2022 Lohnerh\u00f6hungen von 0,9%. Dies ist das Ergebnis der Lohnverhandlungen zwischen Swisscom und ihren Sozialpartnern","articlekey":"","footnotes":""},"categories":[1],"tags":[329,335,492],"class_list":["post-9292","post","type-post","status-publish","format-standard","has-post-thumbnail","hentry","category-allgemein","tag-loehne","tag-management-und-unternehmensfuehrung","tag-unternehmen"],"acf":[],"yoast_head":"<!-- This site is optimized with the Yoast SEO plugin v27.4 - https:\/\/yoast.com\/product\/yoast-seo-wordpress\/ -->\n<title>Lohnerh\u00f6hungen 2022: Swisscom und die Sozialpartner einigen sich - Organisator<\/title>\n<meta name=\"description\" content=\"Bei der Swisscom gibt es 2022 Lohnerh\u00f6hungen von 0,9%. Dies ist das Ergebnis der Lohnverhandlungen zwischen Swisscom und ihren Sozialpartnern\" \/>\n<meta name=\"robots\" content=\"index, follow, max-snippet:-1, max-image-preview:large, max-video-preview:-1\" \/>\n<link rel=\"canonical\" href=\"https:\/\/www.organisator.ch\/it\/generale\/2022-02-21\/lohnerhoehungen-2022-swisscom-und-die-sozialpartner-einigen-sich\/\" \/>\n<meta property=\"og:locale\" content=\"it_IT\" \/>\n<meta property=\"og:type\" content=\"article\" \/>\n<meta property=\"og:title\" content=\"Lohnerh\u00f6hungen 2022: Swisscom und die Sozialpartner einigen sich\" \/>\n<meta property=\"og:description\" content=\"Bei der Swisscom gibt es 2022 Lohnerh\u00f6hungen von 0,9%. Dies ist das Ergebnis der Lohnverhandlungen zwischen Swisscom und ihren Sozialpartnern\" \/>\n<meta property=\"og:url\" content=\"https:\/\/www.organisator.ch\/it\/generale\/2022-02-21\/lohnerhoehungen-2022-swisscom-und-die-sozialpartner-einigen-sich\/\" \/>\n<meta property=\"og:site_name\" content=\"Organisator\" \/>\n<meta property=\"article:publisher\" content=\"https:\/\/www.facebook.com\/OrganisatorFachmagazin\" \/>\n<meta property=\"article:published_time\" content=\"2022-02-21T09:29:41+00:00\" \/>\n<meta property=\"og:image\" content=\"https:\/\/www.organisator.ch\/wp-content\/uploads\/2022\/02\/Lohnerhoehungen-2022-Swisscom-und-die-Sozialpartner-einigen-sich_Organisator.jpg\" \/>\n\t<meta property=\"og:image:width\" content=\"680\" \/>\n\t<meta property=\"og:image:height\" content=\"454\" \/>\n\t<meta property=\"og:image:type\" content=\"image\/jpeg\" \/>\n<meta name=\"author\" content=\"thomas.berner\" \/>\n<meta name=\"twitter:card\" content=\"summary_large_image\" \/>\n<meta name=\"twitter:title\" content=\"#Lohnerh\u00f6hungen 2022: #Swisscom und die #Sozialpartner einigen sich\" \/>\n<meta name=\"twitter:description\" content=\"Bei der #Swisscom gibt es 2022 #Lohnerh\u00f6hungen von 0,9%. Dies ist das Ergebnis der #Lohnverhandlungen zwischen Swisscom und ihren #Sozialpartnern\" \/>\n<meta name=\"twitter:image\" content=\"https:\/\/www.organisator.ch\/wp-content\/uploads\/2022\/02\/Lohnerhoehungen-2022-Swisscom-und-die-Sozialpartner-einigen-sich_Organisator.jpg\" \/>\n<script type=\"application\/ld+json\" class=\"yoast-schema-graph\">{\"@context\":\"https:\\\/\\\/schema.org\",\"@graph\":[{\"@type\":\"Article\",\"@id\":\"https:\\\/\\\/www.organisator.ch\\\/en\\\/general\\\/2022-02-21\\\/lohnerhoehungen-2022-swisscom-und-die-sozialpartner-einigen-sich\\\/#article\",\"isPartOf\":{\"@id\":\"https:\\\/\\\/www.organisator.ch\\\/en\\\/general\\\/2022-02-21\\\/lohnerhoehungen-2022-swisscom-und-die-sozialpartner-einigen-sich\\\/\"},\"author\":{\"name\":\"thomas.berner\",\"@id\":\"https:\\\/\\\/www.organisator.ch\\\/#\\\/schema\\\/person\\\/6f650f90b2842cd4c0cc334b4e36f67e\"},\"headline\":\"Lohnerh\u00f6hungen 2022: Swisscom und die Sozialpartner einigen sich\",\"datePublished\":\"2022-02-21T09:29:41+00:00\",\"mainEntityOfPage\":{\"@id\":\"https:\\\/\\\/www.organisator.ch\\\/en\\\/general\\\/2022-02-21\\\/lohnerhoehungen-2022-swisscom-und-die-sozialpartner-einigen-sich\\\/\"},\"wordCount\":276,\"publisher\":{\"@id\":\"https:\\\/\\\/www.organisator.ch\\\/#organization\"},\"image\":{\"@id\":\"https:\\\/\\\/www.organisator.ch\\\/en\\\/general\\\/2022-02-21\\\/lohnerhoehungen-2022-swisscom-und-die-sozialpartner-einigen-sich\\\/#primaryimage\"},\"thumbnailUrl\":\"https:\\\/\\\/www.organisator.ch\\\/wp-content\\\/uploads\\\/2022\\\/02\\\/Lohnerhoehungen-2022-Swisscom-und-die-Sozialpartner-einigen-sich_Organisator.jpg\",\"keywords\":[\"L\u00f6hne\",\"Management und Unternehmensf\u00fchrung\",\"Unternehmen\"],\"articleSection\":[\"Allgemein\"],\"inLanguage\":\"it-IT\"},{\"@type\":\"WebPage\",\"@id\":\"https:\\\/\\\/www.organisator.ch\\\/en\\\/general\\\/2022-02-21\\\/lohnerhoehungen-2022-swisscom-und-die-sozialpartner-einigen-sich\\\/\",\"url\":\"https:\\\/\\\/www.organisator.ch\\\/en\\\/general\\\/2022-02-21\\\/lohnerhoehungen-2022-swisscom-und-die-sozialpartner-einigen-sich\\\/\",\"name\":\"Lohnerh\u00f6hungen 2022: Swisscom und die Sozialpartner einigen sich - Organisator\",\"isPartOf\":{\"@id\":\"https:\\\/\\\/www.organisator.ch\\\/#website\"},\"primaryImageOfPage\":{\"@id\":\"https:\\\/\\\/www.organisator.ch\\\/en\\\/general\\\/2022-02-21\\\/lohnerhoehungen-2022-swisscom-und-die-sozialpartner-einigen-sich\\\/#primaryimage\"},\"image\":{\"@id\":\"https:\\\/\\\/www.organisator.ch\\\/en\\\/general\\\/2022-02-21\\\/lohnerhoehungen-2022-swisscom-und-die-sozialpartner-einigen-sich\\\/#primaryimage\"},\"thumbnailUrl\":\"https:\\\/\\\/www.organisator.ch\\\/wp-content\\\/uploads\\\/2022\\\/02\\\/Lohnerhoehungen-2022-Swisscom-und-die-Sozialpartner-einigen-sich_Organisator.jpg\",\"datePublished\":\"2022-02-21T09:29:41+00:00\",\"description\":\"Bei der Swisscom gibt es 2022 Lohnerh\u00f6hungen von 0,9%. Dies ist das Ergebnis der Lohnverhandlungen zwischen Swisscom und ihren Sozialpartnern\",\"breadcrumb\":{\"@id\":\"https:\\\/\\\/www.organisator.ch\\\/en\\\/general\\\/2022-02-21\\\/lohnerhoehungen-2022-swisscom-und-die-sozialpartner-einigen-sich\\\/#breadcrumb\"},\"inLanguage\":\"it-IT\",\"potentialAction\":[{\"@type\":\"ReadAction\",\"target\":[\"https:\\\/\\\/www.organisator.ch\\\/en\\\/general\\\/2022-02-21\\\/lohnerhoehungen-2022-swisscom-und-die-sozialpartner-einigen-sich\\\/\"]}]},{\"@type\":\"ImageObject\",\"inLanguage\":\"it-IT\",\"@id\":\"https:\\\/\\\/www.organisator.ch\\\/en\\\/general\\\/2022-02-21\\\/lohnerhoehungen-2022-swisscom-und-die-sozialpartner-einigen-sich\\\/#primaryimage\",\"url\":\"https:\\\/\\\/www.organisator.ch\\\/wp-content\\\/uploads\\\/2022\\\/02\\\/Lohnerhoehungen-2022-Swisscom-und-die-Sozialpartner-einigen-sich_Organisator.jpg\",\"contentUrl\":\"https:\\\/\\\/www.organisator.ch\\\/wp-content\\\/uploads\\\/2022\\\/02\\\/Lohnerhoehungen-2022-Swisscom-und-die-Sozialpartner-einigen-sich_Organisator.jpg\",\"width\":680,\"height\":454,\"caption\":\"Die meisten der Swisscom-Mitarbeitenden d\u00fcrfen 2022 Lohnerh\u00f6hungen von im Schnitt 0,9 Prozent erwarten. (Bild: Swisscom)\"},{\"@type\":\"BreadcrumbList\",\"@id\":\"https:\\\/\\\/www.organisator.ch\\\/en\\\/general\\\/2022-02-21\\\/lohnerhoehungen-2022-swisscom-und-die-sozialpartner-einigen-sich\\\/#breadcrumb\",\"itemListElement\":[{\"@type\":\"ListItem\",\"position\":1,\"name\":\"Home\",\"item\":\"https:\\\/\\\/www.organisator.ch\\\/\"},{\"@type\":\"ListItem\",\"position\":2,\"name\":\"Lohnerh\u00f6hungen 2022: Swisscom und die Sozialpartner einigen sich\"}]},{\"@type\":\"WebSite\",\"@id\":\"https:\\\/\\\/www.organisator.ch\\\/#website\",\"url\":\"https:\\\/\\\/www.organisator.ch\\\/\",\"name\":\"Organisator\",\"description\":\"Kompetent. Praxisnah. Der ORGANISATOR bereitet in 10 Ausgaben pro Jahr die wesentlichen Themen f\u00fcr F\u00fchrungskr\u00e4fte von KMU auf.\",\"publisher\":{\"@id\":\"https:\\\/\\\/www.organisator.ch\\\/#organization\"},\"potentialAction\":[{\"@type\":\"SearchAction\",\"target\":{\"@type\":\"EntryPoint\",\"urlTemplate\":\"https:\\\/\\\/www.organisator.ch\\\/?s={search_term_string}\"},\"query-input\":{\"@type\":\"PropertyValueSpecification\",\"valueRequired\":true,\"valueName\":\"search_term_string\"}}],\"inLanguage\":\"it-IT\"},{\"@type\":\"Organization\",\"@id\":\"https:\\\/\\\/www.organisator.ch\\\/#organization\",\"name\":\"Organisator\",\"url\":\"https:\\\/\\\/www.organisator.ch\\\/\",\"logo\":{\"@type\":\"ImageObject\",\"inLanguage\":\"it-IT\",\"@id\":\"https:\\\/\\\/www.organisator.ch\\\/#\\\/schema\\\/logo\\\/image\\\/\",\"url\":\"https:\\\/\\\/www.organisator.ch\\\/wp-content\\\/uploads\\\/2022\\\/01\\\/Logo_Organisator_Website.png\",\"contentUrl\":\"https:\\\/\\\/www.organisator.ch\\\/wp-content\\\/uploads\\\/2022\\\/01\\\/Logo_Organisator_Website.png\",\"width\":800,\"height\":77,\"caption\":\"Organisator\"},\"image\":{\"@id\":\"https:\\\/\\\/www.organisator.ch\\\/#\\\/schema\\\/logo\\\/image\\\/\"},\"sameAs\":[\"https:\\\/\\\/www.facebook.com\\\/OrganisatorFachmagazin\",\"https:\\\/\\\/www.linkedin.com\\\/showcase\\\/organisator-das-magazin-fr-kmu\",\"https:\\\/\\\/www.xing.com\\\/news\\\/pages\\\/organisator-ch-695\",\"https:\\\/\\\/www.youtube.com\\\/channel\\\/UCGP2Sq0iWaZwT3BdIAQFYpw\"]},{\"@type\":\"Person\",\"@id\":\"https:\\\/\\\/www.organisator.ch\\\/#\\\/schema\\\/person\\\/6f650f90b2842cd4c0cc334b4e36f67e\",\"name\":\"thomas.berner\",\"image\":{\"@type\":\"ImageObject\",\"inLanguage\":\"it-IT\",\"@id\":\"https:\\\/\\\/secure.gravatar.com\\\/avatar\\\/ac5001d2a36cb6c6cd3e50789007ffca834b477b74a2144564522e944eabff61?s=96&d=mm&r=g\",\"url\":\"https:\\\/\\\/secure.gravatar.com\\\/avatar\\\/ac5001d2a36cb6c6cd3e50789007ffca834b477b74a2144564522e944eabff61?s=96&d=mm&r=g\",\"contentUrl\":\"https:\\\/\\\/secure.gravatar.com\\\/avatar\\\/ac5001d2a36cb6c6cd3e50789007ffca834b477b74a2144564522e944eabff61?s=96&d=mm&r=g\",\"caption\":\"thomas.berner\"},\"url\":\"https:\\\/\\\/www.organisator.ch\\\/it\\\/author\\\/thomas-berner\\\/\"}]}<\/script>\n<!-- \/ Yoast SEO plugin. -->","yoast_head_json":{"title":"Aumenti salariali 2022: Swisscom e le parti sociali raggiungono un accordo - Organiser","description":"Nel 2022 ci saranno aumenti salariali di 0,9% presso Swisscom. Questo \u00e8 il risultato delle trattative salariali tra Swisscom e le sue parti sociali.","robots":{"index":"index","follow":"follow","max-snippet":"max-snippet:-1","max-image-preview":"max-image-preview:large","max-video-preview":"max-video-preview:-1"},"canonical":"https:\/\/www.organisator.ch\/it\/generale\/2022-02-21\/lohnerhoehungen-2022-swisscom-und-die-sozialpartner-einigen-sich\/","og_locale":"it_IT","og_type":"article","og_title":"Lohnerh\u00f6hungen 2022: Swisscom und die Sozialpartner einigen sich","og_description":"Bei der Swisscom gibt es 2022 Lohnerh\u00f6hungen von 0,9%. Dies ist das Ergebnis der Lohnverhandlungen zwischen Swisscom und ihren Sozialpartnern","og_url":"https:\/\/www.organisator.ch\/it\/generale\/2022-02-21\/lohnerhoehungen-2022-swisscom-und-die-sozialpartner-einigen-sich\/","og_site_name":"Organisator","article_publisher":"https:\/\/www.facebook.com\/OrganisatorFachmagazin","article_published_time":"2022-02-21T09:29:41+00:00","og_image":[{"width":680,"height":454,"url":"https:\/\/www.organisator.ch\/wp-content\/uploads\/2022\/02\/Lohnerhoehungen-2022-Swisscom-und-die-Sozialpartner-einigen-sich_Organisator.jpg","type":"image\/jpeg"}],"author":"thomas.berner","twitter_card":"summary_large_image","twitter_title":"#Lohnerh\u00f6hungen 2022: #Swisscom und die #Sozialpartner einigen sich","twitter_description":"Bei der #Swisscom gibt es 2022 #Lohnerh\u00f6hungen von 0,9%. Dies ist das Ergebnis der #Lohnverhandlungen zwischen Swisscom und ihren #Sozialpartnern","twitter_image":"https:\/\/www.organisator.ch\/wp-content\/uploads\/2022\/02\/Lohnerhoehungen-2022-Swisscom-und-die-Sozialpartner-einigen-sich_Organisator.jpg","schema":{"@context":"https:\/\/schema.org","@graph":[{"@type":"Article","@id":"https:\/\/www.organisator.ch\/en\/general\/2022-02-21\/lohnerhoehungen-2022-swisscom-und-die-sozialpartner-einigen-sich\/#article","isPartOf":{"@id":"https:\/\/www.organisator.ch\/en\/general\/2022-02-21\/lohnerhoehungen-2022-swisscom-und-die-sozialpartner-einigen-sich\/"},"author":{"name":"thomas.berner","@id":"https:\/\/www.organisator.ch\/#\/schema\/person\/6f650f90b2842cd4c0cc334b4e36f67e"},"headline":"Lohnerh\u00f6hungen 2022: Swisscom und die Sozialpartner einigen sich","datePublished":"2022-02-21T09:29:41+00:00","mainEntityOfPage":{"@id":"https:\/\/www.organisator.ch\/en\/general\/2022-02-21\/lohnerhoehungen-2022-swisscom-und-die-sozialpartner-einigen-sich\/"},"wordCount":276,"publisher":{"@id":"https:\/\/www.organisator.ch\/#organization"},"image":{"@id":"https:\/\/www.organisator.ch\/en\/general\/2022-02-21\/lohnerhoehungen-2022-swisscom-und-die-sozialpartner-einigen-sich\/#primaryimage"},"thumbnailUrl":"https:\/\/www.organisator.ch\/wp-content\/uploads\/2022\/02\/Lohnerhoehungen-2022-Swisscom-und-die-Sozialpartner-einigen-sich_Organisator.jpg","keywords":["L\u00f6hne","Management und Unternehmensf\u00fchrung","Unternehmen"],"articleSection":["Allgemein"],"inLanguage":"it-IT"},{"@type":"WebPage","@id":"https:\/\/www.organisator.ch\/en\/general\/2022-02-21\/lohnerhoehungen-2022-swisscom-und-die-sozialpartner-einigen-sich\/","url":"https:\/\/www.organisator.ch\/en\/general\/2022-02-21\/lohnerhoehungen-2022-swisscom-und-die-sozialpartner-einigen-sich\/","name":"Aumenti salariali 2022: Swisscom e le parti sociali raggiungono un accordo - Organiser","isPartOf":{"@id":"https:\/\/www.organisator.ch\/#website"},"primaryImageOfPage":{"@id":"https:\/\/www.organisator.ch\/en\/general\/2022-02-21\/lohnerhoehungen-2022-swisscom-und-die-sozialpartner-einigen-sich\/#primaryimage"},"image":{"@id":"https:\/\/www.organisator.ch\/en\/general\/2022-02-21\/lohnerhoehungen-2022-swisscom-und-die-sozialpartner-einigen-sich\/#primaryimage"},"thumbnailUrl":"https:\/\/www.organisator.ch\/wp-content\/uploads\/2022\/02\/Lohnerhoehungen-2022-Swisscom-und-die-Sozialpartner-einigen-sich_Organisator.jpg","datePublished":"2022-02-21T09:29:41+00:00","description":"Nel 2022 ci saranno aumenti salariali di 0,9% presso Swisscom. Questo \u00e8 il risultato delle trattative salariali tra Swisscom e le sue parti sociali.","breadcrumb":{"@id":"https:\/\/www.organisator.ch\/en\/general\/2022-02-21\/lohnerhoehungen-2022-swisscom-und-die-sozialpartner-einigen-sich\/#breadcrumb"},"inLanguage":"it-IT","potentialAction":[{"@type":"ReadAction","target":["https:\/\/www.organisator.ch\/en\/general\/2022-02-21\/lohnerhoehungen-2022-swisscom-und-die-sozialpartner-einigen-sich\/"]}]},{"@type":"ImageObject","inLanguage":"it-IT","@id":"https:\/\/www.organisator.ch\/en\/general\/2022-02-21\/lohnerhoehungen-2022-swisscom-und-die-sozialpartner-einigen-sich\/#primaryimage","url":"https:\/\/www.organisator.ch\/wp-content\/uploads\/2022\/02\/Lohnerhoehungen-2022-Swisscom-und-die-Sozialpartner-einigen-sich_Organisator.jpg","contentUrl":"https:\/\/www.organisator.ch\/wp-content\/uploads\/2022\/02\/Lohnerhoehungen-2022-Swisscom-und-die-Sozialpartner-einigen-sich_Organisator.jpg","width":680,"height":454,"caption":"Die meisten der Swisscom-Mitarbeitenden d\u00fcrfen 2022 Lohnerh\u00f6hungen von im Schnitt 0,9 Prozent erwarten. (Bild: Swisscom)"},{"@type":"BreadcrumbList","@id":"https:\/\/www.organisator.ch\/en\/general\/2022-02-21\/lohnerhoehungen-2022-swisscom-und-die-sozialpartner-einigen-sich\/#breadcrumb","itemListElement":[{"@type":"ListItem","position":1,"name":"Home","item":"https:\/\/www.organisator.ch\/"},{"@type":"ListItem","position":2,"name":"Lohnerh\u00f6hungen 2022: Swisscom und die Sozialpartner einigen sich"}]},{"@type":"WebSite","@id":"https:\/\/www.organisator.ch\/#website","url":"https:\/\/www.organisator.ch\/","name":"Organizzatore","description":"Competente. Pratico. In 10 numeri all'anno, ORGANISATOR presenta i temi essenziali per i manager delle PMI.","publisher":{"@id":"https:\/\/www.organisator.ch\/#organization"},"potentialAction":[{"@type":"SearchAction","target":{"@type":"EntryPoint","urlTemplate":"https:\/\/www.organisator.ch\/?s={search_term_string}"},"query-input":{"@type":"PropertyValueSpecification","valueRequired":true,"valueName":"search_term_string"}}],"inLanguage":"it-IT"},{"@type":"Organization","@id":"https:\/\/www.organisator.ch\/#organization","name":"Organizzatore","url":"https:\/\/www.organisator.ch\/","logo":{"@type":"ImageObject","inLanguage":"it-IT","@id":"https:\/\/www.organisator.ch\/#\/schema\/logo\/image\/","url":"https:\/\/www.organisator.ch\/wp-content\/uploads\/2022\/01\/Logo_Organisator_Website.png","contentUrl":"https:\/\/www.organisator.ch\/wp-content\/uploads\/2022\/01\/Logo_Organisator_Website.png","width":800,"height":77,"caption":"Organisator"},"image":{"@id":"https:\/\/www.organisator.ch\/#\/schema\/logo\/image\/"},"sameAs":["https:\/\/www.facebook.com\/OrganisatorFachmagazin","https:\/\/www.linkedin.com\/showcase\/organisator-das-magazin-fr-kmu","https:\/\/www.xing.com\/news\/pages\/organisator-ch-695","https:\/\/www.youtube.com\/channel\/UCGP2Sq0iWaZwT3BdIAQFYpw"]},{"@type":"Person","@id":"https:\/\/www.organisator.ch\/#\/schema\/person\/6f650f90b2842cd4c0cc334b4e36f67e","name":"Tommaso.berner","image":{"@type":"ImageObject","inLanguage":"it-IT","@id":"https:\/\/secure.gravatar.com\/avatar\/ac5001d2a36cb6c6cd3e50789007ffca834b477b74a2144564522e944eabff61?s=96&d=mm&r=g","url":"https:\/\/secure.gravatar.com\/avatar\/ac5001d2a36cb6c6cd3e50789007ffca834b477b74a2144564522e944eabff61?s=96&d=mm&r=g","contentUrl":"https:\/\/secure.gravatar.com\/avatar\/ac5001d2a36cb6c6cd3e50789007ffca834b477b74a2144564522e944eabff61?s=96&d=mm&r=g","caption":"thomas.berner"},"url":"https:\/\/www.organisator.ch\/it\/author\/thomas-berner\/"}]}},"_links":{"self":[{"href":"https:\/\/www.organisator.ch\/it\/wp-json\/wp\/v2\/posts\/9292","targetHints":{"allow":["GET"]}}],"collection":[{"href":"https:\/\/www.organisator.ch\/it\/wp-json\/wp\/v2\/posts"}],"about":[{"href":"https:\/\/www.organisator.ch\/it\/wp-json\/wp\/v2\/types\/post"}],"author":[{"embeddable":true,"href":"https:\/\/www.organisator.ch\/it\/wp-json\/wp\/v2\/users\/4"}],"replies":[{"embeddable":true,"href":"https:\/\/www.organisator.ch\/it\/wp-json\/wp\/v2\/comments?post=9292"}],"version-history":[{"count":0,"href":"https:\/\/www.organisator.ch\/it\/wp-json\/wp\/v2\/posts\/9292\/revisions"}],"wp:featuredmedia":[{"embeddable":true,"href":"https:\/\/www.organisator.ch\/it\/wp-json\/wp\/v2\/media\/9293"}],"wp:attachment":[{"href":"https:\/\/www.organisator.ch\/it\/wp-json\/wp\/v2\/media?parent=9292"}],"wp:term":[{"taxonomy":"category","embeddable":true,"href":"https:\/\/www.organisator.ch\/it\/wp-json\/wp\/v2\/categories?post=9292"},{"taxonomy":"post_tag","embeddable":true,"href":"https:\/\/www.organisator.ch\/it\/wp-json\/wp\/v2\/tags?post=9292"}],"curies":[{"name":"wp","href":"https:\/\/api.w.org\/{rel}","templated":true}]}}