{"id":9307,"date":"2022-02-07T09:32:14","date_gmt":"2022-02-07T08:32:14","guid":{"rendered":"https:\/\/www.m-q.ch\/?p=15870"},"modified":"2022-08-02T14:21:41","modified_gmt":"2022-08-02T12:21:41","slug":"neuer-leiter-werkstofftechnik-im-swiss-safety-center","status":"publish","type":"post","link":"https:\/\/www.organisator.ch\/it\/operational-excellence\/2022-02-07\/neuer-leiter-werkstofftechnik-im-swiss-safety-center\/","title":{"rendered":"Nuovo responsabile della tecnologia dei materiali al Centro svizzero per la sicurezza"},"content":{"rendered":"<figure id=\"attachment_15871\" class=\"wp-caption alignnone\" style=\"width: 680px\" aria-describedby=\"caption-attachment-15871\"><img class=\"alignnone wp-image-15871 size-full\" src=\"https:\/\/www.m-q.ch\/wp-content\/uploads\/2022\/02\/Neuer-Leiter-Werkstofftechnik-im-Swiss-Safety-Center_MQ.jpg\" alt=\"Ingegneria dei materiali\" width=\"680\" height=\"532\" \/><figcaption id=\"caption-attachment-15871\" class=\"wp-caption-text\">Arnulf H\u00f6rtnagl \u00e8 il nome del nuovo responsabile della tecnologia dei materiali al Centro svizzero di sicurezza. (Immagine: zVg)<\/figcaption><\/figure>\r\nLo Swiss Safety Center, che fa parte del gruppo SVTI, dispone inoltre di competenze riconosciute nei settori della tecnologia e della scienza dei materiali, della metallurgia, della materialografia e della corrosione nell'ambito delle sue competenze in materia di prevenzione dei danni e di protezione antincendio ed elabora analisi dei danni, perizie e perizie. A tal fine, lo Swiss Safety Center esegue una vasta gamma di prove non distruttive sui materiali, sia fisse nel proprio laboratorio di prova che mobili sul posto.\r\n<h3>Particolarmente ben collegato nella scena delle PMI<\/h3>\r\nDopo un recente <a href=\"https:\/\/www.m-q.ch\/de\/robin-setz-ist-neuer-qualitaetsleiter-der-svti-gruppe\/\">nuovo responsabile della qualit\u00e0<\/a> \u00e8 stato presentato per l'intero SVTI Group, c'\u00e8 un altro sviluppo del personale da segnalare allo Swiss Safety Center: Il dottor Arnulf H\u00f6rtnagl \u00e8 il nuovo responsabile della tecnologia dei materiali da novembre 2021. \u00c8 un ingegnere meccanico con ulteriori specializzazioni in tecnologia di produzione e scienza dei materiali. Le sue attivit\u00e0 scientifiche hanno portato a un dottorato e a una specializzazione nei settori della corrosione, della tribologia e degli acciai inossidabili. Grazie alla sua attivit\u00e0 professionale in diversi laboratori attivi a livello internazionale, ha ampliato il suo know-how nella direzione della tecnologia delle materie plastiche e ha acquisito le sue competenze nelle vendite cos\u00ec come nella gestione di progetti di R&amp;S. Nel trasmettere conoscenze specialistiche, porta l'esperienza dei suoi due anni come docente di scienza dei materiali. Il suo eccellente networking nella \"scena PMI\" svizzera completa idealmente il suo profilo, secondo il Centro svizzero di sicurezza.\r\n<h3>Espandere ulteriormente l'area di competenza della tecnologia dei materiali<\/h3>\r\nNella sua nuova posizione, \u00e8 responsabile del laboratorio di prova, che ha la sua competenza principale nel settore delle prove dei materiali e dell'analisi dei danni su materiali principalmente metallici. Il suo obiettivo \u00e8 quello di espandere la gamma di servizi per includere test e analisi di acciai inossidabili e l'area della tecnologia della plastica, cos\u00ec come approfondire le misure di corrosione elettrochimica. Egli vede il laboratorio di prova come un centro di competenza e un partner per esami individuali fino a domande complesse per le PMI di tutte le dimensioni, da una vasta gamma di industrie, sia a livello nazionale che internazionale.\r\n\r\n<em>Fonte e ulteriori informazioni: <a href=\"http:\/\/www.safetycenter.ch\/\">Centro di sicurezza svizzero<\/a><\/em>\r\n\r\nIl contributo <a href=\"https:\/\/www.m-q.ch\/de\/neuer-leiter-werkstofftechnik-im-swiss-safety-center\/\" rel=\"nofollow\">Nuovo responsabile della tecnologia dei materiali al Centro svizzero per la sicurezza<\/a> \u00e8 apparso per la prima volta su <a href=\"https:\/\/www.m-q.ch\/de\/\" rel=\"nofollow\">MQ Gestione e qualit\u00e0<\/a>.\n<p class=\"syndicated-attribution\">Questo articolo \u00e8 apparso originariamente su m-q.ch - <a href=\"https:\/\/www.m-q.ch\/de\/neuer-leiter-werkstofftechnik-im-swiss-safety-center\/\" target=\"_blank\">https:\/\/www.m-q.ch\/de\/neuer-leiter-werkstofftechnik-im-swiss-safety-center\/<\/a><\/p>","protected":false},"excerpt":{"rendered":"<p>Das Swiss Safety Center, Teil der SVTI-Gruppe, verf\u00fcgt im Rahmen seiner Aufgabenbereiche zu Schadenspr\u00e4vention und Brandschutz auch \u00fcber anerkannte Kompetenz auf den Gebieten Werkstofftechnik und -wissenschaft, Metallkunde, Materialografie sowie Korrosion und erstellt Schadensanalysen, Expertisen und Gutachten. Dazu f\u00fchrt das Swiss Safety Center eine Vielzahl an auch zerst\u00f6rungsfreien Werkstoffpr\u00fcfungen durch, station\u00e4r im eigenen Pr\u00fcflabor oder mobil [\u2026]<\/p>\n<p>Der Beitrag <a rel=\"nofollow\" href=\"https:\/\/www.m-q.ch\/de\/neuer-leiter-werkstofftechnik-im-swiss-safety-center\/\">Neuer Leiter Werkstofftechnik im Swiss Safety Center<\/a> erschien zuerst auf <a rel=\"nofollow\" href=\"https:\/\/www.m-q.ch\/de\/\">MQ Management und Qualit\u00e4t<\/a>.<\/p>\n","protected":false},"author":8,"featured_media":0,"comment_status":"closed","ping_status":"closed","sticky":false,"template":"","format":"standard","meta":{"_acf_changed":false,"_yoast_wpseo_focuskw":"Werkstofftechnik","_yoast_wpseo_metadesc":"Bereits seit November 2021 leitet neu Dr. Arnulf H\u00f6rtnagl den Bereich Werkstofftechnik des Swiss Safety Centers in Wallisellen.","articlekey":"","footnotes":""},"categories":[582],"tags":[614],"class_list":["post-9307","post","type-post","status-publish","format-standard","hentry","category-operational-excellence","tag-werkstofftechnik"],"acf":[],"yoast_head":"<!-- This site is optimized with the Yoast SEO plugin v27.4 - https:\/\/yoast.com\/product\/yoast-seo-wordpress\/ -->\n<title>Neuer Leiter Werkstofftechnik im Swiss Safety Center - Organisator<\/title>\n<meta name=\"description\" content=\"Bereits seit November 2021 leitet neu Dr. Arnulf H\u00f6rtnagl den Bereich Werkstofftechnik des Swiss Safety Centers in Wallisellen.\" \/>\n<meta name=\"robots\" content=\"index, follow, max-snippet:-1, max-image-preview:large, max-video-preview:-1\" \/>\n<link rel=\"canonical\" href=\"https:\/\/www.m-q.ch\/de\/neuer-leiter-werkstofftechnik-im-swiss-safety-center\/\" \/>\n<meta property=\"og:locale\" content=\"it_IT\" \/>\n<meta property=\"og:type\" content=\"article\" \/>\n<meta property=\"og:title\" content=\"Neuer Leiter Werkstofftechnik im Swiss Safety Center - Organisator\" \/>\n<meta property=\"og:description\" content=\"Bereits seit November 2021 leitet neu Dr. Arnulf H\u00f6rtnagl den Bereich Werkstofftechnik des Swiss Safety Centers in Wallisellen.\" \/>\n<meta property=\"og:url\" content=\"https:\/\/www.m-q.ch\/de\/neuer-leiter-werkstofftechnik-im-swiss-safety-center\/\" \/>\n<meta property=\"og:site_name\" content=\"Organisator\" \/>\n<meta property=\"article:publisher\" content=\"https:\/\/www.facebook.com\/OrganisatorFachmagazin\" \/>\n<meta property=\"article:published_time\" content=\"2022-02-07T08:32:14+00:00\" \/>\n<meta property=\"article:modified_time\" content=\"2022-08-02T12:21:41+00:00\" \/>\n<meta property=\"og:image\" content=\"https:\/\/www.m-q.ch\/wp-content\/uploads\/2022\/02\/Neuer-Leiter-Werkstofftechnik-im-Swiss-Safety-Center_MQ.jpg\" \/>\n<meta name=\"author\" content=\"galledia\" \/>\n<meta name=\"twitter:card\" content=\"summary_large_image\" \/>\n<meta name=\"twitter:creator\" content=\"@admin\" \/>\n<script type=\"application\/ld+json\" class=\"yoast-schema-graph\">{\"@context\":\"https:\\\/\\\/schema.org\",\"@graph\":[{\"@type\":\"Article\",\"@id\":\"https:\\\/\\\/www.m-q.ch\\\/de\\\/neuer-leiter-werkstofftechnik-im-swiss-safety-center\\\/#article\",\"isPartOf\":{\"@id\":\"https:\\\/\\\/www.organisator.ch\\\/operational-excellence\\\/2022-02-07\\\/neuer-leiter-werkstofftechnik-im-swiss-safety-center\\\/\"},\"author\":{\"name\":\"galledia\",\"@id\":\"https:\\\/\\\/www.organisator.ch\\\/#\\\/schema\\\/person\\\/4e51799071cd2dd1232ac003643ef5f0\"},\"headline\":\"Neuer Leiter Werkstofftechnik im Swiss Safety Center\",\"datePublished\":\"2022-02-07T08:32:14+00:00\",\"dateModified\":\"2022-08-02T12:21:41+00:00\",\"mainEntityOfPage\":{\"@id\":\"https:\\\/\\\/www.organisator.ch\\\/operational-excellence\\\/2022-02-07\\\/neuer-leiter-werkstofftechnik-im-swiss-safety-center\\\/\"},\"wordCount\":343,\"publisher\":{\"@id\":\"https:\\\/\\\/www.organisator.ch\\\/#organization\"},\"image\":{\"@id\":\"https:\\\/\\\/www.m-q.ch\\\/de\\\/neuer-leiter-werkstofftechnik-im-swiss-safety-center\\\/#primaryimage\"},\"thumbnailUrl\":\"https:\\\/\\\/www.m-q.ch\\\/wp-content\\\/uploads\\\/2022\\\/02\\\/Neuer-Leiter-Werkstofftechnik-im-Swiss-Safety-Center_MQ.jpg\",\"keywords\":[\"Werkstofftechnik\"],\"articleSection\":[\"OPERATIONAL EXCELLENCE\"],\"inLanguage\":\"it-IT\"},{\"@type\":\"WebPage\",\"@id\":\"https:\\\/\\\/www.organisator.ch\\\/operational-excellence\\\/2022-02-07\\\/neuer-leiter-werkstofftechnik-im-swiss-safety-center\\\/\",\"url\":\"https:\\\/\\\/www.m-q.ch\\\/de\\\/neuer-leiter-werkstofftechnik-im-swiss-safety-center\\\/\",\"name\":\"Neuer Leiter Werkstofftechnik im Swiss Safety Center - Organisator\",\"isPartOf\":{\"@id\":\"https:\\\/\\\/www.organisator.ch\\\/#website\"},\"primaryImageOfPage\":{\"@id\":\"https:\\\/\\\/www.m-q.ch\\\/de\\\/neuer-leiter-werkstofftechnik-im-swiss-safety-center\\\/#primaryimage\"},\"image\":{\"@id\":\"https:\\\/\\\/www.m-q.ch\\\/de\\\/neuer-leiter-werkstofftechnik-im-swiss-safety-center\\\/#primaryimage\"},\"thumbnailUrl\":\"https:\\\/\\\/www.m-q.ch\\\/wp-content\\\/uploads\\\/2022\\\/02\\\/Neuer-Leiter-Werkstofftechnik-im-Swiss-Safety-Center_MQ.jpg\",\"datePublished\":\"2022-02-07T08:32:14+00:00\",\"dateModified\":\"2022-08-02T12:21:41+00:00\",\"description\":\"Bereits seit November 2021 leitet neu Dr. Arnulf H\u00f6rtnagl den Bereich Werkstofftechnik des Swiss Safety Centers in Wallisellen.\",\"breadcrumb\":{\"@id\":\"https:\\\/\\\/www.m-q.ch\\\/de\\\/neuer-leiter-werkstofftechnik-im-swiss-safety-center\\\/#breadcrumb\"},\"inLanguage\":\"it-IT\",\"potentialAction\":[{\"@type\":\"ReadAction\",\"target\":[\"https:\\\/\\\/www.m-q.ch\\\/de\\\/neuer-leiter-werkstofftechnik-im-swiss-safety-center\\\/\"]}]},{\"@type\":\"ImageObject\",\"inLanguage\":\"it-IT\",\"@id\":\"https:\\\/\\\/www.m-q.ch\\\/de\\\/neuer-leiter-werkstofftechnik-im-swiss-safety-center\\\/#primaryimage\",\"url\":\"https:\\\/\\\/www.m-q.ch\\\/wp-content\\\/uploads\\\/2022\\\/02\\\/Neuer-Leiter-Werkstofftechnik-im-Swiss-Safety-Center_MQ.jpg\",\"contentUrl\":\"https:\\\/\\\/www.m-q.ch\\\/wp-content\\\/uploads\\\/2022\\\/02\\\/Neuer-Leiter-Werkstofftechnik-im-Swiss-Safety-Center_MQ.jpg\"},{\"@type\":\"BreadcrumbList\",\"@id\":\"https:\\\/\\\/www.m-q.ch\\\/de\\\/neuer-leiter-werkstofftechnik-im-swiss-safety-center\\\/#breadcrumb\",\"itemListElement\":[{\"@type\":\"ListItem\",\"position\":1,\"name\":\"Home\",\"item\":\"https:\\\/\\\/www.organisator.ch\\\/\"},{\"@type\":\"ListItem\",\"position\":2,\"name\":\"Neuer Leiter Werkstofftechnik im Swiss Safety Center\"}]},{\"@type\":\"WebSite\",\"@id\":\"https:\\\/\\\/www.organisator.ch\\\/#website\",\"url\":\"https:\\\/\\\/www.organisator.ch\\\/\",\"name\":\"Organisator\",\"description\":\"Kompetent. Praxisnah. Der ORGANISATOR bereitet in 10 Ausgaben pro Jahr die wesentlichen Themen f\u00fcr F\u00fchrungskr\u00e4fte von KMU auf.\",\"publisher\":{\"@id\":\"https:\\\/\\\/www.organisator.ch\\\/#organization\"},\"potentialAction\":[{\"@type\":\"SearchAction\",\"target\":{\"@type\":\"EntryPoint\",\"urlTemplate\":\"https:\\\/\\\/www.organisator.ch\\\/?s={search_term_string}\"},\"query-input\":{\"@type\":\"PropertyValueSpecification\",\"valueRequired\":true,\"valueName\":\"search_term_string\"}}],\"inLanguage\":\"it-IT\"},{\"@type\":\"Organization\",\"@id\":\"https:\\\/\\\/www.organisator.ch\\\/#organization\",\"name\":\"Organisator\",\"url\":\"https:\\\/\\\/www.organisator.ch\\\/\",\"logo\":{\"@type\":\"ImageObject\",\"inLanguage\":\"it-IT\",\"@id\":\"https:\\\/\\\/www.organisator.ch\\\/#\\\/schema\\\/logo\\\/image\\\/\",\"url\":\"https:\\\/\\\/www.organisator.ch\\\/wp-content\\\/uploads\\\/2022\\\/01\\\/Logo_Organisator_Website.png\",\"contentUrl\":\"https:\\\/\\\/www.organisator.ch\\\/wp-content\\\/uploads\\\/2022\\\/01\\\/Logo_Organisator_Website.png\",\"width\":800,\"height\":77,\"caption\":\"Organisator\"},\"image\":{\"@id\":\"https:\\\/\\\/www.organisator.ch\\\/#\\\/schema\\\/logo\\\/image\\\/\"},\"sameAs\":[\"https:\\\/\\\/www.facebook.com\\\/OrganisatorFachmagazin\",\"https:\\\/\\\/www.linkedin.com\\\/showcase\\\/organisator-das-magazin-fr-kmu\",\"https:\\\/\\\/www.xing.com\\\/news\\\/pages\\\/organisator-ch-695\",\"https:\\\/\\\/www.youtube.com\\\/channel\\\/UCGP2Sq0iWaZwT3BdIAQFYpw\"]},{\"@type\":\"Person\",\"@id\":\"https:\\\/\\\/www.organisator.ch\\\/#\\\/schema\\\/person\\\/4e51799071cd2dd1232ac003643ef5f0\",\"name\":\"galledia\",\"image\":{\"@type\":\"ImageObject\",\"inLanguage\":\"it-IT\",\"@id\":\"https:\\\/\\\/secure.gravatar.com\\\/avatar\\\/78a7f90c01fc2bfc875782a0d4922b37cde2cf184ce347b91316d23cd7f69a36?s=96&d=mm&r=g\",\"url\":\"https:\\\/\\\/secure.gravatar.com\\\/avatar\\\/78a7f90c01fc2bfc875782a0d4922b37cde2cf184ce347b91316d23cd7f69a36?s=96&d=mm&r=g\",\"contentUrl\":\"https:\\\/\\\/secure.gravatar.com\\\/avatar\\\/78a7f90c01fc2bfc875782a0d4922b37cde2cf184ce347b91316d23cd7f69a36?s=96&d=mm&r=g\",\"caption\":\"galledia\"},\"sameAs\":[\"https:\\\/\\\/x.com\\\/admin\"],\"url\":\"https:\\\/\\\/www.organisator.ch\\\/it\\\/author\\\/galledia\\\/\"}]}<\/script>\n<!-- \/ Yoast SEO plugin. -->","yoast_head_json":{"title":"Nuovo responsabile della tecnologia dei materiali presso il Centro svizzero per la sicurezza - Organizzatore","description":"Gi\u00e0 nel novembre 2021, il dottor Arnulf H\u00f6rtnagl ha assunto la carica di responsabile della tecnologia dei materiali presso il Centro svizzero per la sicurezza di Wallisellen.","robots":{"index":"index","follow":"follow","max-snippet":"max-snippet:-1","max-image-preview":"max-image-preview:large","max-video-preview":"max-video-preview:-1"},"canonical":"https:\/\/www.m-q.ch\/de\/neuer-leiter-werkstofftechnik-im-swiss-safety-center\/","og_locale":"it_IT","og_type":"article","og_title":"Neuer Leiter Werkstofftechnik im Swiss Safety Center - Organisator","og_description":"Bereits seit November 2021 leitet neu Dr. Arnulf H\u00f6rtnagl den Bereich Werkstofftechnik des Swiss Safety Centers in Wallisellen.","og_url":"https:\/\/www.m-q.ch\/de\/neuer-leiter-werkstofftechnik-im-swiss-safety-center\/","og_site_name":"Organisator","article_publisher":"https:\/\/www.facebook.com\/OrganisatorFachmagazin","article_published_time":"2022-02-07T08:32:14+00:00","article_modified_time":"2022-08-02T12:21:41+00:00","og_image":[{"url":"https:\/\/www.m-q.ch\/wp-content\/uploads\/2022\/02\/Neuer-Leiter-Werkstofftechnik-im-Swiss-Safety-Center_MQ.jpg","type":"","width":"","height":""}],"author":"galledia","twitter_card":"summary_large_image","twitter_creator":"@admin","schema":{"@context":"https:\/\/schema.org","@graph":[{"@type":"Article","@id":"https:\/\/www.m-q.ch\/de\/neuer-leiter-werkstofftechnik-im-swiss-safety-center\/#article","isPartOf":{"@id":"https:\/\/www.organisator.ch\/operational-excellence\/2022-02-07\/neuer-leiter-werkstofftechnik-im-swiss-safety-center\/"},"author":{"name":"galledia","@id":"https:\/\/www.organisator.ch\/#\/schema\/person\/4e51799071cd2dd1232ac003643ef5f0"},"headline":"Neuer Leiter Werkstofftechnik im Swiss Safety Center","datePublished":"2022-02-07T08:32:14+00:00","dateModified":"2022-08-02T12:21:41+00:00","mainEntityOfPage":{"@id":"https:\/\/www.organisator.ch\/operational-excellence\/2022-02-07\/neuer-leiter-werkstofftechnik-im-swiss-safety-center\/"},"wordCount":343,"publisher":{"@id":"https:\/\/www.organisator.ch\/#organization"},"image":{"@id":"https:\/\/www.m-q.ch\/de\/neuer-leiter-werkstofftechnik-im-swiss-safety-center\/#primaryimage"},"thumbnailUrl":"https:\/\/www.m-q.ch\/wp-content\/uploads\/2022\/02\/Neuer-Leiter-Werkstofftechnik-im-Swiss-Safety-Center_MQ.jpg","keywords":["Werkstofftechnik"],"articleSection":["OPERATIONAL EXCELLENCE"],"inLanguage":"it-IT"},{"@type":"WebPage","@id":"https:\/\/www.organisator.ch\/operational-excellence\/2022-02-07\/neuer-leiter-werkstofftechnik-im-swiss-safety-center\/","url":"https:\/\/www.m-q.ch\/de\/neuer-leiter-werkstofftechnik-im-swiss-safety-center\/","name":"Nuovo responsabile della tecnologia dei materiali presso il Centro svizzero per la sicurezza - Organizzatore","isPartOf":{"@id":"https:\/\/www.organisator.ch\/#website"},"primaryImageOfPage":{"@id":"https:\/\/www.m-q.ch\/de\/neuer-leiter-werkstofftechnik-im-swiss-safety-center\/#primaryimage"},"image":{"@id":"https:\/\/www.m-q.ch\/de\/neuer-leiter-werkstofftechnik-im-swiss-safety-center\/#primaryimage"},"thumbnailUrl":"https:\/\/www.m-q.ch\/wp-content\/uploads\/2022\/02\/Neuer-Leiter-Werkstofftechnik-im-Swiss-Safety-Center_MQ.jpg","datePublished":"2022-02-07T08:32:14+00:00","dateModified":"2022-08-02T12:21:41+00:00","description":"Gi\u00e0 nel novembre 2021, il dottor Arnulf H\u00f6rtnagl ha assunto la carica di responsabile della tecnologia dei materiali presso il Centro svizzero per la sicurezza di Wallisellen.","breadcrumb":{"@id":"https:\/\/www.m-q.ch\/de\/neuer-leiter-werkstofftechnik-im-swiss-safety-center\/#breadcrumb"},"inLanguage":"it-IT","potentialAction":[{"@type":"ReadAction","target":["https:\/\/www.m-q.ch\/de\/neuer-leiter-werkstofftechnik-im-swiss-safety-center\/"]}]},{"@type":"ImageObject","inLanguage":"it-IT","@id":"https:\/\/www.m-q.ch\/de\/neuer-leiter-werkstofftechnik-im-swiss-safety-center\/#primaryimage","url":"https:\/\/www.m-q.ch\/wp-content\/uploads\/2022\/02\/Neuer-Leiter-Werkstofftechnik-im-Swiss-Safety-Center_MQ.jpg","contentUrl":"https:\/\/www.m-q.ch\/wp-content\/uploads\/2022\/02\/Neuer-Leiter-Werkstofftechnik-im-Swiss-Safety-Center_MQ.jpg"},{"@type":"BreadcrumbList","@id":"https:\/\/www.m-q.ch\/de\/neuer-leiter-werkstofftechnik-im-swiss-safety-center\/#breadcrumb","itemListElement":[{"@type":"ListItem","position":1,"name":"Home","item":"https:\/\/www.organisator.ch\/"},{"@type":"ListItem","position":2,"name":"Neuer Leiter Werkstofftechnik im Swiss Safety Center"}]},{"@type":"WebSite","@id":"https:\/\/www.organisator.ch\/#website","url":"https:\/\/www.organisator.ch\/","name":"Organizzatore","description":"Competente. Pratico. In 10 numeri all'anno, ORGANISATOR presenta i temi essenziali per i manager delle PMI.","publisher":{"@id":"https:\/\/www.organisator.ch\/#organization"},"potentialAction":[{"@type":"SearchAction","target":{"@type":"EntryPoint","urlTemplate":"https:\/\/www.organisator.ch\/?s={search_term_string}"},"query-input":{"@type":"PropertyValueSpecification","valueRequired":true,"valueName":"search_term_string"}}],"inLanguage":"it-IT"},{"@type":"Organization","@id":"https:\/\/www.organisator.ch\/#organization","name":"Organizzatore","url":"https:\/\/www.organisator.ch\/","logo":{"@type":"ImageObject","inLanguage":"it-IT","@id":"https:\/\/www.organisator.ch\/#\/schema\/logo\/image\/","url":"https:\/\/www.organisator.ch\/wp-content\/uploads\/2022\/01\/Logo_Organisator_Website.png","contentUrl":"https:\/\/www.organisator.ch\/wp-content\/uploads\/2022\/01\/Logo_Organisator_Website.png","width":800,"height":77,"caption":"Organisator"},"image":{"@id":"https:\/\/www.organisator.ch\/#\/schema\/logo\/image\/"},"sameAs":["https:\/\/www.facebook.com\/OrganisatorFachmagazin","https:\/\/www.linkedin.com\/showcase\/organisator-das-magazin-fr-kmu","https:\/\/www.xing.com\/news\/pages\/organisator-ch-695","https:\/\/www.youtube.com\/channel\/UCGP2Sq0iWaZwT3BdIAQFYpw"]},{"@type":"Person","@id":"https:\/\/www.organisator.ch\/#\/schema\/person\/4e51799071cd2dd1232ac003643ef5f0","name":"galledia","image":{"@type":"ImageObject","inLanguage":"it-IT","@id":"https:\/\/secure.gravatar.com\/avatar\/78a7f90c01fc2bfc875782a0d4922b37cde2cf184ce347b91316d23cd7f69a36?s=96&d=mm&r=g","url":"https:\/\/secure.gravatar.com\/avatar\/78a7f90c01fc2bfc875782a0d4922b37cde2cf184ce347b91316d23cd7f69a36?s=96&d=mm&r=g","contentUrl":"https:\/\/secure.gravatar.com\/avatar\/78a7f90c01fc2bfc875782a0d4922b37cde2cf184ce347b91316d23cd7f69a36?s=96&d=mm&r=g","caption":"galledia"},"sameAs":["https:\/\/x.com\/admin"],"url":"https:\/\/www.organisator.ch\/it\/author\/galledia\/"}]}},"_links":{"self":[{"href":"https:\/\/www.organisator.ch\/it\/wp-json\/wp\/v2\/posts\/9307","targetHints":{"allow":["GET"]}}],"collection":[{"href":"https:\/\/www.organisator.ch\/it\/wp-json\/wp\/v2\/posts"}],"about":[{"href":"https:\/\/www.organisator.ch\/it\/wp-json\/wp\/v2\/types\/post"}],"author":[{"embeddable":true,"href":"https:\/\/www.organisator.ch\/it\/wp-json\/wp\/v2\/users\/8"}],"replies":[{"embeddable":true,"href":"https:\/\/www.organisator.ch\/it\/wp-json\/wp\/v2\/comments?post=9307"}],"version-history":[{"count":6,"href":"https:\/\/www.organisator.ch\/it\/wp-json\/wp\/v2\/posts\/9307\/revisions"}],"predecessor-version":[{"id":16210,"href":"https:\/\/www.organisator.ch\/it\/wp-json\/wp\/v2\/posts\/9307\/revisions\/16210"}],"wp:attachment":[{"href":"https:\/\/www.organisator.ch\/it\/wp-json\/wp\/v2\/media?parent=9307"}],"wp:term":[{"taxonomy":"category","embeddable":true,"href":"https:\/\/www.organisator.ch\/it\/wp-json\/wp\/v2\/categories?post=9307"},{"taxonomy":"post_tag","embeddable":true,"href":"https:\/\/www.organisator.ch\/it\/wp-json\/wp\/v2\/tags?post=9307"}],"curies":[{"name":"wp","href":"https:\/\/api.w.org\/{rel}","templated":true}]}}