{"id":940,"date":"2016-07-19T17:37:51","date_gmt":"2016-07-19T15:37:51","guid":{"rendered":"http:\/\/dev.organisator.ch\/?p=940"},"modified":"2016-07-19T17:37:51","modified_gmt":"2016-07-19T15:37:51","slug":"ohne-flexible-arbeitszeit-keine-bewerbung","status":"publish","type":"post","link":"https:\/\/www.organisator.ch\/it\/human-resources\/hrm\/2016-07-19\/ohne-flexible-arbeitszeit-keine-bewerbung\/","title":{"rendered":"Nessuna applicazione senza orari di lavoro flessibili"},"content":{"rendered":"<figure id=\"attachment_943\" aria-describedby=\"caption-attachment-943\" style=\"width: 640px\" class=\"wp-caption alignnone\"><img loading=\"lazy\" decoding=\"async\" class=\"size-full wp-image-943\" src=\"https:\/\/www.organisator.ch\/wp-content\/uploads\/2016\/12\/Ohne-flexible-Arbeitszeit-keine-Bewerbung-organisator.jpg\" alt=\"\" width=\"640\" height=\"361\" srcset=\"https:\/\/www.organisator.ch\/wp-content\/uploads\/2016\/12\/Ohne-flexible-Arbeitszeit-keine-Bewerbung-organisator.jpg 640w, https:\/\/www.organisator.ch\/wp-content\/uploads\/2016\/12\/Ohne-flexible-Arbeitszeit-keine-Bewerbung-organisator-16x9.jpg 16w, https:\/\/www.organisator.ch\/wp-content\/uploads\/2016\/12\/Ohne-flexible-Arbeitszeit-keine-Bewerbung-organisator-310x175.jpg 310w, https:\/\/www.organisator.ch\/wp-content\/uploads\/2016\/12\/Ohne-flexible-Arbeitszeit-keine-Bewerbung-organisator-620x350.jpg 620w, https:\/\/www.organisator.ch\/wp-content\/uploads\/2016\/12\/Ohne-flexible-Arbeitszeit-keine-Bewerbung-organisator-300x169.jpg 300w\" sizes=\"auto, (max-width: 640px) 100vw, 640px\" \/><figcaption id=\"caption-attachment-943\" class=\"wp-caption-text\">Pendolari pi\u00f9 corti significano poter passare pi\u00f9 tempo con la famiglia e gli amici. (Fonte immagine: Regus)<\/figcaption><\/figure>\n<blockquote><p>Garry G\u00fcrtler, Country Manager della Svizzera di Regus: \"La flessibilit\u00e0 e la possibilit\u00e0 di lavorare vicino a casa sono sempre pi\u00f9 importanti.<\/p><\/blockquote>\n<p>In un nuovo studio, Regus, leader mondiale nella fornitura di soluzioni per spazi di lavoro, mostra che la flessibilit\u00e0 gioca un ruolo cruciale per i lavoratori. Molti di loro rifiuterebbero anche un lavoro che non offre un modello di lavoro flessibile. Pi\u00f9 di un terzo degli intervistati dice che con la possibilit\u00e0 di lavorare in modo flessibile, sarebbero rimasti pi\u00f9 a lungo in un lavoro precedente. Questo illustra l'alto valore attribuito al lavoro flessibile tra i dipendenti.<\/p>\n<p><strong>Lavoro flessibile<\/strong><\/p>\n<p>Lo studio con circa 40.000 partecipanti in tutto il mondo ha scoperto che il lavoro flessibile offre una gamma sorprendentemente ampia di benefici. La distanza pi\u00f9 breve tra il lavoro e la casa \u00e8 particolarmente importante: quando i dipendenti hanno meno spostamenti e possono invece andare al lavoro a piedi o in bicicletta, si sentono pi\u00f9 riposati e sono pi\u00f9 sani. Forse ancora pi\u00f9 importante \u00e8 il fatto che i pendolari pi\u00f9 brevi permettono ai dipendenti di passare pi\u00f9 tempo con la famiglia e gli amici.<\/p>\n<p>Risultati chiave dello studio:<\/p>\n<p>- I lavoratori flessibili hanno pi\u00f9 tempo libero, secondo il 73 % degli intervistati, perch\u00e9 possono scegliere il luogo e l'ambito di lavoro;<\/p>\n<p>- Quattro intervistati su cinque dicono che i lavoratori flessibili possono bilanciare meglio il lavoro e la vita privata;<\/p>\n<p>- 63 % affermano che i lavoratori flessibili prestano pi\u00f9 attenzione al loro benessere;<\/p>\n<p>- I proprietari di aziende credono che i lavoratori flessibili siano pi\u00f9 riposati (58 %) e pi\u00f9 sani (67 %) grazie a pendolari pi\u00f9 brevi, e hanno anche pi\u00f9 opportunit\u00e0 di fare esercizio (76 %);<\/p>\n<p>- Tuttavia, il beneficio pi\u00f9 significativo del lavoro flessibile, secondo gli intervistati, \u00e8 che i lavoratori possono trascorrere pi\u00f9 tempo con la famiglia e gli amici (94 %); quindi, non \u00e8 sorprendente che 98 % sceglierebbero un lavoro con un modello di lavoro flessibile in caso di dubbio;<\/p>\n<p>- 69 % dichiarano addirittura che rifiuterebbero un lavoro che non permette il lavoro flessibile.<\/p>\n<p>Garry G\u00fcrtler, Country Manager della Svizzera di Regus: \"La flessibilit\u00e0 e la possibilit\u00e0 di lavorare vicino a casa sono sempre pi\u00f9 importanti. Per la forza lavoro di oggi, un equilibrio tra le loro frenetiche vite professionali e i loro bisogni fisici e mentali \u00e8 sempre pi\u00f9 importante. Le aziende che vogliono attrarre e mantenere lavoratori preziosi e altamente qualificati non possono pi\u00f9 ignorare l'importanza di un buon equilibrio tra lavoro e vita privata\".<\/p>\n<p>\"Ci\u00f2 che \u00e8 sorprendente \u00e8 quanti benefici diversi gli intervistati vedono nel lavorare pi\u00f9 vicino a casa: Oltre ad essere in grado di andare al lavoro in bicicletta e dormire pi\u00f9 a lungo, i principali benefici menzionati sono una maggiore consapevolezza e una migliore salute, cos\u00ec come pi\u00f9 tempo per gli amici, la famiglia e gli hobby\".<\/p>\n<p>Per maggiori informazioni, visitate <a href=\"http:\/\/www.regus.ch\" target=\"_blank\" data-cke-saved-href=\"http:\/\/www.regus.ch\" rel=\"noopener\">www.regus.ch<\/a><\/p>","protected":false},"excerpt":{"rendered":"<p>Garry G\u00fcrtler, Country Manager der Schweiz bei Regus: \u201eFlexibilit\u00e4t und die M\u00f6glichkeit, n\u00e4her am Wohnort zu arbeiten, gewinnen immer mehr an Bedeutung. In einer neuen Studie zeigt Regus, der weltweit f\u00fchrende Anbieter von Arbeitsrauml\u00f6sungen, dass Flexibilit\u00e4t f\u00fcr Arbeitskr\u00e4fte eine entscheidende Rolle spielt. Viele von ihnen w\u00fcrden sogar eine Stelle ablehnen, die kein flexibles Arbeitsmodell bietet. [&hellip;]<\/p>\n","protected":false},"author":1,"featured_media":943,"comment_status":"open","ping_status":"open","sticky":false,"template":"","format":"standard","meta":{"_acf_changed":false,"_yoast_wpseo_focuskw":"flexible Arbeitszeit","_yoast_wpseo_metadesc":"Eine Studie zeigt, dass sich Arbeitskr\u00e4fte nach Flexibilit\u00e4t sehnen. 69 Prozent w\u00fcrden einen Job ohne flexibles Arbeitsmodell ablehnen.","articlekey":"","footnotes":""},"categories":[26],"tags":[51,254,459],"class_list":["post-940","post","type-post","status-publish","format-standard","has-post-thumbnail","hentry","category-hrm","tag-arbeitsplatzgestaltung","tag-hrm","tag-studie"],"acf":[],"yoast_head":"<!-- This site is optimized with the Yoast SEO plugin v27.4 - https:\/\/yoast.com\/product\/yoast-seo-wordpress\/ -->\n<title>Ohne flexible Arbeitszeit keine Bewerbung - Organisator<\/title>\n<meta name=\"description\" content=\"Eine Studie zeigt, dass sich Arbeitskr\u00e4fte nach Flexibilit\u00e4t sehnen. 69 Prozent w\u00fcrden einen Job ohne flexibles Arbeitsmodell ablehnen.\" \/>\n<meta name=\"robots\" content=\"index, follow, max-snippet:-1, max-image-preview:large, max-video-preview:-1\" \/>\n<link rel=\"canonical\" href=\"https:\/\/www.organisator.ch\/it\/risorse-umane\/hrm\/2016-07-19\/ohne-flexible-arbeitszeit-keine-bewerbung\/\" \/>\n<meta property=\"og:locale\" content=\"it_IT\" \/>\n<meta property=\"og:type\" content=\"article\" \/>\n<meta property=\"og:title\" content=\"Ohne flexible Arbeitszeit keine Bewerbung\" \/>\n<meta property=\"og:description\" content=\"Eine Regus-Studie zeigt, dass sich Arbeitskr\u00e4fte nach Flexibilit\u00e4t und den damit verbundenen Vorteilen sehnen. 69 Prozent der Arbeitskr\u00e4fte w\u00fcrden einen Job ohne flexibles Arbeitsmodell ablehnen.\" \/>\n<meta property=\"og:url\" content=\"https:\/\/www.organisator.ch\/it\/risorse-umane\/hrm\/2016-07-19\/ohne-flexible-arbeitszeit-keine-bewerbung\/\" \/>\n<meta property=\"og:site_name\" content=\"Organisator\" \/>\n<meta property=\"article:publisher\" content=\"https:\/\/www.facebook.com\/OrganisatorFachmagazin\" \/>\n<meta property=\"article:published_time\" content=\"2016-07-19T15:37:51+00:00\" \/>\n<meta name=\"author\" content=\"admin\" \/>\n<meta name=\"twitter:card\" content=\"summary_large_image\" \/>\n<meta name=\"twitter:image\" content=\"https:\/\/www.organisator.ch\/wp-content\/uploads\/2016\/12\/Ohne-flexible-Arbeitszeit-keine-Bewerbung-organisator.jpg\" \/>\n<script type=\"application\/ld+json\" class=\"yoast-schema-graph\">{\"@context\":\"https:\\\/\\\/schema.org\",\"@graph\":[{\"@type\":\"Article\",\"@id\":\"https:\\\/\\\/www.organisator.ch\\\/human-resources\\\/hrm\\\/2016-07-19\\\/ohne-flexible-arbeitszeit-keine-bewerbung\\\/#article\",\"isPartOf\":{\"@id\":\"https:\\\/\\\/www.organisator.ch\\\/human-resources\\\/hrm\\\/2016-07-19\\\/ohne-flexible-arbeitszeit-keine-bewerbung\\\/\"},\"author\":{\"name\":\"admin\",\"@id\":\"https:\\\/\\\/www.organisator.ch\\\/#\\\/schema\\\/person\\\/aa2bace6c5c5aad60102004a50c4eb1c\"},\"headline\":\"Ohne flexible Arbeitszeit keine Bewerbung\",\"datePublished\":\"2016-07-19T15:37:51+00:00\",\"mainEntityOfPage\":{\"@id\":\"https:\\\/\\\/www.organisator.ch\\\/human-resources\\\/hrm\\\/2016-07-19\\\/ohne-flexible-arbeitszeit-keine-bewerbung\\\/\"},\"wordCount\":494,\"commentCount\":0,\"publisher\":{\"@id\":\"https:\\\/\\\/www.organisator.ch\\\/#organization\"},\"image\":{\"@id\":\"https:\\\/\\\/www.organisator.ch\\\/human-resources\\\/hrm\\\/2016-07-19\\\/ohne-flexible-arbeitszeit-keine-bewerbung\\\/#primaryimage\"},\"thumbnailUrl\":\"https:\\\/\\\/www.organisator.ch\\\/wp-content\\\/uploads\\\/2016\\\/12\\\/Ohne-flexible-Arbeitszeit-keine-Bewerbung-organisator.jpg\",\"keywords\":[\"Arbeitsplatzgestaltung\",\"HRM\",\"Studie\"],\"articleSection\":[\"HRM\"],\"inLanguage\":\"it-IT\"},{\"@type\":\"WebPage\",\"@id\":\"https:\\\/\\\/www.organisator.ch\\\/human-resources\\\/hrm\\\/2016-07-19\\\/ohne-flexible-arbeitszeit-keine-bewerbung\\\/\",\"url\":\"https:\\\/\\\/www.organisator.ch\\\/human-resources\\\/hrm\\\/2016-07-19\\\/ohne-flexible-arbeitszeit-keine-bewerbung\\\/\",\"name\":\"Ohne flexible Arbeitszeit keine Bewerbung - Organisator\",\"isPartOf\":{\"@id\":\"https:\\\/\\\/www.organisator.ch\\\/#website\"},\"primaryImageOfPage\":{\"@id\":\"https:\\\/\\\/www.organisator.ch\\\/human-resources\\\/hrm\\\/2016-07-19\\\/ohne-flexible-arbeitszeit-keine-bewerbung\\\/#primaryimage\"},\"image\":{\"@id\":\"https:\\\/\\\/www.organisator.ch\\\/human-resources\\\/hrm\\\/2016-07-19\\\/ohne-flexible-arbeitszeit-keine-bewerbung\\\/#primaryimage\"},\"thumbnailUrl\":\"https:\\\/\\\/www.organisator.ch\\\/wp-content\\\/uploads\\\/2016\\\/12\\\/Ohne-flexible-Arbeitszeit-keine-Bewerbung-organisator.jpg\",\"datePublished\":\"2016-07-19T15:37:51+00:00\",\"description\":\"Eine Studie zeigt, dass sich Arbeitskr\u00e4fte nach Flexibilit\u00e4t sehnen. 69 Prozent w\u00fcrden einen Job ohne flexibles Arbeitsmodell ablehnen.\",\"breadcrumb\":{\"@id\":\"https:\\\/\\\/www.organisator.ch\\\/human-resources\\\/hrm\\\/2016-07-19\\\/ohne-flexible-arbeitszeit-keine-bewerbung\\\/#breadcrumb\"},\"inLanguage\":\"it-IT\",\"potentialAction\":[{\"@type\":\"ReadAction\",\"target\":[\"https:\\\/\\\/www.organisator.ch\\\/human-resources\\\/hrm\\\/2016-07-19\\\/ohne-flexible-arbeitszeit-keine-bewerbung\\\/\"]}]},{\"@type\":\"ImageObject\",\"inLanguage\":\"it-IT\",\"@id\":\"https:\\\/\\\/www.organisator.ch\\\/human-resources\\\/hrm\\\/2016-07-19\\\/ohne-flexible-arbeitszeit-keine-bewerbung\\\/#primaryimage\",\"url\":\"https:\\\/\\\/www.organisator.ch\\\/wp-content\\\/uploads\\\/2016\\\/12\\\/Ohne-flexible-Arbeitszeit-keine-Bewerbung-organisator.jpg\",\"contentUrl\":\"https:\\\/\\\/www.organisator.ch\\\/wp-content\\\/uploads\\\/2016\\\/12\\\/Ohne-flexible-Arbeitszeit-keine-Bewerbung-organisator.jpg\",\"width\":640,\"height\":361,\"caption\":\"K\u00fcrzere Arbeitswege heisst mehr Zeit f\u00fcr Familie und Freunde aufbringen zu k\u00f6nnen. (Bildquelle: Regus)\"},{\"@type\":\"BreadcrumbList\",\"@id\":\"https:\\\/\\\/www.organisator.ch\\\/human-resources\\\/hrm\\\/2016-07-19\\\/ohne-flexible-arbeitszeit-keine-bewerbung\\\/#breadcrumb\",\"itemListElement\":[{\"@type\":\"ListItem\",\"position\":1,\"name\":\"Home\",\"item\":\"https:\\\/\\\/www.organisator.ch\\\/\"},{\"@type\":\"ListItem\",\"position\":2,\"name\":\"Ohne flexible Arbeitszeit keine Bewerbung\"}]},{\"@type\":\"WebSite\",\"@id\":\"https:\\\/\\\/www.organisator.ch\\\/#website\",\"url\":\"https:\\\/\\\/www.organisator.ch\\\/\",\"name\":\"Organisator\",\"description\":\"Kompetent. Praxisnah. Der ORGANISATOR bereitet in 10 Ausgaben pro Jahr die wesentlichen Themen f\u00fcr F\u00fchrungskr\u00e4fte von KMU auf.\",\"publisher\":{\"@id\":\"https:\\\/\\\/www.organisator.ch\\\/#organization\"},\"potentialAction\":[{\"@type\":\"SearchAction\",\"target\":{\"@type\":\"EntryPoint\",\"urlTemplate\":\"https:\\\/\\\/www.organisator.ch\\\/?s={search_term_string}\"},\"query-input\":{\"@type\":\"PropertyValueSpecification\",\"valueRequired\":true,\"valueName\":\"search_term_string\"}}],\"inLanguage\":\"it-IT\"},{\"@type\":\"Organization\",\"@id\":\"https:\\\/\\\/www.organisator.ch\\\/#organization\",\"name\":\"Organisator\",\"url\":\"https:\\\/\\\/www.organisator.ch\\\/\",\"logo\":{\"@type\":\"ImageObject\",\"inLanguage\":\"it-IT\",\"@id\":\"https:\\\/\\\/www.organisator.ch\\\/#\\\/schema\\\/logo\\\/image\\\/\",\"url\":\"https:\\\/\\\/www.organisator.ch\\\/wp-content\\\/uploads\\\/2022\\\/01\\\/Logo_Organisator_Website.png\",\"contentUrl\":\"https:\\\/\\\/www.organisator.ch\\\/wp-content\\\/uploads\\\/2022\\\/01\\\/Logo_Organisator_Website.png\",\"width\":800,\"height\":77,\"caption\":\"Organisator\"},\"image\":{\"@id\":\"https:\\\/\\\/www.organisator.ch\\\/#\\\/schema\\\/logo\\\/image\\\/\"},\"sameAs\":[\"https:\\\/\\\/www.facebook.com\\\/OrganisatorFachmagazin\",\"https:\\\/\\\/www.linkedin.com\\\/showcase\\\/organisator-das-magazin-fr-kmu\",\"https:\\\/\\\/www.xing.com\\\/news\\\/pages\\\/organisator-ch-695\",\"https:\\\/\\\/www.youtube.com\\\/channel\\\/UCGP2Sq0iWaZwT3BdIAQFYpw\"]},{\"@type\":\"Person\",\"@id\":\"https:\\\/\\\/www.organisator.ch\\\/#\\\/schema\\\/person\\\/aa2bace6c5c5aad60102004a50c4eb1c\",\"name\":\"admin\",\"image\":{\"@type\":\"ImageObject\",\"inLanguage\":\"it-IT\",\"@id\":\"https:\\\/\\\/secure.gravatar.com\\\/avatar\\\/ae2f4d718e6c49043e314ce431e7e645d646302a24a5ef5a8bc8e3f5a032e319?s=96&d=mm&r=g\",\"url\":\"https:\\\/\\\/secure.gravatar.com\\\/avatar\\\/ae2f4d718e6c49043e314ce431e7e645d646302a24a5ef5a8bc8e3f5a032e319?s=96&d=mm&r=g\",\"contentUrl\":\"https:\\\/\\\/secure.gravatar.com\\\/avatar\\\/ae2f4d718e6c49043e314ce431e7e645d646302a24a5ef5a8bc8e3f5a032e319?s=96&d=mm&r=g\",\"caption\":\"admin\"},\"sameAs\":[\"https:\\\/\\\/www.organisator.ch\"],\"url\":\"https:\\\/\\\/www.organisator.ch\\\/it\\\/author\\\/admin\\\/\"}]}<\/script>\n<!-- \/ Yoast SEO plugin. -->","yoast_head_json":{"title":"Nessuna applicazione senza orari di lavoro flessibili - Organizzatore","description":"Uno studio dimostra che i lavoratori desiderano la flessibilit\u00e0. Il 69% rifiuterebbe un lavoro senza un modello di lavoro flessibile.","robots":{"index":"index","follow":"follow","max-snippet":"max-snippet:-1","max-image-preview":"max-image-preview:large","max-video-preview":"max-video-preview:-1"},"canonical":"https:\/\/www.organisator.ch\/it\/risorse-umane\/hrm\/2016-07-19\/ohne-flexible-arbeitszeit-keine-bewerbung\/","og_locale":"it_IT","og_type":"article","og_title":"Ohne flexible Arbeitszeit keine Bewerbung","og_description":"Eine Regus-Studie zeigt, dass sich Arbeitskr\u00e4fte nach Flexibilit\u00e4t und den damit verbundenen Vorteilen sehnen. 69 Prozent der Arbeitskr\u00e4fte w\u00fcrden einen Job ohne flexibles Arbeitsmodell ablehnen.","og_url":"https:\/\/www.organisator.ch\/it\/risorse-umane\/hrm\/2016-07-19\/ohne-flexible-arbeitszeit-keine-bewerbung\/","og_site_name":"Organisator","article_publisher":"https:\/\/www.facebook.com\/OrganisatorFachmagazin","article_published_time":"2016-07-19T15:37:51+00:00","author":"admin","twitter_card":"summary_large_image","twitter_image":"https:\/\/www.organisator.ch\/wp-content\/uploads\/2016\/12\/Ohne-flexible-Arbeitszeit-keine-Bewerbung-organisator.jpg","schema":{"@context":"https:\/\/schema.org","@graph":[{"@type":"Article","@id":"https:\/\/www.organisator.ch\/human-resources\/hrm\/2016-07-19\/ohne-flexible-arbeitszeit-keine-bewerbung\/#article","isPartOf":{"@id":"https:\/\/www.organisator.ch\/human-resources\/hrm\/2016-07-19\/ohne-flexible-arbeitszeit-keine-bewerbung\/"},"author":{"name":"admin","@id":"https:\/\/www.organisator.ch\/#\/schema\/person\/aa2bace6c5c5aad60102004a50c4eb1c"},"headline":"Ohne flexible Arbeitszeit keine Bewerbung","datePublished":"2016-07-19T15:37:51+00:00","mainEntityOfPage":{"@id":"https:\/\/www.organisator.ch\/human-resources\/hrm\/2016-07-19\/ohne-flexible-arbeitszeit-keine-bewerbung\/"},"wordCount":494,"commentCount":0,"publisher":{"@id":"https:\/\/www.organisator.ch\/#organization"},"image":{"@id":"https:\/\/www.organisator.ch\/human-resources\/hrm\/2016-07-19\/ohne-flexible-arbeitszeit-keine-bewerbung\/#primaryimage"},"thumbnailUrl":"https:\/\/www.organisator.ch\/wp-content\/uploads\/2016\/12\/Ohne-flexible-Arbeitszeit-keine-Bewerbung-organisator.jpg","keywords":["Arbeitsplatzgestaltung","HRM","Studie"],"articleSection":["HRM"],"inLanguage":"it-IT"},{"@type":"WebPage","@id":"https:\/\/www.organisator.ch\/human-resources\/hrm\/2016-07-19\/ohne-flexible-arbeitszeit-keine-bewerbung\/","url":"https:\/\/www.organisator.ch\/human-resources\/hrm\/2016-07-19\/ohne-flexible-arbeitszeit-keine-bewerbung\/","name":"Nessuna applicazione senza orari di lavoro flessibili - Organizzatore","isPartOf":{"@id":"https:\/\/www.organisator.ch\/#website"},"primaryImageOfPage":{"@id":"https:\/\/www.organisator.ch\/human-resources\/hrm\/2016-07-19\/ohne-flexible-arbeitszeit-keine-bewerbung\/#primaryimage"},"image":{"@id":"https:\/\/www.organisator.ch\/human-resources\/hrm\/2016-07-19\/ohne-flexible-arbeitszeit-keine-bewerbung\/#primaryimage"},"thumbnailUrl":"https:\/\/www.organisator.ch\/wp-content\/uploads\/2016\/12\/Ohne-flexible-Arbeitszeit-keine-Bewerbung-organisator.jpg","datePublished":"2016-07-19T15:37:51+00:00","description":"Uno studio dimostra che i lavoratori desiderano la flessibilit\u00e0. Il 69% rifiuterebbe un lavoro senza un modello di lavoro flessibile.","breadcrumb":{"@id":"https:\/\/www.organisator.ch\/human-resources\/hrm\/2016-07-19\/ohne-flexible-arbeitszeit-keine-bewerbung\/#breadcrumb"},"inLanguage":"it-IT","potentialAction":[{"@type":"ReadAction","target":["https:\/\/www.organisator.ch\/human-resources\/hrm\/2016-07-19\/ohne-flexible-arbeitszeit-keine-bewerbung\/"]}]},{"@type":"ImageObject","inLanguage":"it-IT","@id":"https:\/\/www.organisator.ch\/human-resources\/hrm\/2016-07-19\/ohne-flexible-arbeitszeit-keine-bewerbung\/#primaryimage","url":"https:\/\/www.organisator.ch\/wp-content\/uploads\/2016\/12\/Ohne-flexible-Arbeitszeit-keine-Bewerbung-organisator.jpg","contentUrl":"https:\/\/www.organisator.ch\/wp-content\/uploads\/2016\/12\/Ohne-flexible-Arbeitszeit-keine-Bewerbung-organisator.jpg","width":640,"height":361,"caption":"K\u00fcrzere Arbeitswege heisst mehr Zeit f\u00fcr Familie und Freunde aufbringen zu k\u00f6nnen. (Bildquelle: Regus)"},{"@type":"BreadcrumbList","@id":"https:\/\/www.organisator.ch\/human-resources\/hrm\/2016-07-19\/ohne-flexible-arbeitszeit-keine-bewerbung\/#breadcrumb","itemListElement":[{"@type":"ListItem","position":1,"name":"Home","item":"https:\/\/www.organisator.ch\/"},{"@type":"ListItem","position":2,"name":"Ohne flexible Arbeitszeit keine Bewerbung"}]},{"@type":"WebSite","@id":"https:\/\/www.organisator.ch\/#website","url":"https:\/\/www.organisator.ch\/","name":"Organizzatore","description":"Competente. Pratico. In 10 numeri all'anno, ORGANISATOR presenta i temi essenziali per i manager delle PMI.","publisher":{"@id":"https:\/\/www.organisator.ch\/#organization"},"potentialAction":[{"@type":"SearchAction","target":{"@type":"EntryPoint","urlTemplate":"https:\/\/www.organisator.ch\/?s={search_term_string}"},"query-input":{"@type":"PropertyValueSpecification","valueRequired":true,"valueName":"search_term_string"}}],"inLanguage":"it-IT"},{"@type":"Organization","@id":"https:\/\/www.organisator.ch\/#organization","name":"Organizzatore","url":"https:\/\/www.organisator.ch\/","logo":{"@type":"ImageObject","inLanguage":"it-IT","@id":"https:\/\/www.organisator.ch\/#\/schema\/logo\/image\/","url":"https:\/\/www.organisator.ch\/wp-content\/uploads\/2022\/01\/Logo_Organisator_Website.png","contentUrl":"https:\/\/www.organisator.ch\/wp-content\/uploads\/2022\/01\/Logo_Organisator_Website.png","width":800,"height":77,"caption":"Organisator"},"image":{"@id":"https:\/\/www.organisator.ch\/#\/schema\/logo\/image\/"},"sameAs":["https:\/\/www.facebook.com\/OrganisatorFachmagazin","https:\/\/www.linkedin.com\/showcase\/organisator-das-magazin-fr-kmu","https:\/\/www.xing.com\/news\/pages\/organisator-ch-695","https:\/\/www.youtube.com\/channel\/UCGP2Sq0iWaZwT3BdIAQFYpw"]},{"@type":"Person","@id":"https:\/\/www.organisator.ch\/#\/schema\/person\/aa2bace6c5c5aad60102004a50c4eb1c","name":"amministratore","image":{"@type":"ImageObject","inLanguage":"it-IT","@id":"https:\/\/secure.gravatar.com\/avatar\/ae2f4d718e6c49043e314ce431e7e645d646302a24a5ef5a8bc8e3f5a032e319?s=96&d=mm&r=g","url":"https:\/\/secure.gravatar.com\/avatar\/ae2f4d718e6c49043e314ce431e7e645d646302a24a5ef5a8bc8e3f5a032e319?s=96&d=mm&r=g","contentUrl":"https:\/\/secure.gravatar.com\/avatar\/ae2f4d718e6c49043e314ce431e7e645d646302a24a5ef5a8bc8e3f5a032e319?s=96&d=mm&r=g","caption":"admin"},"sameAs":["https:\/\/www.organisator.ch"],"url":"https:\/\/www.organisator.ch\/it\/author\/admin\/"}]}},"_links":{"self":[{"href":"https:\/\/www.organisator.ch\/it\/wp-json\/wp\/v2\/posts\/940","targetHints":{"allow":["GET"]}}],"collection":[{"href":"https:\/\/www.organisator.ch\/it\/wp-json\/wp\/v2\/posts"}],"about":[{"href":"https:\/\/www.organisator.ch\/it\/wp-json\/wp\/v2\/types\/post"}],"author":[{"embeddable":true,"href":"https:\/\/www.organisator.ch\/it\/wp-json\/wp\/v2\/users\/1"}],"replies":[{"embeddable":true,"href":"https:\/\/www.organisator.ch\/it\/wp-json\/wp\/v2\/comments?post=940"}],"version-history":[{"count":0,"href":"https:\/\/www.organisator.ch\/it\/wp-json\/wp\/v2\/posts\/940\/revisions"}],"wp:featuredmedia":[{"embeddable":true,"href":"https:\/\/www.organisator.ch\/it\/wp-json\/wp\/v2\/media\/943"}],"wp:attachment":[{"href":"https:\/\/www.organisator.ch\/it\/wp-json\/wp\/v2\/media?parent=940"}],"wp:term":[{"taxonomy":"category","embeddable":true,"href":"https:\/\/www.organisator.ch\/it\/wp-json\/wp\/v2\/categories?post=940"},{"taxonomy":"post_tag","embeddable":true,"href":"https:\/\/www.organisator.ch\/it\/wp-json\/wp\/v2\/tags?post=940"}],"curies":[{"name":"wp","href":"https:\/\/api.w.org\/{rel}","templated":true}]}}