{"id":951,"date":"2016-08-26T08:14:11","date_gmt":"2016-08-26T06:14:11","guid":{"rendered":"http:\/\/dev.organisator.ch\/?p=951"},"modified":"2016-08-26T08:14:11","modified_gmt":"2016-08-26T06:14:11","slug":"unternehmen-mit-sozialem-engagement-bevorzugt","status":"publish","type":"post","link":"https:\/\/www.organisator.ch\/it\/management\/2016-08-26\/unternehmen-mit-sozialem-engagement-bevorzugt\/","title":{"rendered":"Preferite le aziende con impegno sociale"},"content":{"rendered":"<figure id=\"attachment_962\" aria-describedby=\"caption-attachment-962\" style=\"width: 640px\" class=\"wp-caption alignnone\"><img loading=\"lazy\" decoding=\"async\" class=\"size-full wp-image-962\" src=\"https:\/\/www.organisator.ch\/wp-content\/uploads\/2016\/12\/Unternehmen-mit-sozialem-Engagement-bevorzugt-organisator.jpg\" alt=\"\" width=\"640\" height=\"427\" srcset=\"https:\/\/www.organisator.ch\/wp-content\/uploads\/2016\/12\/Unternehmen-mit-sozialem-Engagement-bevorzugt-organisator.jpg 640w, https:\/\/www.organisator.ch\/wp-content\/uploads\/2016\/12\/Unternehmen-mit-sozialem-Engagement-bevorzugt-organisator-16x12.jpg 16w, https:\/\/www.organisator.ch\/wp-content\/uploads\/2016\/12\/Unternehmen-mit-sozialem-Engagement-bevorzugt-organisator-262x175.jpg 262w, https:\/\/www.organisator.ch\/wp-content\/uploads\/2016\/12\/Unternehmen-mit-sozialem-Engagement-bevorzugt-organisator-525x350.jpg 525w, https:\/\/www.organisator.ch\/wp-content\/uploads\/2016\/12\/Unternehmen-mit-sozialem-Engagement-bevorzugt-organisator-300x200.jpg 300w\" sizes=\"auto, (max-width: 640px) 100vw, 640px\" \/><figcaption id=\"caption-attachment-962\" class=\"wp-caption-text\">Le aziende che dimostrano di avere responsabilit\u00e0 sociale hanno maggiori possibilit\u00e0 di successo con i candidati. (Immagine: Fotolia.com)<\/figcaption><\/figure>\n<p>Secondo un nuovo studio di Regus, fornitore di soluzioni per spazi di lavoro flessibili, per i dipendenti di tutto il mondo \u00e8 molto importante che il loro datore di lavoro sia impegnato nella comunit\u00e0 e abbia una strategia di responsabilit\u00e0 sociale d'impresa. I partecipanti allo studio riferiscono che, di fronte a due offerte di lavoro comparabili, preferirebbero il datore di lavoro la cui azienda ha una comprovata esperienza di coinvolgimento nella comunit\u00e0 e di restituzione alla societ\u00e0.<\/p>\n<p><strong>Le aziende si posizionano meglio con la strategia CSR<\/strong><\/p>\n<p>Per circa la met\u00e0 (46%) dei circa 237 intervistati, \u00e8 importante che il datore di lavoro sia senza scopo di lucro. Per molti, la responsabilit\u00e0 sociale dell'azienda \u00e8 addirittura un criterio di decisione per la scelta del posto di lavoro. Un notevole 42% afferma che, di fronte a due offerte di lavoro comparabili, darebbe la preferenza al datore di lavoro pi\u00f9 impegnato socialmente. Le aziende con un impegno comprovato nei confronti della comunit\u00e0 sono quindi meglio posizionate per attrarre e trattenere i migliori lavoratori.<\/p>\n<p><strong>Risultati centrali dello studio<\/strong><\/p>\n<p>Come emerge dallo studio, un terzo degli intervistati vorrebbe essere coinvolto direttamente nei programmi di beneficenza della propria azienda. Il 19% vorrebbe informazioni migliori. Il 28% degli intervistati apprezza le iniziative di CSR, ma per il 19% le informazioni su di esse sono insufficienti. A sua volta, il 10% vorrebbe avere maggiori informazioni sulle attivit\u00e0 di beneficenza e sulle iniziative di CSR delle altre squadre. Un terzo degli intervistati ritiene che le aziende del proprio settore dovrebbero essere maggiormente coinvolte nella CSR (27%) o nella beneficenza (31%).<\/p>\n<p><strong>Coinvolgere i dipendenti in progetti comunitari<\/strong><\/p>\n<p>Dice un portavoce di Regus: \"I dipendenti di oggi non sono spinti dall'egoismo quando esprimono chiaramente che preferiscono lavorare per un'azienda con una comprovata esperienza di impegno sociale. La partecipazione a progetti e iniziative di beneficenza crea l'immagine positiva di un'organizzazione responsabile e aiuta i dipendenti a sentirsi orgogliosi del proprio datore di lavoro.\" Le aziende devono cogliere questa volont\u00e0 di impegno sociale e assicurarsi che i dipendenti siano consapevoli delle loro iniziative di beneficenza e dei progetti di CSR, aggiunge Regus. Inoltre, i lavoratori devono avere la possibilit\u00e0 di partecipare direttamente. I dipendenti che sono a conoscenza delle attivit\u00e0 filantropiche del loro datore di lavoro si sentono pi\u00f9 soddisfatti e motivati nel loro lavoro. Inoltre, le iniziative di beneficenza offrono al management e ai dipendenti la possibilit\u00e0 di lavorare insieme per una buona causa.<\/p>\n<p><em>Fonte: <a href=\"http:\/\/www.regus.ch\" target=\"_blank\" rel=\"noreferrer noopener\" data-cke-saved-href=\"http:\/\/www.regus.ch\">Regus<\/a><\/em><\/p>","protected":false},"excerpt":{"rendered":"<p>Laut einer neuen Studie von Regus, dem Anbieter von flexiblen Arbeitsrauml\u00f6sungen, spielt es f\u00fcr Besch\u00e4ftigte \u00fcberall auf der Welt eine gro\u00dfe Rolle, dass ihr Arbeitgeber sich gemeinn\u00fctzig engagiert und \u00fcber eine CSR-Strategie zur sozialen Verantwortung verf\u00fcgt. Die Teilnehmer an der Studie berichten, dass sie bei zwei vergleichbaren Job-Angeboten dem Arbeitgeber den Vorzug geben w\u00fcrden, dessen [&hellip;]<\/p>\n","protected":false},"author":1,"featured_media":962,"comment_status":"open","ping_status":"open","sticky":false,"template":"","format":"standard","meta":{"_acf_changed":false,"_yoast_wpseo_focuskw":"Engagement","_yoast_wpseo_metadesc":"Einer neuen Regus-Studie zufolge legen Besch\u00e4ftigte Wert auf eine CSR-Strategie bzw. auf gemeinn\u00fctziges Engagement ihres Arbeitgebers.","articlekey":"","footnotes":""},"categories":[28],"tags":[335],"class_list":["post-951","post","type-post","status-publish","format-standard","has-post-thumbnail","hentry","category-management","tag-management-und-unternehmensfuehrung"],"acf":[],"yoast_head":"<!-- This site is optimized with the Yoast SEO plugin v27.5 - https:\/\/yoast.com\/product\/yoast-seo-wordpress\/ -->\n<title>Unternehmen mit sozialem Engagement bevorzugt - Organisator<\/title>\n<meta name=\"description\" content=\"Einer neuen Regus-Studie zufolge legen Besch\u00e4ftigte Wert auf eine CSR-Strategie bzw. auf gemeinn\u00fctziges Engagement ihres Arbeitgebers.\" \/>\n<meta name=\"robots\" content=\"index, follow, max-snippet:-1, max-image-preview:large, max-video-preview:-1\" \/>\n<link rel=\"canonical\" href=\"https:\/\/www.organisator.ch\/it\/gestione-2\/2016-08-26\/unternehmen-mit-sozialem-engagement-bevorzugt\/\" \/>\n<meta property=\"og:locale\" content=\"it_IT\" \/>\n<meta property=\"og:type\" content=\"article\" \/>\n<meta property=\"og:title\" content=\"Unternehmen mit sozialem Engagement bevorzugt\" \/>\n<meta property=\"og:description\" content=\"Einer neuen Regus-Studie zufolge legen Besch\u00e4ftigte Wert auf eine CSR-Strategie bzw. auf gemeinn\u00fctziges Engagement ihres Arbeitgebers.\" \/>\n<meta property=\"og:url\" content=\"https:\/\/www.organisator.ch\/it\/gestione-2\/2016-08-26\/unternehmen-mit-sozialem-engagement-bevorzugt\/\" \/>\n<meta property=\"og:site_name\" content=\"Organisator\" \/>\n<meta property=\"article:publisher\" content=\"https:\/\/www.facebook.com\/OrganisatorFachmagazin\" \/>\n<meta property=\"article:published_time\" content=\"2016-08-26T06:14:11+00:00\" \/>\n<meta name=\"author\" content=\"admin\" \/>\n<meta name=\"twitter:card\" content=\"summary_large_image\" \/>\n<meta name=\"twitter:image\" content=\"https:\/\/www.organisator.ch\/wp-content\/uploads\/2016\/12\/Unternehmen-mit-sozialem-Engagement-bevorzugt-organisator.jpg\" \/>\n<script type=\"application\/ld+json\" class=\"yoast-schema-graph\">{\"@context\":\"https:\\\/\\\/schema.org\",\"@graph\":[{\"@type\":\"Article\",\"@id\":\"https:\\\/\\\/www.organisator.ch\\\/management\\\/2016-08-26\\\/unternehmen-mit-sozialem-engagement-bevorzugt\\\/#article\",\"isPartOf\":{\"@id\":\"https:\\\/\\\/www.organisator.ch\\\/management\\\/2016-08-26\\\/unternehmen-mit-sozialem-engagement-bevorzugt\\\/\"},\"author\":{\"name\":\"admin\",\"@id\":\"https:\\\/\\\/www.organisator.ch\\\/#\\\/schema\\\/person\\\/aa2bace6c5c5aad60102004a50c4eb1c\"},\"headline\":\"Unternehmen mit sozialem Engagement bevorzugt\",\"datePublished\":\"2016-08-26T06:14:11+00:00\",\"mainEntityOfPage\":{\"@id\":\"https:\\\/\\\/www.organisator.ch\\\/management\\\/2016-08-26\\\/unternehmen-mit-sozialem-engagement-bevorzugt\\\/\"},\"wordCount\":438,\"commentCount\":0,\"publisher\":{\"@id\":\"https:\\\/\\\/www.organisator.ch\\\/#organization\"},\"image\":{\"@id\":\"https:\\\/\\\/www.organisator.ch\\\/management\\\/2016-08-26\\\/unternehmen-mit-sozialem-engagement-bevorzugt\\\/#primaryimage\"},\"thumbnailUrl\":\"https:\\\/\\\/www.organisator.ch\\\/wp-content\\\/uploads\\\/2016\\\/12\\\/Unternehmen-mit-sozialem-Engagement-bevorzugt-organisator.jpg\",\"keywords\":[\"Management und Unternehmensf\u00fchrung\"],\"articleSection\":[\"MANAGEMENT\"],\"inLanguage\":\"it-IT\"},{\"@type\":\"WebPage\",\"@id\":\"https:\\\/\\\/www.organisator.ch\\\/management\\\/2016-08-26\\\/unternehmen-mit-sozialem-engagement-bevorzugt\\\/\",\"url\":\"https:\\\/\\\/www.organisator.ch\\\/management\\\/2016-08-26\\\/unternehmen-mit-sozialem-engagement-bevorzugt\\\/\",\"name\":\"Unternehmen mit sozialem Engagement bevorzugt - Organisator\",\"isPartOf\":{\"@id\":\"https:\\\/\\\/www.organisator.ch\\\/#website\"},\"primaryImageOfPage\":{\"@id\":\"https:\\\/\\\/www.organisator.ch\\\/management\\\/2016-08-26\\\/unternehmen-mit-sozialem-engagement-bevorzugt\\\/#primaryimage\"},\"image\":{\"@id\":\"https:\\\/\\\/www.organisator.ch\\\/management\\\/2016-08-26\\\/unternehmen-mit-sozialem-engagement-bevorzugt\\\/#primaryimage\"},\"thumbnailUrl\":\"https:\\\/\\\/www.organisator.ch\\\/wp-content\\\/uploads\\\/2016\\\/12\\\/Unternehmen-mit-sozialem-Engagement-bevorzugt-organisator.jpg\",\"datePublished\":\"2016-08-26T06:14:11+00:00\",\"description\":\"Einer neuen Regus-Studie zufolge legen Besch\u00e4ftigte Wert auf eine CSR-Strategie bzw. auf gemeinn\u00fctziges Engagement ihres Arbeitgebers.\",\"breadcrumb\":{\"@id\":\"https:\\\/\\\/www.organisator.ch\\\/management\\\/2016-08-26\\\/unternehmen-mit-sozialem-engagement-bevorzugt\\\/#breadcrumb\"},\"inLanguage\":\"it-IT\",\"potentialAction\":[{\"@type\":\"ReadAction\",\"target\":[\"https:\\\/\\\/www.organisator.ch\\\/management\\\/2016-08-26\\\/unternehmen-mit-sozialem-engagement-bevorzugt\\\/\"]}]},{\"@type\":\"ImageObject\",\"inLanguage\":\"it-IT\",\"@id\":\"https:\\\/\\\/www.organisator.ch\\\/management\\\/2016-08-26\\\/unternehmen-mit-sozialem-engagement-bevorzugt\\\/#primaryimage\",\"url\":\"https:\\\/\\\/www.organisator.ch\\\/wp-content\\\/uploads\\\/2016\\\/12\\\/Unternehmen-mit-sozialem-Engagement-bevorzugt-organisator.jpg\",\"contentUrl\":\"https:\\\/\\\/www.organisator.ch\\\/wp-content\\\/uploads\\\/2016\\\/12\\\/Unternehmen-mit-sozialem-Engagement-bevorzugt-organisator.jpg\",\"width\":640,\"height\":427,\"caption\":\"Wer als Unternehmen sich sozial verantwortlich zeigt, hat bei Bewerbern bessere Chancen. (Bild: Fotolia.com)\"},{\"@type\":\"BreadcrumbList\",\"@id\":\"https:\\\/\\\/www.organisator.ch\\\/management\\\/2016-08-26\\\/unternehmen-mit-sozialem-engagement-bevorzugt\\\/#breadcrumb\",\"itemListElement\":[{\"@type\":\"ListItem\",\"position\":1,\"name\":\"Home\",\"item\":\"https:\\\/\\\/www.organisator.ch\\\/\"},{\"@type\":\"ListItem\",\"position\":2,\"name\":\"Unternehmen mit sozialem Engagement bevorzugt\"}]},{\"@type\":\"WebSite\",\"@id\":\"https:\\\/\\\/www.organisator.ch\\\/#website\",\"url\":\"https:\\\/\\\/www.organisator.ch\\\/\",\"name\":\"Organisator\",\"description\":\"Kompetent. Praxisnah. Der ORGANISATOR bereitet in 10 Ausgaben pro Jahr die wesentlichen Themen f\u00fcr F\u00fchrungskr\u00e4fte von KMU auf.\",\"publisher\":{\"@id\":\"https:\\\/\\\/www.organisator.ch\\\/#organization\"},\"potentialAction\":[{\"@type\":\"SearchAction\",\"target\":{\"@type\":\"EntryPoint\",\"urlTemplate\":\"https:\\\/\\\/www.organisator.ch\\\/?s={search_term_string}\"},\"query-input\":{\"@type\":\"PropertyValueSpecification\",\"valueRequired\":true,\"valueName\":\"search_term_string\"}}],\"inLanguage\":\"it-IT\"},{\"@type\":\"Organization\",\"@id\":\"https:\\\/\\\/www.organisator.ch\\\/#organization\",\"name\":\"Organisator\",\"url\":\"https:\\\/\\\/www.organisator.ch\\\/\",\"logo\":{\"@type\":\"ImageObject\",\"inLanguage\":\"it-IT\",\"@id\":\"https:\\\/\\\/www.organisator.ch\\\/#\\\/schema\\\/logo\\\/image\\\/\",\"url\":\"https:\\\/\\\/www.organisator.ch\\\/wp-content\\\/uploads\\\/2022\\\/01\\\/Logo_Organisator_Website.png\",\"contentUrl\":\"https:\\\/\\\/www.organisator.ch\\\/wp-content\\\/uploads\\\/2022\\\/01\\\/Logo_Organisator_Website.png\",\"width\":800,\"height\":77,\"caption\":\"Organisator\"},\"image\":{\"@id\":\"https:\\\/\\\/www.organisator.ch\\\/#\\\/schema\\\/logo\\\/image\\\/\"},\"sameAs\":[\"https:\\\/\\\/www.facebook.com\\\/OrganisatorFachmagazin\",\"https:\\\/\\\/www.linkedin.com\\\/showcase\\\/organisator-das-magazin-fr-kmu\",\"https:\\\/\\\/www.xing.com\\\/news\\\/pages\\\/organisator-ch-695\",\"https:\\\/\\\/www.youtube.com\\\/channel\\\/UCGP2Sq0iWaZwT3BdIAQFYpw\"]},{\"@type\":\"Person\",\"@id\":\"https:\\\/\\\/www.organisator.ch\\\/#\\\/schema\\\/person\\\/aa2bace6c5c5aad60102004a50c4eb1c\",\"name\":\"admin\",\"image\":{\"@type\":\"ImageObject\",\"inLanguage\":\"it-IT\",\"@id\":\"https:\\\/\\\/secure.gravatar.com\\\/avatar\\\/ae2f4d718e6c49043e314ce431e7e645d646302a24a5ef5a8bc8e3f5a032e319?s=96&d=mm&r=g\",\"url\":\"https:\\\/\\\/secure.gravatar.com\\\/avatar\\\/ae2f4d718e6c49043e314ce431e7e645d646302a24a5ef5a8bc8e3f5a032e319?s=96&d=mm&r=g\",\"contentUrl\":\"https:\\\/\\\/secure.gravatar.com\\\/avatar\\\/ae2f4d718e6c49043e314ce431e7e645d646302a24a5ef5a8bc8e3f5a032e319?s=96&d=mm&r=g\",\"caption\":\"admin\"},\"sameAs\":[\"https:\\\/\\\/www.organisator.ch\"],\"url\":\"https:\\\/\\\/www.organisator.ch\\\/it\\\/author\\\/admin\\\/\"}]}<\/script>\n<!-- \/ Yoast SEO plugin. -->","yoast_head_json":{"title":"Preferenza per le aziende con impegno sociale - Organizzatore","description":"Secondo un nuovo studio di Regus, i dipendenti apprezzano una strategia di CSR o un impegno caritatevole da parte del loro datore di lavoro.","robots":{"index":"index","follow":"follow","max-snippet":"max-snippet:-1","max-image-preview":"max-image-preview:large","max-video-preview":"max-video-preview:-1"},"canonical":"https:\/\/www.organisator.ch\/it\/gestione-2\/2016-08-26\/unternehmen-mit-sozialem-engagement-bevorzugt\/","og_locale":"it_IT","og_type":"article","og_title":"Unternehmen mit sozialem Engagement bevorzugt","og_description":"Einer neuen Regus-Studie zufolge legen Besch\u00e4ftigte Wert auf eine CSR-Strategie bzw. auf gemeinn\u00fctziges Engagement ihres Arbeitgebers.","og_url":"https:\/\/www.organisator.ch\/it\/gestione-2\/2016-08-26\/unternehmen-mit-sozialem-engagement-bevorzugt\/","og_site_name":"Organisator","article_publisher":"https:\/\/www.facebook.com\/OrganisatorFachmagazin","article_published_time":"2016-08-26T06:14:11+00:00","author":"admin","twitter_card":"summary_large_image","twitter_image":"https:\/\/www.organisator.ch\/wp-content\/uploads\/2016\/12\/Unternehmen-mit-sozialem-Engagement-bevorzugt-organisator.jpg","schema":{"@context":"https:\/\/schema.org","@graph":[{"@type":"Article","@id":"https:\/\/www.organisator.ch\/management\/2016-08-26\/unternehmen-mit-sozialem-engagement-bevorzugt\/#article","isPartOf":{"@id":"https:\/\/www.organisator.ch\/management\/2016-08-26\/unternehmen-mit-sozialem-engagement-bevorzugt\/"},"author":{"name":"admin","@id":"https:\/\/www.organisator.ch\/#\/schema\/person\/aa2bace6c5c5aad60102004a50c4eb1c"},"headline":"Unternehmen mit sozialem Engagement bevorzugt","datePublished":"2016-08-26T06:14:11+00:00","mainEntityOfPage":{"@id":"https:\/\/www.organisator.ch\/management\/2016-08-26\/unternehmen-mit-sozialem-engagement-bevorzugt\/"},"wordCount":438,"commentCount":0,"publisher":{"@id":"https:\/\/www.organisator.ch\/#organization"},"image":{"@id":"https:\/\/www.organisator.ch\/management\/2016-08-26\/unternehmen-mit-sozialem-engagement-bevorzugt\/#primaryimage"},"thumbnailUrl":"https:\/\/www.organisator.ch\/wp-content\/uploads\/2016\/12\/Unternehmen-mit-sozialem-Engagement-bevorzugt-organisator.jpg","keywords":["Management und Unternehmensf\u00fchrung"],"articleSection":["MANAGEMENT"],"inLanguage":"it-IT"},{"@type":"WebPage","@id":"https:\/\/www.organisator.ch\/management\/2016-08-26\/unternehmen-mit-sozialem-engagement-bevorzugt\/","url":"https:\/\/www.organisator.ch\/management\/2016-08-26\/unternehmen-mit-sozialem-engagement-bevorzugt\/","name":"Preferenza per le aziende con impegno sociale - Organizzatore","isPartOf":{"@id":"https:\/\/www.organisator.ch\/#website"},"primaryImageOfPage":{"@id":"https:\/\/www.organisator.ch\/management\/2016-08-26\/unternehmen-mit-sozialem-engagement-bevorzugt\/#primaryimage"},"image":{"@id":"https:\/\/www.organisator.ch\/management\/2016-08-26\/unternehmen-mit-sozialem-engagement-bevorzugt\/#primaryimage"},"thumbnailUrl":"https:\/\/www.organisator.ch\/wp-content\/uploads\/2016\/12\/Unternehmen-mit-sozialem-Engagement-bevorzugt-organisator.jpg","datePublished":"2016-08-26T06:14:11+00:00","description":"Secondo un nuovo studio di Regus, i dipendenti apprezzano una strategia di CSR o un impegno caritatevole da parte del loro datore di lavoro.","breadcrumb":{"@id":"https:\/\/www.organisator.ch\/management\/2016-08-26\/unternehmen-mit-sozialem-engagement-bevorzugt\/#breadcrumb"},"inLanguage":"it-IT","potentialAction":[{"@type":"ReadAction","target":["https:\/\/www.organisator.ch\/management\/2016-08-26\/unternehmen-mit-sozialem-engagement-bevorzugt\/"]}]},{"@type":"ImageObject","inLanguage":"it-IT","@id":"https:\/\/www.organisator.ch\/management\/2016-08-26\/unternehmen-mit-sozialem-engagement-bevorzugt\/#primaryimage","url":"https:\/\/www.organisator.ch\/wp-content\/uploads\/2016\/12\/Unternehmen-mit-sozialem-Engagement-bevorzugt-organisator.jpg","contentUrl":"https:\/\/www.organisator.ch\/wp-content\/uploads\/2016\/12\/Unternehmen-mit-sozialem-Engagement-bevorzugt-organisator.jpg","width":640,"height":427,"caption":"Wer als Unternehmen sich sozial verantwortlich zeigt, hat bei Bewerbern bessere Chancen. (Bild: Fotolia.com)"},{"@type":"BreadcrumbList","@id":"https:\/\/www.organisator.ch\/management\/2016-08-26\/unternehmen-mit-sozialem-engagement-bevorzugt\/#breadcrumb","itemListElement":[{"@type":"ListItem","position":1,"name":"Home","item":"https:\/\/www.organisator.ch\/"},{"@type":"ListItem","position":2,"name":"Unternehmen mit sozialem Engagement bevorzugt"}]},{"@type":"WebSite","@id":"https:\/\/www.organisator.ch\/#website","url":"https:\/\/www.organisator.ch\/","name":"Organizzatore","description":"Competente. Pratico. In 10 numeri all'anno, ORGANISATOR presenta i temi essenziali per i manager delle PMI.","publisher":{"@id":"https:\/\/www.organisator.ch\/#organization"},"potentialAction":[{"@type":"SearchAction","target":{"@type":"EntryPoint","urlTemplate":"https:\/\/www.organisator.ch\/?s={search_term_string}"},"query-input":{"@type":"PropertyValueSpecification","valueRequired":true,"valueName":"search_term_string"}}],"inLanguage":"it-IT"},{"@type":"Organization","@id":"https:\/\/www.organisator.ch\/#organization","name":"Organizzatore","url":"https:\/\/www.organisator.ch\/","logo":{"@type":"ImageObject","inLanguage":"it-IT","@id":"https:\/\/www.organisator.ch\/#\/schema\/logo\/image\/","url":"https:\/\/www.organisator.ch\/wp-content\/uploads\/2022\/01\/Logo_Organisator_Website.png","contentUrl":"https:\/\/www.organisator.ch\/wp-content\/uploads\/2022\/01\/Logo_Organisator_Website.png","width":800,"height":77,"caption":"Organisator"},"image":{"@id":"https:\/\/www.organisator.ch\/#\/schema\/logo\/image\/"},"sameAs":["https:\/\/www.facebook.com\/OrganisatorFachmagazin","https:\/\/www.linkedin.com\/showcase\/organisator-das-magazin-fr-kmu","https:\/\/www.xing.com\/news\/pages\/organisator-ch-695","https:\/\/www.youtube.com\/channel\/UCGP2Sq0iWaZwT3BdIAQFYpw"]},{"@type":"Person","@id":"https:\/\/www.organisator.ch\/#\/schema\/person\/aa2bace6c5c5aad60102004a50c4eb1c","name":"amministratore","image":{"@type":"ImageObject","inLanguage":"it-IT","@id":"https:\/\/secure.gravatar.com\/avatar\/ae2f4d718e6c49043e314ce431e7e645d646302a24a5ef5a8bc8e3f5a032e319?s=96&d=mm&r=g","url":"https:\/\/secure.gravatar.com\/avatar\/ae2f4d718e6c49043e314ce431e7e645d646302a24a5ef5a8bc8e3f5a032e319?s=96&d=mm&r=g","contentUrl":"https:\/\/secure.gravatar.com\/avatar\/ae2f4d718e6c49043e314ce431e7e645d646302a24a5ef5a8bc8e3f5a032e319?s=96&d=mm&r=g","caption":"admin"},"sameAs":["https:\/\/www.organisator.ch"],"url":"https:\/\/www.organisator.ch\/it\/author\/admin\/"}]}},"_links":{"self":[{"href":"https:\/\/www.organisator.ch\/it\/wp-json\/wp\/v2\/posts\/951","targetHints":{"allow":["GET"]}}],"collection":[{"href":"https:\/\/www.organisator.ch\/it\/wp-json\/wp\/v2\/posts"}],"about":[{"href":"https:\/\/www.organisator.ch\/it\/wp-json\/wp\/v2\/types\/post"}],"author":[{"embeddable":true,"href":"https:\/\/www.organisator.ch\/it\/wp-json\/wp\/v2\/users\/1"}],"replies":[{"embeddable":true,"href":"https:\/\/www.organisator.ch\/it\/wp-json\/wp\/v2\/comments?post=951"}],"version-history":[{"count":0,"href":"https:\/\/www.organisator.ch\/it\/wp-json\/wp\/v2\/posts\/951\/revisions"}],"wp:featuredmedia":[{"embeddable":true,"href":"https:\/\/www.organisator.ch\/it\/wp-json\/wp\/v2\/media\/962"}],"wp:attachment":[{"href":"https:\/\/www.organisator.ch\/it\/wp-json\/wp\/v2\/media?parent=951"}],"wp:term":[{"taxonomy":"category","embeddable":true,"href":"https:\/\/www.organisator.ch\/it\/wp-json\/wp\/v2\/categories?post=951"},{"taxonomy":"post_tag","embeddable":true,"href":"https:\/\/www.organisator.ch\/it\/wp-json\/wp\/v2\/tags?post=951"}],"curies":[{"name":"wp","href":"https:\/\/api.w.org\/{rel}","templated":true}]}}