{"id":966,"date":"2016-08-26T08:16:26","date_gmt":"2016-08-26T06:16:26","guid":{"rendered":"http:\/\/dev.organisator.ch\/?p=966"},"modified":"2016-08-26T08:16:26","modified_gmt":"2016-08-26T06:16:26","slug":"wenn-mitarbeitende-von-kleinunternehmen-psychische-probleme-haben","status":"publish","type":"post","link":"https:\/\/www.organisator.ch\/it\/human-resources\/fit_im_job\/2016-08-26\/wenn-mitarbeitende-von-kleinunternehmen-psychische-probleme-haben\/","title":{"rendered":"Quando i dipendenti delle piccole imprese hanno problemi di salute mentale"},"content":{"rendered":"<figure id=\"attachment_967\" aria-describedby=\"caption-attachment-967\" style=\"width: 640px\" class=\"wp-caption alignnone\"><img loading=\"lazy\" decoding=\"async\" class=\"size-full wp-image-967\" src=\"https:\/\/www.organisator.ch\/wp-content\/uploads\/2016\/12\/Wenn-Mitarbeitende-von-Kleinunternehmen-psychische-Probleme-haben-organisator.jpg\" alt=\"\" width=\"640\" height=\"275\" srcset=\"https:\/\/www.organisator.ch\/wp-content\/uploads\/2016\/12\/Wenn-Mitarbeitende-von-Kleinunternehmen-psychische-Probleme-haben-organisator.jpg 640w, https:\/\/www.organisator.ch\/wp-content\/uploads\/2016\/12\/Wenn-Mitarbeitende-von-Kleinunternehmen-psychische-Probleme-haben-organisator-16x7.jpg 16w, https:\/\/www.organisator.ch\/wp-content\/uploads\/2016\/12\/Wenn-Mitarbeitende-von-Kleinunternehmen-psychische-Probleme-haben-organisator-375x161.jpg 375w, https:\/\/www.organisator.ch\/wp-content\/uploads\/2016\/12\/Wenn-Mitarbeitende-von-Kleinunternehmen-psychische-Probleme-haben-organisator-300x129.jpg 300w\" sizes=\"auto, (max-width: 640px) 100vw, 640px\" \/><figcaption id=\"caption-attachment-967\" class=\"wp-caption-text\">Scena dal nuovo video dell'associazione Artisana, che richiama l'attenzione sul tema dei \"problemi di salute mentale nelle piccole imprese\". (Foto: Servizio stampa Artisana)<\/figcaption><\/figure>\n<p>Burn-out, esaurimento o richieste eccessive sono parole spesso usate nella societ\u00e0 odierna orientata alle prestazioni. Nel frattempo, sono disponibili molte informazioni, raccomandazioni e nozioni di base sulla prevenzione e sulla gestione della salute sul lavoro. Nelle piccole aziende, tuttavia, le risorse sono spesso limitate, il che rende difficile o addirittura impossibile l'attuazione delle misure. Nel 2015, l'associazione Artisana ha lanciato lo studio \"What's wrong with Max Muster?\", redatto dall'Universit\u00e0 di Berna e dall'ufficio BASS, un progetto di ricerca orientato alla pratica che ha esaminato come vengono gestiti i dipendenti affetti da disturbi mentali nelle piccole aziende. I risultati pi\u00f9 importanti del progetto sono ora presentati in un video trailer.<\/p>\n<p><strong>Max Muster diventa una star di Youtube<\/strong><\/p>\n<p>Una persona su due soffre di una malattia mentale almeno una volta nella vita adulta. Le ragioni sono complesse. Pu\u00f2 colpire chiunque, indipendentemente dalla professione e dalla posizione. Nel nuovo video trailer di Artisana, le conseguenze dei problemi di salute mentale sul posto di lavoro sono mostrate attraverso tre esempi impressionanti. Lo spettatore vede Max Muster soffrire, scopre cosa sta succedendo nella sua testa. Anche l'opinione del suo superiore sulla situazione emerge chiaramente. Mentre cose come disturbi fisici, dolori, depressione, divorzi o difficolt\u00e0 finanziarie rendono la vita del dipendente un inferno e rendono impossibile un lavoro normale, il supervisore \u00e8 sorpreso dai cambiamenti improvvisi del suo dipendente. Diventa subito chiaro: qui c'\u00e8 bisogno di agire. La storia si conclude in modo diverso per tutti e tre i protagonisti, perch\u00e9 ogni supervisore ha affrontato la situazione in modo diverso. Che si tratti di edilizia, industria o gastronomia, gli esempi dimostrano che il problema riguarda ogni settore.<\/p>\n<p><strong>Le piccole imprese sono avvantaggiate: vicine, flessibili e versatili<\/strong><\/p>\n<p>Con il video, Artisana vuole sensibilizzare l'opinione pubblica su questo importante argomento e attirare l'attenzione sulle possibilit\u00e0 e le opportunit\u00e0 per le piccole imprese. I tre casi di studio presenti nel trailer sono basati su situazioni reali. Dimostrano che lo stress, la tensione mentale e i problemi sono ovunque, anche in settori in cui non se ne parla quasi mai. \u00c8 importante che i dirigenti aziendali reagiscano a questi incidenti. Gli esempi dimostrano anche che le piccole aziende hanno dei vantaggi nell'affrontare i problemi dei loro dipendenti: Sono vicini ai loro dipendenti, flessibili e in grado di reagire rapidamente.<\/p>\n<p><strong>Le associazioni come importanti ambasciatori di queste informazioni<\/strong><\/p>\n<p>Le associazioni di settore e di categoria possono essere importanti mediatori di questo messaggio. Oltre a distribuire il video trailer, l'associazione Artisana sta quindi lanciando un'offerta di conferenze per le associazioni di settore e di categoria. Con il titolo \"Gestire lo stress e i problemi psicologici nelle piccole imprese\", verranno presentati i risultati dello studio, illustrati i casi di studio e discussi i punti di forza e di debolezza delle piccole imprese. L'orario e il luogo saranno stabiliti dall'associazione, i costi saranno coperti dall'associazione Artisana.<\/p>\n<p><em>Per informazioni sulla gamma di conferenze per l'industria e le associazioni di categoria, consultare il sito: <a href=\"http:\/\/www.artisana.ch\" data-cke-saved-href=\"http:\/\/www.artisana.ch\">www.artisana.ch<\/a><\/em><\/p>\n<p><iframe loading=\"lazy\" title=\"Cosa succede a Max Muster?\" width=\"768\" height=\"432\" src=\"https:\/\/www.youtube.com\/embed\/LcgMbdevFIk?feature=oembed\" frameborder=\"0\" allow=\"accelerometer; autoplay; clipboard-write; encrypted-media; gyroscope; picture-in-picture\" allowfullscreen><\/iframe><\/p>\n<p><em>Il video trailer mostra esempi di tre settori<\/em><\/p>","protected":false},"excerpt":{"rendered":"<p>Burn-out, Ersch\u00f6pfung oder \u00dcberforderung sind oft gebrauchte Schlagw\u00f6rter in der heutigen Leistungsgesellschaft. Mittlerweile stehen zahlreiche Informationen, Empfehlungen und Grundlagen zur Pr\u00e4vention und zu betrieblichem Gesundheitsmanagement zur Verf\u00fcgung. In Kleinunternehmen sind die Ressourcen jedoch oft begrenzt, was eine Umsetzung der Massnahmen erschwert oder gar verunm\u00f6glicht. Der Verein Artisana hat 2015 mit der von der Universit\u00e4t Bern [&hellip;]<\/p>\n","protected":false},"author":1,"featured_media":967,"comment_status":"open","ping_status":"open","sticky":false,"template":"","format":"standard","meta":{"_acf_changed":false,"_yoast_wpseo_focuskw":"psychische Probleme","_yoast_wpseo_metadesc":"Ein neuer Video-Trailer zeigt authentisch und unkonventionelle Weise, was passieren kann, wenn Mitarbeitende in Kleinunternehmen psychische Probleme haben.","articlekey":"","footnotes":""},"categories":[25],"tags":[77,208,400,496],"class_list":["post-966","post","type-post","status-publish","format-standard","has-post-thumbnail","hentry","category-fit_im_job","tag-betriebliches-gesundheitsmanagement","tag-fit-im-job","tag-psychische-gesundheit","tag-unternehmensfuehrung"],"acf":[],"yoast_head":"<!-- This site is optimized with the Yoast SEO plugin v27.5 - https:\/\/yoast.com\/product\/yoast-seo-wordpress\/ -->\n<title>Wenn Mitarbeitende von Kleinunternehmen psychische Probleme haben - Organisator<\/title>\n<meta name=\"description\" content=\"Ein neuer Video-Trailer zeigt authentisch und unkonventionelle Weise, was passieren kann, wenn Mitarbeitende in Kleinunternehmen psychische Probleme haben.\" \/>\n<meta name=\"robots\" content=\"index, follow, max-snippet:-1, max-image-preview:large, max-video-preview:-1\" \/>\n<link rel=\"canonical\" href=\"https:\/\/www.organisator.ch\/it\/risorse-umane\/fit_im_job\/2016-08-26\/wenn-mitarbeitende-von-kleinunternehmen-psychische-probleme-haben\/\" \/>\n<meta property=\"og:locale\" content=\"it_IT\" \/>\n<meta property=\"og:type\" content=\"article\" \/>\n<meta property=\"og:title\" content=\"Wenn Mitarbeitende von Kleinunternehmen psychische Probleme haben\" \/>\n<meta property=\"og:description\" content=\"Ein neuer Video-Trailer zeigt authentisch und unkonventionelle Weise, was passieren kann, wenn Mitarbeitende in Kleinunternehmen psychische Probleme haben. Der Trailer zeigt zudem, dass gerade kleine Unternehmen hier durchaus schnell und richtig reagieren k\u00f6nnen. Der Verein Artisana, der dieses Video lanciert hat, bietet Branchen- und Gewerbeverb\u00e4nden Vortr\u00e4ge an unter dem Titel \u00abUmgang mit Stress und psychischen Problemen in Kleinunternehmen\u00bb.\" \/>\n<meta property=\"og:url\" content=\"https:\/\/www.organisator.ch\/it\/risorse-umane\/fit_im_job\/2016-08-26\/wenn-mitarbeitende-von-kleinunternehmen-psychische-probleme-haben\/\" \/>\n<meta property=\"og:site_name\" content=\"Organisator\" \/>\n<meta property=\"article:publisher\" content=\"https:\/\/www.facebook.com\/OrganisatorFachmagazin\" \/>\n<meta property=\"article:published_time\" content=\"2016-08-26T06:16:26+00:00\" \/>\n<meta name=\"author\" content=\"admin\" \/>\n<meta name=\"twitter:card\" content=\"summary_large_image\" \/>\n<meta name=\"twitter:image\" content=\"https:\/\/www.organisator.ch\/wp-content\/uploads\/2016\/12\/Wenn-Mitarbeitende-von-Kleinunternehmen-psychische-Probleme-haben-organisator.jpg\" \/>\n<script type=\"application\/ld+json\" class=\"yoast-schema-graph\">{\"@context\":\"https:\\\/\\\/schema.org\",\"@graph\":[{\"@type\":\"Article\",\"@id\":\"https:\\\/\\\/www.organisator.ch\\\/human-resources\\\/fit_im_job\\\/2016-08-26\\\/wenn-mitarbeitende-von-kleinunternehmen-psychische-probleme-haben\\\/#article\",\"isPartOf\":{\"@id\":\"https:\\\/\\\/www.organisator.ch\\\/human-resources\\\/fit_im_job\\\/2016-08-26\\\/wenn-mitarbeitende-von-kleinunternehmen-psychische-probleme-haben\\\/\"},\"author\":{\"name\":\"admin\",\"@id\":\"https:\\\/\\\/www.organisator.ch\\\/#\\\/schema\\\/person\\\/aa2bace6c5c5aad60102004a50c4eb1c\"},\"headline\":\"Wenn Mitarbeitende von Kleinunternehmen psychische Probleme haben\",\"datePublished\":\"2016-08-26T06:16:26+00:00\",\"mainEntityOfPage\":{\"@id\":\"https:\\\/\\\/www.organisator.ch\\\/human-resources\\\/fit_im_job\\\/2016-08-26\\\/wenn-mitarbeitende-von-kleinunternehmen-psychische-probleme-haben\\\/\"},\"wordCount\":505,\"commentCount\":0,\"publisher\":{\"@id\":\"https:\\\/\\\/www.organisator.ch\\\/#organization\"},\"image\":{\"@id\":\"https:\\\/\\\/www.organisator.ch\\\/human-resources\\\/fit_im_job\\\/2016-08-26\\\/wenn-mitarbeitende-von-kleinunternehmen-psychische-probleme-haben\\\/#primaryimage\"},\"thumbnailUrl\":\"https:\\\/\\\/www.organisator.ch\\\/wp-content\\\/uploads\\\/2016\\\/12\\\/Wenn-Mitarbeitende-von-Kleinunternehmen-psychische-Probleme-haben-organisator.jpg\",\"keywords\":[\"Betriebliches Gesundheitsmanagement\",\"Fit im Job\",\"Psychische Gesundheit\",\"Unternehmensf\u00fchrung\"],\"articleSection\":[\"FIT IM JOB\"],\"inLanguage\":\"it-IT\"},{\"@type\":\"WebPage\",\"@id\":\"https:\\\/\\\/www.organisator.ch\\\/human-resources\\\/fit_im_job\\\/2016-08-26\\\/wenn-mitarbeitende-von-kleinunternehmen-psychische-probleme-haben\\\/\",\"url\":\"https:\\\/\\\/www.organisator.ch\\\/human-resources\\\/fit_im_job\\\/2016-08-26\\\/wenn-mitarbeitende-von-kleinunternehmen-psychische-probleme-haben\\\/\",\"name\":\"Wenn Mitarbeitende von Kleinunternehmen psychische Probleme haben - Organisator\",\"isPartOf\":{\"@id\":\"https:\\\/\\\/www.organisator.ch\\\/#website\"},\"primaryImageOfPage\":{\"@id\":\"https:\\\/\\\/www.organisator.ch\\\/human-resources\\\/fit_im_job\\\/2016-08-26\\\/wenn-mitarbeitende-von-kleinunternehmen-psychische-probleme-haben\\\/#primaryimage\"},\"image\":{\"@id\":\"https:\\\/\\\/www.organisator.ch\\\/human-resources\\\/fit_im_job\\\/2016-08-26\\\/wenn-mitarbeitende-von-kleinunternehmen-psychische-probleme-haben\\\/#primaryimage\"},\"thumbnailUrl\":\"https:\\\/\\\/www.organisator.ch\\\/wp-content\\\/uploads\\\/2016\\\/12\\\/Wenn-Mitarbeitende-von-Kleinunternehmen-psychische-Probleme-haben-organisator.jpg\",\"datePublished\":\"2016-08-26T06:16:26+00:00\",\"description\":\"Ein neuer Video-Trailer zeigt authentisch und unkonventionelle Weise, was passieren kann, wenn Mitarbeitende in Kleinunternehmen psychische Probleme haben.\",\"breadcrumb\":{\"@id\":\"https:\\\/\\\/www.organisator.ch\\\/human-resources\\\/fit_im_job\\\/2016-08-26\\\/wenn-mitarbeitende-von-kleinunternehmen-psychische-probleme-haben\\\/#breadcrumb\"},\"inLanguage\":\"it-IT\",\"potentialAction\":[{\"@type\":\"ReadAction\",\"target\":[\"https:\\\/\\\/www.organisator.ch\\\/human-resources\\\/fit_im_job\\\/2016-08-26\\\/wenn-mitarbeitende-von-kleinunternehmen-psychische-probleme-haben\\\/\"]}]},{\"@type\":\"ImageObject\",\"inLanguage\":\"it-IT\",\"@id\":\"https:\\\/\\\/www.organisator.ch\\\/human-resources\\\/fit_im_job\\\/2016-08-26\\\/wenn-mitarbeitende-von-kleinunternehmen-psychische-probleme-haben\\\/#primaryimage\",\"url\":\"https:\\\/\\\/www.organisator.ch\\\/wp-content\\\/uploads\\\/2016\\\/12\\\/Wenn-Mitarbeitende-von-Kleinunternehmen-psychische-Probleme-haben-organisator.jpg\",\"contentUrl\":\"https:\\\/\\\/www.organisator.ch\\\/wp-content\\\/uploads\\\/2016\\\/12\\\/Wenn-Mitarbeitende-von-Kleinunternehmen-psychische-Probleme-haben-organisator.jpg\",\"width\":640,\"height\":275,\"caption\":\"Szene aus dem neuen Video des Vereins Artisana, mit dem auf das Thema \\\"Psychische Probleme in Kleinunternehmen\\\" aufmerksam gemacht wird. (Foto: Pressedienst Artisana)\"},{\"@type\":\"BreadcrumbList\",\"@id\":\"https:\\\/\\\/www.organisator.ch\\\/human-resources\\\/fit_im_job\\\/2016-08-26\\\/wenn-mitarbeitende-von-kleinunternehmen-psychische-probleme-haben\\\/#breadcrumb\",\"itemListElement\":[{\"@type\":\"ListItem\",\"position\":1,\"name\":\"Home\",\"item\":\"https:\\\/\\\/www.organisator.ch\\\/\"},{\"@type\":\"ListItem\",\"position\":2,\"name\":\"Wenn Mitarbeitende von Kleinunternehmen psychische Probleme haben\"}]},{\"@type\":\"WebSite\",\"@id\":\"https:\\\/\\\/www.organisator.ch\\\/#website\",\"url\":\"https:\\\/\\\/www.organisator.ch\\\/\",\"name\":\"Organisator\",\"description\":\"Kompetent. Praxisnah. Der ORGANISATOR bereitet in 10 Ausgaben pro Jahr die wesentlichen Themen f\u00fcr F\u00fchrungskr\u00e4fte von KMU auf.\",\"publisher\":{\"@id\":\"https:\\\/\\\/www.organisator.ch\\\/#organization\"},\"potentialAction\":[{\"@type\":\"SearchAction\",\"target\":{\"@type\":\"EntryPoint\",\"urlTemplate\":\"https:\\\/\\\/www.organisator.ch\\\/?s={search_term_string}\"},\"query-input\":{\"@type\":\"PropertyValueSpecification\",\"valueRequired\":true,\"valueName\":\"search_term_string\"}}],\"inLanguage\":\"it-IT\"},{\"@type\":\"Organization\",\"@id\":\"https:\\\/\\\/www.organisator.ch\\\/#organization\",\"name\":\"Organisator\",\"url\":\"https:\\\/\\\/www.organisator.ch\\\/\",\"logo\":{\"@type\":\"ImageObject\",\"inLanguage\":\"it-IT\",\"@id\":\"https:\\\/\\\/www.organisator.ch\\\/#\\\/schema\\\/logo\\\/image\\\/\",\"url\":\"https:\\\/\\\/www.organisator.ch\\\/wp-content\\\/uploads\\\/2022\\\/01\\\/Logo_Organisator_Website.png\",\"contentUrl\":\"https:\\\/\\\/www.organisator.ch\\\/wp-content\\\/uploads\\\/2022\\\/01\\\/Logo_Organisator_Website.png\",\"width\":800,\"height\":77,\"caption\":\"Organisator\"},\"image\":{\"@id\":\"https:\\\/\\\/www.organisator.ch\\\/#\\\/schema\\\/logo\\\/image\\\/\"},\"sameAs\":[\"https:\\\/\\\/www.facebook.com\\\/OrganisatorFachmagazin\",\"https:\\\/\\\/www.linkedin.com\\\/showcase\\\/organisator-das-magazin-fr-kmu\",\"https:\\\/\\\/www.xing.com\\\/news\\\/pages\\\/organisator-ch-695\",\"https:\\\/\\\/www.youtube.com\\\/channel\\\/UCGP2Sq0iWaZwT3BdIAQFYpw\"]},{\"@type\":\"Person\",\"@id\":\"https:\\\/\\\/www.organisator.ch\\\/#\\\/schema\\\/person\\\/aa2bace6c5c5aad60102004a50c4eb1c\",\"name\":\"admin\",\"image\":{\"@type\":\"ImageObject\",\"inLanguage\":\"it-IT\",\"@id\":\"https:\\\/\\\/secure.gravatar.com\\\/avatar\\\/ae2f4d718e6c49043e314ce431e7e645d646302a24a5ef5a8bc8e3f5a032e319?s=96&d=mm&r=g\",\"url\":\"https:\\\/\\\/secure.gravatar.com\\\/avatar\\\/ae2f4d718e6c49043e314ce431e7e645d646302a24a5ef5a8bc8e3f5a032e319?s=96&d=mm&r=g\",\"contentUrl\":\"https:\\\/\\\/secure.gravatar.com\\\/avatar\\\/ae2f4d718e6c49043e314ce431e7e645d646302a24a5ef5a8bc8e3f5a032e319?s=96&d=mm&r=g\",\"caption\":\"admin\"},\"sameAs\":[\"https:\\\/\\\/www.organisator.ch\"],\"url\":\"https:\\\/\\\/www.organisator.ch\\\/it\\\/author\\\/admin\\\/\"}]}<\/script>\n<!-- \/ Yoast SEO plugin. -->","yoast_head_json":{"title":"Quando i dipendenti delle piccole imprese hanno problemi di salute mentale - Organizzatore","description":"Un nuovo video trailer mostra in modo autentico e non convenzionale cosa pu\u00f2 accadere quando i dipendenti delle piccole imprese hanno problemi di salute mentale.","robots":{"index":"index","follow":"follow","max-snippet":"max-snippet:-1","max-image-preview":"max-image-preview:large","max-video-preview":"max-video-preview:-1"},"canonical":"https:\/\/www.organisator.ch\/it\/risorse-umane\/fit_im_job\/2016-08-26\/wenn-mitarbeitende-von-kleinunternehmen-psychische-probleme-haben\/","og_locale":"it_IT","og_type":"article","og_title":"Wenn Mitarbeitende von Kleinunternehmen psychische Probleme haben","og_description":"Ein neuer Video-Trailer zeigt authentisch und unkonventionelle Weise, was passieren kann, wenn Mitarbeitende in Kleinunternehmen psychische Probleme haben. Der Trailer zeigt zudem, dass gerade kleine Unternehmen hier durchaus schnell und richtig reagieren k\u00f6nnen. Der Verein Artisana, der dieses Video lanciert hat, bietet Branchen- und Gewerbeverb\u00e4nden Vortr\u00e4ge an unter dem Titel \u00abUmgang mit Stress und psychischen Problemen in Kleinunternehmen\u00bb.","og_url":"https:\/\/www.organisator.ch\/it\/risorse-umane\/fit_im_job\/2016-08-26\/wenn-mitarbeitende-von-kleinunternehmen-psychische-probleme-haben\/","og_site_name":"Organisator","article_publisher":"https:\/\/www.facebook.com\/OrganisatorFachmagazin","article_published_time":"2016-08-26T06:16:26+00:00","author":"admin","twitter_card":"summary_large_image","twitter_image":"https:\/\/www.organisator.ch\/wp-content\/uploads\/2016\/12\/Wenn-Mitarbeitende-von-Kleinunternehmen-psychische-Probleme-haben-organisator.jpg","schema":{"@context":"https:\/\/schema.org","@graph":[{"@type":"Article","@id":"https:\/\/www.organisator.ch\/human-resources\/fit_im_job\/2016-08-26\/wenn-mitarbeitende-von-kleinunternehmen-psychische-probleme-haben\/#article","isPartOf":{"@id":"https:\/\/www.organisator.ch\/human-resources\/fit_im_job\/2016-08-26\/wenn-mitarbeitende-von-kleinunternehmen-psychische-probleme-haben\/"},"author":{"name":"admin","@id":"https:\/\/www.organisator.ch\/#\/schema\/person\/aa2bace6c5c5aad60102004a50c4eb1c"},"headline":"Wenn Mitarbeitende von Kleinunternehmen psychische Probleme haben","datePublished":"2016-08-26T06:16:26+00:00","mainEntityOfPage":{"@id":"https:\/\/www.organisator.ch\/human-resources\/fit_im_job\/2016-08-26\/wenn-mitarbeitende-von-kleinunternehmen-psychische-probleme-haben\/"},"wordCount":505,"commentCount":0,"publisher":{"@id":"https:\/\/www.organisator.ch\/#organization"},"image":{"@id":"https:\/\/www.organisator.ch\/human-resources\/fit_im_job\/2016-08-26\/wenn-mitarbeitende-von-kleinunternehmen-psychische-probleme-haben\/#primaryimage"},"thumbnailUrl":"https:\/\/www.organisator.ch\/wp-content\/uploads\/2016\/12\/Wenn-Mitarbeitende-von-Kleinunternehmen-psychische-Probleme-haben-organisator.jpg","keywords":["Betriebliches Gesundheitsmanagement","Fit im Job","Psychische Gesundheit","Unternehmensf\u00fchrung"],"articleSection":["FIT IM JOB"],"inLanguage":"it-IT"},{"@type":"WebPage","@id":"https:\/\/www.organisator.ch\/human-resources\/fit_im_job\/2016-08-26\/wenn-mitarbeitende-von-kleinunternehmen-psychische-probleme-haben\/","url":"https:\/\/www.organisator.ch\/human-resources\/fit_im_job\/2016-08-26\/wenn-mitarbeitende-von-kleinunternehmen-psychische-probleme-haben\/","name":"Quando i dipendenti delle piccole imprese hanno problemi di salute mentale - Organizzatore","isPartOf":{"@id":"https:\/\/www.organisator.ch\/#website"},"primaryImageOfPage":{"@id":"https:\/\/www.organisator.ch\/human-resources\/fit_im_job\/2016-08-26\/wenn-mitarbeitende-von-kleinunternehmen-psychische-probleme-haben\/#primaryimage"},"image":{"@id":"https:\/\/www.organisator.ch\/human-resources\/fit_im_job\/2016-08-26\/wenn-mitarbeitende-von-kleinunternehmen-psychische-probleme-haben\/#primaryimage"},"thumbnailUrl":"https:\/\/www.organisator.ch\/wp-content\/uploads\/2016\/12\/Wenn-Mitarbeitende-von-Kleinunternehmen-psychische-Probleme-haben-organisator.jpg","datePublished":"2016-08-26T06:16:26+00:00","description":"Un nuovo video trailer mostra in modo autentico e non convenzionale cosa pu\u00f2 accadere quando i dipendenti delle piccole imprese hanno problemi di salute mentale.","breadcrumb":{"@id":"https:\/\/www.organisator.ch\/human-resources\/fit_im_job\/2016-08-26\/wenn-mitarbeitende-von-kleinunternehmen-psychische-probleme-haben\/#breadcrumb"},"inLanguage":"it-IT","potentialAction":[{"@type":"ReadAction","target":["https:\/\/www.organisator.ch\/human-resources\/fit_im_job\/2016-08-26\/wenn-mitarbeitende-von-kleinunternehmen-psychische-probleme-haben\/"]}]},{"@type":"ImageObject","inLanguage":"it-IT","@id":"https:\/\/www.organisator.ch\/human-resources\/fit_im_job\/2016-08-26\/wenn-mitarbeitende-von-kleinunternehmen-psychische-probleme-haben\/#primaryimage","url":"https:\/\/www.organisator.ch\/wp-content\/uploads\/2016\/12\/Wenn-Mitarbeitende-von-Kleinunternehmen-psychische-Probleme-haben-organisator.jpg","contentUrl":"https:\/\/www.organisator.ch\/wp-content\/uploads\/2016\/12\/Wenn-Mitarbeitende-von-Kleinunternehmen-psychische-Probleme-haben-organisator.jpg","width":640,"height":275,"caption":"Szene aus dem neuen Video des Vereins Artisana, mit dem auf das Thema \"Psychische Probleme in Kleinunternehmen\" aufmerksam gemacht wird. (Foto: Pressedienst Artisana)"},{"@type":"BreadcrumbList","@id":"https:\/\/www.organisator.ch\/human-resources\/fit_im_job\/2016-08-26\/wenn-mitarbeitende-von-kleinunternehmen-psychische-probleme-haben\/#breadcrumb","itemListElement":[{"@type":"ListItem","position":1,"name":"Home","item":"https:\/\/www.organisator.ch\/"},{"@type":"ListItem","position":2,"name":"Wenn Mitarbeitende von Kleinunternehmen psychische Probleme haben"}]},{"@type":"WebSite","@id":"https:\/\/www.organisator.ch\/#website","url":"https:\/\/www.organisator.ch\/","name":"Organizzatore","description":"Competente. Pratico. In 10 numeri all'anno, ORGANISATOR presenta i temi essenziali per i manager delle PMI.","publisher":{"@id":"https:\/\/www.organisator.ch\/#organization"},"potentialAction":[{"@type":"SearchAction","target":{"@type":"EntryPoint","urlTemplate":"https:\/\/www.organisator.ch\/?s={search_term_string}"},"query-input":{"@type":"PropertyValueSpecification","valueRequired":true,"valueName":"search_term_string"}}],"inLanguage":"it-IT"},{"@type":"Organization","@id":"https:\/\/www.organisator.ch\/#organization","name":"Organizzatore","url":"https:\/\/www.organisator.ch\/","logo":{"@type":"ImageObject","inLanguage":"it-IT","@id":"https:\/\/www.organisator.ch\/#\/schema\/logo\/image\/","url":"https:\/\/www.organisator.ch\/wp-content\/uploads\/2022\/01\/Logo_Organisator_Website.png","contentUrl":"https:\/\/www.organisator.ch\/wp-content\/uploads\/2022\/01\/Logo_Organisator_Website.png","width":800,"height":77,"caption":"Organisator"},"image":{"@id":"https:\/\/www.organisator.ch\/#\/schema\/logo\/image\/"},"sameAs":["https:\/\/www.facebook.com\/OrganisatorFachmagazin","https:\/\/www.linkedin.com\/showcase\/organisator-das-magazin-fr-kmu","https:\/\/www.xing.com\/news\/pages\/organisator-ch-695","https:\/\/www.youtube.com\/channel\/UCGP2Sq0iWaZwT3BdIAQFYpw"]},{"@type":"Person","@id":"https:\/\/www.organisator.ch\/#\/schema\/person\/aa2bace6c5c5aad60102004a50c4eb1c","name":"amministratore","image":{"@type":"ImageObject","inLanguage":"it-IT","@id":"https:\/\/secure.gravatar.com\/avatar\/ae2f4d718e6c49043e314ce431e7e645d646302a24a5ef5a8bc8e3f5a032e319?s=96&d=mm&r=g","url":"https:\/\/secure.gravatar.com\/avatar\/ae2f4d718e6c49043e314ce431e7e645d646302a24a5ef5a8bc8e3f5a032e319?s=96&d=mm&r=g","contentUrl":"https:\/\/secure.gravatar.com\/avatar\/ae2f4d718e6c49043e314ce431e7e645d646302a24a5ef5a8bc8e3f5a032e319?s=96&d=mm&r=g","caption":"admin"},"sameAs":["https:\/\/www.organisator.ch"],"url":"https:\/\/www.organisator.ch\/it\/author\/admin\/"}]}},"_links":{"self":[{"href":"https:\/\/www.organisator.ch\/it\/wp-json\/wp\/v2\/posts\/966","targetHints":{"allow":["GET"]}}],"collection":[{"href":"https:\/\/www.organisator.ch\/it\/wp-json\/wp\/v2\/posts"}],"about":[{"href":"https:\/\/www.organisator.ch\/it\/wp-json\/wp\/v2\/types\/post"}],"author":[{"embeddable":true,"href":"https:\/\/www.organisator.ch\/it\/wp-json\/wp\/v2\/users\/1"}],"replies":[{"embeddable":true,"href":"https:\/\/www.organisator.ch\/it\/wp-json\/wp\/v2\/comments?post=966"}],"version-history":[{"count":0,"href":"https:\/\/www.organisator.ch\/it\/wp-json\/wp\/v2\/posts\/966\/revisions"}],"wp:featuredmedia":[{"embeddable":true,"href":"https:\/\/www.organisator.ch\/it\/wp-json\/wp\/v2\/media\/967"}],"wp:attachment":[{"href":"https:\/\/www.organisator.ch\/it\/wp-json\/wp\/v2\/media?parent=966"}],"wp:term":[{"taxonomy":"category","embeddable":true,"href":"https:\/\/www.organisator.ch\/it\/wp-json\/wp\/v2\/categories?post=966"},{"taxonomy":"post_tag","embeddable":true,"href":"https:\/\/www.organisator.ch\/it\/wp-json\/wp\/v2\/tags?post=966"}],"curies":[{"name":"wp","href":"https:\/\/api.w.org\/{rel}","templated":true}]}}