{"id":983,"date":"2017-05-12T14:11:50","date_gmt":"2017-05-12T12:11:50","guid":{"rendered":"https:\/\/www.umweltperspektiven.ch\/?p=983"},"modified":"2022-02-09T11:06:20","modified_gmt":"2022-02-09T10:06:20","slug":"mehr-fernwaerme-und-seewasser-fuer-stadt-zuerich","status":"publish","type":"post","link":"https:\/\/www.organisator.ch\/it\/sustainability\/2017-05-12\/mehr-fernwaerme-und-seewasser-fuer-stadt-zuerich\/","title":{"rendered":"Pi\u00f9 teleriscaldamento e acqua del lago per la citt\u00e0 di Zurigo"},"content":{"rendered":"<figure id=\"attachment_984\" aria-describedby=\"caption-attachment-984\" style=\"width: 680px\" class=\"wp-caption alignnone\"><img loading=\"lazy\" decoding=\"async\" class=\"size-medium wp-image-984\" src=\"\/\/www.umweltperspektiven.ch\/wp-content\/uploads\/2017\/06\/Depositphotos_3835406_l-2015.jpg\" alt=\"\" width=\"680\" height=\"453\" srcset=\"https:\/\/www.organisator.ch\/wp-content\/uploads\/2017\/06\/Depositphotos_3835406_l-2015.jpg 2000w, https:\/\/www.organisator.ch\/wp-content\/uploads\/2017\/06\/Depositphotos_3835406_l-2015-680x453.jpg 680w, https:\/\/www.organisator.ch\/wp-content\/uploads\/2017\/06\/Depositphotos_3835406_l-2015-1024x682.jpg 1024w, https:\/\/www.organisator.ch\/wp-content\/uploads\/2017\/06\/Depositphotos_3835406_l-2015-768x512.jpg 768w, https:\/\/www.organisator.ch\/wp-content\/uploads\/2017\/06\/Depositphotos_3835406_l-2015-1536x1024.jpg 1536w, https:\/\/www.organisator.ch\/wp-content\/uploads\/2017\/06\/Depositphotos_3835406_l-2015-18x12.jpg 18w, https:\/\/www.organisator.ch\/wp-content\/uploads\/2017\/06\/Depositphotos_3835406_l-2015-263x175.jpg 263w, https:\/\/www.organisator.ch\/wp-content\/uploads\/2017\/06\/Depositphotos_3835406_l-2015-525x350.jpg 525w, https:\/\/www.organisator.ch\/wp-content\/uploads\/2017\/06\/Depositphotos_3835406_l-2015-1200x800.jpg 1200w, https:\/\/www.organisator.ch\/wp-content\/uploads\/2017\/06\/Depositphotos_3835406_l-2015-920x613.jpg 920w, https:\/\/www.organisator.ch\/wp-content\/uploads\/2017\/06\/Depositphotos_3835406_l-2015-1400x933.jpg 1400w, https:\/\/www.organisator.ch\/wp-content\/uploads\/2017\/06\/Depositphotos_3835406_l-2015-300x200.jpg 300w\" sizes=\"auto, (max-width: 680px) 100vw, 680px\" \/><figcaption id=\"caption-attachment-984\" class=\"wp-caption-text\">La citt\u00e0 di Zurigo vuole utilizzare maggiormente l'acqua del suo lago in futuro.<\/figcaption><\/figure>\n<p>Il piano energetico comunale mostra in quale area hanno senso le fonti di energia - analogamente al piano strutturale per gli insediamenti o i trasporti. Sotto la direzione del commissario per l'energia, la citt\u00e0 di Zurigo ha rivisto completamente la sua pianificazione energetica negli ultimi due anni e l'ha allineata agli obiettivi della societ\u00e0 a 2000 watt. Dopo il consiglio comunale, anche il Dipartimento delle costruzioni del Cantone di Zurigo ha approvato la pianificazione energetica aggiornata.<br \/>\n\u00c8 vincolante per il consiglio comunale, l'amministrazione e i fornitori comunali di energia. Per i proprietari terrieri, si applica il principio della libera scelta tra i fornitori di energia disponibili sul posto.<br \/>\nfonti di energia disponibili.<\/p>\n<p><strong>Espansione della fornitura di teleriscaldamento<\/strong><br \/>\nLa citt\u00e0 di Zurigo vuole espandere la fornitura di teleriscaldamento dagli impianti di termovalorizzazione espandendo e collegando le reti di teleriscaldamento esistenti delle centrali Hagenholz e Josefstrasse. Se gli elettori approveranno il nuovo interconnettore previsto, la strada sar\u00e0 libera per collegare la zona di Milchbuck, parti di Wipkingen e Oberstrass, il quartiere Gewerbeschul e parti di Aussersihl dal 2020 al 2045 circa. In futuro, verr\u00e0 utilizzata anche l'energia proveniente dalle acque reflue trattate dell'impianto di depurazione di Werdh\u00f6lzli. A questo scopo, la citt\u00e0 di Zurigo sta costruendo una fornitura di teleriscaldamento nel centro di Altstetten e in alcune parti di H\u00f6ngg a partire dal 2020 circa. Non ci sar\u00e0 ancora l'obbligo di connettersi alla rete di teleriscaldamento. Tuttavia, per alcune propriet\u00e0 nelle aree di espansione, si apriranno nuove e attraenti opzioni per la fornitura di energia.<\/p>\n<p><strong>Utilizzo delle acque sotterranee e lacustri con reti energetiche<\/strong><br \/>\nNei quartieri densamente popolati intorno al bacino del lago e nel fondo della valle della Limmat, l'acqua di falda e l'acqua del lago devono essere utilizzate per il riscaldamento e il raffreddamento. Queste fonti di energia saranno messe a disposizione del maggior numero possibile di proprietari di immobili sotto forma di reti energetiche. In questo modo, numerosi edifici di Zurigo sono gi\u00e0 forniti di calore e raffreddamento ecologico. La citt\u00e0 di Zurigo vuole avviare e promuovere ulteriori reti energetiche. I fornitori di servizi energetici comunali ewz ed Energie 360\u00b0 e i centri comunali di consulenza energetica giocano un ruolo importante in questo senso.<\/p>\n<p><strong>Area di fornitura del gas invariata<\/strong><br \/>\nAd eccezione di Zurigo Nord, la zona di approvvigionamento del gas rimarr\u00e0 invariata per i prossimi 15 anni. Nelle aree di teleriscaldamento, il teleriscaldamento ha la priorit\u00e0, quindi non sono pi\u00f9 previste nuove connessioni di gas. Fanno eccezione le propriet\u00e0 la cui connessione non influisce sulla redditivit\u00e0 economica della fornitura di teleriscaldamento. Tuttavia, il gas gioca un ruolo importante per la copertura dei picchi di carico nelle reti energetiche e in aree come il centro storico, dove la fornitura decentralizzata con energie rinnovabili \u00e8 limitata e la connessione con il teleriscaldamento non \u00e8 conveniente. La quota di biogas nel mix di gas deve aumentare da circa il 7% di oggi al 45% entro il 2050. Per assicurare che i potenziali miglioramenti nell'involucro dell'edificio e l'efficienza energetica siano sfruttati, la citt\u00e0 di Zurigo offre una consulenza sui nuovi collegamenti al teleriscaldamento o alla rete del gas come parte del suo programma di coaching energetico. Questo include anche informazioni su soluzioni decentralizzate per singoli edifici o reti di quartiere.<\/p>\n<p>Fonte: Citt\u00e0 di Zurigo<\/p>","protected":false},"excerpt":{"rendered":"<p>Der kommunale Energieplan zeigt auf, in welchem Gebiet welche Energietr\u00e4ger sinnvoll sind \u2013 analog zum Richtplan f\u00fcr die Siedlung oder den Verkehr. Unter der Leitung des Energiebeauftragten hat die Stadt Z\u00fcrich ihre Energieplanung in den letzten zwei Jahren vollst\u00e4ndig \u00fcberarbeitet und auf die Ziele der 2000-Watt-Gesellschaft ausgerichtet. Nach dem Stadtrat hat auch die Baudirektion des [&hellip;]<\/p>\n","protected":false},"author":1,"featured_media":984,"comment_status":"open","ping_status":"open","sticky":false,"template":"","format":"standard","meta":{"_acf_changed":false,"_yoast_wpseo_focuskw":"Fernw\u00e4rme","_yoast_wpseo_metadesc":"Die k\u00fcnftige Energieversorgung der Stadt Z\u00fcrich soll weitgehend ohne fossile Energietr\u00e4ger auskommen und wesentlich weniger CO2 ausstossen.","articlekey":"","footnotes":""},"categories":[580],"tags":[1165,1329,2100,2182],"class_list":["post-983","post","type-post","status-publish","format-standard","has-post-thumbnail","hentry","category-sustainability","tag-fernwaerme","tag-grundwasser","tag-seewasser","tag-stadt-zuerich"],"acf":[],"yoast_head":"<!-- This site is optimized with the Yoast SEO plugin v27.5 - https:\/\/yoast.com\/product\/yoast-seo-wordpress\/ -->\n<title>Mehr Fernw\u00e4rme und Seewasser f\u00fcr Stadt Z\u00fcrich - Organisator<\/title>\n<meta name=\"description\" content=\"Die k\u00fcnftige Energieversorgung der Stadt Z\u00fcrich soll weitgehend ohne fossile Energietr\u00e4ger auskommen und wesentlich weniger CO2 ausstossen.\" \/>\n<meta name=\"robots\" content=\"index, follow, max-snippet:-1, max-image-preview:large, max-video-preview:-1\" \/>\n<link rel=\"canonical\" href=\"https:\/\/www.organisator.ch\/it\/sostenibilita\/2017-05-12\/mehr-fernwaerme-und-seewasser-fuer-stadt-zuerich\/\" \/>\n<meta property=\"og:locale\" content=\"it_IT\" \/>\n<meta property=\"og:type\" content=\"article\" \/>\n<meta property=\"og:title\" content=\"Mehr Fernw\u00e4rme und Seewasser f\u00fcr Stadt Z\u00fcrich - Organisator\" \/>\n<meta property=\"og:description\" content=\"Die k\u00fcnftige Energieversorgung der Stadt Z\u00fcrich soll weitgehend ohne fossile Energietr\u00e4ger auskommen und wesentlich weniger CO2 ausstossen.\" \/>\n<meta property=\"og:url\" content=\"https:\/\/www.organisator.ch\/it\/sostenibilita\/2017-05-12\/mehr-fernwaerme-und-seewasser-fuer-stadt-zuerich\/\" \/>\n<meta property=\"og:site_name\" content=\"Organisator\" \/>\n<meta property=\"article:publisher\" content=\"https:\/\/www.facebook.com\/OrganisatorFachmagazin\" \/>\n<meta property=\"article:published_time\" content=\"2017-05-12T12:11:50+00:00\" \/>\n<meta property=\"article:modified_time\" content=\"2022-02-09T10:06:20+00:00\" \/>\n<meta property=\"og:image\" content=\"https:\/\/www.organisator.ch\/wp-content\/uploads\/2017\/06\/Depositphotos_3835406_l-2015-1024x682.jpg\" \/>\n\t<meta property=\"og:image:width\" content=\"1024\" \/>\n\t<meta property=\"og:image:height\" content=\"682\" \/>\n\t<meta property=\"og:image:type\" content=\"image\/jpeg\" \/>\n<meta name=\"author\" content=\"admin\" \/>\n<meta name=\"twitter:card\" content=\"summary_large_image\" \/>\n<script type=\"application\/ld+json\" class=\"yoast-schema-graph\">{\"@context\":\"https:\\\/\\\/schema.org\",\"@graph\":[{\"@type\":\"Article\",\"@id\":\"https:\\\/\\\/www.organisator.ch\\\/sustainability\\\/2017-05-12\\\/mehr-fernwaerme-und-seewasser-fuer-stadt-zuerich\\\/#article\",\"isPartOf\":{\"@id\":\"https:\\\/\\\/www.organisator.ch\\\/sustainability\\\/2017-05-12\\\/mehr-fernwaerme-und-seewasser-fuer-stadt-zuerich\\\/\"},\"author\":{\"name\":\"admin\",\"@id\":\"https:\\\/\\\/www.organisator.ch\\\/#\\\/schema\\\/person\\\/aa2bace6c5c5aad60102004a50c4eb1c\"},\"headline\":\"Mehr Fernw\u00e4rme und Seewasser f\u00fcr Stadt Z\u00fcrich\",\"datePublished\":\"2017-05-12T12:11:50+00:00\",\"dateModified\":\"2022-02-09T10:06:20+00:00\",\"mainEntityOfPage\":{\"@id\":\"https:\\\/\\\/www.organisator.ch\\\/sustainability\\\/2017-05-12\\\/mehr-fernwaerme-und-seewasser-fuer-stadt-zuerich\\\/\"},\"wordCount\":510,\"commentCount\":0,\"publisher\":{\"@id\":\"https:\\\/\\\/www.organisator.ch\\\/#organization\"},\"image\":{\"@id\":\"https:\\\/\\\/www.organisator.ch\\\/sustainability\\\/2017-05-12\\\/mehr-fernwaerme-und-seewasser-fuer-stadt-zuerich\\\/#primaryimage\"},\"thumbnailUrl\":\"https:\\\/\\\/www.organisator.ch\\\/wp-content\\\/uploads\\\/2017\\\/06\\\/Depositphotos_3835406_l-2015.jpg\",\"keywords\":[\"Fernw\u00e4rme\",\"Grundwasser\",\"Seewasser\",\"Stadt Z\u00fcrich\"],\"articleSection\":[\"SUSTAINABILITY\"],\"inLanguage\":\"it-IT\"},{\"@type\":\"WebPage\",\"@id\":\"https:\\\/\\\/www.organisator.ch\\\/sustainability\\\/2017-05-12\\\/mehr-fernwaerme-und-seewasser-fuer-stadt-zuerich\\\/\",\"url\":\"https:\\\/\\\/www.organisator.ch\\\/sustainability\\\/2017-05-12\\\/mehr-fernwaerme-und-seewasser-fuer-stadt-zuerich\\\/\",\"name\":\"Mehr Fernw\u00e4rme und Seewasser f\u00fcr Stadt Z\u00fcrich - Organisator\",\"isPartOf\":{\"@id\":\"https:\\\/\\\/www.organisator.ch\\\/#website\"},\"primaryImageOfPage\":{\"@id\":\"https:\\\/\\\/www.organisator.ch\\\/sustainability\\\/2017-05-12\\\/mehr-fernwaerme-und-seewasser-fuer-stadt-zuerich\\\/#primaryimage\"},\"image\":{\"@id\":\"https:\\\/\\\/www.organisator.ch\\\/sustainability\\\/2017-05-12\\\/mehr-fernwaerme-und-seewasser-fuer-stadt-zuerich\\\/#primaryimage\"},\"thumbnailUrl\":\"https:\\\/\\\/www.organisator.ch\\\/wp-content\\\/uploads\\\/2017\\\/06\\\/Depositphotos_3835406_l-2015.jpg\",\"datePublished\":\"2017-05-12T12:11:50+00:00\",\"dateModified\":\"2022-02-09T10:06:20+00:00\",\"description\":\"Die k\u00fcnftige Energieversorgung der Stadt Z\u00fcrich soll weitgehend ohne fossile Energietr\u00e4ger auskommen und wesentlich weniger CO2 ausstossen.\",\"breadcrumb\":{\"@id\":\"https:\\\/\\\/www.organisator.ch\\\/sustainability\\\/2017-05-12\\\/mehr-fernwaerme-und-seewasser-fuer-stadt-zuerich\\\/#breadcrumb\"},\"inLanguage\":\"it-IT\",\"potentialAction\":[{\"@type\":\"ReadAction\",\"target\":[\"https:\\\/\\\/www.organisator.ch\\\/sustainability\\\/2017-05-12\\\/mehr-fernwaerme-und-seewasser-fuer-stadt-zuerich\\\/\"]}]},{\"@type\":\"ImageObject\",\"inLanguage\":\"it-IT\",\"@id\":\"https:\\\/\\\/www.organisator.ch\\\/sustainability\\\/2017-05-12\\\/mehr-fernwaerme-und-seewasser-fuer-stadt-zuerich\\\/#primaryimage\",\"url\":\"https:\\\/\\\/www.organisator.ch\\\/wp-content\\\/uploads\\\/2017\\\/06\\\/Depositphotos_3835406_l-2015.jpg\",\"contentUrl\":\"https:\\\/\\\/www.organisator.ch\\\/wp-content\\\/uploads\\\/2017\\\/06\\\/Depositphotos_3835406_l-2015.jpg\",\"width\":2000,\"height\":1333,\"caption\":\"Die Stadt Z\u00fcrich will k\u00fcnftig ihr Seewasser st\u00e4rker nutzen.\"},{\"@type\":\"BreadcrumbList\",\"@id\":\"https:\\\/\\\/www.organisator.ch\\\/sustainability\\\/2017-05-12\\\/mehr-fernwaerme-und-seewasser-fuer-stadt-zuerich\\\/#breadcrumb\",\"itemListElement\":[{\"@type\":\"ListItem\",\"position\":1,\"name\":\"Home\",\"item\":\"https:\\\/\\\/www.organisator.ch\\\/\"},{\"@type\":\"ListItem\",\"position\":2,\"name\":\"Mehr Fernw\u00e4rme und Seewasser f\u00fcr Stadt Z\u00fcrich\"}]},{\"@type\":\"WebSite\",\"@id\":\"https:\\\/\\\/www.organisator.ch\\\/#website\",\"url\":\"https:\\\/\\\/www.organisator.ch\\\/\",\"name\":\"Organisator\",\"description\":\"Kompetent. Praxisnah. Der ORGANISATOR bereitet in 10 Ausgaben pro Jahr die wesentlichen Themen f\u00fcr F\u00fchrungskr\u00e4fte von KMU auf.\",\"publisher\":{\"@id\":\"https:\\\/\\\/www.organisator.ch\\\/#organization\"},\"potentialAction\":[{\"@type\":\"SearchAction\",\"target\":{\"@type\":\"EntryPoint\",\"urlTemplate\":\"https:\\\/\\\/www.organisator.ch\\\/?s={search_term_string}\"},\"query-input\":{\"@type\":\"PropertyValueSpecification\",\"valueRequired\":true,\"valueName\":\"search_term_string\"}}],\"inLanguage\":\"it-IT\"},{\"@type\":\"Organization\",\"@id\":\"https:\\\/\\\/www.organisator.ch\\\/#organization\",\"name\":\"Organisator\",\"url\":\"https:\\\/\\\/www.organisator.ch\\\/\",\"logo\":{\"@type\":\"ImageObject\",\"inLanguage\":\"it-IT\",\"@id\":\"https:\\\/\\\/www.organisator.ch\\\/#\\\/schema\\\/logo\\\/image\\\/\",\"url\":\"https:\\\/\\\/www.organisator.ch\\\/wp-content\\\/uploads\\\/2022\\\/01\\\/Logo_Organisator_Website.png\",\"contentUrl\":\"https:\\\/\\\/www.organisator.ch\\\/wp-content\\\/uploads\\\/2022\\\/01\\\/Logo_Organisator_Website.png\",\"width\":800,\"height\":77,\"caption\":\"Organisator\"},\"image\":{\"@id\":\"https:\\\/\\\/www.organisator.ch\\\/#\\\/schema\\\/logo\\\/image\\\/\"},\"sameAs\":[\"https:\\\/\\\/www.facebook.com\\\/OrganisatorFachmagazin\",\"https:\\\/\\\/www.linkedin.com\\\/showcase\\\/organisator-das-magazin-fr-kmu\",\"https:\\\/\\\/www.xing.com\\\/news\\\/pages\\\/organisator-ch-695\",\"https:\\\/\\\/www.youtube.com\\\/channel\\\/UCGP2Sq0iWaZwT3BdIAQFYpw\"]},{\"@type\":\"Person\",\"@id\":\"https:\\\/\\\/www.organisator.ch\\\/#\\\/schema\\\/person\\\/aa2bace6c5c5aad60102004a50c4eb1c\",\"name\":\"admin\",\"image\":{\"@type\":\"ImageObject\",\"inLanguage\":\"it-IT\",\"@id\":\"https:\\\/\\\/secure.gravatar.com\\\/avatar\\\/ae2f4d718e6c49043e314ce431e7e645d646302a24a5ef5a8bc8e3f5a032e319?s=96&d=mm&r=g\",\"url\":\"https:\\\/\\\/secure.gravatar.com\\\/avatar\\\/ae2f4d718e6c49043e314ce431e7e645d646302a24a5ef5a8bc8e3f5a032e319?s=96&d=mm&r=g\",\"contentUrl\":\"https:\\\/\\\/secure.gravatar.com\\\/avatar\\\/ae2f4d718e6c49043e314ce431e7e645d646302a24a5ef5a8bc8e3f5a032e319?s=96&d=mm&r=g\",\"caption\":\"admin\"},\"sameAs\":[\"https:\\\/\\\/www.organisator.ch\"],\"url\":\"https:\\\/\\\/www.organisator.ch\\\/it\\\/author\\\/admin\\\/\"}]}<\/script>\n<!-- \/ Yoast SEO plugin. -->","yoast_head_json":{"title":"Pi\u00f9 teleriscaldamento e acqua di lago per la citt\u00e0 di Zurigo - Organizzatore","description":"Il futuro approvvigionamento energetico della citt\u00e0 di Zurigo dovrebbe essere in gran parte privo di combustibili fossili ed emettere una quantit\u00e0 significativamente inferiore di CO2.","robots":{"index":"index","follow":"follow","max-snippet":"max-snippet:-1","max-image-preview":"max-image-preview:large","max-video-preview":"max-video-preview:-1"},"canonical":"https:\/\/www.organisator.ch\/it\/sostenibilita\/2017-05-12\/mehr-fernwaerme-und-seewasser-fuer-stadt-zuerich\/","og_locale":"it_IT","og_type":"article","og_title":"Mehr Fernw\u00e4rme und Seewasser f\u00fcr Stadt Z\u00fcrich - Organisator","og_description":"Die k\u00fcnftige Energieversorgung der Stadt Z\u00fcrich soll weitgehend ohne fossile Energietr\u00e4ger auskommen und wesentlich weniger CO2 ausstossen.","og_url":"https:\/\/www.organisator.ch\/it\/sostenibilita\/2017-05-12\/mehr-fernwaerme-und-seewasser-fuer-stadt-zuerich\/","og_site_name":"Organisator","article_publisher":"https:\/\/www.facebook.com\/OrganisatorFachmagazin","article_published_time":"2017-05-12T12:11:50+00:00","article_modified_time":"2022-02-09T10:06:20+00:00","og_image":[{"width":1024,"height":682,"url":"https:\/\/www.organisator.ch\/wp-content\/uploads\/2017\/06\/Depositphotos_3835406_l-2015-1024x682.jpg","type":"image\/jpeg"}],"author":"admin","twitter_card":"summary_large_image","schema":{"@context":"https:\/\/schema.org","@graph":[{"@type":"Article","@id":"https:\/\/www.organisator.ch\/sustainability\/2017-05-12\/mehr-fernwaerme-und-seewasser-fuer-stadt-zuerich\/#article","isPartOf":{"@id":"https:\/\/www.organisator.ch\/sustainability\/2017-05-12\/mehr-fernwaerme-und-seewasser-fuer-stadt-zuerich\/"},"author":{"name":"admin","@id":"https:\/\/www.organisator.ch\/#\/schema\/person\/aa2bace6c5c5aad60102004a50c4eb1c"},"headline":"Mehr Fernw\u00e4rme und Seewasser f\u00fcr Stadt Z\u00fcrich","datePublished":"2017-05-12T12:11:50+00:00","dateModified":"2022-02-09T10:06:20+00:00","mainEntityOfPage":{"@id":"https:\/\/www.organisator.ch\/sustainability\/2017-05-12\/mehr-fernwaerme-und-seewasser-fuer-stadt-zuerich\/"},"wordCount":510,"commentCount":0,"publisher":{"@id":"https:\/\/www.organisator.ch\/#organization"},"image":{"@id":"https:\/\/www.organisator.ch\/sustainability\/2017-05-12\/mehr-fernwaerme-und-seewasser-fuer-stadt-zuerich\/#primaryimage"},"thumbnailUrl":"https:\/\/www.organisator.ch\/wp-content\/uploads\/2017\/06\/Depositphotos_3835406_l-2015.jpg","keywords":["Fernw\u00e4rme","Grundwasser","Seewasser","Stadt Z\u00fcrich"],"articleSection":["SUSTAINABILITY"],"inLanguage":"it-IT"},{"@type":"WebPage","@id":"https:\/\/www.organisator.ch\/sustainability\/2017-05-12\/mehr-fernwaerme-und-seewasser-fuer-stadt-zuerich\/","url":"https:\/\/www.organisator.ch\/sustainability\/2017-05-12\/mehr-fernwaerme-und-seewasser-fuer-stadt-zuerich\/","name":"Pi\u00f9 teleriscaldamento e acqua di lago per la citt\u00e0 di Zurigo - Organizzatore","isPartOf":{"@id":"https:\/\/www.organisator.ch\/#website"},"primaryImageOfPage":{"@id":"https:\/\/www.organisator.ch\/sustainability\/2017-05-12\/mehr-fernwaerme-und-seewasser-fuer-stadt-zuerich\/#primaryimage"},"image":{"@id":"https:\/\/www.organisator.ch\/sustainability\/2017-05-12\/mehr-fernwaerme-und-seewasser-fuer-stadt-zuerich\/#primaryimage"},"thumbnailUrl":"https:\/\/www.organisator.ch\/wp-content\/uploads\/2017\/06\/Depositphotos_3835406_l-2015.jpg","datePublished":"2017-05-12T12:11:50+00:00","dateModified":"2022-02-09T10:06:20+00:00","description":"Il futuro approvvigionamento energetico della citt\u00e0 di Zurigo dovrebbe essere in gran parte privo di combustibili fossili ed emettere una quantit\u00e0 significativamente inferiore di CO2.","breadcrumb":{"@id":"https:\/\/www.organisator.ch\/sustainability\/2017-05-12\/mehr-fernwaerme-und-seewasser-fuer-stadt-zuerich\/#breadcrumb"},"inLanguage":"it-IT","potentialAction":[{"@type":"ReadAction","target":["https:\/\/www.organisator.ch\/sustainability\/2017-05-12\/mehr-fernwaerme-und-seewasser-fuer-stadt-zuerich\/"]}]},{"@type":"ImageObject","inLanguage":"it-IT","@id":"https:\/\/www.organisator.ch\/sustainability\/2017-05-12\/mehr-fernwaerme-und-seewasser-fuer-stadt-zuerich\/#primaryimage","url":"https:\/\/www.organisator.ch\/wp-content\/uploads\/2017\/06\/Depositphotos_3835406_l-2015.jpg","contentUrl":"https:\/\/www.organisator.ch\/wp-content\/uploads\/2017\/06\/Depositphotos_3835406_l-2015.jpg","width":2000,"height":1333,"caption":"Die Stadt Z\u00fcrich will k\u00fcnftig ihr Seewasser st\u00e4rker nutzen."},{"@type":"BreadcrumbList","@id":"https:\/\/www.organisator.ch\/sustainability\/2017-05-12\/mehr-fernwaerme-und-seewasser-fuer-stadt-zuerich\/#breadcrumb","itemListElement":[{"@type":"ListItem","position":1,"name":"Home","item":"https:\/\/www.organisator.ch\/"},{"@type":"ListItem","position":2,"name":"Mehr Fernw\u00e4rme und Seewasser f\u00fcr Stadt Z\u00fcrich"}]},{"@type":"WebSite","@id":"https:\/\/www.organisator.ch\/#website","url":"https:\/\/www.organisator.ch\/","name":"Organizzatore","description":"Competente. Pratico. In 10 numeri all'anno, ORGANISATOR presenta i temi essenziali per i manager delle PMI.","publisher":{"@id":"https:\/\/www.organisator.ch\/#organization"},"potentialAction":[{"@type":"SearchAction","target":{"@type":"EntryPoint","urlTemplate":"https:\/\/www.organisator.ch\/?s={search_term_string}"},"query-input":{"@type":"PropertyValueSpecification","valueRequired":true,"valueName":"search_term_string"}}],"inLanguage":"it-IT"},{"@type":"Organization","@id":"https:\/\/www.organisator.ch\/#organization","name":"Organizzatore","url":"https:\/\/www.organisator.ch\/","logo":{"@type":"ImageObject","inLanguage":"it-IT","@id":"https:\/\/www.organisator.ch\/#\/schema\/logo\/image\/","url":"https:\/\/www.organisator.ch\/wp-content\/uploads\/2022\/01\/Logo_Organisator_Website.png","contentUrl":"https:\/\/www.organisator.ch\/wp-content\/uploads\/2022\/01\/Logo_Organisator_Website.png","width":800,"height":77,"caption":"Organisator"},"image":{"@id":"https:\/\/www.organisator.ch\/#\/schema\/logo\/image\/"},"sameAs":["https:\/\/www.facebook.com\/OrganisatorFachmagazin","https:\/\/www.linkedin.com\/showcase\/organisator-das-magazin-fr-kmu","https:\/\/www.xing.com\/news\/pages\/organisator-ch-695","https:\/\/www.youtube.com\/channel\/UCGP2Sq0iWaZwT3BdIAQFYpw"]},{"@type":"Person","@id":"https:\/\/www.organisator.ch\/#\/schema\/person\/aa2bace6c5c5aad60102004a50c4eb1c","name":"amministratore","image":{"@type":"ImageObject","inLanguage":"it-IT","@id":"https:\/\/secure.gravatar.com\/avatar\/ae2f4d718e6c49043e314ce431e7e645d646302a24a5ef5a8bc8e3f5a032e319?s=96&d=mm&r=g","url":"https:\/\/secure.gravatar.com\/avatar\/ae2f4d718e6c49043e314ce431e7e645d646302a24a5ef5a8bc8e3f5a032e319?s=96&d=mm&r=g","contentUrl":"https:\/\/secure.gravatar.com\/avatar\/ae2f4d718e6c49043e314ce431e7e645d646302a24a5ef5a8bc8e3f5a032e319?s=96&d=mm&r=g","caption":"admin"},"sameAs":["https:\/\/www.organisator.ch"],"url":"https:\/\/www.organisator.ch\/it\/author\/admin\/"}]}},"_links":{"self":[{"href":"https:\/\/www.organisator.ch\/it\/wp-json\/wp\/v2\/posts\/983","targetHints":{"allow":["GET"]}}],"collection":[{"href":"https:\/\/www.organisator.ch\/it\/wp-json\/wp\/v2\/posts"}],"about":[{"href":"https:\/\/www.organisator.ch\/it\/wp-json\/wp\/v2\/types\/post"}],"author":[{"embeddable":true,"href":"https:\/\/www.organisator.ch\/it\/wp-json\/wp\/v2\/users\/1"}],"replies":[{"embeddable":true,"href":"https:\/\/www.organisator.ch\/it\/wp-json\/wp\/v2\/comments?post=983"}],"version-history":[{"count":1,"href":"https:\/\/www.organisator.ch\/it\/wp-json\/wp\/v2\/posts\/983\/revisions"}],"predecessor-version":[{"id":10582,"href":"https:\/\/www.organisator.ch\/it\/wp-json\/wp\/v2\/posts\/983\/revisions\/10582"}],"wp:featuredmedia":[{"embeddable":true,"href":"https:\/\/www.organisator.ch\/it\/wp-json\/wp\/v2\/media\/984"}],"wp:attachment":[{"href":"https:\/\/www.organisator.ch\/it\/wp-json\/wp\/v2\/media?parent=983"}],"wp:term":[{"taxonomy":"category","embeddable":true,"href":"https:\/\/www.organisator.ch\/it\/wp-json\/wp\/v2\/categories?post=983"},{"taxonomy":"post_tag","embeddable":true,"href":"https:\/\/www.organisator.ch\/it\/wp-json\/wp\/v2\/tags?post=983"}],"curies":[{"name":"wp","href":"https:\/\/api.w.org\/{rel}","templated":true}]}}