{"id":986,"date":"2016-07-26T08:22:02","date_gmt":"2016-07-26T06:22:02","guid":{"rendered":"http:\/\/dev.organisator.ch\/?p=986"},"modified":"2016-07-26T08:22:02","modified_gmt":"2016-07-26T06:22:02","slug":"stellensuche-schweizer-sind-nur-teilweise-zuversichtlich","status":"publish","type":"post","link":"https:\/\/www.organisator.ch\/it\/allgemein\/2016-07-26\/stellensuche-schweizer-sind-nur-teilweise-zuversichtlich\/","title":{"rendered":"Ricerca di lavoro: gli svizzeri sono solo parzialmente fiduciosi"},"content":{"rendered":"<figure id=\"attachment_987\" aria-describedby=\"caption-attachment-987\" style=\"width: 640px\" class=\"wp-caption alignnone\"><img loading=\"lazy\" decoding=\"async\" class=\"size-full wp-image-987\" src=\"https:\/\/www.organisator.ch\/wp-content\/uploads\/2016\/12\/Stellensuche-Schweizer-sind-nur-teilweise-zuversichtlich-organisator.jpg\" alt=\"\" width=\"640\" height=\"426\" srcset=\"https:\/\/www.organisator.ch\/wp-content\/uploads\/2016\/12\/Stellensuche-Schweizer-sind-nur-teilweise-zuversichtlich-organisator.jpg 640w, https:\/\/www.organisator.ch\/wp-content\/uploads\/2016\/12\/Stellensuche-Schweizer-sind-nur-teilweise-zuversichtlich-organisator-16x12.jpg 16w, https:\/\/www.organisator.ch\/wp-content\/uploads\/2016\/12\/Stellensuche-Schweizer-sind-nur-teilweise-zuversichtlich-organisator-263x175.jpg 263w, https:\/\/www.organisator.ch\/wp-content\/uploads\/2016\/12\/Stellensuche-Schweizer-sind-nur-teilweise-zuversichtlich-organisator-526x350.jpg 526w, https:\/\/www.organisator.ch\/wp-content\/uploads\/2016\/12\/Stellensuche-Schweizer-sind-nur-teilweise-zuversichtlich-organisator-300x200.jpg 300w\" sizes=\"auto, (max-width: 640px) 100vw, 640px\" \/><figcaption id=\"caption-attachment-987\" class=\"wp-caption-text\">Circa la met\u00e0 delle persone in cerca di lavoro in Svizzera si aspetta un cambiamento positivo del proprio lavoro nei prossimi mesi. (Immagine: depositphotos)<\/figcaption><\/figure>\n<p>Ogni trimestre, almeno 900 candidati svizzeri vengono intervistati da PageGroup. Secondo il PageGroup Confidence Index, gli svedesi in cerca di lavoro sono i pi\u00f9 fiduciosi sul proprio futuro professionale. Sono seguiti dai candidati tedeschi. Il sondaggio, condotto tra aprile e giugno, mostra che le persone in cerca di lavoro in Svizzera hanno visto le proprie aspettative diminuire dopo lo \"shock del franco\" e il conseguente impatto economico. Alcuni risultati:<\/p>\n<ul>\n<li>49% prevedono che il loro lavoro cambier\u00e0 positivamente nei prossimi mesi - 53% nella Svizzera tedesca, 48% nella Svizzera francese.<\/li>\n<li>Due terzi (65%) si aspettano che il loro equilibrio vita-lavoro peggiori. Ci\u00f2 significa che gli svizzeri in cerca di lavoro sotto i 30 anni sono pi\u00f9 pessimisti del resto dell'Europa continentale.<\/li>\n<\/ul>\n<p>Solo il 38% dei candidati svizzeri sotto i 30 anni si aspetta un miglioramento in questo senso, rispetto al 48% della Germania. La maggioranza degli svizzeri (58%) non si aspetta un aumento di stipendio entro un anno, rispetto ai 55% dello scorso anno. Tuttavia, rispetto alla media europea (37%), le persone in cerca di lavoro svizzere sono pi\u00f9 fiduciose nello sviluppo delle proprie competenze (41%).<\/p>\n<p><strong>\"Chi cerca lavoro lo trover\u00e0\"<\/strong><\/p>\n<p>Quasi la met\u00e0 dei candidati svizzeri \u00e8 ottimista sulla possibilit\u00e0 di trovare un nuovo lavoro nei prossimi 3 mesi. Questo \u00e8 significativamente superiore ai risultati dell'anno precedente (38%) e sopra la media europea di 45%.<\/p>\n<p><strong>La fiducia di chi cerca lavoro dipende significativamente dal sesso, dall'et\u00e0 e dalla regione:<\/strong><\/p>\n<ul>\n<li>Gli uomini sono pi\u00f9 positivi delle donne sulla situazione futura del mercato del lavoro. Circa 67% si aspettano un miglioramento nei prossimi 6 mesi. Tra le donne, la cifra \u00e8 solo 59%.<\/li>\n<li>I candidati sotto i 30 anni sono i pi\u00f9 fiduciosi sugli aumenti di stipendio e sono ottimisti sul fatto di trovare un nuovo lavoro nei prossimi 3 mesi.<\/li>\n<\/ul>\n<p>I candidati della Svizzera francese sono pi\u00f9 fiduciosi degli svizzeri tedeschi nel trovare un nuovo lavoro in meno di 3 mesi. Xavier Chauville, direttore esecutivo di Page Personnel (parte di PageGroup), afferma: \"Lo studio mostra che i giovani in cerca di lavoro sono particolarmente fiduciosi sul loro valore nel mercato del lavoro. Sono sicuri che troveranno almeno una posizione e uno stipendio equivalenti con un nuovo datore di lavoro. Le aspettative dei candidati pi\u00f9 giovani per quanto riguarda l'equilibrio vita-lavoro, la formazione e lo stipendio sono realistiche. Sono pienamente consapevoli che dovranno lavorare pi\u00f9 a lungo e pi\u00f9 duramente per raggiungere questo obiettivo\".<\/p>\n<p>A proposito del PageGroup Confidence Index: la base di dati per l'Europa Continentale \u00e8 stata formata dalle risposte di 13.300 candidati nel 1\u00b0 trimestre del 2016, e i dati di 15.700 candidati sono stati raccolti nel 2\u00b0 trimestre. Ogni trimestre vengono intervistati almeno 900 candidati svizzeri. Lo studio viene valutato su base trimestrale.<\/p>\n<p><a href=\"http:\/\/www.michaelpage.ch\" target=\"_blank\" data-cke-saved-href=\"http:\/\/www.michaelpage.ch\" rel=\"noopener\">www.michaelpage.ch<\/a><\/p>","protected":false},"excerpt":{"rendered":"<p>Jedes Quartal werden mindestens 900 Schweizer Kandidaten durch die PageGroup befragt. Gem\u00e4ss dem PageGroup Confidence Index blicken schwedische Stellensuchende am zuversichtlichsten in die eigene berufliche Zukunft. Darauf folgen deutsche Kandidaten. Die zwischen April und Juni erhobene Studie zeigt auf, dass bei Schweizer Stellensuchenden seit dem \u201eFrankenschock\u201c und den darauf folgenden wirtschaftlichen Auswirkungen die eigenen Erwartungen [&hellip;]<\/p>\n","protected":false},"author":1,"featured_media":987,"comment_status":"open","ping_status":"open","sticky":false,"template":"","format":"standard","meta":{"_acf_changed":false,"_yoast_wpseo_focuskw":"Stellensuche","_yoast_wpseo_metadesc":"Die Zuversicht der Schweizer liegt knapp \u00fcber dem europ\u00e4ischen Durchschnitt und ist h\u00f6her als die der Stellensuchenden in \u00d6sterreich, Frankreich und Italien","articlekey":"","footnotes":""},"categories":[1],"tags":[459],"class_list":["post-986","post","type-post","status-publish","format-standard","has-post-thumbnail","hentry","category-allgemein","tag-studie"],"acf":[],"yoast_head":"<!-- This site is optimized with the Yoast SEO plugin v27.5 - https:\/\/yoast.com\/product\/yoast-seo-wordpress\/ -->\n<title>Stellensuche: Schweizer sind nur teilweise zuversichtlich - Organisator<\/title>\n<meta name=\"description\" content=\"Die Zuversicht der Schweizer liegt knapp \u00fcber dem europ\u00e4ischen Durchschnitt und ist h\u00f6her als die der Stellensuchenden in \u00d6sterreich, Frankreich und Italien\" \/>\n<meta name=\"robots\" content=\"index, follow, max-snippet:-1, max-image-preview:large, max-video-preview:-1\" \/>\n<link rel=\"canonical\" href=\"https:\/\/www.organisator.ch\/it\/generale\/2016-07-26\/stellensuche-schweizer-sind-nur-teilweise-zuversichtlich\/\" \/>\n<meta property=\"og:locale\" content=\"it_IT\" \/>\n<meta property=\"og:type\" content=\"article\" \/>\n<meta property=\"og:title\" content=\"Stellensuche: Schweizer sind nur teilweise zuversichtlich\" \/>\n<meta property=\"og:description\" content=\"Die Zuversicht der Schweizer liegt mit 51 Prozent knapp \u00fcber dem europ\u00e4ischen Durchschnitt (49%) und ist etwas h\u00f6her als die der Stellensuchenden in \u00d6sterreich, Frankreich oder Italien \u2013 unterstreicht die aktuelle Studie der PageGroup, eben erschienen unter dem Titel \u201eConfidence Index (April \u2013 Juni 2016)\u201c.\" \/>\n<meta property=\"og:url\" content=\"https:\/\/www.organisator.ch\/it\/generale\/2016-07-26\/stellensuche-schweizer-sind-nur-teilweise-zuversichtlich\/\" \/>\n<meta property=\"og:site_name\" content=\"Organisator\" \/>\n<meta property=\"article:publisher\" content=\"https:\/\/www.facebook.com\/OrganisatorFachmagazin\" \/>\n<meta property=\"article:published_time\" content=\"2016-07-26T06:22:02+00:00\" \/>\n<meta name=\"author\" content=\"admin\" \/>\n<meta name=\"twitter:card\" content=\"summary_large_image\" \/>\n<meta name=\"twitter:image\" content=\"https:\/\/www.organisator.ch\/wp-content\/uploads\/2016\/12\/Stellensuche-Schweizer-sind-nur-teilweise-zuversichtlich-organisator.jpg\" \/>\n<script type=\"application\/ld+json\" class=\"yoast-schema-graph\">{\"@context\":\"https:\\\/\\\/schema.org\",\"@graph\":[{\"@type\":\"Article\",\"@id\":\"https:\\\/\\\/www.organisator.ch\\\/it\\\/generale\\\/2016-07-26\\\/stellensuche-schweizer-sind-nur-teilweise-zuversichtlich\\\/#article\",\"isPartOf\":{\"@id\":\"https:\\\/\\\/www.organisator.ch\\\/it\\\/generale\\\/2016-07-26\\\/stellensuche-schweizer-sind-nur-teilweise-zuversichtlich\\\/\"},\"author\":{\"name\":\"admin\",\"@id\":\"https:\\\/\\\/www.organisator.ch\\\/#\\\/schema\\\/person\\\/aa2bace6c5c5aad60102004a50c4eb1c\"},\"headline\":\"Stellensuche: Schweizer sind nur teilweise zuversichtlich\",\"datePublished\":\"2016-07-26T06:22:02+00:00\",\"mainEntityOfPage\":{\"@id\":\"https:\\\/\\\/www.organisator.ch\\\/it\\\/generale\\\/2016-07-26\\\/stellensuche-schweizer-sind-nur-teilweise-zuversichtlich\\\/\"},\"wordCount\":416,\"commentCount\":0,\"publisher\":{\"@id\":\"https:\\\/\\\/www.organisator.ch\\\/#organization\"},\"image\":{\"@id\":\"https:\\\/\\\/www.organisator.ch\\\/it\\\/generale\\\/2016-07-26\\\/stellensuche-schweizer-sind-nur-teilweise-zuversichtlich\\\/#primaryimage\"},\"thumbnailUrl\":\"https:\\\/\\\/www.organisator.ch\\\/wp-content\\\/uploads\\\/2016\\\/12\\\/Stellensuche-Schweizer-sind-nur-teilweise-zuversichtlich-organisator.jpg\",\"keywords\":[\"Studie\"],\"articleSection\":[\"Allgemein\"],\"inLanguage\":\"it-IT\"},{\"@type\":\"WebPage\",\"@id\":\"https:\\\/\\\/www.organisator.ch\\\/it\\\/generale\\\/2016-07-26\\\/stellensuche-schweizer-sind-nur-teilweise-zuversichtlich\\\/\",\"url\":\"https:\\\/\\\/www.organisator.ch\\\/it\\\/generale\\\/2016-07-26\\\/stellensuche-schweizer-sind-nur-teilweise-zuversichtlich\\\/\",\"name\":\"Stellensuche: Schweizer sind nur teilweise zuversichtlich - Organisator\",\"isPartOf\":{\"@id\":\"https:\\\/\\\/www.organisator.ch\\\/#website\"},\"primaryImageOfPage\":{\"@id\":\"https:\\\/\\\/www.organisator.ch\\\/it\\\/generale\\\/2016-07-26\\\/stellensuche-schweizer-sind-nur-teilweise-zuversichtlich\\\/#primaryimage\"},\"image\":{\"@id\":\"https:\\\/\\\/www.organisator.ch\\\/it\\\/generale\\\/2016-07-26\\\/stellensuche-schweizer-sind-nur-teilweise-zuversichtlich\\\/#primaryimage\"},\"thumbnailUrl\":\"https:\\\/\\\/www.organisator.ch\\\/wp-content\\\/uploads\\\/2016\\\/12\\\/Stellensuche-Schweizer-sind-nur-teilweise-zuversichtlich-organisator.jpg\",\"datePublished\":\"2016-07-26T06:22:02+00:00\",\"description\":\"Die Zuversicht der Schweizer liegt knapp \u00fcber dem europ\u00e4ischen Durchschnitt und ist h\u00f6her als die der Stellensuchenden in \u00d6sterreich, Frankreich und Italien\",\"breadcrumb\":{\"@id\":\"https:\\\/\\\/www.organisator.ch\\\/it\\\/generale\\\/2016-07-26\\\/stellensuche-schweizer-sind-nur-teilweise-zuversichtlich\\\/#breadcrumb\"},\"inLanguage\":\"it-IT\",\"potentialAction\":[{\"@type\":\"ReadAction\",\"target\":[\"https:\\\/\\\/www.organisator.ch\\\/it\\\/generale\\\/2016-07-26\\\/stellensuche-schweizer-sind-nur-teilweise-zuversichtlich\\\/\"]}]},{\"@type\":\"ImageObject\",\"inLanguage\":\"it-IT\",\"@id\":\"https:\\\/\\\/www.organisator.ch\\\/it\\\/generale\\\/2016-07-26\\\/stellensuche-schweizer-sind-nur-teilweise-zuversichtlich\\\/#primaryimage\",\"url\":\"https:\\\/\\\/www.organisator.ch\\\/wp-content\\\/uploads\\\/2016\\\/12\\\/Stellensuche-Schweizer-sind-nur-teilweise-zuversichtlich-organisator.jpg\",\"contentUrl\":\"https:\\\/\\\/www.organisator.ch\\\/wp-content\\\/uploads\\\/2016\\\/12\\\/Stellensuche-Schweizer-sind-nur-teilweise-zuversichtlich-organisator.jpg\",\"width\":640,\"height\":426,\"caption\":\"Rund die H\u00e4lfte der Schweizer Stellensuchenden erwarten, dass sich ihr Aufgabenbereich in den n\u00e4chsten Monaten positiv ver\u00e4ndern wird. (Bild: depositphotos)\"},{\"@type\":\"BreadcrumbList\",\"@id\":\"https:\\\/\\\/www.organisator.ch\\\/it\\\/generale\\\/2016-07-26\\\/stellensuche-schweizer-sind-nur-teilweise-zuversichtlich\\\/#breadcrumb\",\"itemListElement\":[{\"@type\":\"ListItem\",\"position\":1,\"name\":\"Home\",\"item\":\"https:\\\/\\\/www.organisator.ch\\\/\"},{\"@type\":\"ListItem\",\"position\":2,\"name\":\"Stellensuche: Schweizer sind nur teilweise zuversichtlich\"}]},{\"@type\":\"WebSite\",\"@id\":\"https:\\\/\\\/www.organisator.ch\\\/#website\",\"url\":\"https:\\\/\\\/www.organisator.ch\\\/\",\"name\":\"Organisator\",\"description\":\"Kompetent. Praxisnah. Der ORGANISATOR bereitet in 10 Ausgaben pro Jahr die wesentlichen Themen f\u00fcr F\u00fchrungskr\u00e4fte von KMU auf.\",\"publisher\":{\"@id\":\"https:\\\/\\\/www.organisator.ch\\\/#organization\"},\"potentialAction\":[{\"@type\":\"SearchAction\",\"target\":{\"@type\":\"EntryPoint\",\"urlTemplate\":\"https:\\\/\\\/www.organisator.ch\\\/?s={search_term_string}\"},\"query-input\":{\"@type\":\"PropertyValueSpecification\",\"valueRequired\":true,\"valueName\":\"search_term_string\"}}],\"inLanguage\":\"it-IT\"},{\"@type\":\"Organization\",\"@id\":\"https:\\\/\\\/www.organisator.ch\\\/#organization\",\"name\":\"Organisator\",\"url\":\"https:\\\/\\\/www.organisator.ch\\\/\",\"logo\":{\"@type\":\"ImageObject\",\"inLanguage\":\"it-IT\",\"@id\":\"https:\\\/\\\/www.organisator.ch\\\/#\\\/schema\\\/logo\\\/image\\\/\",\"url\":\"https:\\\/\\\/www.organisator.ch\\\/wp-content\\\/uploads\\\/2022\\\/01\\\/Logo_Organisator_Website.png\",\"contentUrl\":\"https:\\\/\\\/www.organisator.ch\\\/wp-content\\\/uploads\\\/2022\\\/01\\\/Logo_Organisator_Website.png\",\"width\":800,\"height\":77,\"caption\":\"Organisator\"},\"image\":{\"@id\":\"https:\\\/\\\/www.organisator.ch\\\/#\\\/schema\\\/logo\\\/image\\\/\"},\"sameAs\":[\"https:\\\/\\\/www.facebook.com\\\/OrganisatorFachmagazin\",\"https:\\\/\\\/www.linkedin.com\\\/showcase\\\/organisator-das-magazin-fr-kmu\",\"https:\\\/\\\/www.xing.com\\\/news\\\/pages\\\/organisator-ch-695\",\"https:\\\/\\\/www.youtube.com\\\/channel\\\/UCGP2Sq0iWaZwT3BdIAQFYpw\"]},{\"@type\":\"Person\",\"@id\":\"https:\\\/\\\/www.organisator.ch\\\/#\\\/schema\\\/person\\\/aa2bace6c5c5aad60102004a50c4eb1c\",\"name\":\"admin\",\"image\":{\"@type\":\"ImageObject\",\"inLanguage\":\"it-IT\",\"@id\":\"https:\\\/\\\/secure.gravatar.com\\\/avatar\\\/ae2f4d718e6c49043e314ce431e7e645d646302a24a5ef5a8bc8e3f5a032e319?s=96&d=mm&r=g\",\"url\":\"https:\\\/\\\/secure.gravatar.com\\\/avatar\\\/ae2f4d718e6c49043e314ce431e7e645d646302a24a5ef5a8bc8e3f5a032e319?s=96&d=mm&r=g\",\"contentUrl\":\"https:\\\/\\\/secure.gravatar.com\\\/avatar\\\/ae2f4d718e6c49043e314ce431e7e645d646302a24a5ef5a8bc8e3f5a032e319?s=96&d=mm&r=g\",\"caption\":\"admin\"},\"sameAs\":[\"https:\\\/\\\/www.organisator.ch\"],\"url\":\"https:\\\/\\\/www.organisator.ch\\\/it\\\/author\\\/admin\\\/\"}]}<\/script>\n<!-- \/ Yoast SEO plugin. -->","yoast_head_json":{"title":"Ricerca di lavoro: gli svizzeri sono solo parzialmente fiduciosi - Organizzatore","description":"La fiducia della Svizzera \u00e8 appena al di sopra della media europea e superiore a quella di chi cerca lavoro in Austria, Francia e Italia.","robots":{"index":"index","follow":"follow","max-snippet":"max-snippet:-1","max-image-preview":"max-image-preview:large","max-video-preview":"max-video-preview:-1"},"canonical":"https:\/\/www.organisator.ch\/it\/generale\/2016-07-26\/stellensuche-schweizer-sind-nur-teilweise-zuversichtlich\/","og_locale":"it_IT","og_type":"article","og_title":"Stellensuche: Schweizer sind nur teilweise zuversichtlich","og_description":"Die Zuversicht der Schweizer liegt mit 51 Prozent knapp \u00fcber dem europ\u00e4ischen Durchschnitt (49%) und ist etwas h\u00f6her als die der Stellensuchenden in \u00d6sterreich, Frankreich oder Italien \u2013 unterstreicht die aktuelle Studie der PageGroup, eben erschienen unter dem Titel \u201eConfidence Index (April \u2013 Juni 2016)\u201c.","og_url":"https:\/\/www.organisator.ch\/it\/generale\/2016-07-26\/stellensuche-schweizer-sind-nur-teilweise-zuversichtlich\/","og_site_name":"Organisator","article_publisher":"https:\/\/www.facebook.com\/OrganisatorFachmagazin","article_published_time":"2016-07-26T06:22:02+00:00","author":"admin","twitter_card":"summary_large_image","twitter_image":"https:\/\/www.organisator.ch\/wp-content\/uploads\/2016\/12\/Stellensuche-Schweizer-sind-nur-teilweise-zuversichtlich-organisator.jpg","schema":{"@context":"https:\/\/schema.org","@graph":[{"@type":"Article","@id":"https:\/\/www.organisator.ch\/it\/generale\/2016-07-26\/stellensuche-schweizer-sind-nur-teilweise-zuversichtlich\/#article","isPartOf":{"@id":"https:\/\/www.organisator.ch\/it\/generale\/2016-07-26\/stellensuche-schweizer-sind-nur-teilweise-zuversichtlich\/"},"author":{"name":"admin","@id":"https:\/\/www.organisator.ch\/#\/schema\/person\/aa2bace6c5c5aad60102004a50c4eb1c"},"headline":"Stellensuche: Schweizer sind nur teilweise zuversichtlich","datePublished":"2016-07-26T06:22:02+00:00","mainEntityOfPage":{"@id":"https:\/\/www.organisator.ch\/it\/generale\/2016-07-26\/stellensuche-schweizer-sind-nur-teilweise-zuversichtlich\/"},"wordCount":416,"commentCount":0,"publisher":{"@id":"https:\/\/www.organisator.ch\/#organization"},"image":{"@id":"https:\/\/www.organisator.ch\/it\/generale\/2016-07-26\/stellensuche-schweizer-sind-nur-teilweise-zuversichtlich\/#primaryimage"},"thumbnailUrl":"https:\/\/www.organisator.ch\/wp-content\/uploads\/2016\/12\/Stellensuche-Schweizer-sind-nur-teilweise-zuversichtlich-organisator.jpg","keywords":["Studie"],"articleSection":["Allgemein"],"inLanguage":"it-IT"},{"@type":"WebPage","@id":"https:\/\/www.organisator.ch\/it\/generale\/2016-07-26\/stellensuche-schweizer-sind-nur-teilweise-zuversichtlich\/","url":"https:\/\/www.organisator.ch\/it\/generale\/2016-07-26\/stellensuche-schweizer-sind-nur-teilweise-zuversichtlich\/","name":"Ricerca di lavoro: gli svizzeri sono solo parzialmente fiduciosi - Organizzatore","isPartOf":{"@id":"https:\/\/www.organisator.ch\/#website"},"primaryImageOfPage":{"@id":"https:\/\/www.organisator.ch\/it\/generale\/2016-07-26\/stellensuche-schweizer-sind-nur-teilweise-zuversichtlich\/#primaryimage"},"image":{"@id":"https:\/\/www.organisator.ch\/it\/generale\/2016-07-26\/stellensuche-schweizer-sind-nur-teilweise-zuversichtlich\/#primaryimage"},"thumbnailUrl":"https:\/\/www.organisator.ch\/wp-content\/uploads\/2016\/12\/Stellensuche-Schweizer-sind-nur-teilweise-zuversichtlich-organisator.jpg","datePublished":"2016-07-26T06:22:02+00:00","description":"La fiducia della Svizzera \u00e8 appena al di sopra della media europea e superiore a quella di chi cerca lavoro in Austria, Francia e Italia.","breadcrumb":{"@id":"https:\/\/www.organisator.ch\/it\/generale\/2016-07-26\/stellensuche-schweizer-sind-nur-teilweise-zuversichtlich\/#breadcrumb"},"inLanguage":"it-IT","potentialAction":[{"@type":"ReadAction","target":["https:\/\/www.organisator.ch\/it\/generale\/2016-07-26\/stellensuche-schweizer-sind-nur-teilweise-zuversichtlich\/"]}]},{"@type":"ImageObject","inLanguage":"it-IT","@id":"https:\/\/www.organisator.ch\/it\/generale\/2016-07-26\/stellensuche-schweizer-sind-nur-teilweise-zuversichtlich\/#primaryimage","url":"https:\/\/www.organisator.ch\/wp-content\/uploads\/2016\/12\/Stellensuche-Schweizer-sind-nur-teilweise-zuversichtlich-organisator.jpg","contentUrl":"https:\/\/www.organisator.ch\/wp-content\/uploads\/2016\/12\/Stellensuche-Schweizer-sind-nur-teilweise-zuversichtlich-organisator.jpg","width":640,"height":426,"caption":"Rund die H\u00e4lfte der Schweizer Stellensuchenden erwarten, dass sich ihr Aufgabenbereich in den n\u00e4chsten Monaten positiv ver\u00e4ndern wird. (Bild: depositphotos)"},{"@type":"BreadcrumbList","@id":"https:\/\/www.organisator.ch\/it\/generale\/2016-07-26\/stellensuche-schweizer-sind-nur-teilweise-zuversichtlich\/#breadcrumb","itemListElement":[{"@type":"ListItem","position":1,"name":"Home","item":"https:\/\/www.organisator.ch\/"},{"@type":"ListItem","position":2,"name":"Stellensuche: Schweizer sind nur teilweise zuversichtlich"}]},{"@type":"WebSite","@id":"https:\/\/www.organisator.ch\/#website","url":"https:\/\/www.organisator.ch\/","name":"Organizzatore","description":"Competente. Pratico. In 10 numeri all'anno, ORGANISATOR presenta i temi essenziali per i manager delle PMI.","publisher":{"@id":"https:\/\/www.organisator.ch\/#organization"},"potentialAction":[{"@type":"SearchAction","target":{"@type":"EntryPoint","urlTemplate":"https:\/\/www.organisator.ch\/?s={search_term_string}"},"query-input":{"@type":"PropertyValueSpecification","valueRequired":true,"valueName":"search_term_string"}}],"inLanguage":"it-IT"},{"@type":"Organization","@id":"https:\/\/www.organisator.ch\/#organization","name":"Organizzatore","url":"https:\/\/www.organisator.ch\/","logo":{"@type":"ImageObject","inLanguage":"it-IT","@id":"https:\/\/www.organisator.ch\/#\/schema\/logo\/image\/","url":"https:\/\/www.organisator.ch\/wp-content\/uploads\/2022\/01\/Logo_Organisator_Website.png","contentUrl":"https:\/\/www.organisator.ch\/wp-content\/uploads\/2022\/01\/Logo_Organisator_Website.png","width":800,"height":77,"caption":"Organisator"},"image":{"@id":"https:\/\/www.organisator.ch\/#\/schema\/logo\/image\/"},"sameAs":["https:\/\/www.facebook.com\/OrganisatorFachmagazin","https:\/\/www.linkedin.com\/showcase\/organisator-das-magazin-fr-kmu","https:\/\/www.xing.com\/news\/pages\/organisator-ch-695","https:\/\/www.youtube.com\/channel\/UCGP2Sq0iWaZwT3BdIAQFYpw"]},{"@type":"Person","@id":"https:\/\/www.organisator.ch\/#\/schema\/person\/aa2bace6c5c5aad60102004a50c4eb1c","name":"amministratore","image":{"@type":"ImageObject","inLanguage":"it-IT","@id":"https:\/\/secure.gravatar.com\/avatar\/ae2f4d718e6c49043e314ce431e7e645d646302a24a5ef5a8bc8e3f5a032e319?s=96&d=mm&r=g","url":"https:\/\/secure.gravatar.com\/avatar\/ae2f4d718e6c49043e314ce431e7e645d646302a24a5ef5a8bc8e3f5a032e319?s=96&d=mm&r=g","contentUrl":"https:\/\/secure.gravatar.com\/avatar\/ae2f4d718e6c49043e314ce431e7e645d646302a24a5ef5a8bc8e3f5a032e319?s=96&d=mm&r=g","caption":"admin"},"sameAs":["https:\/\/www.organisator.ch"],"url":"https:\/\/www.organisator.ch\/it\/author\/admin\/"}]}},"_links":{"self":[{"href":"https:\/\/www.organisator.ch\/it\/wp-json\/wp\/v2\/posts\/986","targetHints":{"allow":["GET"]}}],"collection":[{"href":"https:\/\/www.organisator.ch\/it\/wp-json\/wp\/v2\/posts"}],"about":[{"href":"https:\/\/www.organisator.ch\/it\/wp-json\/wp\/v2\/types\/post"}],"author":[{"embeddable":true,"href":"https:\/\/www.organisator.ch\/it\/wp-json\/wp\/v2\/users\/1"}],"replies":[{"embeddable":true,"href":"https:\/\/www.organisator.ch\/it\/wp-json\/wp\/v2\/comments?post=986"}],"version-history":[{"count":0,"href":"https:\/\/www.organisator.ch\/it\/wp-json\/wp\/v2\/posts\/986\/revisions"}],"wp:featuredmedia":[{"embeddable":true,"href":"https:\/\/www.organisator.ch\/it\/wp-json\/wp\/v2\/media\/987"}],"wp:attachment":[{"href":"https:\/\/www.organisator.ch\/it\/wp-json\/wp\/v2\/media?parent=986"}],"wp:term":[{"taxonomy":"category","embeddable":true,"href":"https:\/\/www.organisator.ch\/it\/wp-json\/wp\/v2\/categories?post=986"},{"taxonomy":"post_tag","embeddable":true,"href":"https:\/\/www.organisator.ch\/it\/wp-json\/wp\/v2\/tags?post=986"}],"curies":[{"name":"wp","href":"https:\/\/api.w.org\/{rel}","templated":true}]}}