{"id":9895,"date":"2015-11-23T10:12:36","date_gmt":"2015-11-23T09:12:36","guid":{"rendered":"https:\/\/dev.umweltperspektiven.ch\/?p=58"},"modified":"2022-02-09T11:07:00","modified_gmt":"2022-02-09T10:07:00","slug":"gesucht-altes-holz-fuer-die-forschung","status":"publish","type":"post","link":"https:\/\/www.organisator.ch\/it\/sustainability\/2015-11-23\/gesucht-altes-holz-fuer-die-forschung\/","title":{"rendered":"Cercasi: Legno vecchio per la ricerca"},"content":{"rendered":"<figure id=\"attachment_60\" aria-describedby=\"caption-attachment-60\" style=\"width: 680px\" class=\"wp-caption alignnone\"><a href=\"\/\/dev.umweltperspektiven.ch\/wp-content\/uploads\/2016\/12\/Gesucht-Altes-Holz-f\u00fcr-die-Forschung-umweltperspektiven.jpg\"><img loading=\"lazy\" decoding=\"async\" class=\"size-medium wp-image-60\" src=\"\/\/dev.umweltperspektiven.ch\/wp-content\/uploads\/2016\/12\/Gesucht-Altes-Holz-f\u00fcr-die-Forschung-umweltperspektiven.jpg\" alt=\"\" width=\"680\" height=\"510\" \/><\/a><figcaption id=\"caption-attachment-60\" class=\"wp-caption-text\">I ritrovamenti di legno subfossile, come questo in una cava di ghiaia ad Aigle (VD), possono riflettere le condizioni ambientali del passato. Questa quercia era incastonata nella ghiaia intorno al 4.300 a.C. (Foto: WSL)<\/figcaption><\/figure>\n<p>Quando un pezzo di legno o addirittura un tronco intero viene alla luce in una cava di ghiaia o in un cantiere, spesso finisce come spazzatura senza valore nell'inceneritore. Per gli scienziati, tuttavia, pu\u00f2 valere il suo peso in oro. Gli anelli annuali del legno antico possono riflettere con precisione le condizioni ambientali e climatiche. Questi archivi unici offrono la possibilit\u00e0 di ricostruire le condizioni di crescita di migliaia di anni fa. I ricercatori di anelli di alberi all'Istituto federale di ricerca per la foresta, la neve e il paesaggio WSL sono quindi sempre alla ricerca di questo legno prezioso.<\/p>\n<p>Pi\u00f9 volte sono stati segnalati ai ricercatori, nel corso dei lavori di scavo a Zurigo, singoli reperti in legno. In stretta collaborazione con i laboratori di anelli degli alberi di tutta la Svizzera, gli scienziati del WSL stanno ora espandendo la loro campagna. <a href=\"http:\/\/www.wsl.ch\/info\/fokus\/binzholz\/auf_der_suche_nach_altem_holz_DE\" target=\"_blank\" data-cke-saved-href=\"\/\/www.wsl.ch\/info\/fokus\/binzholz\/auf_der_suche_nach_altem_holz_DE\" rel=\"noopener\">\"Alla ricerca del legno vecchio\" <\/a>sistematicamente.<\/p>\n<p><strong>Prime segnalazioni di ritrovamenti in tutta la Svizzera<\/strong><br \/>\nPer esempio, in collaborazione con il servizio forestale locale di Celerina (GR), circa 70 abeti rossi e pini sono stati recentemente recuperati da una profondit\u00e0 di circa 8 metri. Questo ritrovamento \u00e8 stato fatto nel corso della costruzione di una stazione di pompaggio nel distretto di Maloja. Le prime misurazioni del radiocarbonio (14C) nel laboratorio di fisica degli ioni del Politecnico di Zurigo datano gli alberi a circa 3500 anni a.C.<\/p>\n<p>Altri 50 alberi sono stati recuperati vicino a Engi (GL) con il supporto dell'impresa edile locale durante la costruzione di un argine di protezione dalle inondazioni. Questo reperto \u00e8 stato probabilmente sepolto da una colata detritica ad una profondit\u00e0 di circa 5-7 m e conservato nell'argilla.<\/p>\n<p>Vicino ad Aigle (VS), la cooperazione con la svizzera Holcim AG ha permesso di campionare 28 querce subfossili da una cava di ghiaia. Le prime misurazioni dendrocronologiche degli alberi hanno mostrato che sono stati racchiusi circa 4300 anni a.C.<\/p>\n<p><strong>Cercasi altri pezzi di puzzle<\/strong><br \/>\n\"Ogni albero conta!\" sottolinea Frederick Reinig. Come studente di dottorato al WSL, sta attualmente analizzando i 256 ceppi d'albero subfossili che sono stati trovati nel 2013 nel quartiere di Binz a Zurigo. \"Questo reperto di 13.000 anni fa \u00e8 unico per le sue dimensioni e la sua et\u00e0\", spiega Reinig.<\/p>\n<p>Tuttavia, per capire meglio le condizioni ambientali alla fine dell'ultima era glaciale, sono necessari pi\u00f9 campioni di legno. Reperti pi\u00f9 piccoli o anche singoli alberi possono essere pezzi importanti del puzzle per chiudere le lacune temporali tra le misurazioni precedenti.<\/p>","protected":false},"excerpt":{"rendered":"<p>Wenn ein St\u00fcck Holz oder sogar ein ganzer Stamm in einem Kieswerk oder einer Baustelle zum Vorschein kommt, landet er oftmals als wertloser Kehricht in der Verbrennung. F\u00fcr Wissenschaftler kann er jedoch Gold wert sein. Die Jahrringe uralter H\u00f6lzer k\u00f6nnen Umwelt- und Klimabedingungen pr\u00e4zise wiederspiegeln. Solche einmaligen Archive bieten die M\u00f6glichkeit, Wachstumsbedingungen vor Jahrtausenden zu [&hellip;]<\/p>\n","protected":false},"author":1,"featured_media":9332,"comment_status":"open","ping_status":"open","sticky":false,"template":"","format":"standard","meta":{"_acf_changed":false,"_yoast_wpseo_focuskw":"Umweltforschung","_yoast_wpseo_metadesc":"Die Jahresringe von alten Holzst\u00fccken oder gar St\u00e4mmen sind wichtige Puzzlest\u00fccke bei der Klima- und Umweltforschung.","articlekey":"","footnotes":""},"categories":[580],"tags":[218,1369,596,2583],"class_list":["post-9895","post","type-post","status-publish","format-standard","has-post-thumbnail","hentry","category-sustainability","tag-forschung","tag-holz","tag-klima","tag-wsl"],"acf":[],"yoast_head":"<!-- This site is optimized with the Yoast SEO plugin v27.4 - https:\/\/yoast.com\/product\/yoast-seo-wordpress\/ -->\n<title>Gesucht: Altes Holz f\u00fcr die Forschung - Organisator<\/title>\n<meta name=\"description\" content=\"Die Jahresringe von alten Holzst\u00fccken oder gar St\u00e4mmen sind wichtige Puzzlest\u00fccke bei der Klima- und Umweltforschung.\" \/>\n<meta name=\"robots\" content=\"index, follow, max-snippet:-1, max-image-preview:large, max-video-preview:-1\" \/>\n<link rel=\"canonical\" href=\"https:\/\/www.organisator.ch\/it\/sostenibilita\/2015-11-23\/gesucht-altes-holz-fuer-die-forschung\/\" \/>\n<meta property=\"og:locale\" content=\"it_IT\" \/>\n<meta property=\"og:type\" content=\"article\" \/>\n<meta property=\"og:title\" content=\"Gesucht: Altes Holz f\u00fcr die Forschung - Organisator\" \/>\n<meta property=\"og:description\" content=\"Die Jahresringe von alten Holzst\u00fccken oder gar St\u00e4mmen sind wichtige Puzzlest\u00fccke bei der Klima- und Umweltforschung.\" \/>\n<meta property=\"og:url\" content=\"https:\/\/www.organisator.ch\/it\/sostenibilita\/2015-11-23\/gesucht-altes-holz-fuer-die-forschung\/\" \/>\n<meta property=\"og:site_name\" content=\"Organisator\" \/>\n<meta property=\"article:publisher\" content=\"https:\/\/www.facebook.com\/OrganisatorFachmagazin\" \/>\n<meta property=\"article:published_time\" content=\"2015-11-23T09:12:36+00:00\" \/>\n<meta property=\"article:modified_time\" content=\"2022-02-09T10:07:00+00:00\" \/>\n<meta property=\"og:image\" content=\"https:\/\/www.organisator.ch\/wp-content\/uploads\/2016\/12\/Gesucht-Altes-Holz-fuer-die-Forschung-umweltperspektiven-1024x768.jpg\" \/>\n\t<meta property=\"og:image:width\" content=\"1024\" \/>\n\t<meta property=\"og:image:height\" content=\"768\" \/>\n\t<meta property=\"og:image:type\" content=\"image\/jpeg\" \/>\n<meta name=\"author\" content=\"admin\" \/>\n<meta name=\"twitter:card\" content=\"summary_large_image\" \/>\n<script type=\"application\/ld+json\" class=\"yoast-schema-graph\">{\"@context\":\"https:\\\/\\\/schema.org\",\"@graph\":[{\"@type\":\"Article\",\"@id\":\"https:\\\/\\\/www.organisator.ch\\\/sustainability\\\/2015-11-23\\\/gesucht-altes-holz-fuer-die-forschung\\\/#article\",\"isPartOf\":{\"@id\":\"https:\\\/\\\/www.organisator.ch\\\/sustainability\\\/2015-11-23\\\/gesucht-altes-holz-fuer-die-forschung\\\/\"},\"author\":{\"name\":\"admin\",\"@id\":\"https:\\\/\\\/www.organisator.ch\\\/#\\\/schema\\\/person\\\/aa2bace6c5c5aad60102004a50c4eb1c\"},\"headline\":\"Gesucht: Altes Holz f\u00fcr die Forschung\",\"datePublished\":\"2015-11-23T09:12:36+00:00\",\"dateModified\":\"2022-02-09T10:07:00+00:00\",\"mainEntityOfPage\":{\"@id\":\"https:\\\/\\\/www.organisator.ch\\\/sustainability\\\/2015-11-23\\\/gesucht-altes-holz-fuer-die-forschung\\\/\"},\"wordCount\":387,\"commentCount\":0,\"publisher\":{\"@id\":\"https:\\\/\\\/www.organisator.ch\\\/#organization\"},\"image\":{\"@id\":\"https:\\\/\\\/www.organisator.ch\\\/sustainability\\\/2015-11-23\\\/gesucht-altes-holz-fuer-die-forschung\\\/#primaryimage\"},\"thumbnailUrl\":\"https:\\\/\\\/www.organisator.ch\\\/wp-content\\\/uploads\\\/2016\\\/12\\\/Gesucht-Altes-Holz-fuer-die-Forschung-umweltperspektiven.jpg\",\"keywords\":[\"Forschung\",\"Holz\",\"KLIMA\",\"WSL\"],\"articleSection\":[\"SUSTAINABILITY\"],\"inLanguage\":\"it-IT\"},{\"@type\":\"WebPage\",\"@id\":\"https:\\\/\\\/www.organisator.ch\\\/sustainability\\\/2015-11-23\\\/gesucht-altes-holz-fuer-die-forschung\\\/\",\"url\":\"https:\\\/\\\/www.organisator.ch\\\/sustainability\\\/2015-11-23\\\/gesucht-altes-holz-fuer-die-forschung\\\/\",\"name\":\"Gesucht: Altes Holz f\u00fcr die Forschung - Organisator\",\"isPartOf\":{\"@id\":\"https:\\\/\\\/www.organisator.ch\\\/#website\"},\"primaryImageOfPage\":{\"@id\":\"https:\\\/\\\/www.organisator.ch\\\/sustainability\\\/2015-11-23\\\/gesucht-altes-holz-fuer-die-forschung\\\/#primaryimage\"},\"image\":{\"@id\":\"https:\\\/\\\/www.organisator.ch\\\/sustainability\\\/2015-11-23\\\/gesucht-altes-holz-fuer-die-forschung\\\/#primaryimage\"},\"thumbnailUrl\":\"https:\\\/\\\/www.organisator.ch\\\/wp-content\\\/uploads\\\/2016\\\/12\\\/Gesucht-Altes-Holz-fuer-die-Forschung-umweltperspektiven.jpg\",\"datePublished\":\"2015-11-23T09:12:36+00:00\",\"dateModified\":\"2022-02-09T10:07:00+00:00\",\"description\":\"Die Jahresringe von alten Holzst\u00fccken oder gar St\u00e4mmen sind wichtige Puzzlest\u00fccke bei der Klima- und Umweltforschung.\",\"breadcrumb\":{\"@id\":\"https:\\\/\\\/www.organisator.ch\\\/sustainability\\\/2015-11-23\\\/gesucht-altes-holz-fuer-die-forschung\\\/#breadcrumb\"},\"inLanguage\":\"it-IT\",\"potentialAction\":[{\"@type\":\"ReadAction\",\"target\":[\"https:\\\/\\\/www.organisator.ch\\\/sustainability\\\/2015-11-23\\\/gesucht-altes-holz-fuer-die-forschung\\\/\"]}]},{\"@type\":\"ImageObject\",\"inLanguage\":\"it-IT\",\"@id\":\"https:\\\/\\\/www.organisator.ch\\\/sustainability\\\/2015-11-23\\\/gesucht-altes-holz-fuer-die-forschung\\\/#primaryimage\",\"url\":\"https:\\\/\\\/www.organisator.ch\\\/wp-content\\\/uploads\\\/2016\\\/12\\\/Gesucht-Altes-Holz-fuer-die-Forschung-umweltperspektiven.jpg\",\"contentUrl\":\"https:\\\/\\\/www.organisator.ch\\\/wp-content\\\/uploads\\\/2016\\\/12\\\/Gesucht-Altes-Holz-fuer-die-Forschung-umweltperspektiven.jpg\",\"width\":2126,\"height\":1594,\"caption\":\"Subfossile Holzfunde, wie hier in einer Kiesgrube in Aigle (VD), k\u00f6nnen vergangene Umweltbedingungen wiederspiegeln. Diese Eiche wurde um 4'300 v.Chr. im Kies eingelagert. (Foto: WSL)\"},{\"@type\":\"BreadcrumbList\",\"@id\":\"https:\\\/\\\/www.organisator.ch\\\/sustainability\\\/2015-11-23\\\/gesucht-altes-holz-fuer-die-forschung\\\/#breadcrumb\",\"itemListElement\":[{\"@type\":\"ListItem\",\"position\":1,\"name\":\"Home\",\"item\":\"https:\\\/\\\/www.organisator.ch\\\/\"},{\"@type\":\"ListItem\",\"position\":2,\"name\":\"Gesucht: Altes Holz f\u00fcr die Forschung\"}]},{\"@type\":\"WebSite\",\"@id\":\"https:\\\/\\\/www.organisator.ch\\\/#website\",\"url\":\"https:\\\/\\\/www.organisator.ch\\\/\",\"name\":\"Organisator\",\"description\":\"Kompetent. Praxisnah. Der ORGANISATOR bereitet in 10 Ausgaben pro Jahr die wesentlichen Themen f\u00fcr F\u00fchrungskr\u00e4fte von KMU auf.\",\"publisher\":{\"@id\":\"https:\\\/\\\/www.organisator.ch\\\/#organization\"},\"potentialAction\":[{\"@type\":\"SearchAction\",\"target\":{\"@type\":\"EntryPoint\",\"urlTemplate\":\"https:\\\/\\\/www.organisator.ch\\\/?s={search_term_string}\"},\"query-input\":{\"@type\":\"PropertyValueSpecification\",\"valueRequired\":true,\"valueName\":\"search_term_string\"}}],\"inLanguage\":\"it-IT\"},{\"@type\":\"Organization\",\"@id\":\"https:\\\/\\\/www.organisator.ch\\\/#organization\",\"name\":\"Organisator\",\"url\":\"https:\\\/\\\/www.organisator.ch\\\/\",\"logo\":{\"@type\":\"ImageObject\",\"inLanguage\":\"it-IT\",\"@id\":\"https:\\\/\\\/www.organisator.ch\\\/#\\\/schema\\\/logo\\\/image\\\/\",\"url\":\"https:\\\/\\\/www.organisator.ch\\\/wp-content\\\/uploads\\\/2022\\\/01\\\/Logo_Organisator_Website.png\",\"contentUrl\":\"https:\\\/\\\/www.organisator.ch\\\/wp-content\\\/uploads\\\/2022\\\/01\\\/Logo_Organisator_Website.png\",\"width\":800,\"height\":77,\"caption\":\"Organisator\"},\"image\":{\"@id\":\"https:\\\/\\\/www.organisator.ch\\\/#\\\/schema\\\/logo\\\/image\\\/\"},\"sameAs\":[\"https:\\\/\\\/www.facebook.com\\\/OrganisatorFachmagazin\",\"https:\\\/\\\/www.linkedin.com\\\/showcase\\\/organisator-das-magazin-fr-kmu\",\"https:\\\/\\\/www.xing.com\\\/news\\\/pages\\\/organisator-ch-695\",\"https:\\\/\\\/www.youtube.com\\\/channel\\\/UCGP2Sq0iWaZwT3BdIAQFYpw\"]},{\"@type\":\"Person\",\"@id\":\"https:\\\/\\\/www.organisator.ch\\\/#\\\/schema\\\/person\\\/aa2bace6c5c5aad60102004a50c4eb1c\",\"name\":\"admin\",\"image\":{\"@type\":\"ImageObject\",\"inLanguage\":\"it-IT\",\"@id\":\"https:\\\/\\\/secure.gravatar.com\\\/avatar\\\/ae2f4d718e6c49043e314ce431e7e645d646302a24a5ef5a8bc8e3f5a032e319?s=96&d=mm&r=g\",\"url\":\"https:\\\/\\\/secure.gravatar.com\\\/avatar\\\/ae2f4d718e6c49043e314ce431e7e645d646302a24a5ef5a8bc8e3f5a032e319?s=96&d=mm&r=g\",\"contentUrl\":\"https:\\\/\\\/secure.gravatar.com\\\/avatar\\\/ae2f4d718e6c49043e314ce431e7e645d646302a24a5ef5a8bc8e3f5a032e319?s=96&d=mm&r=g\",\"caption\":\"admin\"},\"sameAs\":[\"https:\\\/\\\/www.organisator.ch\"],\"url\":\"https:\\\/\\\/www.organisator.ch\\\/it\\\/author\\\/admin\\\/\"}]}<\/script>\n<!-- \/ Yoast SEO plugin. -->","yoast_head_json":{"title":"Ricercato: Legno vecchio per la ricerca - Organizzatore","description":"Gli anelli annuali di vecchi pezzi di legno o anche di tronchi sono pezzi importanti del puzzle nella ricerca climatica e ambientale.","robots":{"index":"index","follow":"follow","max-snippet":"max-snippet:-1","max-image-preview":"max-image-preview:large","max-video-preview":"max-video-preview:-1"},"canonical":"https:\/\/www.organisator.ch\/it\/sostenibilita\/2015-11-23\/gesucht-altes-holz-fuer-die-forschung\/","og_locale":"it_IT","og_type":"article","og_title":"Gesucht: Altes Holz f\u00fcr die Forschung - Organisator","og_description":"Die Jahresringe von alten Holzst\u00fccken oder gar St\u00e4mmen sind wichtige Puzzlest\u00fccke bei der Klima- und Umweltforschung.","og_url":"https:\/\/www.organisator.ch\/it\/sostenibilita\/2015-11-23\/gesucht-altes-holz-fuer-die-forschung\/","og_site_name":"Organisator","article_publisher":"https:\/\/www.facebook.com\/OrganisatorFachmagazin","article_published_time":"2015-11-23T09:12:36+00:00","article_modified_time":"2022-02-09T10:07:00+00:00","og_image":[{"width":1024,"height":768,"url":"https:\/\/www.organisator.ch\/wp-content\/uploads\/2016\/12\/Gesucht-Altes-Holz-fuer-die-Forschung-umweltperspektiven-1024x768.jpg","type":"image\/jpeg"}],"author":"admin","twitter_card":"summary_large_image","schema":{"@context":"https:\/\/schema.org","@graph":[{"@type":"Article","@id":"https:\/\/www.organisator.ch\/sustainability\/2015-11-23\/gesucht-altes-holz-fuer-die-forschung\/#article","isPartOf":{"@id":"https:\/\/www.organisator.ch\/sustainability\/2015-11-23\/gesucht-altes-holz-fuer-die-forschung\/"},"author":{"name":"admin","@id":"https:\/\/www.organisator.ch\/#\/schema\/person\/aa2bace6c5c5aad60102004a50c4eb1c"},"headline":"Gesucht: Altes Holz f\u00fcr die Forschung","datePublished":"2015-11-23T09:12:36+00:00","dateModified":"2022-02-09T10:07:00+00:00","mainEntityOfPage":{"@id":"https:\/\/www.organisator.ch\/sustainability\/2015-11-23\/gesucht-altes-holz-fuer-die-forschung\/"},"wordCount":387,"commentCount":0,"publisher":{"@id":"https:\/\/www.organisator.ch\/#organization"},"image":{"@id":"https:\/\/www.organisator.ch\/sustainability\/2015-11-23\/gesucht-altes-holz-fuer-die-forschung\/#primaryimage"},"thumbnailUrl":"https:\/\/www.organisator.ch\/wp-content\/uploads\/2016\/12\/Gesucht-Altes-Holz-fuer-die-Forschung-umweltperspektiven.jpg","keywords":["Forschung","Holz","KLIMA","WSL"],"articleSection":["SUSTAINABILITY"],"inLanguage":"it-IT"},{"@type":"WebPage","@id":"https:\/\/www.organisator.ch\/sustainability\/2015-11-23\/gesucht-altes-holz-fuer-die-forschung\/","url":"https:\/\/www.organisator.ch\/sustainability\/2015-11-23\/gesucht-altes-holz-fuer-die-forschung\/","name":"Ricercato: Legno vecchio per la ricerca - Organizzatore","isPartOf":{"@id":"https:\/\/www.organisator.ch\/#website"},"primaryImageOfPage":{"@id":"https:\/\/www.organisator.ch\/sustainability\/2015-11-23\/gesucht-altes-holz-fuer-die-forschung\/#primaryimage"},"image":{"@id":"https:\/\/www.organisator.ch\/sustainability\/2015-11-23\/gesucht-altes-holz-fuer-die-forschung\/#primaryimage"},"thumbnailUrl":"https:\/\/www.organisator.ch\/wp-content\/uploads\/2016\/12\/Gesucht-Altes-Holz-fuer-die-Forschung-umweltperspektiven.jpg","datePublished":"2015-11-23T09:12:36+00:00","dateModified":"2022-02-09T10:07:00+00:00","description":"Gli anelli annuali di vecchi pezzi di legno o anche di tronchi sono pezzi importanti del puzzle nella ricerca climatica e ambientale.","breadcrumb":{"@id":"https:\/\/www.organisator.ch\/sustainability\/2015-11-23\/gesucht-altes-holz-fuer-die-forschung\/#breadcrumb"},"inLanguage":"it-IT","potentialAction":[{"@type":"ReadAction","target":["https:\/\/www.organisator.ch\/sustainability\/2015-11-23\/gesucht-altes-holz-fuer-die-forschung\/"]}]},{"@type":"ImageObject","inLanguage":"it-IT","@id":"https:\/\/www.organisator.ch\/sustainability\/2015-11-23\/gesucht-altes-holz-fuer-die-forschung\/#primaryimage","url":"https:\/\/www.organisator.ch\/wp-content\/uploads\/2016\/12\/Gesucht-Altes-Holz-fuer-die-Forschung-umweltperspektiven.jpg","contentUrl":"https:\/\/www.organisator.ch\/wp-content\/uploads\/2016\/12\/Gesucht-Altes-Holz-fuer-die-Forschung-umweltperspektiven.jpg","width":2126,"height":1594,"caption":"Subfossile Holzfunde, wie hier in einer Kiesgrube in Aigle (VD), k\u00f6nnen vergangene Umweltbedingungen wiederspiegeln. Diese Eiche wurde um 4'300 v.Chr. im Kies eingelagert. (Foto: WSL)"},{"@type":"BreadcrumbList","@id":"https:\/\/www.organisator.ch\/sustainability\/2015-11-23\/gesucht-altes-holz-fuer-die-forschung\/#breadcrumb","itemListElement":[{"@type":"ListItem","position":1,"name":"Home","item":"https:\/\/www.organisator.ch\/"},{"@type":"ListItem","position":2,"name":"Gesucht: Altes Holz f\u00fcr die Forschung"}]},{"@type":"WebSite","@id":"https:\/\/www.organisator.ch\/#website","url":"https:\/\/www.organisator.ch\/","name":"Organizzatore","description":"Competente. Pratico. In 10 numeri all'anno, ORGANISATOR presenta i temi essenziali per i manager delle PMI.","publisher":{"@id":"https:\/\/www.organisator.ch\/#organization"},"potentialAction":[{"@type":"SearchAction","target":{"@type":"EntryPoint","urlTemplate":"https:\/\/www.organisator.ch\/?s={search_term_string}"},"query-input":{"@type":"PropertyValueSpecification","valueRequired":true,"valueName":"search_term_string"}}],"inLanguage":"it-IT"},{"@type":"Organization","@id":"https:\/\/www.organisator.ch\/#organization","name":"Organizzatore","url":"https:\/\/www.organisator.ch\/","logo":{"@type":"ImageObject","inLanguage":"it-IT","@id":"https:\/\/www.organisator.ch\/#\/schema\/logo\/image\/","url":"https:\/\/www.organisator.ch\/wp-content\/uploads\/2022\/01\/Logo_Organisator_Website.png","contentUrl":"https:\/\/www.organisator.ch\/wp-content\/uploads\/2022\/01\/Logo_Organisator_Website.png","width":800,"height":77,"caption":"Organisator"},"image":{"@id":"https:\/\/www.organisator.ch\/#\/schema\/logo\/image\/"},"sameAs":["https:\/\/www.facebook.com\/OrganisatorFachmagazin","https:\/\/www.linkedin.com\/showcase\/organisator-das-magazin-fr-kmu","https:\/\/www.xing.com\/news\/pages\/organisator-ch-695","https:\/\/www.youtube.com\/channel\/UCGP2Sq0iWaZwT3BdIAQFYpw"]},{"@type":"Person","@id":"https:\/\/www.organisator.ch\/#\/schema\/person\/aa2bace6c5c5aad60102004a50c4eb1c","name":"amministratore","image":{"@type":"ImageObject","inLanguage":"it-IT","@id":"https:\/\/secure.gravatar.com\/avatar\/ae2f4d718e6c49043e314ce431e7e645d646302a24a5ef5a8bc8e3f5a032e319?s=96&d=mm&r=g","url":"https:\/\/secure.gravatar.com\/avatar\/ae2f4d718e6c49043e314ce431e7e645d646302a24a5ef5a8bc8e3f5a032e319?s=96&d=mm&r=g","contentUrl":"https:\/\/secure.gravatar.com\/avatar\/ae2f4d718e6c49043e314ce431e7e645d646302a24a5ef5a8bc8e3f5a032e319?s=96&d=mm&r=g","caption":"admin"},"sameAs":["https:\/\/www.organisator.ch"],"url":"https:\/\/www.organisator.ch\/it\/author\/admin\/"}]}},"_links":{"self":[{"href":"https:\/\/www.organisator.ch\/it\/wp-json\/wp\/v2\/posts\/9895","targetHints":{"allow":["GET"]}}],"collection":[{"href":"https:\/\/www.organisator.ch\/it\/wp-json\/wp\/v2\/posts"}],"about":[{"href":"https:\/\/www.organisator.ch\/it\/wp-json\/wp\/v2\/types\/post"}],"author":[{"embeddable":true,"href":"https:\/\/www.organisator.ch\/it\/wp-json\/wp\/v2\/users\/1"}],"replies":[{"embeddable":true,"href":"https:\/\/www.organisator.ch\/it\/wp-json\/wp\/v2\/comments?post=9895"}],"version-history":[{"count":1,"href":"https:\/\/www.organisator.ch\/it\/wp-json\/wp\/v2\/posts\/9895\/revisions"}],"predecessor-version":[{"id":10767,"href":"https:\/\/www.organisator.ch\/it\/wp-json\/wp\/v2\/posts\/9895\/revisions\/10767"}],"wp:featuredmedia":[{"embeddable":true,"href":"https:\/\/www.organisator.ch\/it\/wp-json\/wp\/v2\/media\/9332"}],"wp:attachment":[{"href":"https:\/\/www.organisator.ch\/it\/wp-json\/wp\/v2\/media?parent=9895"}],"wp:term":[{"taxonomy":"category","embeddable":true,"href":"https:\/\/www.organisator.ch\/it\/wp-json\/wp\/v2\/categories?post=9895"},{"taxonomy":"post_tag","embeddable":true,"href":"https:\/\/www.organisator.ch\/it\/wp-json\/wp\/v2\/tags?post=9895"}],"curies":[{"name":"wp","href":"https:\/\/api.w.org\/{rel}","templated":true}]}}