{"id":9902,"date":"2015-12-03T10:33:12","date_gmt":"2015-12-03T09:33:12","guid":{"rendered":"https:\/\/dev.umweltperspektiven.ch\/?p=89"},"modified":"2015-12-03T10:33:12","modified_gmt":"2015-12-03T09:33:12","slug":"jaehrlich-5500-todesfaelle-wegen-luftverschmutzung","status":"publish","type":"post","link":"https:\/\/www.organisator.ch\/it\/allgemein\/2015-12-03\/jaehrlich-5500-todesfaelle-wegen-luftverschmutzung\/","title":{"rendered":"5500 morti all'anno a causa dell'inquinamento atmosferico"},"content":{"rendered":"<figure id=\"attachment_90\" aria-describedby=\"caption-attachment-90\" style=\"width: 680px\" class=\"wp-caption alignnone\"><a href=\"\/\/dev.umweltperspektiven.ch\/wp-content\/uploads\/2016\/12\/J\u00e4hrlich-5500-Todesf\u00e4lle-wegen-Luftverschmutzung-umweltperspektiven.jpg\"><img loading=\"lazy\" decoding=\"async\" class=\"size-medium wp-image-90\" src=\"\/\/dev.umweltperspektiven.ch\/wp-content\/uploads\/2016\/12\/J\u00e4hrlich-5500-Todesf\u00e4lle-wegen-Luftverschmutzung-umweltperspektiven.jpg\" alt=\"L&#039;inquinamento \u00e8 particolarmente elevato in inverno: I sistemi di riscaldamento producono molte polveri sottili.\" width=\"680\" height=\"452\" \/><\/a><figcaption id=\"caption-attachment-90\" class=\"wp-caption-text\">L'inquinamento \u00e8 particolarmente elevato in inverno: I sistemi di riscaldamento producono molte polveri sottili.<\/figcaption><\/figure>\n<p>L'inquinamento dell'aria rimane il pi\u00f9 grande singolo rischio ambientale per la salute in Europa. Questo vale anche per la Svizzera.<\/p>\n<p>Lo dimostra un nuovo rapporto dell'Agenzia europea dell'ambiente (AEA), pubblicato per il vertice sul clima di Parigi. Secondo il rapporto, la maggior parte degli abitanti delle citt\u00e0 sono esposti a inquinanti atmosferici a livelli classificati come pericolosi dall'OMS.<\/p>\n<p>In Svizzera, circa 5500 morti premature all'anno sono attribuite al particolato, all'ozono a livello del suolo e al diossido di azoto. Il particolato \u00e8 particolarmente pericoloso, rappresentando circa 4300 delle morti. Il particolato pu\u00f2 causare malattie cardiovascolari e polmonari, attacchi cardiaci e aritmie. Si ritiene anche che causi il cancro. Nel 2013, 87 % della popolazione urbana dell'UE sono stati esposti a concentrazioni di particolato che superavano il livello stabilito dall'OMS per proteggere la salute umana.<\/p>\n<p>Il secondo maggior numero di morti premature \u00e8 causato da NO2, cio\u00e8 dall'ossido di azoto. Questo influisce direttamente sul sistema respiratorio e contribuisce anche alla formazione del particolato.<\/p>\n<p>Oltre agli effetti sulla salute, gli inquinanti atmosferici hanno anche un effetto dannoso significativo sulla vita vegetale e sugli ecosistemi. Questi problemi, tra cui l'eutrofizzazione causata dall'ammoniaca (NH3) e dagli ossidi di azoto (NOx), e i danni alle piante causati dall'O3, sono ancora diffusi in Europa.<\/p>","protected":false},"excerpt":{"rendered":"<p>Luftverschmutzung stellt in Europa nach wie vor das gr\u00f6sste einzelne umweltbedingte Gesundheitsrisiko dar. Das gilt auch f\u00fcr die Schweiz. Dies zeigt ein neuer Bericht der Europ\u00e4ischen Umweltagentur (EUA), der zum Klimagipfel in Paris ver\u00f6ffentlicht wurde. Demnach sind die meisten Stadtbewohner Luftschadstoffen in einem Umfang ausgesetzt, der durch die WHO als gef\u00e4hrlich eingestuft wird. In der [&hellip;]<\/p>\n","protected":false},"author":1,"featured_media":90,"comment_status":"open","ping_status":"open","sticky":false,"template":"","format":"standard","meta":{"_acf_changed":false,"_yoast_wpseo_focuskw":"Luftverschmutzung","_yoast_wpseo_metadesc":"Wegen Ozon, Feinstaub und Stickstoffoxid sterben j\u00e4hrlich in der Schweiz mehrere tausend Personen. Gerade im Winter ist die Luftverschmutzung extra hoch.","articlekey":"","footnotes":""},"categories":[1],"tags":[1137,1161,1654,1848,1880,2059,2311],"class_list":["post-9902","post","type-post","status-publish","format-standard","has-post-thumbnail","hentry","category-allgemein","tag-eua","tag-feinstaub","tag-luftvschmutzung","tag-nox","tag-ozon","tag-schadstoffe","tag-todesfaelle"],"acf":[],"yoast_head":"<!-- This site is optimized with the Yoast SEO plugin v27.4 - https:\/\/yoast.com\/product\/yoast-seo-wordpress\/ -->\n<title>J\u00e4hrlich 5500 Todesf\u00e4lle wegen Luftverschmutzung - Organisator<\/title>\n<meta name=\"description\" content=\"Wegen Ozon, Feinstaub und Stickstoffoxid sterben j\u00e4hrlich in der Schweiz mehrere tausend Personen. Gerade im Winter ist die Luftverschmutzung extra hoch.\" \/>\n<meta name=\"robots\" content=\"index, follow, max-snippet:-1, max-image-preview:large, max-video-preview:-1\" \/>\n<link rel=\"canonical\" href=\"https:\/\/www.organisator.ch\/it\/generale\/2015-12-03\/jaehrlich-5500-todesfaelle-wegen-luftverschmutzung\/\" \/>\n<meta property=\"og:locale\" content=\"it_IT\" \/>\n<meta property=\"og:type\" content=\"article\" \/>\n<meta property=\"og:title\" content=\"J\u00e4hrlich 5500 Todesf\u00e4lle wegen Luftverschmutzung - Organisator\" \/>\n<meta property=\"og:description\" content=\"Wegen Ozon, Feinstaub und Stickstoffoxid sterben j\u00e4hrlich in der Schweiz mehrere tausend Personen. Gerade im Winter ist die Luftverschmutzung extra hoch.\" \/>\n<meta property=\"og:url\" content=\"https:\/\/www.organisator.ch\/it\/generale\/2015-12-03\/jaehrlich-5500-todesfaelle-wegen-luftverschmutzung\/\" \/>\n<meta property=\"og:site_name\" content=\"Organisator\" \/>\n<meta property=\"article:publisher\" content=\"https:\/\/www.facebook.com\/OrganisatorFachmagazin\" \/>\n<meta property=\"article:published_time\" content=\"2015-12-03T09:33:12+00:00\" \/>\n<meta property=\"og:image\" content=\"https:\/\/www.organisator.ch\/wp-content\/uploads\/2016\/12\/Jaehrlich-5500-Todesfaelle-wegen-Luftverschmutzung-umweltperspektiven.jpg\" \/>\n\t<meta property=\"og:image:width\" content=\"1000\" \/>\n\t<meta property=\"og:image:height\" content=\"664\" \/>\n\t<meta property=\"og:image:type\" content=\"image\/jpeg\" \/>\n<meta name=\"author\" content=\"admin\" \/>\n<meta name=\"twitter:card\" content=\"summary_large_image\" \/>\n<script type=\"application\/ld+json\" class=\"yoast-schema-graph\">{\"@context\":\"https:\\\/\\\/schema.org\",\"@graph\":[{\"@type\":\"Article\",\"@id\":\"https:\\\/\\\/www.organisator.ch\\\/en\\\/general\\\/2015-12-03\\\/jaehrlich-5500-todesfaelle-wegen-luftverschmutzung\\\/#article\",\"isPartOf\":{\"@id\":\"https:\\\/\\\/www.organisator.ch\\\/en\\\/general\\\/2015-12-03\\\/jaehrlich-5500-todesfaelle-wegen-luftverschmutzung\\\/\"},\"author\":{\"name\":\"admin\",\"@id\":\"https:\\\/\\\/www.organisator.ch\\\/#\\\/schema\\\/person\\\/aa2bace6c5c5aad60102004a50c4eb1c\"},\"headline\":\"J\u00e4hrlich 5500 Todesf\u00e4lle wegen Luftverschmutzung\",\"datePublished\":\"2015-12-03T09:33:12+00:00\",\"mainEntityOfPage\":{\"@id\":\"https:\\\/\\\/www.organisator.ch\\\/en\\\/general\\\/2015-12-03\\\/jaehrlich-5500-todesfaelle-wegen-luftverschmutzung\\\/\"},\"wordCount\":236,\"commentCount\":0,\"publisher\":{\"@id\":\"https:\\\/\\\/www.organisator.ch\\\/#organization\"},\"image\":{\"@id\":\"https:\\\/\\\/www.organisator.ch\\\/en\\\/general\\\/2015-12-03\\\/jaehrlich-5500-todesfaelle-wegen-luftverschmutzung\\\/#primaryimage\"},\"thumbnailUrl\":\"https:\\\/\\\/www.organisator.ch\\\/wp-content\\\/uploads\\\/2016\\\/12\\\/Jaehrlich-5500-Todesfaelle-wegen-Luftverschmutzung-umweltperspektiven.jpg\",\"keywords\":[\"EUA\",\"Feinstaub\",\"Luftvschmutzung\",\"NOx\",\"Ozon\",\"Schadstoffe\",\"Todesf\u00e4lle\"],\"articleSection\":[\"Allgemein\"],\"inLanguage\":\"it-IT\"},{\"@type\":\"WebPage\",\"@id\":\"https:\\\/\\\/www.organisator.ch\\\/en\\\/general\\\/2015-12-03\\\/jaehrlich-5500-todesfaelle-wegen-luftverschmutzung\\\/\",\"url\":\"https:\\\/\\\/www.organisator.ch\\\/en\\\/general\\\/2015-12-03\\\/jaehrlich-5500-todesfaelle-wegen-luftverschmutzung\\\/\",\"name\":\"J\u00e4hrlich 5500 Todesf\u00e4lle wegen Luftverschmutzung - Organisator\",\"isPartOf\":{\"@id\":\"https:\\\/\\\/www.organisator.ch\\\/#website\"},\"primaryImageOfPage\":{\"@id\":\"https:\\\/\\\/www.organisator.ch\\\/en\\\/general\\\/2015-12-03\\\/jaehrlich-5500-todesfaelle-wegen-luftverschmutzung\\\/#primaryimage\"},\"image\":{\"@id\":\"https:\\\/\\\/www.organisator.ch\\\/en\\\/general\\\/2015-12-03\\\/jaehrlich-5500-todesfaelle-wegen-luftverschmutzung\\\/#primaryimage\"},\"thumbnailUrl\":\"https:\\\/\\\/www.organisator.ch\\\/wp-content\\\/uploads\\\/2016\\\/12\\\/Jaehrlich-5500-Todesfaelle-wegen-Luftverschmutzung-umweltperspektiven.jpg\",\"datePublished\":\"2015-12-03T09:33:12+00:00\",\"description\":\"Wegen Ozon, Feinstaub und Stickstoffoxid sterben j\u00e4hrlich in der Schweiz mehrere tausend Personen. Gerade im Winter ist die Luftverschmutzung extra hoch.\",\"breadcrumb\":{\"@id\":\"https:\\\/\\\/www.organisator.ch\\\/en\\\/general\\\/2015-12-03\\\/jaehrlich-5500-todesfaelle-wegen-luftverschmutzung\\\/#breadcrumb\"},\"inLanguage\":\"it-IT\",\"potentialAction\":[{\"@type\":\"ReadAction\",\"target\":[\"https:\\\/\\\/www.organisator.ch\\\/en\\\/general\\\/2015-12-03\\\/jaehrlich-5500-todesfaelle-wegen-luftverschmutzung\\\/\"]}]},{\"@type\":\"ImageObject\",\"inLanguage\":\"it-IT\",\"@id\":\"https:\\\/\\\/www.organisator.ch\\\/en\\\/general\\\/2015-12-03\\\/jaehrlich-5500-todesfaelle-wegen-luftverschmutzung\\\/#primaryimage\",\"url\":\"https:\\\/\\\/www.organisator.ch\\\/wp-content\\\/uploads\\\/2016\\\/12\\\/Jaehrlich-5500-Todesfaelle-wegen-Luftverschmutzung-umweltperspektiven.jpg\",\"contentUrl\":\"https:\\\/\\\/www.organisator.ch\\\/wp-content\\\/uploads\\\/2016\\\/12\\\/Jaehrlich-5500-Todesfaelle-wegen-Luftverschmutzung-umweltperspektiven.jpg\",\"width\":1000,\"height\":664,\"caption\":\"Besonders hoch ist die Belastung im Winter: Heizungen produzieren viel Feinstaub.\"},{\"@type\":\"BreadcrumbList\",\"@id\":\"https:\\\/\\\/www.organisator.ch\\\/en\\\/general\\\/2015-12-03\\\/jaehrlich-5500-todesfaelle-wegen-luftverschmutzung\\\/#breadcrumb\",\"itemListElement\":[{\"@type\":\"ListItem\",\"position\":1,\"name\":\"Home\",\"item\":\"https:\\\/\\\/www.organisator.ch\\\/\"},{\"@type\":\"ListItem\",\"position\":2,\"name\":\"J\u00e4hrlich 5500 Todesf\u00e4lle wegen Luftverschmutzung\"}]},{\"@type\":\"WebSite\",\"@id\":\"https:\\\/\\\/www.organisator.ch\\\/#website\",\"url\":\"https:\\\/\\\/www.organisator.ch\\\/\",\"name\":\"Organisator\",\"description\":\"Kompetent. Praxisnah. Der ORGANISATOR bereitet in 10 Ausgaben pro Jahr die wesentlichen Themen f\u00fcr F\u00fchrungskr\u00e4fte von KMU auf.\",\"publisher\":{\"@id\":\"https:\\\/\\\/www.organisator.ch\\\/#organization\"},\"potentialAction\":[{\"@type\":\"SearchAction\",\"target\":{\"@type\":\"EntryPoint\",\"urlTemplate\":\"https:\\\/\\\/www.organisator.ch\\\/?s={search_term_string}\"},\"query-input\":{\"@type\":\"PropertyValueSpecification\",\"valueRequired\":true,\"valueName\":\"search_term_string\"}}],\"inLanguage\":\"it-IT\"},{\"@type\":\"Organization\",\"@id\":\"https:\\\/\\\/www.organisator.ch\\\/#organization\",\"name\":\"Organisator\",\"url\":\"https:\\\/\\\/www.organisator.ch\\\/\",\"logo\":{\"@type\":\"ImageObject\",\"inLanguage\":\"it-IT\",\"@id\":\"https:\\\/\\\/www.organisator.ch\\\/#\\\/schema\\\/logo\\\/image\\\/\",\"url\":\"https:\\\/\\\/www.organisator.ch\\\/wp-content\\\/uploads\\\/2022\\\/01\\\/Logo_Organisator_Website.png\",\"contentUrl\":\"https:\\\/\\\/www.organisator.ch\\\/wp-content\\\/uploads\\\/2022\\\/01\\\/Logo_Organisator_Website.png\",\"width\":800,\"height\":77,\"caption\":\"Organisator\"},\"image\":{\"@id\":\"https:\\\/\\\/www.organisator.ch\\\/#\\\/schema\\\/logo\\\/image\\\/\"},\"sameAs\":[\"https:\\\/\\\/www.facebook.com\\\/OrganisatorFachmagazin\",\"https:\\\/\\\/www.linkedin.com\\\/showcase\\\/organisator-das-magazin-fr-kmu\",\"https:\\\/\\\/www.xing.com\\\/news\\\/pages\\\/organisator-ch-695\",\"https:\\\/\\\/www.youtube.com\\\/channel\\\/UCGP2Sq0iWaZwT3BdIAQFYpw\"]},{\"@type\":\"Person\",\"@id\":\"https:\\\/\\\/www.organisator.ch\\\/#\\\/schema\\\/person\\\/aa2bace6c5c5aad60102004a50c4eb1c\",\"name\":\"admin\",\"image\":{\"@type\":\"ImageObject\",\"inLanguage\":\"it-IT\",\"@id\":\"https:\\\/\\\/secure.gravatar.com\\\/avatar\\\/ae2f4d718e6c49043e314ce431e7e645d646302a24a5ef5a8bc8e3f5a032e319?s=96&d=mm&r=g\",\"url\":\"https:\\\/\\\/secure.gravatar.com\\\/avatar\\\/ae2f4d718e6c49043e314ce431e7e645d646302a24a5ef5a8bc8e3f5a032e319?s=96&d=mm&r=g\",\"contentUrl\":\"https:\\\/\\\/secure.gravatar.com\\\/avatar\\\/ae2f4d718e6c49043e314ce431e7e645d646302a24a5ef5a8bc8e3f5a032e319?s=96&d=mm&r=g\",\"caption\":\"admin\"},\"sameAs\":[\"https:\\\/\\\/www.organisator.ch\"],\"url\":\"https:\\\/\\\/www.organisator.ch\\\/it\\\/author\\\/admin\\\/\"}]}<\/script>\n<!-- \/ Yoast SEO plugin. -->","yoast_head_json":{"title":"5500 morti all'anno a causa dell'inquinamento atmosferico - Organizzatore","description":"Ogni anno in Svizzera muoiono diverse migliaia di persone a causa di ozono, particolato e ossido di azoto. Soprattutto in inverno, l'inquinamento atmosferico \u00e8 molto elevato.","robots":{"index":"index","follow":"follow","max-snippet":"max-snippet:-1","max-image-preview":"max-image-preview:large","max-video-preview":"max-video-preview:-1"},"canonical":"https:\/\/www.organisator.ch\/it\/generale\/2015-12-03\/jaehrlich-5500-todesfaelle-wegen-luftverschmutzung\/","og_locale":"it_IT","og_type":"article","og_title":"J\u00e4hrlich 5500 Todesf\u00e4lle wegen Luftverschmutzung - Organisator","og_description":"Wegen Ozon, Feinstaub und Stickstoffoxid sterben j\u00e4hrlich in der Schweiz mehrere tausend Personen. Gerade im Winter ist die Luftverschmutzung extra hoch.","og_url":"https:\/\/www.organisator.ch\/it\/generale\/2015-12-03\/jaehrlich-5500-todesfaelle-wegen-luftverschmutzung\/","og_site_name":"Organisator","article_publisher":"https:\/\/www.facebook.com\/OrganisatorFachmagazin","article_published_time":"2015-12-03T09:33:12+00:00","og_image":[{"width":1000,"height":664,"url":"https:\/\/www.organisator.ch\/wp-content\/uploads\/2016\/12\/Jaehrlich-5500-Todesfaelle-wegen-Luftverschmutzung-umweltperspektiven.jpg","type":"image\/jpeg"}],"author":"admin","twitter_card":"summary_large_image","schema":{"@context":"https:\/\/schema.org","@graph":[{"@type":"Article","@id":"https:\/\/www.organisator.ch\/en\/general\/2015-12-03\/jaehrlich-5500-todesfaelle-wegen-luftverschmutzung\/#article","isPartOf":{"@id":"https:\/\/www.organisator.ch\/en\/general\/2015-12-03\/jaehrlich-5500-todesfaelle-wegen-luftverschmutzung\/"},"author":{"name":"admin","@id":"https:\/\/www.organisator.ch\/#\/schema\/person\/aa2bace6c5c5aad60102004a50c4eb1c"},"headline":"J\u00e4hrlich 5500 Todesf\u00e4lle wegen Luftverschmutzung","datePublished":"2015-12-03T09:33:12+00:00","mainEntityOfPage":{"@id":"https:\/\/www.organisator.ch\/en\/general\/2015-12-03\/jaehrlich-5500-todesfaelle-wegen-luftverschmutzung\/"},"wordCount":236,"commentCount":0,"publisher":{"@id":"https:\/\/www.organisator.ch\/#organization"},"image":{"@id":"https:\/\/www.organisator.ch\/en\/general\/2015-12-03\/jaehrlich-5500-todesfaelle-wegen-luftverschmutzung\/#primaryimage"},"thumbnailUrl":"https:\/\/www.organisator.ch\/wp-content\/uploads\/2016\/12\/Jaehrlich-5500-Todesfaelle-wegen-Luftverschmutzung-umweltperspektiven.jpg","keywords":["EUA","Feinstaub","Luftvschmutzung","NOx","Ozon","Schadstoffe","Todesf\u00e4lle"],"articleSection":["Allgemein"],"inLanguage":"it-IT"},{"@type":"WebPage","@id":"https:\/\/www.organisator.ch\/en\/general\/2015-12-03\/jaehrlich-5500-todesfaelle-wegen-luftverschmutzung\/","url":"https:\/\/www.organisator.ch\/en\/general\/2015-12-03\/jaehrlich-5500-todesfaelle-wegen-luftverschmutzung\/","name":"5500 morti all'anno a causa dell'inquinamento atmosferico - Organizzatore","isPartOf":{"@id":"https:\/\/www.organisator.ch\/#website"},"primaryImageOfPage":{"@id":"https:\/\/www.organisator.ch\/en\/general\/2015-12-03\/jaehrlich-5500-todesfaelle-wegen-luftverschmutzung\/#primaryimage"},"image":{"@id":"https:\/\/www.organisator.ch\/en\/general\/2015-12-03\/jaehrlich-5500-todesfaelle-wegen-luftverschmutzung\/#primaryimage"},"thumbnailUrl":"https:\/\/www.organisator.ch\/wp-content\/uploads\/2016\/12\/Jaehrlich-5500-Todesfaelle-wegen-Luftverschmutzung-umweltperspektiven.jpg","datePublished":"2015-12-03T09:33:12+00:00","description":"Ogni anno in Svizzera muoiono diverse migliaia di persone a causa di ozono, particolato e ossido di azoto. Soprattutto in inverno, l'inquinamento atmosferico \u00e8 molto elevato.","breadcrumb":{"@id":"https:\/\/www.organisator.ch\/en\/general\/2015-12-03\/jaehrlich-5500-todesfaelle-wegen-luftverschmutzung\/#breadcrumb"},"inLanguage":"it-IT","potentialAction":[{"@type":"ReadAction","target":["https:\/\/www.organisator.ch\/en\/general\/2015-12-03\/jaehrlich-5500-todesfaelle-wegen-luftverschmutzung\/"]}]},{"@type":"ImageObject","inLanguage":"it-IT","@id":"https:\/\/www.organisator.ch\/en\/general\/2015-12-03\/jaehrlich-5500-todesfaelle-wegen-luftverschmutzung\/#primaryimage","url":"https:\/\/www.organisator.ch\/wp-content\/uploads\/2016\/12\/Jaehrlich-5500-Todesfaelle-wegen-Luftverschmutzung-umweltperspektiven.jpg","contentUrl":"https:\/\/www.organisator.ch\/wp-content\/uploads\/2016\/12\/Jaehrlich-5500-Todesfaelle-wegen-Luftverschmutzung-umweltperspektiven.jpg","width":1000,"height":664,"caption":"Besonders hoch ist die Belastung im Winter: Heizungen produzieren viel Feinstaub."},{"@type":"BreadcrumbList","@id":"https:\/\/www.organisator.ch\/en\/general\/2015-12-03\/jaehrlich-5500-todesfaelle-wegen-luftverschmutzung\/#breadcrumb","itemListElement":[{"@type":"ListItem","position":1,"name":"Home","item":"https:\/\/www.organisator.ch\/"},{"@type":"ListItem","position":2,"name":"J\u00e4hrlich 5500 Todesf\u00e4lle wegen Luftverschmutzung"}]},{"@type":"WebSite","@id":"https:\/\/www.organisator.ch\/#website","url":"https:\/\/www.organisator.ch\/","name":"Organizzatore","description":"Competente. Pratico. In 10 numeri all'anno, ORGANISATOR presenta i temi essenziali per i manager delle PMI.","publisher":{"@id":"https:\/\/www.organisator.ch\/#organization"},"potentialAction":[{"@type":"SearchAction","target":{"@type":"EntryPoint","urlTemplate":"https:\/\/www.organisator.ch\/?s={search_term_string}"},"query-input":{"@type":"PropertyValueSpecification","valueRequired":true,"valueName":"search_term_string"}}],"inLanguage":"it-IT"},{"@type":"Organization","@id":"https:\/\/www.organisator.ch\/#organization","name":"Organizzatore","url":"https:\/\/www.organisator.ch\/","logo":{"@type":"ImageObject","inLanguage":"it-IT","@id":"https:\/\/www.organisator.ch\/#\/schema\/logo\/image\/","url":"https:\/\/www.organisator.ch\/wp-content\/uploads\/2022\/01\/Logo_Organisator_Website.png","contentUrl":"https:\/\/www.organisator.ch\/wp-content\/uploads\/2022\/01\/Logo_Organisator_Website.png","width":800,"height":77,"caption":"Organisator"},"image":{"@id":"https:\/\/www.organisator.ch\/#\/schema\/logo\/image\/"},"sameAs":["https:\/\/www.facebook.com\/OrganisatorFachmagazin","https:\/\/www.linkedin.com\/showcase\/organisator-das-magazin-fr-kmu","https:\/\/www.xing.com\/news\/pages\/organisator-ch-695","https:\/\/www.youtube.com\/channel\/UCGP2Sq0iWaZwT3BdIAQFYpw"]},{"@type":"Person","@id":"https:\/\/www.organisator.ch\/#\/schema\/person\/aa2bace6c5c5aad60102004a50c4eb1c","name":"amministratore","image":{"@type":"ImageObject","inLanguage":"it-IT","@id":"https:\/\/secure.gravatar.com\/avatar\/ae2f4d718e6c49043e314ce431e7e645d646302a24a5ef5a8bc8e3f5a032e319?s=96&d=mm&r=g","url":"https:\/\/secure.gravatar.com\/avatar\/ae2f4d718e6c49043e314ce431e7e645d646302a24a5ef5a8bc8e3f5a032e319?s=96&d=mm&r=g","contentUrl":"https:\/\/secure.gravatar.com\/avatar\/ae2f4d718e6c49043e314ce431e7e645d646302a24a5ef5a8bc8e3f5a032e319?s=96&d=mm&r=g","caption":"admin"},"sameAs":["https:\/\/www.organisator.ch"],"url":"https:\/\/www.organisator.ch\/it\/author\/admin\/"}]}},"_links":{"self":[{"href":"https:\/\/www.organisator.ch\/it\/wp-json\/wp\/v2\/posts\/9902","targetHints":{"allow":["GET"]}}],"collection":[{"href":"https:\/\/www.organisator.ch\/it\/wp-json\/wp\/v2\/posts"}],"about":[{"href":"https:\/\/www.organisator.ch\/it\/wp-json\/wp\/v2\/types\/post"}],"author":[{"embeddable":true,"href":"https:\/\/www.organisator.ch\/it\/wp-json\/wp\/v2\/users\/1"}],"replies":[{"embeddable":true,"href":"https:\/\/www.organisator.ch\/it\/wp-json\/wp\/v2\/comments?post=9902"}],"version-history":[{"count":0,"href":"https:\/\/www.organisator.ch\/it\/wp-json\/wp\/v2\/posts\/9902\/revisions"}],"wp:featuredmedia":[{"embeddable":true,"href":"https:\/\/www.organisator.ch\/it\/wp-json\/wp\/v2\/media\/90"}],"wp:attachment":[{"href":"https:\/\/www.organisator.ch\/it\/wp-json\/wp\/v2\/media?parent=9902"}],"wp:term":[{"taxonomy":"category","embeddable":true,"href":"https:\/\/www.organisator.ch\/it\/wp-json\/wp\/v2\/categories?post=9902"},{"taxonomy":"post_tag","embeddable":true,"href":"https:\/\/www.organisator.ch\/it\/wp-json\/wp\/v2\/tags?post=9902"}],"curies":[{"name":"wp","href":"https:\/\/api.w.org\/{rel}","templated":true}]}}