{"id":9904,"date":"2015-12-11T10:43:14","date_gmt":"2015-12-11T09:43:14","guid":{"rendered":"https:\/\/dev.umweltperspektiven.ch\/?p=105"},"modified":"2022-02-09T11:06:59","modified_gmt":"2022-02-09T10:06:59","slug":"verbotenes-kaeltemittel-deutschland-verklagt","status":"publish","type":"post","link":"https:\/\/www.organisator.ch\/it\/sustainability\/2015-12-11\/verbotenes-kaeltemittel-deutschland-verklagt\/","title":{"rendered":"Refrigerante vietato: la Germania citata in giudizio"},"content":{"rendered":"<figure id=\"attachment_106\" aria-describedby=\"caption-attachment-106\" style=\"width: 680px\" class=\"wp-caption alignnone\"><a href=\"\/\/dev.umweltperspektiven.ch\/wp-content\/uploads\/2016\/12\/Verbotenes-K\u00e4ltemittel-Deutschland-verklagt-umweltperspektiven.jpg\"><img loading=\"lazy\" decoding=\"async\" class=\"size-medium wp-image-106\" src=\"\/\/dev.umweltperspektiven.ch\/wp-content\/uploads\/2016\/12\/Verbotenes-K\u00e4ltemittel-Deutschland-verklagt-umweltperspektiven.jpg\" alt=\"Refrigerante vietato Germania citata in giudizio\" width=\"680\" height=\"457\" \/><\/a><figcaption id=\"caption-attachment-106\" class=\"wp-caption-text\">Refrigerante vietato Germania citata in giudizio<\/figcaption><\/figure>\n<p>La Commissione europea ha deciso di deferire la Germania alla Corte di giustizia europea. La ragione \u00e8 la mancata attuazione della direttiva 2006\/40\/CE sui sistemi di condizionamento dell'aria nei veicoli a motore, che richiede l'uso di refrigeranti per veicoli con un potenziale di riscaldamento globale inferiore e una graduale eliminazione di alcuni gas fluorurati a effetto serra. Le autorit\u00e0 nazionali di omologazione sono tenute a certificare che un veicolo \u00e8 conforme a tutti i requisiti di sicurezza, ambientali e di fabbricazione dell'UE, compresi i requisiti per i sistemi di condizionamento dell'aria nei veicoli a motore, prima di rilasciare un'autorizzazione a immetterlo sul mercato UE. Questa materia \u00e8 regolata dalla direttiva 2007\/46\/CE, che stabilisce un quadro generale per le omologazioni dei veicoli a motore e una serie di rimedi, compresa la possibilit\u00e0 di sanzioni.<\/p>\n<p>La Commissione accusa la Germania di aver violato il diritto dell'UE permettendo al produttore tedesco di veicoli Daimler AG di immettere sul mercato dell'UE veicoli che non erano conformi alla direttiva sui sistemi di condizionamento dell'aria nei veicoli e non avendo adottato misure correttive.<\/p>\n<p><strong>Daimler ha rivendicato problemi di sicurezza<\/strong><\/p>\n<p>La Daimler AG ha sollevato preoccupazioni per la sicurezza dei refrigeranti prescritti nella direttiva. Queste preoccupazioni non sono state sostenute dagli altri produttori di autoveicoli e sono state respinte dall'Autorit\u00e0 federale dei trasporti a motore (KBA) e dal Centro comune di ricerca della Commissione europea, che ha effettuato un'ulteriore analisi dei rischi nel 2014.<\/p>\n<p>Nonostante i contatti tra la Commissione e le autorit\u00e0 tedesche nell'ambito della procedura d'infrazione, la Germania non ha preso ulteriori provvedimenti contro il rilascio di omologazioni di veicoli a motore non conformi e non ha intrapreso alcuna azione correttiva contro il produttore.<\/p>\n<p>Portando la Germania davanti alla Corte di giustizia, la Commissione mira a garantire che gli obiettivi climatici di questa direttiva siano raggiunti e che il diritto comunitario sia applicato uniformemente in tutta l'UE, garantendo condizioni di parit\u00e0 per tutti gli operatori economici.<\/p>\n<p><em>Fonte: Commissione europea<\/em><\/p>","protected":false},"excerpt":{"rendered":"<p>Die Europ\u00e4ische Kommission hat beschlossen, vor dem Europ\u00e4ischen Gerichtshof eine Klage gegen Deutschland zu erheben. Grund hierf\u00fcr ist die Nichtumsetzung der Richtlinie 2006\/40\/EG \u00fcber Klimaanlagen in Kraftfahrzeugen, in der die Verwendung von Fahrzeug-K\u00e4ltemitteln mit geringerem Treibhauspotenzial sowie ein schrittweises Abschaffen bestimmter fluorierter Treibhausgase vorgeschrieben wird. Die nationalen Typgenehmigungsbeh\u00f6rden sind dazu verpflichtet, zu bescheinigen, dass ein [&hellip;]<\/p>\n","protected":false},"author":1,"featured_media":9340,"comment_status":"open","ping_status":"open","sticky":false,"template":"","format":"standard","meta":{"_acf_changed":false,"_yoast_wpseo_focuskw":"K\u00e4ltemittel","_yoast_wpseo_metadesc":"Die EU-Kommission verklagt Deutschland vor dem EU-Gerichtshof wegen der Verwendung eines verbotenen Treibhausgases als Fahrzeug-K\u00e4ltemittel.","articlekey":"","footnotes":""},"categories":[580],"tags":[745,977,1136],"class_list":["post-9904","post","type-post","status-publish","format-standard","has-post-thumbnail","hentry","category-sustainability","tag-auto-kaeltemittel","tag-deutschland-verklagt","tag-eu-kommission"],"acf":[],"yoast_head":"<!-- This site is optimized with the Yoast SEO plugin v27.5 - https:\/\/yoast.com\/product\/yoast-seo-wordpress\/ -->\n<title>Verbotenes K\u00e4ltemittel: Deutschland verklagt - Organisator<\/title>\n<meta name=\"description\" content=\"Die EU-Kommission verklagt Deutschland vor dem EU-Gerichtshof wegen der Verwendung eines verbotenen Treibhausgases als Fahrzeug-K\u00e4ltemittel.\" \/>\n<meta name=\"robots\" content=\"index, follow, max-snippet:-1, max-image-preview:large, max-video-preview:-1\" \/>\n<link rel=\"canonical\" href=\"https:\/\/www.organisator.ch\/it\/sostenibilita\/2015-12-11\/verbotenes-kaeltemittel-deutschland-verklagt\/\" \/>\n<meta property=\"og:locale\" content=\"it_IT\" \/>\n<meta property=\"og:type\" content=\"article\" \/>\n<meta property=\"og:title\" content=\"Verbotenes K\u00e4ltemittel: Deutschland verklagt - Organisator\" \/>\n<meta property=\"og:description\" content=\"Die EU-Kommission verklagt Deutschland vor dem EU-Gerichtshof wegen der Verwendung eines verbotenen Treibhausgases als Fahrzeug-K\u00e4ltemittel.\" \/>\n<meta property=\"og:url\" content=\"https:\/\/www.organisator.ch\/it\/sostenibilita\/2015-12-11\/verbotenes-kaeltemittel-deutschland-verklagt\/\" \/>\n<meta property=\"og:site_name\" content=\"Organisator\" \/>\n<meta property=\"article:publisher\" content=\"https:\/\/www.facebook.com\/OrganisatorFachmagazin\" \/>\n<meta property=\"article:published_time\" content=\"2015-12-11T09:43:14+00:00\" \/>\n<meta property=\"article:modified_time\" content=\"2022-02-09T10:06:59+00:00\" \/>\n<meta property=\"og:image\" content=\"https:\/\/www.organisator.ch\/wp-content\/uploads\/2016\/12\/Verbotenes-Kaeltemittel-Deutschland-verklagt-umweltperspektiven-scaled.jpg\" \/>\n\t<meta property=\"og:image:width\" content=\"2560\" \/>\n\t<meta property=\"og:image:height\" content=\"1720\" \/>\n\t<meta property=\"og:image:type\" content=\"image\/jpeg\" \/>\n<meta name=\"author\" content=\"admin\" \/>\n<meta name=\"twitter:card\" content=\"summary_large_image\" \/>\n<script type=\"application\/ld+json\" class=\"yoast-schema-graph\">{\"@context\":\"https:\\\/\\\/schema.org\",\"@graph\":[{\"@type\":\"Article\",\"@id\":\"https:\\\/\\\/www.organisator.ch\\\/sustainability\\\/2015-12-11\\\/verbotenes-kaeltemittel-deutschland-verklagt\\\/#article\",\"isPartOf\":{\"@id\":\"https:\\\/\\\/www.organisator.ch\\\/sustainability\\\/2015-12-11\\\/verbotenes-kaeltemittel-deutschland-verklagt\\\/\"},\"author\":{\"name\":\"admin\",\"@id\":\"https:\\\/\\\/www.organisator.ch\\\/#\\\/schema\\\/person\\\/aa2bace6c5c5aad60102004a50c4eb1c\"},\"headline\":\"Verbotenes K\u00e4ltemittel: Deutschland verklagt\",\"datePublished\":\"2015-12-11T09:43:14+00:00\",\"dateModified\":\"2022-02-09T10:06:59+00:00\",\"mainEntityOfPage\":{\"@id\":\"https:\\\/\\\/www.organisator.ch\\\/sustainability\\\/2015-12-11\\\/verbotenes-kaeltemittel-deutschland-verklagt\\\/\"},\"wordCount\":318,\"commentCount\":0,\"publisher\":{\"@id\":\"https:\\\/\\\/www.organisator.ch\\\/#organization\"},\"image\":{\"@id\":\"https:\\\/\\\/www.organisator.ch\\\/sustainability\\\/2015-12-11\\\/verbotenes-kaeltemittel-deutschland-verklagt\\\/#primaryimage\"},\"thumbnailUrl\":\"https:\\\/\\\/www.organisator.ch\\\/wp-content\\\/uploads\\\/2016\\\/12\\\/Verbotenes-Kaeltemittel-Deutschland-verklagt-umweltperspektiven-scaled.jpg\",\"keywords\":[\"Auto-K\u00e4ltemittel\",\"Deutschland verklagt\",\"EU-Kommission\"],\"articleSection\":[\"SUSTAINABILITY\"],\"inLanguage\":\"it-IT\"},{\"@type\":\"WebPage\",\"@id\":\"https:\\\/\\\/www.organisator.ch\\\/sustainability\\\/2015-12-11\\\/verbotenes-kaeltemittel-deutschland-verklagt\\\/\",\"url\":\"https:\\\/\\\/www.organisator.ch\\\/sustainability\\\/2015-12-11\\\/verbotenes-kaeltemittel-deutschland-verklagt\\\/\",\"name\":\"Verbotenes K\u00e4ltemittel: Deutschland verklagt - Organisator\",\"isPartOf\":{\"@id\":\"https:\\\/\\\/www.organisator.ch\\\/#website\"},\"primaryImageOfPage\":{\"@id\":\"https:\\\/\\\/www.organisator.ch\\\/sustainability\\\/2015-12-11\\\/verbotenes-kaeltemittel-deutschland-verklagt\\\/#primaryimage\"},\"image\":{\"@id\":\"https:\\\/\\\/www.organisator.ch\\\/sustainability\\\/2015-12-11\\\/verbotenes-kaeltemittel-deutschland-verklagt\\\/#primaryimage\"},\"thumbnailUrl\":\"https:\\\/\\\/www.organisator.ch\\\/wp-content\\\/uploads\\\/2016\\\/12\\\/Verbotenes-Kaeltemittel-Deutschland-verklagt-umweltperspektiven-scaled.jpg\",\"datePublished\":\"2015-12-11T09:43:14+00:00\",\"dateModified\":\"2022-02-09T10:06:59+00:00\",\"description\":\"Die EU-Kommission verklagt Deutschland vor dem EU-Gerichtshof wegen der Verwendung eines verbotenen Treibhausgases als Fahrzeug-K\u00e4ltemittel.\",\"breadcrumb\":{\"@id\":\"https:\\\/\\\/www.organisator.ch\\\/sustainability\\\/2015-12-11\\\/verbotenes-kaeltemittel-deutschland-verklagt\\\/#breadcrumb\"},\"inLanguage\":\"it-IT\",\"potentialAction\":[{\"@type\":\"ReadAction\",\"target\":[\"https:\\\/\\\/www.organisator.ch\\\/sustainability\\\/2015-12-11\\\/verbotenes-kaeltemittel-deutschland-verklagt\\\/\"]}]},{\"@type\":\"ImageObject\",\"inLanguage\":\"it-IT\",\"@id\":\"https:\\\/\\\/www.organisator.ch\\\/sustainability\\\/2015-12-11\\\/verbotenes-kaeltemittel-deutschland-verklagt\\\/#primaryimage\",\"url\":\"https:\\\/\\\/www.organisator.ch\\\/wp-content\\\/uploads\\\/2016\\\/12\\\/Verbotenes-Kaeltemittel-Deutschland-verklagt-umweltperspektiven-scaled.jpg\",\"contentUrl\":\"https:\\\/\\\/www.organisator.ch\\\/wp-content\\\/uploads\\\/2016\\\/12\\\/Verbotenes-Kaeltemittel-Deutschland-verklagt-umweltperspektiven-scaled.jpg\",\"width\":2560,\"height\":1720,\"caption\":\"Verbotenes K\u00e4ltemittel Deutschland verklagt\"},{\"@type\":\"BreadcrumbList\",\"@id\":\"https:\\\/\\\/www.organisator.ch\\\/sustainability\\\/2015-12-11\\\/verbotenes-kaeltemittel-deutschland-verklagt\\\/#breadcrumb\",\"itemListElement\":[{\"@type\":\"ListItem\",\"position\":1,\"name\":\"Home\",\"item\":\"https:\\\/\\\/www.organisator.ch\\\/\"},{\"@type\":\"ListItem\",\"position\":2,\"name\":\"Verbotenes K\u00e4ltemittel: Deutschland verklagt\"}]},{\"@type\":\"WebSite\",\"@id\":\"https:\\\/\\\/www.organisator.ch\\\/#website\",\"url\":\"https:\\\/\\\/www.organisator.ch\\\/\",\"name\":\"Organisator\",\"description\":\"Kompetent. Praxisnah. Der ORGANISATOR bereitet in 10 Ausgaben pro Jahr die wesentlichen Themen f\u00fcr F\u00fchrungskr\u00e4fte von KMU auf.\",\"publisher\":{\"@id\":\"https:\\\/\\\/www.organisator.ch\\\/#organization\"},\"potentialAction\":[{\"@type\":\"SearchAction\",\"target\":{\"@type\":\"EntryPoint\",\"urlTemplate\":\"https:\\\/\\\/www.organisator.ch\\\/?s={search_term_string}\"},\"query-input\":{\"@type\":\"PropertyValueSpecification\",\"valueRequired\":true,\"valueName\":\"search_term_string\"}}],\"inLanguage\":\"it-IT\"},{\"@type\":\"Organization\",\"@id\":\"https:\\\/\\\/www.organisator.ch\\\/#organization\",\"name\":\"Organisator\",\"url\":\"https:\\\/\\\/www.organisator.ch\\\/\",\"logo\":{\"@type\":\"ImageObject\",\"inLanguage\":\"it-IT\",\"@id\":\"https:\\\/\\\/www.organisator.ch\\\/#\\\/schema\\\/logo\\\/image\\\/\",\"url\":\"https:\\\/\\\/www.organisator.ch\\\/wp-content\\\/uploads\\\/2022\\\/01\\\/Logo_Organisator_Website.png\",\"contentUrl\":\"https:\\\/\\\/www.organisator.ch\\\/wp-content\\\/uploads\\\/2022\\\/01\\\/Logo_Organisator_Website.png\",\"width\":800,\"height\":77,\"caption\":\"Organisator\"},\"image\":{\"@id\":\"https:\\\/\\\/www.organisator.ch\\\/#\\\/schema\\\/logo\\\/image\\\/\"},\"sameAs\":[\"https:\\\/\\\/www.facebook.com\\\/OrganisatorFachmagazin\",\"https:\\\/\\\/www.linkedin.com\\\/showcase\\\/organisator-das-magazin-fr-kmu\",\"https:\\\/\\\/www.xing.com\\\/news\\\/pages\\\/organisator-ch-695\",\"https:\\\/\\\/www.youtube.com\\\/channel\\\/UCGP2Sq0iWaZwT3BdIAQFYpw\"]},{\"@type\":\"Person\",\"@id\":\"https:\\\/\\\/www.organisator.ch\\\/#\\\/schema\\\/person\\\/aa2bace6c5c5aad60102004a50c4eb1c\",\"name\":\"admin\",\"image\":{\"@type\":\"ImageObject\",\"inLanguage\":\"it-IT\",\"@id\":\"https:\\\/\\\/secure.gravatar.com\\\/avatar\\\/ae2f4d718e6c49043e314ce431e7e645d646302a24a5ef5a8bc8e3f5a032e319?s=96&d=mm&r=g\",\"url\":\"https:\\\/\\\/secure.gravatar.com\\\/avatar\\\/ae2f4d718e6c49043e314ce431e7e645d646302a24a5ef5a8bc8e3f5a032e319?s=96&d=mm&r=g\",\"contentUrl\":\"https:\\\/\\\/secure.gravatar.com\\\/avatar\\\/ae2f4d718e6c49043e314ce431e7e645d646302a24a5ef5a8bc8e3f5a032e319?s=96&d=mm&r=g\",\"caption\":\"admin\"},\"sameAs\":[\"https:\\\/\\\/www.organisator.ch\"],\"url\":\"https:\\\/\\\/www.organisator.ch\\\/it\\\/author\\\/admin\\\/\"}]}<\/script>\n<!-- \/ Yoast SEO plugin. -->","yoast_head_json":{"title":"Refrigerante vietato: la Germania \u00e8 stata citata in giudizio - organizzatore","description":"La Commissione europea sta portando la Germania alla Corte di giustizia dell'UE per l'uso di un gas a effetto serra vietato come refrigerante per veicoli.","robots":{"index":"index","follow":"follow","max-snippet":"max-snippet:-1","max-image-preview":"max-image-preview:large","max-video-preview":"max-video-preview:-1"},"canonical":"https:\/\/www.organisator.ch\/it\/sostenibilita\/2015-12-11\/verbotenes-kaeltemittel-deutschland-verklagt\/","og_locale":"it_IT","og_type":"article","og_title":"Verbotenes K\u00e4ltemittel: Deutschland verklagt - Organisator","og_description":"Die EU-Kommission verklagt Deutschland vor dem EU-Gerichtshof wegen der Verwendung eines verbotenen Treibhausgases als Fahrzeug-K\u00e4ltemittel.","og_url":"https:\/\/www.organisator.ch\/it\/sostenibilita\/2015-12-11\/verbotenes-kaeltemittel-deutschland-verklagt\/","og_site_name":"Organisator","article_publisher":"https:\/\/www.facebook.com\/OrganisatorFachmagazin","article_published_time":"2015-12-11T09:43:14+00:00","article_modified_time":"2022-02-09T10:06:59+00:00","og_image":[{"width":2560,"height":1720,"url":"https:\/\/www.organisator.ch\/wp-content\/uploads\/2016\/12\/Verbotenes-Kaeltemittel-Deutschland-verklagt-umweltperspektiven-scaled.jpg","type":"image\/jpeg"}],"author":"admin","twitter_card":"summary_large_image","schema":{"@context":"https:\/\/schema.org","@graph":[{"@type":"Article","@id":"https:\/\/www.organisator.ch\/sustainability\/2015-12-11\/verbotenes-kaeltemittel-deutschland-verklagt\/#article","isPartOf":{"@id":"https:\/\/www.organisator.ch\/sustainability\/2015-12-11\/verbotenes-kaeltemittel-deutschland-verklagt\/"},"author":{"name":"admin","@id":"https:\/\/www.organisator.ch\/#\/schema\/person\/aa2bace6c5c5aad60102004a50c4eb1c"},"headline":"Verbotenes K\u00e4ltemittel: Deutschland verklagt","datePublished":"2015-12-11T09:43:14+00:00","dateModified":"2022-02-09T10:06:59+00:00","mainEntityOfPage":{"@id":"https:\/\/www.organisator.ch\/sustainability\/2015-12-11\/verbotenes-kaeltemittel-deutschland-verklagt\/"},"wordCount":318,"commentCount":0,"publisher":{"@id":"https:\/\/www.organisator.ch\/#organization"},"image":{"@id":"https:\/\/www.organisator.ch\/sustainability\/2015-12-11\/verbotenes-kaeltemittel-deutschland-verklagt\/#primaryimage"},"thumbnailUrl":"https:\/\/www.organisator.ch\/wp-content\/uploads\/2016\/12\/Verbotenes-Kaeltemittel-Deutschland-verklagt-umweltperspektiven-scaled.jpg","keywords":["Auto-K\u00e4ltemittel","Deutschland verklagt","EU-Kommission"],"articleSection":["SUSTAINABILITY"],"inLanguage":"it-IT"},{"@type":"WebPage","@id":"https:\/\/www.organisator.ch\/sustainability\/2015-12-11\/verbotenes-kaeltemittel-deutschland-verklagt\/","url":"https:\/\/www.organisator.ch\/sustainability\/2015-12-11\/verbotenes-kaeltemittel-deutschland-verklagt\/","name":"Refrigerante vietato: la Germania \u00e8 stata citata in giudizio - organizzatore","isPartOf":{"@id":"https:\/\/www.organisator.ch\/#website"},"primaryImageOfPage":{"@id":"https:\/\/www.organisator.ch\/sustainability\/2015-12-11\/verbotenes-kaeltemittel-deutschland-verklagt\/#primaryimage"},"image":{"@id":"https:\/\/www.organisator.ch\/sustainability\/2015-12-11\/verbotenes-kaeltemittel-deutschland-verklagt\/#primaryimage"},"thumbnailUrl":"https:\/\/www.organisator.ch\/wp-content\/uploads\/2016\/12\/Verbotenes-Kaeltemittel-Deutschland-verklagt-umweltperspektiven-scaled.jpg","datePublished":"2015-12-11T09:43:14+00:00","dateModified":"2022-02-09T10:06:59+00:00","description":"La Commissione europea sta portando la Germania alla Corte di giustizia dell'UE per l'uso di un gas a effetto serra vietato come refrigerante per veicoli.","breadcrumb":{"@id":"https:\/\/www.organisator.ch\/sustainability\/2015-12-11\/verbotenes-kaeltemittel-deutschland-verklagt\/#breadcrumb"},"inLanguage":"it-IT","potentialAction":[{"@type":"ReadAction","target":["https:\/\/www.organisator.ch\/sustainability\/2015-12-11\/verbotenes-kaeltemittel-deutschland-verklagt\/"]}]},{"@type":"ImageObject","inLanguage":"it-IT","@id":"https:\/\/www.organisator.ch\/sustainability\/2015-12-11\/verbotenes-kaeltemittel-deutschland-verklagt\/#primaryimage","url":"https:\/\/www.organisator.ch\/wp-content\/uploads\/2016\/12\/Verbotenes-Kaeltemittel-Deutschland-verklagt-umweltperspektiven-scaled.jpg","contentUrl":"https:\/\/www.organisator.ch\/wp-content\/uploads\/2016\/12\/Verbotenes-Kaeltemittel-Deutschland-verklagt-umweltperspektiven-scaled.jpg","width":2560,"height":1720,"caption":"Verbotenes K\u00e4ltemittel Deutschland verklagt"},{"@type":"BreadcrumbList","@id":"https:\/\/www.organisator.ch\/sustainability\/2015-12-11\/verbotenes-kaeltemittel-deutschland-verklagt\/#breadcrumb","itemListElement":[{"@type":"ListItem","position":1,"name":"Home","item":"https:\/\/www.organisator.ch\/"},{"@type":"ListItem","position":2,"name":"Verbotenes K\u00e4ltemittel: Deutschland verklagt"}]},{"@type":"WebSite","@id":"https:\/\/www.organisator.ch\/#website","url":"https:\/\/www.organisator.ch\/","name":"Organizzatore","description":"Competente. Pratico. In 10 numeri all'anno, ORGANISATOR presenta i temi essenziali per i manager delle PMI.","publisher":{"@id":"https:\/\/www.organisator.ch\/#organization"},"potentialAction":[{"@type":"SearchAction","target":{"@type":"EntryPoint","urlTemplate":"https:\/\/www.organisator.ch\/?s={search_term_string}"},"query-input":{"@type":"PropertyValueSpecification","valueRequired":true,"valueName":"search_term_string"}}],"inLanguage":"it-IT"},{"@type":"Organization","@id":"https:\/\/www.organisator.ch\/#organization","name":"Organizzatore","url":"https:\/\/www.organisator.ch\/","logo":{"@type":"ImageObject","inLanguage":"it-IT","@id":"https:\/\/www.organisator.ch\/#\/schema\/logo\/image\/","url":"https:\/\/www.organisator.ch\/wp-content\/uploads\/2022\/01\/Logo_Organisator_Website.png","contentUrl":"https:\/\/www.organisator.ch\/wp-content\/uploads\/2022\/01\/Logo_Organisator_Website.png","width":800,"height":77,"caption":"Organisator"},"image":{"@id":"https:\/\/www.organisator.ch\/#\/schema\/logo\/image\/"},"sameAs":["https:\/\/www.facebook.com\/OrganisatorFachmagazin","https:\/\/www.linkedin.com\/showcase\/organisator-das-magazin-fr-kmu","https:\/\/www.xing.com\/news\/pages\/organisator-ch-695","https:\/\/www.youtube.com\/channel\/UCGP2Sq0iWaZwT3BdIAQFYpw"]},{"@type":"Person","@id":"https:\/\/www.organisator.ch\/#\/schema\/person\/aa2bace6c5c5aad60102004a50c4eb1c","name":"amministratore","image":{"@type":"ImageObject","inLanguage":"it-IT","@id":"https:\/\/secure.gravatar.com\/avatar\/ae2f4d718e6c49043e314ce431e7e645d646302a24a5ef5a8bc8e3f5a032e319?s=96&d=mm&r=g","url":"https:\/\/secure.gravatar.com\/avatar\/ae2f4d718e6c49043e314ce431e7e645d646302a24a5ef5a8bc8e3f5a032e319?s=96&d=mm&r=g","contentUrl":"https:\/\/secure.gravatar.com\/avatar\/ae2f4d718e6c49043e314ce431e7e645d646302a24a5ef5a8bc8e3f5a032e319?s=96&d=mm&r=g","caption":"admin"},"sameAs":["https:\/\/www.organisator.ch"],"url":"https:\/\/www.organisator.ch\/it\/author\/admin\/"}]}},"_links":{"self":[{"href":"https:\/\/www.organisator.ch\/it\/wp-json\/wp\/v2\/posts\/9904","targetHints":{"allow":["GET"]}}],"collection":[{"href":"https:\/\/www.organisator.ch\/it\/wp-json\/wp\/v2\/posts"}],"about":[{"href":"https:\/\/www.organisator.ch\/it\/wp-json\/wp\/v2\/types\/post"}],"author":[{"embeddable":true,"href":"https:\/\/www.organisator.ch\/it\/wp-json\/wp\/v2\/users\/1"}],"replies":[{"embeddable":true,"href":"https:\/\/www.organisator.ch\/it\/wp-json\/wp\/v2\/comments?post=9904"}],"version-history":[{"count":1,"href":"https:\/\/www.organisator.ch\/it\/wp-json\/wp\/v2\/posts\/9904\/revisions"}],"predecessor-version":[{"id":10765,"href":"https:\/\/www.organisator.ch\/it\/wp-json\/wp\/v2\/posts\/9904\/revisions\/10765"}],"wp:featuredmedia":[{"embeddable":true,"href":"https:\/\/www.organisator.ch\/it\/wp-json\/wp\/v2\/media\/9340"}],"wp:attachment":[{"href":"https:\/\/www.organisator.ch\/it\/wp-json\/wp\/v2\/media?parent=9904"}],"wp:term":[{"taxonomy":"category","embeddable":true,"href":"https:\/\/www.organisator.ch\/it\/wp-json\/wp\/v2\/categories?post=9904"},{"taxonomy":"post_tag","embeddable":true,"href":"https:\/\/www.organisator.ch\/it\/wp-json\/wp\/v2\/tags?post=9904"}],"curies":[{"name":"wp","href":"https:\/\/api.w.org\/{rel}","templated":true}]}}