{"id":9907,"date":"2016-01-08T11:00:28","date_gmt":"2016-01-08T10:00:28","guid":{"rendered":"https:\/\/dev.umweltperspektiven.ch\/?p=136"},"modified":"2016-01-08T11:00:28","modified_gmt":"2016-01-08T10:00:28","slug":"neuer-effizienzrekord-fuer-solarzellen","status":"publish","type":"post","link":"https:\/\/www.organisator.ch\/it\/allgemein\/2016-01-08\/neuer-effizienzrekord-fuer-solarzellen\/","title":{"rendered":"Nuovo record di efficienza per le celle solari"},"content":{"rendered":"<figure id=\"attachment_137\" aria-describedby=\"caption-attachment-137\" style=\"width: 680px\" class=\"wp-caption alignnone\"><a href=\"\/\/dev.umweltperspektiven.ch\/wp-content\/uploads\/2016\/12\/Neuer-Effizienzrekord-f\u00fcr-Solarzellen-umweltperspektiven.jpg\"><img loading=\"lazy\" decoding=\"async\" class=\"size-medium wp-image-137\" src=\"\/\/dev.umweltperspektiven.ch\/wp-content\/uploads\/2016\/12\/Neuer-Effizienzrekord-f\u00fcr-Solarzellen-umweltperspektiven.jpg\" alt=\"29,8% di efficienza, un record mondiale: la cella solare a doppia giunzione del CSEM\" width=\"680\" height=\"519\" \/><\/a><figcaption id=\"caption-attachment-137\" class=\"wp-caption-text\">29,8% di efficienza - \u00e8 un record mondiale: la cella solare a doppia giunzione del CSEM<\/figcaption><\/figure>\n<p>Gli scienziati del National Renewable Energy Laboratory (NREL) del Dipartimento dell'Energia degli Stati Uniti e del Centro svizzero per l'elettronica e la microtecnologia (<a href=\"http:\/\/www.csem.ch\/\" target=\"_blank\" data-cke-saved-href=\"\/\/www.csem.ch\/\" rel=\"noopener\">CSEM<\/a>) hanno stabilito insieme un nuovo record mondiale per convertire la luce solare non concentrata (\"1-sole\") in elettricit\u00e0 utilizzando una cella solare III-V\/Si a doppia giunzione.<\/p>\n<p>La nuova efficienza record ufficialmente certificata di 29,8 % \u00e8 stata raggiunta utilizzando una cella superiore di fosfuro di indio gallio del NREL e una cella inferiore di silicio cristallino prodotta da CSEM utilizzando la tecnologia di eterojunzione. Le due celle sono state prodotte separatamente e poi sovrapposte e collegate da NREL.<\/p>\n<p>Il record NREL\/CSEM \u00e8 stato pubblicato nell'ultimo numero di \"Solar cell efficiency tables\". \"Nella categoria delle cellule collegate meccanicamente, questo \u00e8 un record\", ha detto David Young, ricercatore senior del NREL. \"Il rendimento della cella a doppia giunzione supera il limite teorico di 29,4 % per l'efficienza della cella solare in silicio cristallino (a giunzione singola)\". Young \u00e8 co-autore di un articolo intitolato \"Realizzazione di celle solari a doppia giunzione GaInP\/Si con il 29,8% di efficienza a un sole\", che descrive i passi compiuti per battere il vecchio record. L'articolo \u00e8 stato presentato per la pubblicazione sull'IEEE Journal of Photovoltaics.<\/p>\n<p>Stephanie Essig, una ricercatrice del NREL, ha fatto una presentazione intitolata \"Progress Towards a 30% Efficient GaInP\/Si Tandem Solar Cell\" alla quinta conferenza internazionale sul fotovoltaico al silicio a Costanza nel marzo 2015, che ha attirato l'interesse del CSEM. \"Siamo convinti che la tecnologia dell'etero-giunzione del silicio sia oggi la tecnologia al silicio pi\u00f9 efficiente per l'uso nelle celle solari in tandem\", spiega Christophe Ballif, responsabile delle attivit\u00e0 fotovoltaiche al CSEM. \"Gli scienziati del CSEM e del NREL hanno dimostrato che \u00e8 possibile produrre celle tandem con un'efficienza di 30% combinando una cella eterojunction inferiore con una cella superiore ad alte prestazioni come quella prodotta dal NREL\", spiega Matthieu Despeisse, responsabile delle attivit\u00e0 sul silicio cristallino al CSEM.<\/p>\n<p>Essig nota che un nuovo design della cella solare a doppia giunzione e l'inclusione del CSEM sono stati cruciali per il record. Questi primi risultati congiunti mostrano anche che un'efficienza di pi\u00f9 di 31 % pu\u00f2 essere raggiunta combinando le celle NREL e CSEM. Il lavoro \u00e8 stato sostenuto da \"l'iniziativa Sunshot dell'Ufficio dell'efficienza energetica e delle energie rinnovabili\", dalla Confederazione svizzera e dal programma Nano-Tera.<\/p>","protected":false},"excerpt":{"rendered":"<p>Wissenschaftler vom National Renewable Energy Laboratory (NREL) des amerikanischen Energieministeriums und vom Schweizer Zentrum f\u00fcr Elektronik und Mikrotechnologie (CSEM) haben gemeinsam einen neuen Weltrekord f\u00fcr die Umwandlung von nichtkonzentriertem Sonnenlicht (\u00ab1-sun\u00bb) in Elektrizit\u00e4t mittels einer Dual-Junction-III-V\/Si-Solarzelle aufgestellt. Der neue, amtlich beglaubigte Rekord-Wirkungsgrad von 29,8 % wurde erzielt, indem eine obere Zelle aus Gallium-Indiumphosphid vom NREL [&hellip;]<\/p>\n","protected":false},"author":1,"featured_media":137,"comment_status":"open","ping_status":"open","sticky":false,"template":"","format":"standard","meta":{"_acf_changed":false,"_yoast_wpseo_focuskw":"Solarzellen","_yoast_wpseo_metadesc":"Wissenschaftler vom CSEM haben gemeinsam mit amerikanischen Kollegen einen neuen Weltrekord f\u00fcr die Umwandlung von Sonnenlicht in Elektrizit\u00e4t aufgestellt.","articlekey":"","footnotes":""},"categories":[1],"tags":[],"class_list":["post-9907","post","type-post","status-publish","format-standard","has-post-thumbnail","hentry","category-allgemein"],"acf":[],"yoast_head":"<!-- This site is optimized with the Yoast SEO plugin v27.4 - https:\/\/yoast.com\/product\/yoast-seo-wordpress\/ -->\n<title>Neuer Effizienzrekord f\u00fcr Solarzellen - Organisator<\/title>\n<meta name=\"description\" content=\"Wissenschaftler vom CSEM haben gemeinsam mit amerikanischen Kollegen einen neuen Weltrekord f\u00fcr die Umwandlung von Sonnenlicht in Elektrizit\u00e4t aufgestellt.\" \/>\n<meta name=\"robots\" content=\"index, follow, max-snippet:-1, max-image-preview:large, max-video-preview:-1\" \/>\n<link rel=\"canonical\" href=\"https:\/\/www.organisator.ch\/it\/generale\/2016-01-08\/neuer-effizienzrekord-fuer-solarzellen\/\" \/>\n<meta property=\"og:locale\" content=\"it_IT\" \/>\n<meta property=\"og:type\" content=\"article\" \/>\n<meta property=\"og:title\" content=\"Neuer Effizienzrekord f\u00fcr Solarzellen - Organisator\" \/>\n<meta property=\"og:description\" content=\"Wissenschaftler vom CSEM haben gemeinsam mit amerikanischen Kollegen einen neuen Weltrekord f\u00fcr die Umwandlung von Sonnenlicht in Elektrizit\u00e4t aufgestellt.\" \/>\n<meta property=\"og:url\" content=\"https:\/\/www.organisator.ch\/it\/generale\/2016-01-08\/neuer-effizienzrekord-fuer-solarzellen\/\" \/>\n<meta property=\"og:site_name\" content=\"Organisator\" \/>\n<meta property=\"article:publisher\" content=\"https:\/\/www.facebook.com\/OrganisatorFachmagazin\" \/>\n<meta property=\"article:published_time\" content=\"2016-01-08T10:00:28+00:00\" \/>\n<meta property=\"og:image\" content=\"https:\/\/www.organisator.ch\/wp-content\/uploads\/2016\/12\/Neuer-Effizienzrekord-fuer-Solarzellen-umweltperspektiven.jpg\" \/>\n\t<meta property=\"og:image:width\" content=\"800\" \/>\n\t<meta property=\"og:image:height\" content=\"610\" \/>\n\t<meta property=\"og:image:type\" content=\"image\/jpeg\" \/>\n<meta name=\"author\" content=\"admin\" \/>\n<meta name=\"twitter:card\" content=\"summary_large_image\" \/>\n<script type=\"application\/ld+json\" class=\"yoast-schema-graph\">{\"@context\":\"https:\\\/\\\/schema.org\",\"@graph\":[{\"@type\":\"Article\",\"@id\":\"https:\\\/\\\/www.organisator.ch\\\/en\\\/general\\\/2016-01-08\\\/neuer-effizienzrekord-fuer-solarzellen\\\/#article\",\"isPartOf\":{\"@id\":\"https:\\\/\\\/www.organisator.ch\\\/en\\\/general\\\/2016-01-08\\\/neuer-effizienzrekord-fuer-solarzellen\\\/\"},\"author\":{\"name\":\"admin\",\"@id\":\"https:\\\/\\\/www.organisator.ch\\\/#\\\/schema\\\/person\\\/aa2bace6c5c5aad60102004a50c4eb1c\"},\"headline\":\"Neuer Effizienzrekord f\u00fcr Solarzellen\",\"datePublished\":\"2016-01-08T10:00:28+00:00\",\"mainEntityOfPage\":{\"@id\":\"https:\\\/\\\/www.organisator.ch\\\/en\\\/general\\\/2016-01-08\\\/neuer-effizienzrekord-fuer-solarzellen\\\/\"},\"wordCount\":382,\"commentCount\":0,\"publisher\":{\"@id\":\"https:\\\/\\\/www.organisator.ch\\\/#organization\"},\"image\":{\"@id\":\"https:\\\/\\\/www.organisator.ch\\\/en\\\/general\\\/2016-01-08\\\/neuer-effizienzrekord-fuer-solarzellen\\\/#primaryimage\"},\"thumbnailUrl\":\"https:\\\/\\\/www.organisator.ch\\\/wp-content\\\/uploads\\\/2016\\\/12\\\/Neuer-Effizienzrekord-fuer-Solarzellen-umweltperspektiven.jpg\",\"articleSection\":[\"Allgemein\"],\"inLanguage\":\"it-IT\"},{\"@type\":\"WebPage\",\"@id\":\"https:\\\/\\\/www.organisator.ch\\\/en\\\/general\\\/2016-01-08\\\/neuer-effizienzrekord-fuer-solarzellen\\\/\",\"url\":\"https:\\\/\\\/www.organisator.ch\\\/en\\\/general\\\/2016-01-08\\\/neuer-effizienzrekord-fuer-solarzellen\\\/\",\"name\":\"Neuer Effizienzrekord f\u00fcr Solarzellen - Organisator\",\"isPartOf\":{\"@id\":\"https:\\\/\\\/www.organisator.ch\\\/#website\"},\"primaryImageOfPage\":{\"@id\":\"https:\\\/\\\/www.organisator.ch\\\/en\\\/general\\\/2016-01-08\\\/neuer-effizienzrekord-fuer-solarzellen\\\/#primaryimage\"},\"image\":{\"@id\":\"https:\\\/\\\/www.organisator.ch\\\/en\\\/general\\\/2016-01-08\\\/neuer-effizienzrekord-fuer-solarzellen\\\/#primaryimage\"},\"thumbnailUrl\":\"https:\\\/\\\/www.organisator.ch\\\/wp-content\\\/uploads\\\/2016\\\/12\\\/Neuer-Effizienzrekord-fuer-Solarzellen-umweltperspektiven.jpg\",\"datePublished\":\"2016-01-08T10:00:28+00:00\",\"description\":\"Wissenschaftler vom CSEM haben gemeinsam mit amerikanischen Kollegen einen neuen Weltrekord f\u00fcr die Umwandlung von Sonnenlicht in Elektrizit\u00e4t aufgestellt.\",\"breadcrumb\":{\"@id\":\"https:\\\/\\\/www.organisator.ch\\\/en\\\/general\\\/2016-01-08\\\/neuer-effizienzrekord-fuer-solarzellen\\\/#breadcrumb\"},\"inLanguage\":\"it-IT\",\"potentialAction\":[{\"@type\":\"ReadAction\",\"target\":[\"https:\\\/\\\/www.organisator.ch\\\/en\\\/general\\\/2016-01-08\\\/neuer-effizienzrekord-fuer-solarzellen\\\/\"]}]},{\"@type\":\"ImageObject\",\"inLanguage\":\"it-IT\",\"@id\":\"https:\\\/\\\/www.organisator.ch\\\/en\\\/general\\\/2016-01-08\\\/neuer-effizienzrekord-fuer-solarzellen\\\/#primaryimage\",\"url\":\"https:\\\/\\\/www.organisator.ch\\\/wp-content\\\/uploads\\\/2016\\\/12\\\/Neuer-Effizienzrekord-fuer-Solarzellen-umweltperspektiven.jpg\",\"contentUrl\":\"https:\\\/\\\/www.organisator.ch\\\/wp-content\\\/uploads\\\/2016\\\/12\\\/Neuer-Effizienzrekord-fuer-Solarzellen-umweltperspektiven.jpg\",\"width\":800,\"height\":610,\"caption\":\"29,8% Wirkunsgrad - das ist Weltrekord: Die Dual-Junction-Solarzelle des CSEM\"},{\"@type\":\"BreadcrumbList\",\"@id\":\"https:\\\/\\\/www.organisator.ch\\\/en\\\/general\\\/2016-01-08\\\/neuer-effizienzrekord-fuer-solarzellen\\\/#breadcrumb\",\"itemListElement\":[{\"@type\":\"ListItem\",\"position\":1,\"name\":\"Home\",\"item\":\"https:\\\/\\\/www.organisator.ch\\\/\"},{\"@type\":\"ListItem\",\"position\":2,\"name\":\"Neuer Effizienzrekord f\u00fcr Solarzellen\"}]},{\"@type\":\"WebSite\",\"@id\":\"https:\\\/\\\/www.organisator.ch\\\/#website\",\"url\":\"https:\\\/\\\/www.organisator.ch\\\/\",\"name\":\"Organisator\",\"description\":\"Kompetent. Praxisnah. Der ORGANISATOR bereitet in 10 Ausgaben pro Jahr die wesentlichen Themen f\u00fcr F\u00fchrungskr\u00e4fte von KMU auf.\",\"publisher\":{\"@id\":\"https:\\\/\\\/www.organisator.ch\\\/#organization\"},\"potentialAction\":[{\"@type\":\"SearchAction\",\"target\":{\"@type\":\"EntryPoint\",\"urlTemplate\":\"https:\\\/\\\/www.organisator.ch\\\/?s={search_term_string}\"},\"query-input\":{\"@type\":\"PropertyValueSpecification\",\"valueRequired\":true,\"valueName\":\"search_term_string\"}}],\"inLanguage\":\"it-IT\"},{\"@type\":\"Organization\",\"@id\":\"https:\\\/\\\/www.organisator.ch\\\/#organization\",\"name\":\"Organisator\",\"url\":\"https:\\\/\\\/www.organisator.ch\\\/\",\"logo\":{\"@type\":\"ImageObject\",\"inLanguage\":\"it-IT\",\"@id\":\"https:\\\/\\\/www.organisator.ch\\\/#\\\/schema\\\/logo\\\/image\\\/\",\"url\":\"https:\\\/\\\/www.organisator.ch\\\/wp-content\\\/uploads\\\/2022\\\/01\\\/Logo_Organisator_Website.png\",\"contentUrl\":\"https:\\\/\\\/www.organisator.ch\\\/wp-content\\\/uploads\\\/2022\\\/01\\\/Logo_Organisator_Website.png\",\"width\":800,\"height\":77,\"caption\":\"Organisator\"},\"image\":{\"@id\":\"https:\\\/\\\/www.organisator.ch\\\/#\\\/schema\\\/logo\\\/image\\\/\"},\"sameAs\":[\"https:\\\/\\\/www.facebook.com\\\/OrganisatorFachmagazin\",\"https:\\\/\\\/www.linkedin.com\\\/showcase\\\/organisator-das-magazin-fr-kmu\",\"https:\\\/\\\/www.xing.com\\\/news\\\/pages\\\/organisator-ch-695\",\"https:\\\/\\\/www.youtube.com\\\/channel\\\/UCGP2Sq0iWaZwT3BdIAQFYpw\"]},{\"@type\":\"Person\",\"@id\":\"https:\\\/\\\/www.organisator.ch\\\/#\\\/schema\\\/person\\\/aa2bace6c5c5aad60102004a50c4eb1c\",\"name\":\"admin\",\"image\":{\"@type\":\"ImageObject\",\"inLanguage\":\"it-IT\",\"@id\":\"https:\\\/\\\/secure.gravatar.com\\\/avatar\\\/ae2f4d718e6c49043e314ce431e7e645d646302a24a5ef5a8bc8e3f5a032e319?s=96&d=mm&r=g\",\"url\":\"https:\\\/\\\/secure.gravatar.com\\\/avatar\\\/ae2f4d718e6c49043e314ce431e7e645d646302a24a5ef5a8bc8e3f5a032e319?s=96&d=mm&r=g\",\"contentUrl\":\"https:\\\/\\\/secure.gravatar.com\\\/avatar\\\/ae2f4d718e6c49043e314ce431e7e645d646302a24a5ef5a8bc8e3f5a032e319?s=96&d=mm&r=g\",\"caption\":\"admin\"},\"sameAs\":[\"https:\\\/\\\/www.organisator.ch\"],\"url\":\"https:\\\/\\\/www.organisator.ch\\\/it\\\/author\\\/admin\\\/\"}]}<\/script>\n<!-- \/ Yoast SEO plugin. -->","yoast_head_json":{"title":"Nuovo record di efficienza per le celle solari - Organizzatore","description":"Gli scienziati del CSEM, insieme a colleghi americani, hanno stabilito un nuovo record mondiale per la conversione della luce solare in elettricit\u00e0.","robots":{"index":"index","follow":"follow","max-snippet":"max-snippet:-1","max-image-preview":"max-image-preview:large","max-video-preview":"max-video-preview:-1"},"canonical":"https:\/\/www.organisator.ch\/it\/generale\/2016-01-08\/neuer-effizienzrekord-fuer-solarzellen\/","og_locale":"it_IT","og_type":"article","og_title":"Neuer Effizienzrekord f\u00fcr Solarzellen - Organisator","og_description":"Wissenschaftler vom CSEM haben gemeinsam mit amerikanischen Kollegen einen neuen Weltrekord f\u00fcr die Umwandlung von Sonnenlicht in Elektrizit\u00e4t aufgestellt.","og_url":"https:\/\/www.organisator.ch\/it\/generale\/2016-01-08\/neuer-effizienzrekord-fuer-solarzellen\/","og_site_name":"Organisator","article_publisher":"https:\/\/www.facebook.com\/OrganisatorFachmagazin","article_published_time":"2016-01-08T10:00:28+00:00","og_image":[{"width":800,"height":610,"url":"https:\/\/www.organisator.ch\/wp-content\/uploads\/2016\/12\/Neuer-Effizienzrekord-fuer-Solarzellen-umweltperspektiven.jpg","type":"image\/jpeg"}],"author":"admin","twitter_card":"summary_large_image","schema":{"@context":"https:\/\/schema.org","@graph":[{"@type":"Article","@id":"https:\/\/www.organisator.ch\/en\/general\/2016-01-08\/neuer-effizienzrekord-fuer-solarzellen\/#article","isPartOf":{"@id":"https:\/\/www.organisator.ch\/en\/general\/2016-01-08\/neuer-effizienzrekord-fuer-solarzellen\/"},"author":{"name":"admin","@id":"https:\/\/www.organisator.ch\/#\/schema\/person\/aa2bace6c5c5aad60102004a50c4eb1c"},"headline":"Neuer Effizienzrekord f\u00fcr Solarzellen","datePublished":"2016-01-08T10:00:28+00:00","mainEntityOfPage":{"@id":"https:\/\/www.organisator.ch\/en\/general\/2016-01-08\/neuer-effizienzrekord-fuer-solarzellen\/"},"wordCount":382,"commentCount":0,"publisher":{"@id":"https:\/\/www.organisator.ch\/#organization"},"image":{"@id":"https:\/\/www.organisator.ch\/en\/general\/2016-01-08\/neuer-effizienzrekord-fuer-solarzellen\/#primaryimage"},"thumbnailUrl":"https:\/\/www.organisator.ch\/wp-content\/uploads\/2016\/12\/Neuer-Effizienzrekord-fuer-Solarzellen-umweltperspektiven.jpg","articleSection":["Allgemein"],"inLanguage":"it-IT"},{"@type":"WebPage","@id":"https:\/\/www.organisator.ch\/en\/general\/2016-01-08\/neuer-effizienzrekord-fuer-solarzellen\/","url":"https:\/\/www.organisator.ch\/en\/general\/2016-01-08\/neuer-effizienzrekord-fuer-solarzellen\/","name":"Nuovo record di efficienza per le celle solari - Organizzatore","isPartOf":{"@id":"https:\/\/www.organisator.ch\/#website"},"primaryImageOfPage":{"@id":"https:\/\/www.organisator.ch\/en\/general\/2016-01-08\/neuer-effizienzrekord-fuer-solarzellen\/#primaryimage"},"image":{"@id":"https:\/\/www.organisator.ch\/en\/general\/2016-01-08\/neuer-effizienzrekord-fuer-solarzellen\/#primaryimage"},"thumbnailUrl":"https:\/\/www.organisator.ch\/wp-content\/uploads\/2016\/12\/Neuer-Effizienzrekord-fuer-Solarzellen-umweltperspektiven.jpg","datePublished":"2016-01-08T10:00:28+00:00","description":"Gli scienziati del CSEM, insieme a colleghi americani, hanno stabilito un nuovo record mondiale per la conversione della luce solare in elettricit\u00e0.","breadcrumb":{"@id":"https:\/\/www.organisator.ch\/en\/general\/2016-01-08\/neuer-effizienzrekord-fuer-solarzellen\/#breadcrumb"},"inLanguage":"it-IT","potentialAction":[{"@type":"ReadAction","target":["https:\/\/www.organisator.ch\/en\/general\/2016-01-08\/neuer-effizienzrekord-fuer-solarzellen\/"]}]},{"@type":"ImageObject","inLanguage":"it-IT","@id":"https:\/\/www.organisator.ch\/en\/general\/2016-01-08\/neuer-effizienzrekord-fuer-solarzellen\/#primaryimage","url":"https:\/\/www.organisator.ch\/wp-content\/uploads\/2016\/12\/Neuer-Effizienzrekord-fuer-Solarzellen-umweltperspektiven.jpg","contentUrl":"https:\/\/www.organisator.ch\/wp-content\/uploads\/2016\/12\/Neuer-Effizienzrekord-fuer-Solarzellen-umweltperspektiven.jpg","width":800,"height":610,"caption":"29,8% Wirkunsgrad - das ist Weltrekord: Die Dual-Junction-Solarzelle des CSEM"},{"@type":"BreadcrumbList","@id":"https:\/\/www.organisator.ch\/en\/general\/2016-01-08\/neuer-effizienzrekord-fuer-solarzellen\/#breadcrumb","itemListElement":[{"@type":"ListItem","position":1,"name":"Home","item":"https:\/\/www.organisator.ch\/"},{"@type":"ListItem","position":2,"name":"Neuer Effizienzrekord f\u00fcr Solarzellen"}]},{"@type":"WebSite","@id":"https:\/\/www.organisator.ch\/#website","url":"https:\/\/www.organisator.ch\/","name":"Organizzatore","description":"Competente. Pratico. In 10 numeri all'anno, ORGANISATOR presenta i temi essenziali per i manager delle PMI.","publisher":{"@id":"https:\/\/www.organisator.ch\/#organization"},"potentialAction":[{"@type":"SearchAction","target":{"@type":"EntryPoint","urlTemplate":"https:\/\/www.organisator.ch\/?s={search_term_string}"},"query-input":{"@type":"PropertyValueSpecification","valueRequired":true,"valueName":"search_term_string"}}],"inLanguage":"it-IT"},{"@type":"Organization","@id":"https:\/\/www.organisator.ch\/#organization","name":"Organizzatore","url":"https:\/\/www.organisator.ch\/","logo":{"@type":"ImageObject","inLanguage":"it-IT","@id":"https:\/\/www.organisator.ch\/#\/schema\/logo\/image\/","url":"https:\/\/www.organisator.ch\/wp-content\/uploads\/2022\/01\/Logo_Organisator_Website.png","contentUrl":"https:\/\/www.organisator.ch\/wp-content\/uploads\/2022\/01\/Logo_Organisator_Website.png","width":800,"height":77,"caption":"Organisator"},"image":{"@id":"https:\/\/www.organisator.ch\/#\/schema\/logo\/image\/"},"sameAs":["https:\/\/www.facebook.com\/OrganisatorFachmagazin","https:\/\/www.linkedin.com\/showcase\/organisator-das-magazin-fr-kmu","https:\/\/www.xing.com\/news\/pages\/organisator-ch-695","https:\/\/www.youtube.com\/channel\/UCGP2Sq0iWaZwT3BdIAQFYpw"]},{"@type":"Person","@id":"https:\/\/www.organisator.ch\/#\/schema\/person\/aa2bace6c5c5aad60102004a50c4eb1c","name":"amministratore","image":{"@type":"ImageObject","inLanguage":"it-IT","@id":"https:\/\/secure.gravatar.com\/avatar\/ae2f4d718e6c49043e314ce431e7e645d646302a24a5ef5a8bc8e3f5a032e319?s=96&d=mm&r=g","url":"https:\/\/secure.gravatar.com\/avatar\/ae2f4d718e6c49043e314ce431e7e645d646302a24a5ef5a8bc8e3f5a032e319?s=96&d=mm&r=g","contentUrl":"https:\/\/secure.gravatar.com\/avatar\/ae2f4d718e6c49043e314ce431e7e645d646302a24a5ef5a8bc8e3f5a032e319?s=96&d=mm&r=g","caption":"admin"},"sameAs":["https:\/\/www.organisator.ch"],"url":"https:\/\/www.organisator.ch\/it\/author\/admin\/"}]}},"_links":{"self":[{"href":"https:\/\/www.organisator.ch\/it\/wp-json\/wp\/v2\/posts\/9907","targetHints":{"allow":["GET"]}}],"collection":[{"href":"https:\/\/www.organisator.ch\/it\/wp-json\/wp\/v2\/posts"}],"about":[{"href":"https:\/\/www.organisator.ch\/it\/wp-json\/wp\/v2\/types\/post"}],"author":[{"embeddable":true,"href":"https:\/\/www.organisator.ch\/it\/wp-json\/wp\/v2\/users\/1"}],"replies":[{"embeddable":true,"href":"https:\/\/www.organisator.ch\/it\/wp-json\/wp\/v2\/comments?post=9907"}],"version-history":[{"count":0,"href":"https:\/\/www.organisator.ch\/it\/wp-json\/wp\/v2\/posts\/9907\/revisions"}],"wp:featuredmedia":[{"embeddable":true,"href":"https:\/\/www.organisator.ch\/it\/wp-json\/wp\/v2\/media\/137"}],"wp:attachment":[{"href":"https:\/\/www.organisator.ch\/it\/wp-json\/wp\/v2\/media?parent=9907"}],"wp:term":[{"taxonomy":"category","embeddable":true,"href":"https:\/\/www.organisator.ch\/it\/wp-json\/wp\/v2\/categories?post=9907"},{"taxonomy":"post_tag","embeddable":true,"href":"https:\/\/www.organisator.ch\/it\/wp-json\/wp\/v2\/tags?post=9907"}],"curies":[{"name":"wp","href":"https:\/\/api.w.org\/{rel}","templated":true}]}}