{"id":9908,"date":"2016-01-08T14:02:33","date_gmt":"2016-01-08T13:02:33","guid":{"rendered":"https:\/\/dev.umweltperspektiven.ch\/?p=159"},"modified":"2022-02-09T11:06:25","modified_gmt":"2022-02-09T10:06:25","slug":"watt-dor-zum-zehnten-mal-verliehen","status":"publish","type":"post","link":"https:\/\/www.organisator.ch\/it\/sustainability\/2016-01-08\/watt-dor-zum-zehnten-mal-verliehen\/","title":{"rendered":"Watt d'Or assegnato per la decima volta"},"content":{"rendered":"<figure id=\"attachment_160\" aria-describedby=\"caption-attachment-160\" style=\"width: 640px\" class=\"wp-caption alignnone\"><a href=\"\/\/dev.umweltperspektiven.ch\/wp-content\/uploads\/2016\/12\/Watt-dOr-zum-zehnten-Mal-verliehen-umweltperspektiven.jpg\"><img loading=\"lazy\" decoding=\"async\" class=\"size-full wp-image-160\" src=\"\/\/dev.umweltperspektiven.ch\/wp-content\/uploads\/2016\/12\/Watt-dOr-zum-zehnten-Mal-verliehen-umweltperspektiven.jpg\" alt=\"I vincitori del Watt d&#039;Or 2016. Foto: BFE2016\" width=\"640\" height=\"427\" \/><\/a><figcaption id=\"caption-attachment-160\" class=\"wp-caption-text\">I vincitori del Watt d'Or 2016. Foto: BFE2016<\/figcaption><\/figure>\n<p>Il 7 gennaio, l'Ufficio federale dell'energia ha assegnato per la decima volta il prestigioso Premio svizzero dell'energia Watt d'Or.<\/p>\n<p>Aziende svizzere innovative e universit\u00e0 stanno gi\u00e0 mettendo in pratica con successo e coraggio il futuro energetico. In loro onore, l'Ufficio federale dell'energia ha creato nel 2006 il Watt d'Or, il marchio di qualit\u00e0 per l'eccellenza energetica. L'obiettivo del Watt d'Or \u00e8 quello di far conoscere risultati eccezionali nel settore dell'energia e quindi motivare gli affari, la politica e il pubblico in generale a scoprire i vantaggi delle tecnologie energetiche innovative per se stessi. Il Watt d'Or non \u00e8 sovvenzionato, non viene versato alcun premio in denaro e non esiste una classifica tra i progetti vincitori.<\/p>\n<p>49 candidature per il Watt d'Or 2016 sono state presentate entro la fine di luglio 2015 e valutate da un team di esperti. Infine, 24 voci sono state nominate per la fase finale, da cui la giuria, presieduta dal presidente della giuria Pascale Bruderer, ha selezionato cinque progetti vincitori del Watt d'Or 2016 in cinque categorie. Inoltre, la giuria ha assegnato un premio speciale Watt d'Or per la \"Strategia aziendale\".<\/p>\n<p>CATEGORIA SOCIET\u00c0<br \/>\nGruppo E - RoadLab<br \/>\nPer guardare non solo al passato ma anche al futuro in occasione del suo 100\u00b0 anniversario, Groupe E ha creato il RoadLab, un autobus a due piani concepito come un laboratorio di sperimentazione energetica per studenti dai 13 ai 16 anni a livello di orientamento. Un progetto lanciato nell'ambito delle celebrazioni del 10\u00b0 anniversario di Groupe E e degli oltre 100 anni di attivit\u00e0 delle sue aziende fondatrici nel settore dell'energia. Dall'inizio del 2015, il laboratorio di laminazione ha visitato con successo tutte le scuole secondarie dei cantoni di Friburgo e Neuch\u00e2tel, cos\u00ec come nelle regioni Broye e Pays-d'Enhaut di Vaud, che fanno parte della rete di distribuzione del Groupe E. Il Watt d'Or 2016 nella categoria Societ\u00e0 va a Groupe E, che avvicina ai giovani adulti l'affascinante mondo dell'energia.<\/p>\n<p>CATEGORIA TECNOLOGIE ENERGETICHE<br \/>\nElektroplan Buchs &amp; Grossen AG e ElektroLink AG - L'edificio SmartGridready<br \/>\nPronto per il futuro energetico intelligente e in rete \u00e8 l'edificio per uffici SmartGridready a Frutigen. Grazie al controllo intelligente dell'edificio e alla gestione ottimizzata del carico, questo edificio ad alta efficienza energetica dimostra come il consumo di energia e la produzione di energia solare dal proprio tetto possano essere coordinati in modo ottimale. Il Watt d'Or 2016 nella categoria Tecnologie energetiche va a Elektroplan Buchs &amp; Grossen AG e ElektroLink AG per aver dimostrato che i progettisti elettrici svizzeri possono rendere i nostri edifici adatti al futuro.<\/p>\n<p>CATEGORIA ENERGIE RINNOVABILI<br \/>\nDesignergy SA - L'elemento triadico del tetto TCR<br \/>\nL'integrazione \u00e8 il leitmotiv della Designergy SA di San Vittore nel cantone dei Grigioni. Questo non si riflette solo nel nome della giovane azienda, un gioco di parole tra design ed energia. L'integrazione \u00e8 anche il cuore del loro prodotto visionario: proprio come uno smartphone combina le funzioni di un telefono, una fotocamera e un computer, l'innovativo elemento del tetto chiamato TCR (Triactive Core Roof) combina tre funzioni essenziali: Isolamento termico, impermeabilizzazione e generazione di energia attraverso il fotovoltaico. Tutto integrato e prefabbricato in una sola unit\u00e0. Il Watt d'Or 2016 nella categoria Energie Rinnovabili va a Designergy SA per una novit\u00e0 mondiale che impressiona non solo per la sua installazione semplice e rapida, ma anche per il suo design accattivante e i costi ridotti.<\/p>\n<p>CATEGORIA MOBILIT\u00c0 EFFICIENTE DAL PUNTO DI VISTA ENERGETICO<br \/>\nFFS SA - Onda verde nel traffico ferroviario - ADL<br \/>\nNell'ambito della sua strategia energetica, le Ferrovie Federali Svizzere FFS vogliono risparmiare costantemente energia in tutto il gruppo entro il 2025, soprattutto nel consumo di elettricit\u00e0 dei suoi treni passeggeri e merci. Dopo tutto, la rete ferroviaria pi\u00f9 trafficata d'Europa consuma oltre 1800 gigawattora di elettricit\u00e0 all'anno, quanto 460.000 famiglie. Il sistema \"Green Wave (Adaptive Steering - ADL)\" d\u00e0 un contributo significativo al programma di risparmio energetico. Il sistema calcola il profilo di guida ottimizzato dal punto di vista energetico per ogni treno e trasmette la velocit\u00e0 ottimale al personale della locomotiva come raccomandazioni di guida. Questo evita arresti e manovre di frenata non pianificate e, soprattutto, ripartenze ad alto consumo energetico. Il Watt d'Or 2016 nella categoria della mobilit\u00e0 ad alta efficienza energetica va alle FFS per l'innovativo sistema ADL, unico al mondo, in funzione con successo da circa un anno.<\/p>\n<p>CATEGORIA EDIFICI E SPAZIO<br \/>\nSwisscom SA e Ernst Basler + Partner - Nuova costruzione Swisscom Businesspark Ittigen<br \/>\nIl nuovo Ittigen Business Park di Swisscom si trova direttamente sull'autostrada A1. Ci\u00f2 che \u00e8 speciale \u00e8 il coordinamento coerente della tecnologia con l'edificio. In combinazione con l'innovativo concetto di ventilazione polmonare, questo ha portato ad un concetto globale eccezionale: Il nuovo edificio convince non solo in termini di efficienza energetica (Minergie-P-Eco) e comfort, ma anche in termini di costi e sicurezza operativa. Swisscom AG e Ernst Basler + Partner (EBP) hanno ricevuto il Watt d'Or 2016 nella categoria Edifici e spazi per questo progetto innovativo.<\/p>\n<p>WATT D'OR 2016 - PREMIO SPECIALE \"STRATEGIA AZIENDALE<\/p>\n<p>Gruppo Coop - Visione di energia e CO2: fatti invece di parole<br \/>\nNeutralit\u00e0 in termini di CO2, riduzione del 20% del consumo assoluto di energia rispetto al 2008 e aumento della quota di energie rinnovabili all'80% - questi sono gli obiettivi dichiarati di Coop entro il 2023. Il grande distributore \u00e8 sulla buona strada: gi\u00e0 nel 2014 il consumo di energia era diminuito di circa il 6% e le emissioni di CO2 di oltre il 20%. Per questo ambizioso obiettivo, inserito in una strategia di sostenibilit\u00e0 completa, Coop riceve il Watt d'Or 2016 Special Award Corporate Strategy.<\/p>\n<p>Migros - Generazione M<br \/>\nMigros si impegna da decenni per l'efficienza energetica e altre questioni di sostenibilit\u00e0. Ora riceve il premio speciale Watt d'Or 2016 per il suo programma di sostenibilit\u00e0 \"Generation M\". In esso, Migros promette alla generazione di domani di ridurre il consumo di elettricit\u00e0 del 10 per cento in termini assoluti e le emissioni di gas serra del 20 per cento entro il 2020 rispetto al 2010.<\/p>","protected":false},"excerpt":{"rendered":"<p>Am 7. Januar verlieh das Bundesamt f\u00fcr Energie zum zehnten Mal den renommierten Schweizer Energiepreis Watt d&#8217;Or. Innovative Schweizer Unternehmen und Hochschulen setzten die Energiezukunft bereits heute erfolgreich und mutig in die Praxis um. Zu Ihren Ehren hat das Bundesamt f\u00fcr Energie im Jahr 2006 den Watt d&#8217;Or, das G\u00fctesiegel f\u00fcr Energieexzellenz, geschaffen. Ziel des [&hellip;]<\/p>\n","protected":false},"author":1,"featured_media":9344,"comment_status":"open","ping_status":"open","sticky":false,"template":"","format":"standard","meta":{"_acf_changed":false,"_yoast_wpseo_focuskw":"Watt","_yoast_wpseo_metadesc":"Der Watt d'Or wird an Unternehmen verliehen, welche die Energiezukunft bereits heute umsetzen.","articlekey":"","footnotes":""},"categories":[580],"tags":[100,944,974,1040,1097,1328,1708,1946,2055,2537],"class_list":["post-9908","post","type-post","status-publish","format-standard","has-post-thumbnail","hentry","category-sustainability","tag-bundesrat","tag-coop","tag-designergy","tag-elektroplan","tag-energiezukunft","tag-groupe-e","tag-migros","tag-preisverleihung","tag-sbb","tag-watt-dor"],"acf":[],"yoast_head":"<!-- This site is optimized with the Yoast SEO plugin v27.4 - https:\/\/yoast.com\/product\/yoast-seo-wordpress\/ -->\n<title>Watt d&#039;Or zum zehnten Mal verliehen - Organisator<\/title>\n<meta name=\"description\" content=\"Der Watt d&#039;Or wird an Unternehmen verliehen, welche die Energiezukunft bereits heute umsetzen.\" \/>\n<meta name=\"robots\" content=\"index, follow, max-snippet:-1, max-image-preview:large, max-video-preview:-1\" \/>\n<link rel=\"canonical\" href=\"https:\/\/www.organisator.ch\/it\/sostenibilita\/2016-01-08\/watt-dor-zum-zehnten-mal-verliehen\/\" \/>\n<meta property=\"og:locale\" content=\"it_IT\" \/>\n<meta property=\"og:type\" content=\"article\" \/>\n<meta property=\"og:title\" content=\"Watt d&#039;Or zum zehnten Mal verliehen - Organisator\" \/>\n<meta property=\"og:description\" content=\"Der Watt d&#039;Or wird an Unternehmen verliehen, welche die Energiezukunft bereits heute umsetzen.\" \/>\n<meta property=\"og:url\" content=\"https:\/\/www.organisator.ch\/it\/sostenibilita\/2016-01-08\/watt-dor-zum-zehnten-mal-verliehen\/\" \/>\n<meta property=\"og:site_name\" content=\"Organisator\" \/>\n<meta property=\"article:publisher\" content=\"https:\/\/www.facebook.com\/OrganisatorFachmagazin\" \/>\n<meta property=\"article:published_time\" content=\"2016-01-08T13:02:33+00:00\" \/>\n<meta property=\"article:modified_time\" content=\"2022-02-09T10:06:25+00:00\" \/>\n<meta property=\"og:image\" content=\"https:\/\/www.organisator.ch\/wp-content\/uploads\/2016\/12\/Watt-dOr-zum-zehnten-Mal-verliehen-umweltperspektiven.jpg\" \/>\n\t<meta property=\"og:image:width\" content=\"640\" \/>\n\t<meta property=\"og:image:height\" content=\"427\" \/>\n\t<meta property=\"og:image:type\" content=\"image\/jpeg\" \/>\n<meta name=\"author\" content=\"admin\" \/>\n<meta name=\"twitter:card\" content=\"summary_large_image\" \/>\n<script type=\"application\/ld+json\" class=\"yoast-schema-graph\">{\"@context\":\"https:\\\/\\\/schema.org\",\"@graph\":[{\"@type\":\"Article\",\"@id\":\"https:\\\/\\\/www.organisator.ch\\\/sustainability\\\/2016-01-08\\\/watt-dor-zum-zehnten-mal-verliehen\\\/#article\",\"isPartOf\":{\"@id\":\"https:\\\/\\\/www.organisator.ch\\\/sustainability\\\/2016-01-08\\\/watt-dor-zum-zehnten-mal-verliehen\\\/\"},\"author\":{\"name\":\"admin\",\"@id\":\"https:\\\/\\\/www.organisator.ch\\\/#\\\/schema\\\/person\\\/aa2bace6c5c5aad60102004a50c4eb1c\"},\"headline\":\"Watt d&#8217;Or zum zehnten Mal verliehen\",\"datePublished\":\"2016-01-08T13:02:33+00:00\",\"dateModified\":\"2022-02-09T10:06:25+00:00\",\"mainEntityOfPage\":{\"@id\":\"https:\\\/\\\/www.organisator.ch\\\/sustainability\\\/2016-01-08\\\/watt-dor-zum-zehnten-mal-verliehen\\\/\"},\"wordCount\":940,\"commentCount\":0,\"publisher\":{\"@id\":\"https:\\\/\\\/www.organisator.ch\\\/#organization\"},\"image\":{\"@id\":\"https:\\\/\\\/www.organisator.ch\\\/sustainability\\\/2016-01-08\\\/watt-dor-zum-zehnten-mal-verliehen\\\/#primaryimage\"},\"thumbnailUrl\":\"https:\\\/\\\/www.organisator.ch\\\/wp-content\\\/uploads\\\/2016\\\/12\\\/Watt-dOr-zum-zehnten-Mal-verliehen-umweltperspektiven.jpg\",\"keywords\":[\"Bundesrat\",\"Coop\",\"Designergy\",\"Elektroplan\",\"Energiezukunft\",\"Groupe E\",\"Migros\",\"Preisverleihung\",\"SBB\",\"Watt d'Or\"],\"articleSection\":[\"SUSTAINABILITY\"],\"inLanguage\":\"it-IT\"},{\"@type\":\"WebPage\",\"@id\":\"https:\\\/\\\/www.organisator.ch\\\/sustainability\\\/2016-01-08\\\/watt-dor-zum-zehnten-mal-verliehen\\\/\",\"url\":\"https:\\\/\\\/www.organisator.ch\\\/sustainability\\\/2016-01-08\\\/watt-dor-zum-zehnten-mal-verliehen\\\/\",\"name\":\"Watt d'Or zum zehnten Mal verliehen - Organisator\",\"isPartOf\":{\"@id\":\"https:\\\/\\\/www.organisator.ch\\\/#website\"},\"primaryImageOfPage\":{\"@id\":\"https:\\\/\\\/www.organisator.ch\\\/sustainability\\\/2016-01-08\\\/watt-dor-zum-zehnten-mal-verliehen\\\/#primaryimage\"},\"image\":{\"@id\":\"https:\\\/\\\/www.organisator.ch\\\/sustainability\\\/2016-01-08\\\/watt-dor-zum-zehnten-mal-verliehen\\\/#primaryimage\"},\"thumbnailUrl\":\"https:\\\/\\\/www.organisator.ch\\\/wp-content\\\/uploads\\\/2016\\\/12\\\/Watt-dOr-zum-zehnten-Mal-verliehen-umweltperspektiven.jpg\",\"datePublished\":\"2016-01-08T13:02:33+00:00\",\"dateModified\":\"2022-02-09T10:06:25+00:00\",\"description\":\"Der Watt d'Or wird an Unternehmen verliehen, welche die Energiezukunft bereits heute umsetzen.\",\"breadcrumb\":{\"@id\":\"https:\\\/\\\/www.organisator.ch\\\/sustainability\\\/2016-01-08\\\/watt-dor-zum-zehnten-mal-verliehen\\\/#breadcrumb\"},\"inLanguage\":\"it-IT\",\"potentialAction\":[{\"@type\":\"ReadAction\",\"target\":[\"https:\\\/\\\/www.organisator.ch\\\/sustainability\\\/2016-01-08\\\/watt-dor-zum-zehnten-mal-verliehen\\\/\"]}]},{\"@type\":\"ImageObject\",\"inLanguage\":\"it-IT\",\"@id\":\"https:\\\/\\\/www.organisator.ch\\\/sustainability\\\/2016-01-08\\\/watt-dor-zum-zehnten-mal-verliehen\\\/#primaryimage\",\"url\":\"https:\\\/\\\/www.organisator.ch\\\/wp-content\\\/uploads\\\/2016\\\/12\\\/Watt-dOr-zum-zehnten-Mal-verliehen-umweltperspektiven.jpg\",\"contentUrl\":\"https:\\\/\\\/www.organisator.ch\\\/wp-content\\\/uploads\\\/2016\\\/12\\\/Watt-dOr-zum-zehnten-Mal-verliehen-umweltperspektiven.jpg\",\"width\":640,\"height\":427,\"caption\":\"Die Gewinner des Watt d'Or 2016. Foto: BFE2016\"},{\"@type\":\"BreadcrumbList\",\"@id\":\"https:\\\/\\\/www.organisator.ch\\\/sustainability\\\/2016-01-08\\\/watt-dor-zum-zehnten-mal-verliehen\\\/#breadcrumb\",\"itemListElement\":[{\"@type\":\"ListItem\",\"position\":1,\"name\":\"Home\",\"item\":\"https:\\\/\\\/www.organisator.ch\\\/\"},{\"@type\":\"ListItem\",\"position\":2,\"name\":\"Watt d&#8217;Or zum zehnten Mal verliehen\"}]},{\"@type\":\"WebSite\",\"@id\":\"https:\\\/\\\/www.organisator.ch\\\/#website\",\"url\":\"https:\\\/\\\/www.organisator.ch\\\/\",\"name\":\"Organisator\",\"description\":\"Kompetent. Praxisnah. Der ORGANISATOR bereitet in 10 Ausgaben pro Jahr die wesentlichen Themen f\u00fcr F\u00fchrungskr\u00e4fte von KMU auf.\",\"publisher\":{\"@id\":\"https:\\\/\\\/www.organisator.ch\\\/#organization\"},\"potentialAction\":[{\"@type\":\"SearchAction\",\"target\":{\"@type\":\"EntryPoint\",\"urlTemplate\":\"https:\\\/\\\/www.organisator.ch\\\/?s={search_term_string}\"},\"query-input\":{\"@type\":\"PropertyValueSpecification\",\"valueRequired\":true,\"valueName\":\"search_term_string\"}}],\"inLanguage\":\"it-IT\"},{\"@type\":\"Organization\",\"@id\":\"https:\\\/\\\/www.organisator.ch\\\/#organization\",\"name\":\"Organisator\",\"url\":\"https:\\\/\\\/www.organisator.ch\\\/\",\"logo\":{\"@type\":\"ImageObject\",\"inLanguage\":\"it-IT\",\"@id\":\"https:\\\/\\\/www.organisator.ch\\\/#\\\/schema\\\/logo\\\/image\\\/\",\"url\":\"https:\\\/\\\/www.organisator.ch\\\/wp-content\\\/uploads\\\/2022\\\/01\\\/Logo_Organisator_Website.png\",\"contentUrl\":\"https:\\\/\\\/www.organisator.ch\\\/wp-content\\\/uploads\\\/2022\\\/01\\\/Logo_Organisator_Website.png\",\"width\":800,\"height\":77,\"caption\":\"Organisator\"},\"image\":{\"@id\":\"https:\\\/\\\/www.organisator.ch\\\/#\\\/schema\\\/logo\\\/image\\\/\"},\"sameAs\":[\"https:\\\/\\\/www.facebook.com\\\/OrganisatorFachmagazin\",\"https:\\\/\\\/www.linkedin.com\\\/showcase\\\/organisator-das-magazin-fr-kmu\",\"https:\\\/\\\/www.xing.com\\\/news\\\/pages\\\/organisator-ch-695\",\"https:\\\/\\\/www.youtube.com\\\/channel\\\/UCGP2Sq0iWaZwT3BdIAQFYpw\"]},{\"@type\":\"Person\",\"@id\":\"https:\\\/\\\/www.organisator.ch\\\/#\\\/schema\\\/person\\\/aa2bace6c5c5aad60102004a50c4eb1c\",\"name\":\"admin\",\"image\":{\"@type\":\"ImageObject\",\"inLanguage\":\"it-IT\",\"@id\":\"https:\\\/\\\/secure.gravatar.com\\\/avatar\\\/ae2f4d718e6c49043e314ce431e7e645d646302a24a5ef5a8bc8e3f5a032e319?s=96&d=mm&r=g\",\"url\":\"https:\\\/\\\/secure.gravatar.com\\\/avatar\\\/ae2f4d718e6c49043e314ce431e7e645d646302a24a5ef5a8bc8e3f5a032e319?s=96&d=mm&r=g\",\"contentUrl\":\"https:\\\/\\\/secure.gravatar.com\\\/avatar\\\/ae2f4d718e6c49043e314ce431e7e645d646302a24a5ef5a8bc8e3f5a032e319?s=96&d=mm&r=g\",\"caption\":\"admin\"},\"sameAs\":[\"https:\\\/\\\/www.organisator.ch\"],\"url\":\"https:\\\/\\\/www.organisator.ch\\\/it\\\/author\\\/admin\\\/\"}]}<\/script>\n<!-- \/ Yoast SEO plugin. -->","yoast_head_json":{"title":"Il Watt d'Or viene assegnato per la decima volta - Organizzatore","description":"Il Watt d'Or viene assegnato alle aziende che stanno gi\u00e0 attuando il futuro energetico oggi.","robots":{"index":"index","follow":"follow","max-snippet":"max-snippet:-1","max-image-preview":"max-image-preview:large","max-video-preview":"max-video-preview:-1"},"canonical":"https:\/\/www.organisator.ch\/it\/sostenibilita\/2016-01-08\/watt-dor-zum-zehnten-mal-verliehen\/","og_locale":"it_IT","og_type":"article","og_title":"Watt d'Or zum zehnten Mal verliehen - Organisator","og_description":"Der Watt d'Or wird an Unternehmen verliehen, welche die Energiezukunft bereits heute umsetzen.","og_url":"https:\/\/www.organisator.ch\/it\/sostenibilita\/2016-01-08\/watt-dor-zum-zehnten-mal-verliehen\/","og_site_name":"Organisator","article_publisher":"https:\/\/www.facebook.com\/OrganisatorFachmagazin","article_published_time":"2016-01-08T13:02:33+00:00","article_modified_time":"2022-02-09T10:06:25+00:00","og_image":[{"width":640,"height":427,"url":"https:\/\/www.organisator.ch\/wp-content\/uploads\/2016\/12\/Watt-dOr-zum-zehnten-Mal-verliehen-umweltperspektiven.jpg","type":"image\/jpeg"}],"author":"admin","twitter_card":"summary_large_image","schema":{"@context":"https:\/\/schema.org","@graph":[{"@type":"Article","@id":"https:\/\/www.organisator.ch\/sustainability\/2016-01-08\/watt-dor-zum-zehnten-mal-verliehen\/#article","isPartOf":{"@id":"https:\/\/www.organisator.ch\/sustainability\/2016-01-08\/watt-dor-zum-zehnten-mal-verliehen\/"},"author":{"name":"admin","@id":"https:\/\/www.organisator.ch\/#\/schema\/person\/aa2bace6c5c5aad60102004a50c4eb1c"},"headline":"Watt d&#8217;Or zum zehnten Mal verliehen","datePublished":"2016-01-08T13:02:33+00:00","dateModified":"2022-02-09T10:06:25+00:00","mainEntityOfPage":{"@id":"https:\/\/www.organisator.ch\/sustainability\/2016-01-08\/watt-dor-zum-zehnten-mal-verliehen\/"},"wordCount":940,"commentCount":0,"publisher":{"@id":"https:\/\/www.organisator.ch\/#organization"},"image":{"@id":"https:\/\/www.organisator.ch\/sustainability\/2016-01-08\/watt-dor-zum-zehnten-mal-verliehen\/#primaryimage"},"thumbnailUrl":"https:\/\/www.organisator.ch\/wp-content\/uploads\/2016\/12\/Watt-dOr-zum-zehnten-Mal-verliehen-umweltperspektiven.jpg","keywords":["Bundesrat","Coop","Designergy","Elektroplan","Energiezukunft","Groupe E","Migros","Preisverleihung","SBB","Watt d'Or"],"articleSection":["SUSTAINABILITY"],"inLanguage":"it-IT"},{"@type":"WebPage","@id":"https:\/\/www.organisator.ch\/sustainability\/2016-01-08\/watt-dor-zum-zehnten-mal-verliehen\/","url":"https:\/\/www.organisator.ch\/sustainability\/2016-01-08\/watt-dor-zum-zehnten-mal-verliehen\/","name":"Il Watt d'Or viene assegnato per la decima volta - Organizzatore","isPartOf":{"@id":"https:\/\/www.organisator.ch\/#website"},"primaryImageOfPage":{"@id":"https:\/\/www.organisator.ch\/sustainability\/2016-01-08\/watt-dor-zum-zehnten-mal-verliehen\/#primaryimage"},"image":{"@id":"https:\/\/www.organisator.ch\/sustainability\/2016-01-08\/watt-dor-zum-zehnten-mal-verliehen\/#primaryimage"},"thumbnailUrl":"https:\/\/www.organisator.ch\/wp-content\/uploads\/2016\/12\/Watt-dOr-zum-zehnten-Mal-verliehen-umweltperspektiven.jpg","datePublished":"2016-01-08T13:02:33+00:00","dateModified":"2022-02-09T10:06:25+00:00","description":"Il Watt d'Or viene assegnato alle aziende che stanno gi\u00e0 attuando il futuro energetico oggi.","breadcrumb":{"@id":"https:\/\/www.organisator.ch\/sustainability\/2016-01-08\/watt-dor-zum-zehnten-mal-verliehen\/#breadcrumb"},"inLanguage":"it-IT","potentialAction":[{"@type":"ReadAction","target":["https:\/\/www.organisator.ch\/sustainability\/2016-01-08\/watt-dor-zum-zehnten-mal-verliehen\/"]}]},{"@type":"ImageObject","inLanguage":"it-IT","@id":"https:\/\/www.organisator.ch\/sustainability\/2016-01-08\/watt-dor-zum-zehnten-mal-verliehen\/#primaryimage","url":"https:\/\/www.organisator.ch\/wp-content\/uploads\/2016\/12\/Watt-dOr-zum-zehnten-Mal-verliehen-umweltperspektiven.jpg","contentUrl":"https:\/\/www.organisator.ch\/wp-content\/uploads\/2016\/12\/Watt-dOr-zum-zehnten-Mal-verliehen-umweltperspektiven.jpg","width":640,"height":427,"caption":"Die Gewinner des Watt d'Or 2016. Foto: BFE2016"},{"@type":"BreadcrumbList","@id":"https:\/\/www.organisator.ch\/sustainability\/2016-01-08\/watt-dor-zum-zehnten-mal-verliehen\/#breadcrumb","itemListElement":[{"@type":"ListItem","position":1,"name":"Home","item":"https:\/\/www.organisator.ch\/"},{"@type":"ListItem","position":2,"name":"Watt d&#8217;Or zum zehnten Mal verliehen"}]},{"@type":"WebSite","@id":"https:\/\/www.organisator.ch\/#website","url":"https:\/\/www.organisator.ch\/","name":"Organizzatore","description":"Competente. Pratico. In 10 numeri all'anno, ORGANISATOR presenta i temi essenziali per i manager delle PMI.","publisher":{"@id":"https:\/\/www.organisator.ch\/#organization"},"potentialAction":[{"@type":"SearchAction","target":{"@type":"EntryPoint","urlTemplate":"https:\/\/www.organisator.ch\/?s={search_term_string}"},"query-input":{"@type":"PropertyValueSpecification","valueRequired":true,"valueName":"search_term_string"}}],"inLanguage":"it-IT"},{"@type":"Organization","@id":"https:\/\/www.organisator.ch\/#organization","name":"Organizzatore","url":"https:\/\/www.organisator.ch\/","logo":{"@type":"ImageObject","inLanguage":"it-IT","@id":"https:\/\/www.organisator.ch\/#\/schema\/logo\/image\/","url":"https:\/\/www.organisator.ch\/wp-content\/uploads\/2022\/01\/Logo_Organisator_Website.png","contentUrl":"https:\/\/www.organisator.ch\/wp-content\/uploads\/2022\/01\/Logo_Organisator_Website.png","width":800,"height":77,"caption":"Organisator"},"image":{"@id":"https:\/\/www.organisator.ch\/#\/schema\/logo\/image\/"},"sameAs":["https:\/\/www.facebook.com\/OrganisatorFachmagazin","https:\/\/www.linkedin.com\/showcase\/organisator-das-magazin-fr-kmu","https:\/\/www.xing.com\/news\/pages\/organisator-ch-695","https:\/\/www.youtube.com\/channel\/UCGP2Sq0iWaZwT3BdIAQFYpw"]},{"@type":"Person","@id":"https:\/\/www.organisator.ch\/#\/schema\/person\/aa2bace6c5c5aad60102004a50c4eb1c","name":"amministratore","image":{"@type":"ImageObject","inLanguage":"it-IT","@id":"https:\/\/secure.gravatar.com\/avatar\/ae2f4d718e6c49043e314ce431e7e645d646302a24a5ef5a8bc8e3f5a032e319?s=96&d=mm&r=g","url":"https:\/\/secure.gravatar.com\/avatar\/ae2f4d718e6c49043e314ce431e7e645d646302a24a5ef5a8bc8e3f5a032e319?s=96&d=mm&r=g","contentUrl":"https:\/\/secure.gravatar.com\/avatar\/ae2f4d718e6c49043e314ce431e7e645d646302a24a5ef5a8bc8e3f5a032e319?s=96&d=mm&r=g","caption":"admin"},"sameAs":["https:\/\/www.organisator.ch"],"url":"https:\/\/www.organisator.ch\/it\/author\/admin\/"}]}},"_links":{"self":[{"href":"https:\/\/www.organisator.ch\/it\/wp-json\/wp\/v2\/posts\/9908","targetHints":{"allow":["GET"]}}],"collection":[{"href":"https:\/\/www.organisator.ch\/it\/wp-json\/wp\/v2\/posts"}],"about":[{"href":"https:\/\/www.organisator.ch\/it\/wp-json\/wp\/v2\/types\/post"}],"author":[{"embeddable":true,"href":"https:\/\/www.organisator.ch\/it\/wp-json\/wp\/v2\/users\/1"}],"replies":[{"embeddable":true,"href":"https:\/\/www.organisator.ch\/it\/wp-json\/wp\/v2\/comments?post=9908"}],"version-history":[{"count":1,"href":"https:\/\/www.organisator.ch\/it\/wp-json\/wp\/v2\/posts\/9908\/revisions"}],"predecessor-version":[{"id":10629,"href":"https:\/\/www.organisator.ch\/it\/wp-json\/wp\/v2\/posts\/9908\/revisions\/10629"}],"wp:featuredmedia":[{"embeddable":true,"href":"https:\/\/www.organisator.ch\/it\/wp-json\/wp\/v2\/media\/9344"}],"wp:attachment":[{"href":"https:\/\/www.organisator.ch\/it\/wp-json\/wp\/v2\/media?parent=9908"}],"wp:term":[{"taxonomy":"category","embeddable":true,"href":"https:\/\/www.organisator.ch\/it\/wp-json\/wp\/v2\/categories?post=9908"},{"taxonomy":"post_tag","embeddable":true,"href":"https:\/\/www.organisator.ch\/it\/wp-json\/wp\/v2\/tags?post=9908"}],"curies":[{"name":"wp","href":"https:\/\/api.w.org\/{rel}","templated":true}]}}