{"id":9916,"date":"2016-02-08T14:32:42","date_gmt":"2016-02-08T13:32:42","guid":{"rendered":"https:\/\/dev.umweltperspektiven.ch\/?p=206"},"modified":"2016-02-08T14:32:42","modified_gmt":"2016-02-08T13:32:42","slug":"wegwerfverbot-fuer-lebensmittel","status":"publish","type":"post","link":"https:\/\/www.organisator.ch\/it\/allgemein\/2016-02-08\/wegwerfverbot-fuer-lebensmittel\/","title":{"rendered":"Divieto di buttare via il cibo"},"content":{"rendered":"<figure id=\"attachment_207\" aria-describedby=\"caption-attachment-207\" style=\"width: 680px\" class=\"wp-caption alignnone\"><a href=\"\/\/dev.umweltperspektiven.ch\/wp-content\/uploads\/2016\/12\/Wegwerfverbot-f\u00fcr-Lebensmittel-umweltperspektiven.jpg\"><img loading=\"lazy\" decoding=\"async\" class=\"size-medium wp-image-207\" src=\"\/\/dev.umweltperspektiven.ch\/wp-content\/uploads\/2016\/12\/Wegwerfverbot-f\u00fcr-Lebensmittel-umweltperspektiven.jpg\" alt=\"Troppo cibo che pu\u00f2 essere ancora utilizzato finisce nella spazzatura.\" width=\"680\" height=\"452\" \/><\/a><figcaption id=\"caption-attachment-207\" class=\"wp-caption-text\">Troppo cibo che pu\u00f2 essere ancora utilizzato finisce nella spazzatura.<\/figcaption><\/figure>\n<p>La Francia sta dichiarando guerra allo spreco di cibo: i supermercati di 400 metri quadrati o pi\u00f9 non sono pi\u00f9 autorizzati a buttare via il cibo che non possono pi\u00f9 vendere. Invece, secondo una nuova legge, deve essere venduto a un prezzo ridotto, donato o riutilizzato - per esempio come mangime per animali. Anche il compostaggio o la fermentazione in biogas sono permessi.<\/p>\n<p>L'obiettivo del regolamento \u00e8 di dimezzare la quantit\u00e0 di rifiuti entro il 2025.<\/p>\n<p>Lo spreco di cibo \u00e8 un problema anche in Svizzera da un po' di tempo: secondo un <a href=\"https:\/\/assets.wwf.ch\/downloads\/12_10_04_wwf_foodwaste_ch_final.pdf\" target=\"_blank\" data-cke-saved-href=\"\/\/assets.wwf.ch\/downloads\/12_10_04_wwf_foodwaste_ch_final.pdf\" rel=\"noopener\">Rapporto di WWF Svizzera e foodwaste.ch <\/a>Tuttavia, le perdite maggiori non si verificano nel commercio al dettaglio o all'ingrosso, ma soprattutto nella lavorazione industriale, dove vengono smistate le merci \"inferiori\", e presso i consumatori finali. Cos\u00ec, circa un terzo del cibo viene perso.<\/p>\n<p>Il WWF Svizzera raccomanda quindi a tutti gli attori di agire: In particolare, i consumatori dovrebbero pianificare le quantit\u00e0 in modo pi\u00f9 consapevole e controllare la commestibilit\u00e0 dei prodotti scaduti prima di buttarli via; i dettaglianti dovrebbero controllare le loro catene di approvvigionamento e ridurre consapevolmente la loro offerta all'ora di chiusura; l'industria di trasformazione dovrebbe utilizzare impianti di produzione a bassa perdita e cooperare con le organizzazioni di aiuto alimentare; e le aziende agricole dovrebbero cercare canali per prodotti di seconda scelta.<\/p>","protected":false},"excerpt":{"rendered":"<p>Frankreich sagt Food Waste den Kampf an: Superm\u00e4rkte ab einer Gr\u00f6sse von 400 Quadratmetern d\u00fcrfen ab sofort Lebensmittel, die sie nicht mehr verkaufen k\u00f6nnen, nicht mehr wegwerfen. Stattdessen, so will es ein neues Gesetz, m\u00fcssen diese entweder verbilligt verkauft, gespendet oder weiterverwendet werden \u2013 etwa zu Tierfutter. Auch die Kompostierung oder die Verg\u00e4rung zu Biogas [&hellip;]<\/p>\n","protected":false},"author":1,"featured_media":9351,"comment_status":"open","ping_status":"open","sticky":false,"template":"","format":"standard","meta":{"_acf_changed":false,"_yoast_wpseo_focuskw":"Lebensmittel","_yoast_wpseo_metadesc":"Superm\u00e4rkte in Frankreich d\u00fcrfen Lebensmittel nicht mehr vernichten. Ziel der Regelung ist, die Abfallmenge bis zum Jahr 2025 zu halbieren.","articlekey":"","footnotes":""},"categories":[1],"tags":[1208,1230,1281,1610,2586],"class_list":["post-9916","post","type-post","status-publish","format-standard","has-post-thumbnail","hentry","category-allgemein","tag-food-waste","tag-frankreich","tag-gesetz","tag-lebensmittelverschwendung","tag-wwf"],"acf":[],"yoast_head":"<!-- This site is optimized with the Yoast SEO plugin v27.5 - https:\/\/yoast.com\/product\/yoast-seo-wordpress\/ -->\n<title>Wegwerfverbot f\u00fcr Lebensmittel - Organisator<\/title>\n<meta name=\"description\" content=\"Superm\u00e4rkte in Frankreich d\u00fcrfen Lebensmittel nicht mehr vernichten. Ziel der Regelung ist, die Abfallmenge bis zum Jahr 2025 zu halbieren.\" \/>\n<meta name=\"robots\" content=\"index, follow, max-snippet:-1, max-image-preview:large, max-video-preview:-1\" \/>\n<link rel=\"canonical\" href=\"https:\/\/www.organisator.ch\/it\/generale\/2016-02-08\/wegwerfverbot-fuer-lebensmittel\/\" \/>\n<meta property=\"og:locale\" content=\"it_IT\" \/>\n<meta property=\"og:type\" content=\"article\" \/>\n<meta property=\"og:title\" content=\"Wegwerfverbot f\u00fcr Lebensmittel - Organisator\" \/>\n<meta property=\"og:description\" content=\"Superm\u00e4rkte in Frankreich d\u00fcrfen Lebensmittel nicht mehr vernichten. Ziel der Regelung ist, die Abfallmenge bis zum Jahr 2025 zu halbieren.\" \/>\n<meta property=\"og:url\" content=\"https:\/\/www.organisator.ch\/it\/generale\/2016-02-08\/wegwerfverbot-fuer-lebensmittel\/\" \/>\n<meta property=\"og:site_name\" content=\"Organisator\" \/>\n<meta property=\"article:publisher\" content=\"https:\/\/www.facebook.com\/OrganisatorFachmagazin\" \/>\n<meta property=\"article:published_time\" content=\"2016-02-08T13:32:42+00:00\" \/>\n<meta property=\"og:image\" content=\"https:\/\/www.organisator.ch\/wp-content\/uploads\/2016\/12\/Wegwerfverbot-fuer-Lebensmittel-umweltperspektiven-1024x680.jpg\" \/>\n\t<meta property=\"og:image:width\" content=\"1024\" \/>\n\t<meta property=\"og:image:height\" content=\"680\" \/>\n\t<meta property=\"og:image:type\" content=\"image\/jpeg\" \/>\n<meta name=\"author\" content=\"admin\" \/>\n<meta name=\"twitter:card\" content=\"summary_large_image\" \/>\n<script type=\"application\/ld+json\" class=\"yoast-schema-graph\">{\"@context\":\"https:\\\/\\\/schema.org\",\"@graph\":[{\"@type\":\"Article\",\"@id\":\"https:\\\/\\\/www.organisator.ch\\\/en\\\/general\\\/2016-02-08\\\/wegwerfverbot-fuer-lebensmittel\\\/#article\",\"isPartOf\":{\"@id\":\"https:\\\/\\\/www.organisator.ch\\\/en\\\/general\\\/2016-02-08\\\/wegwerfverbot-fuer-lebensmittel\\\/\"},\"author\":{\"name\":\"admin\",\"@id\":\"https:\\\/\\\/www.organisator.ch\\\/#\\\/schema\\\/person\\\/aa2bace6c5c5aad60102004a50c4eb1c\"},\"headline\":\"Wegwerfverbot f\u00fcr Lebensmittel\",\"datePublished\":\"2016-02-08T13:32:42+00:00\",\"mainEntityOfPage\":{\"@id\":\"https:\\\/\\\/www.organisator.ch\\\/en\\\/general\\\/2016-02-08\\\/wegwerfverbot-fuer-lebensmittel\\\/\"},\"wordCount\":206,\"commentCount\":0,\"publisher\":{\"@id\":\"https:\\\/\\\/www.organisator.ch\\\/#organization\"},\"image\":{\"@id\":\"https:\\\/\\\/www.organisator.ch\\\/en\\\/general\\\/2016-02-08\\\/wegwerfverbot-fuer-lebensmittel\\\/#primaryimage\"},\"thumbnailUrl\":\"https:\\\/\\\/www.organisator.ch\\\/wp-content\\\/uploads\\\/2016\\\/12\\\/Wegwerfverbot-fuer-Lebensmittel-umweltperspektiven.jpg\",\"keywords\":[\"Food Waste\",\"Frankreich\",\"Gesetz\",\"Lebensmittelverschwendung\",\"WWF\"],\"articleSection\":[\"Allgemein\"],\"inLanguage\":\"it-IT\"},{\"@type\":\"WebPage\",\"@id\":\"https:\\\/\\\/www.organisator.ch\\\/en\\\/general\\\/2016-02-08\\\/wegwerfverbot-fuer-lebensmittel\\\/\",\"url\":\"https:\\\/\\\/www.organisator.ch\\\/en\\\/general\\\/2016-02-08\\\/wegwerfverbot-fuer-lebensmittel\\\/\",\"name\":\"Wegwerfverbot f\u00fcr Lebensmittel - Organisator\",\"isPartOf\":{\"@id\":\"https:\\\/\\\/www.organisator.ch\\\/#website\"},\"primaryImageOfPage\":{\"@id\":\"https:\\\/\\\/www.organisator.ch\\\/en\\\/general\\\/2016-02-08\\\/wegwerfverbot-fuer-lebensmittel\\\/#primaryimage\"},\"image\":{\"@id\":\"https:\\\/\\\/www.organisator.ch\\\/en\\\/general\\\/2016-02-08\\\/wegwerfverbot-fuer-lebensmittel\\\/#primaryimage\"},\"thumbnailUrl\":\"https:\\\/\\\/www.organisator.ch\\\/wp-content\\\/uploads\\\/2016\\\/12\\\/Wegwerfverbot-fuer-Lebensmittel-umweltperspektiven.jpg\",\"datePublished\":\"2016-02-08T13:32:42+00:00\",\"description\":\"Superm\u00e4rkte in Frankreich d\u00fcrfen Lebensmittel nicht mehr vernichten. Ziel der Regelung ist, die Abfallmenge bis zum Jahr 2025 zu halbieren.\",\"breadcrumb\":{\"@id\":\"https:\\\/\\\/www.organisator.ch\\\/en\\\/general\\\/2016-02-08\\\/wegwerfverbot-fuer-lebensmittel\\\/#breadcrumb\"},\"inLanguage\":\"it-IT\",\"potentialAction\":[{\"@type\":\"ReadAction\",\"target\":[\"https:\\\/\\\/www.organisator.ch\\\/en\\\/general\\\/2016-02-08\\\/wegwerfverbot-fuer-lebensmittel\\\/\"]}]},{\"@type\":\"ImageObject\",\"inLanguage\":\"it-IT\",\"@id\":\"https:\\\/\\\/www.organisator.ch\\\/en\\\/general\\\/2016-02-08\\\/wegwerfverbot-fuer-lebensmittel\\\/#primaryimage\",\"url\":\"https:\\\/\\\/www.organisator.ch\\\/wp-content\\\/uploads\\\/2016\\\/12\\\/Wegwerfverbot-fuer-Lebensmittel-umweltperspektiven.jpg\",\"contentUrl\":\"https:\\\/\\\/www.organisator.ch\\\/wp-content\\\/uploads\\\/2016\\\/12\\\/Wegwerfverbot-fuer-Lebensmittel-umweltperspektiven.jpg\",\"width\":1999,\"height\":1328,\"caption\":\"Zu viele noch verwertbare Lebensmittel landen im M\u00fcll.\"},{\"@type\":\"BreadcrumbList\",\"@id\":\"https:\\\/\\\/www.organisator.ch\\\/en\\\/general\\\/2016-02-08\\\/wegwerfverbot-fuer-lebensmittel\\\/#breadcrumb\",\"itemListElement\":[{\"@type\":\"ListItem\",\"position\":1,\"name\":\"Home\",\"item\":\"https:\\\/\\\/www.organisator.ch\\\/\"},{\"@type\":\"ListItem\",\"position\":2,\"name\":\"Wegwerfverbot f\u00fcr Lebensmittel\"}]},{\"@type\":\"WebSite\",\"@id\":\"https:\\\/\\\/www.organisator.ch\\\/#website\",\"url\":\"https:\\\/\\\/www.organisator.ch\\\/\",\"name\":\"Organisator\",\"description\":\"Kompetent. Praxisnah. Der ORGANISATOR bereitet in 10 Ausgaben pro Jahr die wesentlichen Themen f\u00fcr F\u00fchrungskr\u00e4fte von KMU auf.\",\"publisher\":{\"@id\":\"https:\\\/\\\/www.organisator.ch\\\/#organization\"},\"potentialAction\":[{\"@type\":\"SearchAction\",\"target\":{\"@type\":\"EntryPoint\",\"urlTemplate\":\"https:\\\/\\\/www.organisator.ch\\\/?s={search_term_string}\"},\"query-input\":{\"@type\":\"PropertyValueSpecification\",\"valueRequired\":true,\"valueName\":\"search_term_string\"}}],\"inLanguage\":\"it-IT\"},{\"@type\":\"Organization\",\"@id\":\"https:\\\/\\\/www.organisator.ch\\\/#organization\",\"name\":\"Organisator\",\"url\":\"https:\\\/\\\/www.organisator.ch\\\/\",\"logo\":{\"@type\":\"ImageObject\",\"inLanguage\":\"it-IT\",\"@id\":\"https:\\\/\\\/www.organisator.ch\\\/#\\\/schema\\\/logo\\\/image\\\/\",\"url\":\"https:\\\/\\\/www.organisator.ch\\\/wp-content\\\/uploads\\\/2022\\\/01\\\/Logo_Organisator_Website.png\",\"contentUrl\":\"https:\\\/\\\/www.organisator.ch\\\/wp-content\\\/uploads\\\/2022\\\/01\\\/Logo_Organisator_Website.png\",\"width\":800,\"height\":77,\"caption\":\"Organisator\"},\"image\":{\"@id\":\"https:\\\/\\\/www.organisator.ch\\\/#\\\/schema\\\/logo\\\/image\\\/\"},\"sameAs\":[\"https:\\\/\\\/www.facebook.com\\\/OrganisatorFachmagazin\",\"https:\\\/\\\/www.linkedin.com\\\/showcase\\\/organisator-das-magazin-fr-kmu\",\"https:\\\/\\\/www.xing.com\\\/news\\\/pages\\\/organisator-ch-695\",\"https:\\\/\\\/www.youtube.com\\\/channel\\\/UCGP2Sq0iWaZwT3BdIAQFYpw\"]},{\"@type\":\"Person\",\"@id\":\"https:\\\/\\\/www.organisator.ch\\\/#\\\/schema\\\/person\\\/aa2bace6c5c5aad60102004a50c4eb1c\",\"name\":\"admin\",\"image\":{\"@type\":\"ImageObject\",\"inLanguage\":\"it-IT\",\"@id\":\"https:\\\/\\\/secure.gravatar.com\\\/avatar\\\/ae2f4d718e6c49043e314ce431e7e645d646302a24a5ef5a8bc8e3f5a032e319?s=96&d=mm&r=g\",\"url\":\"https:\\\/\\\/secure.gravatar.com\\\/avatar\\\/ae2f4d718e6c49043e314ce431e7e645d646302a24a5ef5a8bc8e3f5a032e319?s=96&d=mm&r=g\",\"contentUrl\":\"https:\\\/\\\/secure.gravatar.com\\\/avatar\\\/ae2f4d718e6c49043e314ce431e7e645d646302a24a5ef5a8bc8e3f5a032e319?s=96&d=mm&r=g\",\"caption\":\"admin\"},\"sameAs\":[\"https:\\\/\\\/www.organisator.ch\"],\"url\":\"https:\\\/\\\/www.organisator.ch\\\/it\\\/author\\\/admin\\\/\"}]}<\/script>\n<!-- \/ Yoast SEO plugin. -->","yoast_head_json":{"title":"Divieto di smaltimento degli alimenti - Organizzatore","description":"In Francia i supermercati non possono pi\u00f9 distruggere gli alimenti. L'obiettivo del regolamento \u00e8 di dimezzare la quantit\u00e0 di rifiuti entro il 2025.","robots":{"index":"index","follow":"follow","max-snippet":"max-snippet:-1","max-image-preview":"max-image-preview:large","max-video-preview":"max-video-preview:-1"},"canonical":"https:\/\/www.organisator.ch\/it\/generale\/2016-02-08\/wegwerfverbot-fuer-lebensmittel\/","og_locale":"it_IT","og_type":"article","og_title":"Wegwerfverbot f\u00fcr Lebensmittel - Organisator","og_description":"Superm\u00e4rkte in Frankreich d\u00fcrfen Lebensmittel nicht mehr vernichten. Ziel der Regelung ist, die Abfallmenge bis zum Jahr 2025 zu halbieren.","og_url":"https:\/\/www.organisator.ch\/it\/generale\/2016-02-08\/wegwerfverbot-fuer-lebensmittel\/","og_site_name":"Organisator","article_publisher":"https:\/\/www.facebook.com\/OrganisatorFachmagazin","article_published_time":"2016-02-08T13:32:42+00:00","og_image":[{"width":1024,"height":680,"url":"https:\/\/www.organisator.ch\/wp-content\/uploads\/2016\/12\/Wegwerfverbot-fuer-Lebensmittel-umweltperspektiven-1024x680.jpg","type":"image\/jpeg"}],"author":"admin","twitter_card":"summary_large_image","schema":{"@context":"https:\/\/schema.org","@graph":[{"@type":"Article","@id":"https:\/\/www.organisator.ch\/en\/general\/2016-02-08\/wegwerfverbot-fuer-lebensmittel\/#article","isPartOf":{"@id":"https:\/\/www.organisator.ch\/en\/general\/2016-02-08\/wegwerfverbot-fuer-lebensmittel\/"},"author":{"name":"admin","@id":"https:\/\/www.organisator.ch\/#\/schema\/person\/aa2bace6c5c5aad60102004a50c4eb1c"},"headline":"Wegwerfverbot f\u00fcr Lebensmittel","datePublished":"2016-02-08T13:32:42+00:00","mainEntityOfPage":{"@id":"https:\/\/www.organisator.ch\/en\/general\/2016-02-08\/wegwerfverbot-fuer-lebensmittel\/"},"wordCount":206,"commentCount":0,"publisher":{"@id":"https:\/\/www.organisator.ch\/#organization"},"image":{"@id":"https:\/\/www.organisator.ch\/en\/general\/2016-02-08\/wegwerfverbot-fuer-lebensmittel\/#primaryimage"},"thumbnailUrl":"https:\/\/www.organisator.ch\/wp-content\/uploads\/2016\/12\/Wegwerfverbot-fuer-Lebensmittel-umweltperspektiven.jpg","keywords":["Food Waste","Frankreich","Gesetz","Lebensmittelverschwendung","WWF"],"articleSection":["Allgemein"],"inLanguage":"it-IT"},{"@type":"WebPage","@id":"https:\/\/www.organisator.ch\/en\/general\/2016-02-08\/wegwerfverbot-fuer-lebensmittel\/","url":"https:\/\/www.organisator.ch\/en\/general\/2016-02-08\/wegwerfverbot-fuer-lebensmittel\/","name":"Divieto di smaltimento degli alimenti - Organizzatore","isPartOf":{"@id":"https:\/\/www.organisator.ch\/#website"},"primaryImageOfPage":{"@id":"https:\/\/www.organisator.ch\/en\/general\/2016-02-08\/wegwerfverbot-fuer-lebensmittel\/#primaryimage"},"image":{"@id":"https:\/\/www.organisator.ch\/en\/general\/2016-02-08\/wegwerfverbot-fuer-lebensmittel\/#primaryimage"},"thumbnailUrl":"https:\/\/www.organisator.ch\/wp-content\/uploads\/2016\/12\/Wegwerfverbot-fuer-Lebensmittel-umweltperspektiven.jpg","datePublished":"2016-02-08T13:32:42+00:00","description":"In Francia i supermercati non possono pi\u00f9 distruggere gli alimenti. L'obiettivo del regolamento \u00e8 di dimezzare la quantit\u00e0 di rifiuti entro il 2025.","breadcrumb":{"@id":"https:\/\/www.organisator.ch\/en\/general\/2016-02-08\/wegwerfverbot-fuer-lebensmittel\/#breadcrumb"},"inLanguage":"it-IT","potentialAction":[{"@type":"ReadAction","target":["https:\/\/www.organisator.ch\/en\/general\/2016-02-08\/wegwerfverbot-fuer-lebensmittel\/"]}]},{"@type":"ImageObject","inLanguage":"it-IT","@id":"https:\/\/www.organisator.ch\/en\/general\/2016-02-08\/wegwerfverbot-fuer-lebensmittel\/#primaryimage","url":"https:\/\/www.organisator.ch\/wp-content\/uploads\/2016\/12\/Wegwerfverbot-fuer-Lebensmittel-umweltperspektiven.jpg","contentUrl":"https:\/\/www.organisator.ch\/wp-content\/uploads\/2016\/12\/Wegwerfverbot-fuer-Lebensmittel-umweltperspektiven.jpg","width":1999,"height":1328,"caption":"Zu viele noch verwertbare Lebensmittel landen im M\u00fcll."},{"@type":"BreadcrumbList","@id":"https:\/\/www.organisator.ch\/en\/general\/2016-02-08\/wegwerfverbot-fuer-lebensmittel\/#breadcrumb","itemListElement":[{"@type":"ListItem","position":1,"name":"Home","item":"https:\/\/www.organisator.ch\/"},{"@type":"ListItem","position":2,"name":"Wegwerfverbot f\u00fcr Lebensmittel"}]},{"@type":"WebSite","@id":"https:\/\/www.organisator.ch\/#website","url":"https:\/\/www.organisator.ch\/","name":"Organizzatore","description":"Competente. Pratico. In 10 numeri all'anno, ORGANISATOR presenta i temi essenziali per i manager delle PMI.","publisher":{"@id":"https:\/\/www.organisator.ch\/#organization"},"potentialAction":[{"@type":"SearchAction","target":{"@type":"EntryPoint","urlTemplate":"https:\/\/www.organisator.ch\/?s={search_term_string}"},"query-input":{"@type":"PropertyValueSpecification","valueRequired":true,"valueName":"search_term_string"}}],"inLanguage":"it-IT"},{"@type":"Organization","@id":"https:\/\/www.organisator.ch\/#organization","name":"Organizzatore","url":"https:\/\/www.organisator.ch\/","logo":{"@type":"ImageObject","inLanguage":"it-IT","@id":"https:\/\/www.organisator.ch\/#\/schema\/logo\/image\/","url":"https:\/\/www.organisator.ch\/wp-content\/uploads\/2022\/01\/Logo_Organisator_Website.png","contentUrl":"https:\/\/www.organisator.ch\/wp-content\/uploads\/2022\/01\/Logo_Organisator_Website.png","width":800,"height":77,"caption":"Organisator"},"image":{"@id":"https:\/\/www.organisator.ch\/#\/schema\/logo\/image\/"},"sameAs":["https:\/\/www.facebook.com\/OrganisatorFachmagazin","https:\/\/www.linkedin.com\/showcase\/organisator-das-magazin-fr-kmu","https:\/\/www.xing.com\/news\/pages\/organisator-ch-695","https:\/\/www.youtube.com\/channel\/UCGP2Sq0iWaZwT3BdIAQFYpw"]},{"@type":"Person","@id":"https:\/\/www.organisator.ch\/#\/schema\/person\/aa2bace6c5c5aad60102004a50c4eb1c","name":"amministratore","image":{"@type":"ImageObject","inLanguage":"it-IT","@id":"https:\/\/secure.gravatar.com\/avatar\/ae2f4d718e6c49043e314ce431e7e645d646302a24a5ef5a8bc8e3f5a032e319?s=96&d=mm&r=g","url":"https:\/\/secure.gravatar.com\/avatar\/ae2f4d718e6c49043e314ce431e7e645d646302a24a5ef5a8bc8e3f5a032e319?s=96&d=mm&r=g","contentUrl":"https:\/\/secure.gravatar.com\/avatar\/ae2f4d718e6c49043e314ce431e7e645d646302a24a5ef5a8bc8e3f5a032e319?s=96&d=mm&r=g","caption":"admin"},"sameAs":["https:\/\/www.organisator.ch"],"url":"https:\/\/www.organisator.ch\/it\/author\/admin\/"}]}},"_links":{"self":[{"href":"https:\/\/www.organisator.ch\/it\/wp-json\/wp\/v2\/posts\/9916","targetHints":{"allow":["GET"]}}],"collection":[{"href":"https:\/\/www.organisator.ch\/it\/wp-json\/wp\/v2\/posts"}],"about":[{"href":"https:\/\/www.organisator.ch\/it\/wp-json\/wp\/v2\/types\/post"}],"author":[{"embeddable":true,"href":"https:\/\/www.organisator.ch\/it\/wp-json\/wp\/v2\/users\/1"}],"replies":[{"embeddable":true,"href":"https:\/\/www.organisator.ch\/it\/wp-json\/wp\/v2\/comments?post=9916"}],"version-history":[{"count":0,"href":"https:\/\/www.organisator.ch\/it\/wp-json\/wp\/v2\/posts\/9916\/revisions"}],"wp:featuredmedia":[{"embeddable":true,"href":"https:\/\/www.organisator.ch\/it\/wp-json\/wp\/v2\/media\/9351"}],"wp:attachment":[{"href":"https:\/\/www.organisator.ch\/it\/wp-json\/wp\/v2\/media?parent=9916"}],"wp:term":[{"taxonomy":"category","embeddable":true,"href":"https:\/\/www.organisator.ch\/it\/wp-json\/wp\/v2\/categories?post=9916"},{"taxonomy":"post_tag","embeddable":true,"href":"https:\/\/www.organisator.ch\/it\/wp-json\/wp\/v2\/tags?post=9916"}],"curies":[{"name":"wp","href":"https:\/\/api.w.org\/{rel}","templated":true}]}}