{"id":9919,"date":"2016-02-24T14:45:39","date_gmt":"2016-02-24T13:45:39","guid":{"rendered":"https:\/\/dev.umweltperspektiven.ch\/?p=224"},"modified":"2022-02-09T11:10:14","modified_gmt":"2022-02-09T10:10:14","slug":"zweites-leben-fuer-batterien-aus-elektrofahrzeugen","status":"publish","type":"post","link":"https:\/\/www.organisator.ch\/it\/sustainability\/2016-02-24\/zweites-leben-fuer-batterien-aus-elektrofahrzeugen\/","title":{"rendered":"Una seconda vita per le batterie dei veicoli elettrici"},"content":{"rendered":"<figure id=\"attachment_225\" aria-describedby=\"caption-attachment-225\" style=\"width: 680px\" class=\"wp-caption alignnone\"><a href=\"\/\/dev.umweltperspektiven.ch\/wp-content\/uploads\/2016\/12\/Zweites-Leben-f\u00fcr-Batterien-aus-Elektrofahrzeugen-umweltperspektiven.jpg\"><img loading=\"lazy\" decoding=\"async\" class=\"size-medium wp-image-225\" src=\"\/\/dev.umweltperspektiven.ch\/wp-content\/uploads\/2016\/12\/Zweites-Leben-f\u00fcr-Batterien-aus-Elektrofahrzeugen-umweltperspektiven.jpg\" alt=\"Una seconda vita per le batterie dell&#039;auto: le batterie scartate possono essere ancora utili per molto tempo nei sistemi di stoccaggio stazionari.\" width=\"680\" height=\"381\" \/><\/a><figcaption id=\"caption-attachment-225\" class=\"wp-caption-text\">Una seconda vita per le batterie dell'auto: le batterie scartate possono essere ancora utili per molto tempo nei sistemi di stoccaggio stazionari.<\/figcaption><\/figure>\n<p>Lo stoccaggio delle batterie dei veicoli elettrici viene ampliato quando hanno ancora fino a 90% di capacit\u00e0. Un nuovo progetto di ricerca sta studiando l'uso di queste unit\u00e0 di stoccaggio di energia come unit\u00e0 di stoccaggio stazionarie. Questo risparmia risorse e mette le unit\u00e0 di immagazzinamento dell'elettricit\u00e0 usate, ma ancora potenti, in un secondo uso ragionevole.<\/p>\n<p><strong>Gamma e capacit\u00e0 delle batterie nell'elettromobilit\u00e0<\/strong><\/p>\n<p>L'autonomia \u00e8 un fattore decisivo per l'accettazione delle auto elettriche. Nel 2015, un sondaggio ha mostrato che l'autonomia desiderata di un'auto elettrica dovrebbe essere di 420 km. Attualmente, solo pochi veicoli raggiungono questo risultato e le batterie perdono capacit\u00e0 e autonomia dal primo giorno. Ecco perch\u00e9 le batterie delle auto elettriche vengono gi\u00e0 sostituite e riciclate quando hanno ancora 80-90% di capacit\u00e0.<\/p>\n<p>L'idea alla base del progetto \u00e8 che le unit\u00e0 di stoccaggio dei veicoli elettrici con una capacit\u00e0 di 80-90% continueranno a lavorare con buone prestazioni per molto tempo in funzionamento stazionario. Questo perch\u00e9 i processi di carica e scarica avvengono in modo pi\u00f9 controllato. Il progetto di ricerca sta studiando come l'alta capacit\u00e0 residua delle celle di stoccaggio possa essere utilizzata in modo ottimale nei sistemi stazionari. Secondo lo stato attuale della ricerca, le unit\u00e0 di stoccaggio continueranno a funzionare in modo affidabile per molti anni. Solo dopo una seconda vita in uso fisso saranno riciclati. Questo protegge l'ambiente e abbassa i costi di acquisizione per lo stoccaggio dell'elettricit\u00e0.<\/p>\n<p><strong>Qualit\u00e0 e tecnologia<\/strong><\/p>\n<p>I sistemi di immagazzinamento dell'elettricit\u00e0 con batterie di uso secondario sono dotati di un sistema di gestione dell'energia altamente efficiente e riceveranno una garanzia di prestazione, che dovr\u00e0 ancora essere definita dopo la conclusione del progetto di ricerca.<\/p>\n<p>Per farsi un'idea dell'accettazione dell'uso secondario delle batterie di accumulo dell'elettromobilit\u00e0 nei sistemi di stoccaggio stazionari, i ricercatori hanno sviluppato un breve sondaggio con 11 domande. Aiuta i ricercatori nel loro lavoro, d\u00ec quello che pensi sull'uso delle batterie usate dell'elettromobilit\u00e0 e, con un po' di fortuna, vinci un I-pad mini nuovo di zecca della Apple. Potete trovare il sondaggio all'indirizzo: <a href=\"http:\/\/www.smart-power.net\/umfrage-formular\/\" target=\"_blank\" data-cke-saved-href=\"\/\/www.smart-power.net\/umfrage-formular\/\" rel=\"noopener\">http:\/\/www.smart-power.net\/umfrage-formular\/<\/a><\/p>\n<p><strong>Il progetto di ricerca<\/strong><\/p>\n<p>Il progetto \u00e8 finanziato dal Fondo per il clima e l'energia e viene realizzato come progetto congiunto di AVL DiTest GmbH, Saubermacher Dienstleistungs AG, Smart Power GmbH e l'Universit\u00e0 di Leoben nel quadro del programma \"Fari dell'elettromobilit\u00e0\". Il progetto \u00e8 gestito da Saubermacher Dienstleistungs AG, mentre Smart Power GmbH, con sede a Garching vicino a Monaco, \u00e8 responsabile del pacchetto di lavoro Re-Use, cio\u00e8 il riutilizzo delle celle delle batterie usate.<\/p>","protected":false},"excerpt":{"rendered":"<p>Batteriespeicher aus Elektrofahrzeugen werden ausgebaut, wenn sie noch bis zu 90% ihrer Kapazit\u00e4t haben. Ein neues Forschungsprojekt untersucht den Einsatz dieser Stromspeicher als station\u00e4re Speicher. Das schont Ressourcen und f\u00fchrt die gebrauchten, aber noch leistungsstarken Stromspeicher, einer sinnvollen zweiten Verwendung zu. Reichweite und Kapazit\u00e4t von Akkus in der Elektromobilit\u00e4t Reichweite ist f\u00fcr die Akzeptanz von [&hellip;]<\/p>\n","protected":false},"author":1,"featured_media":225,"comment_status":"open","ping_status":"open","sticky":false,"template":"","format":"standard","meta":{"_acf_changed":false,"_yoast_wpseo_focuskw":"Batterien","_yoast_wpseo_metadesc":"Ein Forschungsprojekt untersucht den Einsatz gebrauchter Akkus aus Elektrofahrzeugen in station\u00e4ren Speichersystemen und pr\u00fcfen die Restkapazit\u00e4t.","articlekey":"","footnotes":""},"categories":[580],"tags":[774,1006,1035,1787,2165],"class_list":["post-9919","post","type-post","status-publish","format-standard","has-post-thumbnail","hentry","category-sustainability","tag-batterie","tag-e-mobilitaet","tag-elektrofahrzeug","tag-nachhaltigkeit","tag-speicher"],"acf":[],"yoast_head":"<!-- This site is optimized with the Yoast SEO plugin v27.4 - https:\/\/yoast.com\/product\/yoast-seo-wordpress\/ -->\n<title>Zweites Leben f\u00fcr Batterien aus Elektrofahrzeugen - Organisator<\/title>\n<meta name=\"description\" content=\"Ein Forschungsprojekt untersucht den Einsatz gebrauchter Akkus aus Elektrofahrzeugen in station\u00e4ren Speichersystemen und pr\u00fcfen die Restkapazit\u00e4t.\" \/>\n<meta name=\"robots\" content=\"index, follow, max-snippet:-1, max-image-preview:large, max-video-preview:-1\" \/>\n<link rel=\"canonical\" href=\"https:\/\/www.organisator.ch\/it\/sostenibilita\/2016-02-24\/zweites-leben-fuer-batterien-aus-elektrofahrzeugen\/\" \/>\n<meta property=\"og:locale\" content=\"it_IT\" \/>\n<meta property=\"og:type\" content=\"article\" \/>\n<meta property=\"og:title\" content=\"Zweites Leben f\u00fcr Batterien aus Elektrofahrzeugen - Organisator\" \/>\n<meta property=\"og:description\" content=\"Ein Forschungsprojekt untersucht den Einsatz gebrauchter Akkus aus Elektrofahrzeugen in station\u00e4ren Speichersystemen und pr\u00fcfen die Restkapazit\u00e4t.\" \/>\n<meta property=\"og:url\" content=\"https:\/\/www.organisator.ch\/it\/sostenibilita\/2016-02-24\/zweites-leben-fuer-batterien-aus-elektrofahrzeugen\/\" \/>\n<meta property=\"og:site_name\" content=\"Organisator\" \/>\n<meta property=\"article:publisher\" content=\"https:\/\/www.facebook.com\/OrganisatorFachmagazin\" \/>\n<meta property=\"article:published_time\" content=\"2016-02-24T13:45:39+00:00\" \/>\n<meta property=\"article:modified_time\" content=\"2022-02-09T10:10:14+00:00\" \/>\n<meta property=\"og:image\" content=\"https:\/\/www.organisator.ch\/wp-content\/uploads\/2016\/12\/Zweites-Leben-fuer-Batterien-aus-Elektrofahrzeugen-umweltperspektiven.jpg\" \/>\n\t<meta property=\"og:image:width\" content=\"1000\" \/>\n\t<meta property=\"og:image:height\" content=\"561\" \/>\n\t<meta property=\"og:image:type\" content=\"image\/jpeg\" \/>\n<meta name=\"author\" content=\"admin\" \/>\n<meta name=\"twitter:card\" content=\"summary_large_image\" \/>\n<script type=\"application\/ld+json\" class=\"yoast-schema-graph\">{\"@context\":\"https:\\\/\\\/schema.org\",\"@graph\":[{\"@type\":\"Article\",\"@id\":\"https:\\\/\\\/www.organisator.ch\\\/sustainability\\\/2016-02-24\\\/zweites-leben-fuer-batterien-aus-elektrofahrzeugen\\\/#article\",\"isPartOf\":{\"@id\":\"https:\\\/\\\/www.organisator.ch\\\/sustainability\\\/2016-02-24\\\/zweites-leben-fuer-batterien-aus-elektrofahrzeugen\\\/\"},\"author\":{\"name\":\"admin\",\"@id\":\"https:\\\/\\\/www.organisator.ch\\\/#\\\/schema\\\/person\\\/aa2bace6c5c5aad60102004a50c4eb1c\"},\"headline\":\"Zweites Leben f\u00fcr Batterien aus Elektrofahrzeugen\",\"datePublished\":\"2016-02-24T13:45:39+00:00\",\"dateModified\":\"2022-02-09T10:10:14+00:00\",\"mainEntityOfPage\":{\"@id\":\"https:\\\/\\\/www.organisator.ch\\\/sustainability\\\/2016-02-24\\\/zweites-leben-fuer-batterien-aus-elektrofahrzeugen\\\/\"},\"wordCount\":424,\"commentCount\":0,\"publisher\":{\"@id\":\"https:\\\/\\\/www.organisator.ch\\\/#organization\"},\"image\":{\"@id\":\"https:\\\/\\\/www.organisator.ch\\\/sustainability\\\/2016-02-24\\\/zweites-leben-fuer-batterien-aus-elektrofahrzeugen\\\/#primaryimage\"},\"thumbnailUrl\":\"https:\\\/\\\/www.organisator.ch\\\/wp-content\\\/uploads\\\/2016\\\/12\\\/Zweites-Leben-fuer-Batterien-aus-Elektrofahrzeugen-umweltperspektiven.jpg\",\"keywords\":[\"Batterie\",\"E-Mobilit\u00e4t\",\"Elektrofahrzeug\",\"Nachhaltigkeit\",\"Speicher\"],\"articleSection\":[\"SUSTAINABILITY\"],\"inLanguage\":\"it-IT\"},{\"@type\":\"WebPage\",\"@id\":\"https:\\\/\\\/www.organisator.ch\\\/sustainability\\\/2016-02-24\\\/zweites-leben-fuer-batterien-aus-elektrofahrzeugen\\\/\",\"url\":\"https:\\\/\\\/www.organisator.ch\\\/sustainability\\\/2016-02-24\\\/zweites-leben-fuer-batterien-aus-elektrofahrzeugen\\\/\",\"name\":\"Zweites Leben f\u00fcr Batterien aus Elektrofahrzeugen - Organisator\",\"isPartOf\":{\"@id\":\"https:\\\/\\\/www.organisator.ch\\\/#website\"},\"primaryImageOfPage\":{\"@id\":\"https:\\\/\\\/www.organisator.ch\\\/sustainability\\\/2016-02-24\\\/zweites-leben-fuer-batterien-aus-elektrofahrzeugen\\\/#primaryimage\"},\"image\":{\"@id\":\"https:\\\/\\\/www.organisator.ch\\\/sustainability\\\/2016-02-24\\\/zweites-leben-fuer-batterien-aus-elektrofahrzeugen\\\/#primaryimage\"},\"thumbnailUrl\":\"https:\\\/\\\/www.organisator.ch\\\/wp-content\\\/uploads\\\/2016\\\/12\\\/Zweites-Leben-fuer-Batterien-aus-Elektrofahrzeugen-umweltperspektiven.jpg\",\"datePublished\":\"2016-02-24T13:45:39+00:00\",\"dateModified\":\"2022-02-09T10:10:14+00:00\",\"description\":\"Ein Forschungsprojekt untersucht den Einsatz gebrauchter Akkus aus Elektrofahrzeugen in station\u00e4ren Speichersystemen und pr\u00fcfen die Restkapazit\u00e4t.\",\"breadcrumb\":{\"@id\":\"https:\\\/\\\/www.organisator.ch\\\/sustainability\\\/2016-02-24\\\/zweites-leben-fuer-batterien-aus-elektrofahrzeugen\\\/#breadcrumb\"},\"inLanguage\":\"it-IT\",\"potentialAction\":[{\"@type\":\"ReadAction\",\"target\":[\"https:\\\/\\\/www.organisator.ch\\\/sustainability\\\/2016-02-24\\\/zweites-leben-fuer-batterien-aus-elektrofahrzeugen\\\/\"]}]},{\"@type\":\"ImageObject\",\"inLanguage\":\"it-IT\",\"@id\":\"https:\\\/\\\/www.organisator.ch\\\/sustainability\\\/2016-02-24\\\/zweites-leben-fuer-batterien-aus-elektrofahrzeugen\\\/#primaryimage\",\"url\":\"https:\\\/\\\/www.organisator.ch\\\/wp-content\\\/uploads\\\/2016\\\/12\\\/Zweites-Leben-fuer-Batterien-aus-Elektrofahrzeugen-umweltperspektiven.jpg\",\"contentUrl\":\"https:\\\/\\\/www.organisator.ch\\\/wp-content\\\/uploads\\\/2016\\\/12\\\/Zweites-Leben-fuer-Batterien-aus-Elektrofahrzeugen-umweltperspektiven.jpg\",\"width\":1000,\"height\":561,\"caption\":\"Ein zweites Leben f\u00fcr Autoakkus: Ausrangierte Batterien k\u00f6nnen in station\u00e4ren Speichersystemen noch lange n\u00fctzlich sein.\"},{\"@type\":\"BreadcrumbList\",\"@id\":\"https:\\\/\\\/www.organisator.ch\\\/sustainability\\\/2016-02-24\\\/zweites-leben-fuer-batterien-aus-elektrofahrzeugen\\\/#breadcrumb\",\"itemListElement\":[{\"@type\":\"ListItem\",\"position\":1,\"name\":\"Home\",\"item\":\"https:\\\/\\\/www.organisator.ch\\\/\"},{\"@type\":\"ListItem\",\"position\":2,\"name\":\"Zweites Leben f\u00fcr Batterien aus Elektrofahrzeugen\"}]},{\"@type\":\"WebSite\",\"@id\":\"https:\\\/\\\/www.organisator.ch\\\/#website\",\"url\":\"https:\\\/\\\/www.organisator.ch\\\/\",\"name\":\"Organisator\",\"description\":\"Kompetent. Praxisnah. Der ORGANISATOR bereitet in 10 Ausgaben pro Jahr die wesentlichen Themen f\u00fcr F\u00fchrungskr\u00e4fte von KMU auf.\",\"publisher\":{\"@id\":\"https:\\\/\\\/www.organisator.ch\\\/#organization\"},\"potentialAction\":[{\"@type\":\"SearchAction\",\"target\":{\"@type\":\"EntryPoint\",\"urlTemplate\":\"https:\\\/\\\/www.organisator.ch\\\/?s={search_term_string}\"},\"query-input\":{\"@type\":\"PropertyValueSpecification\",\"valueRequired\":true,\"valueName\":\"search_term_string\"}}],\"inLanguage\":\"it-IT\"},{\"@type\":\"Organization\",\"@id\":\"https:\\\/\\\/www.organisator.ch\\\/#organization\",\"name\":\"Organisator\",\"url\":\"https:\\\/\\\/www.organisator.ch\\\/\",\"logo\":{\"@type\":\"ImageObject\",\"inLanguage\":\"it-IT\",\"@id\":\"https:\\\/\\\/www.organisator.ch\\\/#\\\/schema\\\/logo\\\/image\\\/\",\"url\":\"https:\\\/\\\/www.organisator.ch\\\/wp-content\\\/uploads\\\/2022\\\/01\\\/Logo_Organisator_Website.png\",\"contentUrl\":\"https:\\\/\\\/www.organisator.ch\\\/wp-content\\\/uploads\\\/2022\\\/01\\\/Logo_Organisator_Website.png\",\"width\":800,\"height\":77,\"caption\":\"Organisator\"},\"image\":{\"@id\":\"https:\\\/\\\/www.organisator.ch\\\/#\\\/schema\\\/logo\\\/image\\\/\"},\"sameAs\":[\"https:\\\/\\\/www.facebook.com\\\/OrganisatorFachmagazin\",\"https:\\\/\\\/www.linkedin.com\\\/showcase\\\/organisator-das-magazin-fr-kmu\",\"https:\\\/\\\/www.xing.com\\\/news\\\/pages\\\/organisator-ch-695\",\"https:\\\/\\\/www.youtube.com\\\/channel\\\/UCGP2Sq0iWaZwT3BdIAQFYpw\"]},{\"@type\":\"Person\",\"@id\":\"https:\\\/\\\/www.organisator.ch\\\/#\\\/schema\\\/person\\\/aa2bace6c5c5aad60102004a50c4eb1c\",\"name\":\"admin\",\"image\":{\"@type\":\"ImageObject\",\"inLanguage\":\"it-IT\",\"@id\":\"https:\\\/\\\/secure.gravatar.com\\\/avatar\\\/ae2f4d718e6c49043e314ce431e7e645d646302a24a5ef5a8bc8e3f5a032e319?s=96&d=mm&r=g\",\"url\":\"https:\\\/\\\/secure.gravatar.com\\\/avatar\\\/ae2f4d718e6c49043e314ce431e7e645d646302a24a5ef5a8bc8e3f5a032e319?s=96&d=mm&r=g\",\"contentUrl\":\"https:\\\/\\\/secure.gravatar.com\\\/avatar\\\/ae2f4d718e6c49043e314ce431e7e645d646302a24a5ef5a8bc8e3f5a032e319?s=96&d=mm&r=g\",\"caption\":\"admin\"},\"sameAs\":[\"https:\\\/\\\/www.organisator.ch\"],\"url\":\"https:\\\/\\\/www.organisator.ch\\\/it\\\/author\\\/admin\\\/\"}]}<\/script>\n<!-- \/ Yoast SEO plugin. -->","yoast_head_json":{"title":"Seconda vita per le batterie dei veicoli elettrici - Organizzatore","description":"Un progetto di ricerca sta studiando l'uso di batterie usate di veicoli elettrici in sistemi di stoccaggio stazionari e ne sta testando la capacit\u00e0 residua.","robots":{"index":"index","follow":"follow","max-snippet":"max-snippet:-1","max-image-preview":"max-image-preview:large","max-video-preview":"max-video-preview:-1"},"canonical":"https:\/\/www.organisator.ch\/it\/sostenibilita\/2016-02-24\/zweites-leben-fuer-batterien-aus-elektrofahrzeugen\/","og_locale":"it_IT","og_type":"article","og_title":"Zweites Leben f\u00fcr Batterien aus Elektrofahrzeugen - Organisator","og_description":"Ein Forschungsprojekt untersucht den Einsatz gebrauchter Akkus aus Elektrofahrzeugen in station\u00e4ren Speichersystemen und pr\u00fcfen die Restkapazit\u00e4t.","og_url":"https:\/\/www.organisator.ch\/it\/sostenibilita\/2016-02-24\/zweites-leben-fuer-batterien-aus-elektrofahrzeugen\/","og_site_name":"Organisator","article_publisher":"https:\/\/www.facebook.com\/OrganisatorFachmagazin","article_published_time":"2016-02-24T13:45:39+00:00","article_modified_time":"2022-02-09T10:10:14+00:00","og_image":[{"width":1000,"height":561,"url":"https:\/\/www.organisator.ch\/wp-content\/uploads\/2016\/12\/Zweites-Leben-fuer-Batterien-aus-Elektrofahrzeugen-umweltperspektiven.jpg","type":"image\/jpeg"}],"author":"admin","twitter_card":"summary_large_image","schema":{"@context":"https:\/\/schema.org","@graph":[{"@type":"Article","@id":"https:\/\/www.organisator.ch\/sustainability\/2016-02-24\/zweites-leben-fuer-batterien-aus-elektrofahrzeugen\/#article","isPartOf":{"@id":"https:\/\/www.organisator.ch\/sustainability\/2016-02-24\/zweites-leben-fuer-batterien-aus-elektrofahrzeugen\/"},"author":{"name":"admin","@id":"https:\/\/www.organisator.ch\/#\/schema\/person\/aa2bace6c5c5aad60102004a50c4eb1c"},"headline":"Zweites Leben f\u00fcr Batterien aus Elektrofahrzeugen","datePublished":"2016-02-24T13:45:39+00:00","dateModified":"2022-02-09T10:10:14+00:00","mainEntityOfPage":{"@id":"https:\/\/www.organisator.ch\/sustainability\/2016-02-24\/zweites-leben-fuer-batterien-aus-elektrofahrzeugen\/"},"wordCount":424,"commentCount":0,"publisher":{"@id":"https:\/\/www.organisator.ch\/#organization"},"image":{"@id":"https:\/\/www.organisator.ch\/sustainability\/2016-02-24\/zweites-leben-fuer-batterien-aus-elektrofahrzeugen\/#primaryimage"},"thumbnailUrl":"https:\/\/www.organisator.ch\/wp-content\/uploads\/2016\/12\/Zweites-Leben-fuer-Batterien-aus-Elektrofahrzeugen-umweltperspektiven.jpg","keywords":["Batterie","E-Mobilit\u00e4t","Elektrofahrzeug","Nachhaltigkeit","Speicher"],"articleSection":["SUSTAINABILITY"],"inLanguage":"it-IT"},{"@type":"WebPage","@id":"https:\/\/www.organisator.ch\/sustainability\/2016-02-24\/zweites-leben-fuer-batterien-aus-elektrofahrzeugen\/","url":"https:\/\/www.organisator.ch\/sustainability\/2016-02-24\/zweites-leben-fuer-batterien-aus-elektrofahrzeugen\/","name":"Seconda vita per le batterie dei veicoli elettrici - Organizzatore","isPartOf":{"@id":"https:\/\/www.organisator.ch\/#website"},"primaryImageOfPage":{"@id":"https:\/\/www.organisator.ch\/sustainability\/2016-02-24\/zweites-leben-fuer-batterien-aus-elektrofahrzeugen\/#primaryimage"},"image":{"@id":"https:\/\/www.organisator.ch\/sustainability\/2016-02-24\/zweites-leben-fuer-batterien-aus-elektrofahrzeugen\/#primaryimage"},"thumbnailUrl":"https:\/\/www.organisator.ch\/wp-content\/uploads\/2016\/12\/Zweites-Leben-fuer-Batterien-aus-Elektrofahrzeugen-umweltperspektiven.jpg","datePublished":"2016-02-24T13:45:39+00:00","dateModified":"2022-02-09T10:10:14+00:00","description":"Un progetto di ricerca sta studiando l'uso di batterie usate di veicoli elettrici in sistemi di stoccaggio stazionari e ne sta testando la capacit\u00e0 residua.","breadcrumb":{"@id":"https:\/\/www.organisator.ch\/sustainability\/2016-02-24\/zweites-leben-fuer-batterien-aus-elektrofahrzeugen\/#breadcrumb"},"inLanguage":"it-IT","potentialAction":[{"@type":"ReadAction","target":["https:\/\/www.organisator.ch\/sustainability\/2016-02-24\/zweites-leben-fuer-batterien-aus-elektrofahrzeugen\/"]}]},{"@type":"ImageObject","inLanguage":"it-IT","@id":"https:\/\/www.organisator.ch\/sustainability\/2016-02-24\/zweites-leben-fuer-batterien-aus-elektrofahrzeugen\/#primaryimage","url":"https:\/\/www.organisator.ch\/wp-content\/uploads\/2016\/12\/Zweites-Leben-fuer-Batterien-aus-Elektrofahrzeugen-umweltperspektiven.jpg","contentUrl":"https:\/\/www.organisator.ch\/wp-content\/uploads\/2016\/12\/Zweites-Leben-fuer-Batterien-aus-Elektrofahrzeugen-umweltperspektiven.jpg","width":1000,"height":561,"caption":"Ein zweites Leben f\u00fcr Autoakkus: Ausrangierte Batterien k\u00f6nnen in station\u00e4ren Speichersystemen noch lange n\u00fctzlich sein."},{"@type":"BreadcrumbList","@id":"https:\/\/www.organisator.ch\/sustainability\/2016-02-24\/zweites-leben-fuer-batterien-aus-elektrofahrzeugen\/#breadcrumb","itemListElement":[{"@type":"ListItem","position":1,"name":"Home","item":"https:\/\/www.organisator.ch\/"},{"@type":"ListItem","position":2,"name":"Zweites Leben f\u00fcr Batterien aus Elektrofahrzeugen"}]},{"@type":"WebSite","@id":"https:\/\/www.organisator.ch\/#website","url":"https:\/\/www.organisator.ch\/","name":"Organizzatore","description":"Competente. Pratico. In 10 numeri all'anno, ORGANISATOR presenta i temi essenziali per i manager delle PMI.","publisher":{"@id":"https:\/\/www.organisator.ch\/#organization"},"potentialAction":[{"@type":"SearchAction","target":{"@type":"EntryPoint","urlTemplate":"https:\/\/www.organisator.ch\/?s={search_term_string}"},"query-input":{"@type":"PropertyValueSpecification","valueRequired":true,"valueName":"search_term_string"}}],"inLanguage":"it-IT"},{"@type":"Organization","@id":"https:\/\/www.organisator.ch\/#organization","name":"Organizzatore","url":"https:\/\/www.organisator.ch\/","logo":{"@type":"ImageObject","inLanguage":"it-IT","@id":"https:\/\/www.organisator.ch\/#\/schema\/logo\/image\/","url":"https:\/\/www.organisator.ch\/wp-content\/uploads\/2022\/01\/Logo_Organisator_Website.png","contentUrl":"https:\/\/www.organisator.ch\/wp-content\/uploads\/2022\/01\/Logo_Organisator_Website.png","width":800,"height":77,"caption":"Organisator"},"image":{"@id":"https:\/\/www.organisator.ch\/#\/schema\/logo\/image\/"},"sameAs":["https:\/\/www.facebook.com\/OrganisatorFachmagazin","https:\/\/www.linkedin.com\/showcase\/organisator-das-magazin-fr-kmu","https:\/\/www.xing.com\/news\/pages\/organisator-ch-695","https:\/\/www.youtube.com\/channel\/UCGP2Sq0iWaZwT3BdIAQFYpw"]},{"@type":"Person","@id":"https:\/\/www.organisator.ch\/#\/schema\/person\/aa2bace6c5c5aad60102004a50c4eb1c","name":"amministratore","image":{"@type":"ImageObject","inLanguage":"it-IT","@id":"https:\/\/secure.gravatar.com\/avatar\/ae2f4d718e6c49043e314ce431e7e645d646302a24a5ef5a8bc8e3f5a032e319?s=96&d=mm&r=g","url":"https:\/\/secure.gravatar.com\/avatar\/ae2f4d718e6c49043e314ce431e7e645d646302a24a5ef5a8bc8e3f5a032e319?s=96&d=mm&r=g","contentUrl":"https:\/\/secure.gravatar.com\/avatar\/ae2f4d718e6c49043e314ce431e7e645d646302a24a5ef5a8bc8e3f5a032e319?s=96&d=mm&r=g","caption":"admin"},"sameAs":["https:\/\/www.organisator.ch"],"url":"https:\/\/www.organisator.ch\/it\/author\/admin\/"}]}},"_links":{"self":[{"href":"https:\/\/www.organisator.ch\/it\/wp-json\/wp\/v2\/posts\/9919","targetHints":{"allow":["GET"]}}],"collection":[{"href":"https:\/\/www.organisator.ch\/it\/wp-json\/wp\/v2\/posts"}],"about":[{"href":"https:\/\/www.organisator.ch\/it\/wp-json\/wp\/v2\/types\/post"}],"author":[{"embeddable":true,"href":"https:\/\/www.organisator.ch\/it\/wp-json\/wp\/v2\/users\/1"}],"replies":[{"embeddable":true,"href":"https:\/\/www.organisator.ch\/it\/wp-json\/wp\/v2\/comments?post=9919"}],"version-history":[{"count":1,"href":"https:\/\/www.organisator.ch\/it\/wp-json\/wp\/v2\/posts\/9919\/revisions"}],"predecessor-version":[{"id":10969,"href":"https:\/\/www.organisator.ch\/it\/wp-json\/wp\/v2\/posts\/9919\/revisions\/10969"}],"wp:featuredmedia":[{"embeddable":true,"href":"https:\/\/www.organisator.ch\/it\/wp-json\/wp\/v2\/media\/225"}],"wp:attachment":[{"href":"https:\/\/www.organisator.ch\/it\/wp-json\/wp\/v2\/media?parent=9919"}],"wp:term":[{"taxonomy":"category","embeddable":true,"href":"https:\/\/www.organisator.ch\/it\/wp-json\/wp\/v2\/categories?post=9919"},{"taxonomy":"post_tag","embeddable":true,"href":"https:\/\/www.organisator.ch\/it\/wp-json\/wp\/v2\/tags?post=9919"}],"curies":[{"name":"wp","href":"https:\/\/api.w.org\/{rel}","templated":true}]}}