{"id":9923,"date":"2016-03-10T15:03:45","date_gmt":"2016-03-10T14:03:45","guid":{"rendered":"https:\/\/dev.umweltperspektiven.ch\/?p=248"},"modified":"2022-02-09T11:06:25","modified_gmt":"2022-02-09T10:06:25","slug":"durchbruch-fuer-flexible-solarzellen","status":"publish","type":"post","link":"https:\/\/www.organisator.ch\/it\/sustainability\/2016-03-10\/durchbruch-fuer-flexible-solarzellen\/","title":{"rendered":"Un passo avanti per le celle solari flessibili"},"content":{"rendered":"<figure id=\"attachment_249\" aria-describedby=\"caption-attachment-249\" style=\"width: 680px\" class=\"wp-caption alignnone\"><a href=\"\/\/dev.umweltperspektiven.ch\/wp-content\/uploads\/2016\/12\/Durchbruch-f\u00fcr-flexible-Solarzellen-umweltperspektiven.jpg\"><img loading=\"lazy\" decoding=\"async\" class=\"size-medium wp-image-249\" src=\"\/\/dev.umweltperspektiven.ch\/wp-content\/uploads\/2016\/12\/Durchbruch-f\u00fcr-flexible-Solarzellen-umweltperspektiven.jpg\" alt=\"Una fonte di luce flessibile fatta di LED organici (OLED) sviluppata nell&#039;ambito del progetto TREASORES.\" width=\"680\" height=\"510\" \/><\/a><figcaption id=\"caption-attachment-249\" class=\"wp-caption-text\">Una fonte di luce flessibile fatta di LED organici (OLED) sviluppata nell'ambito del progetto TREASORES.<\/figcaption><\/figure>\n<p>Nel novembre 2012, il progetto UE TREASORES (Transparent Electrodes for Large Area Large Scale Production of Organic Optoelectronic Devices) \u00e8 iniziato con l'obiettivo di ridurre notevolmente i costi di produzione di componenti organici come celle solari e pannelli LED. Il progetto \u00e8 stato finanziato con 9 milioni di euro dall'Unione Europea e altri 6 milioni di euro dalle risorse proprie dei partner. Ha prodotto sette brevetti, una dozzina di pubblicazioni scientifiche e contributi significativi alle organizzazioni internazionali di standardizzazione.<\/p>\n<p><strong>Elettrodi flessibili e nuovi film barriera<\/strong><br \/>\nCome risultato pi\u00f9 importante, il progetto ha sviluppato processi di produzione per diversi tipi di elettrodi trasparenti e materiali di barriera per la prossima generazione di optoelettronica flessibile e, in una seconda fase, li ha scalati per la produzione industriale. Tre di questi elettrodi su substrati flessibili - basati su nanotubi di carbonio, fibre metalliche o sottili pellicole d'argento - sono gi\u00e0 in produzione commerciale o dovrebbero arrivare sul mercato quest'anno. La prossima generazione di fonti di luce e di celle solari sar\u00e0 prodotta utilizzando la fabbricazione roll-to-roll, per la quale i nuovi elettrodi sono particolarmente adatti. Un rotolo con sorgenti luminose OLED e il logo del progetto \u00e8 stato prodotto da un tale processo roll-to-roll presso l'Istituto Fraunhofer per l'elettronica organica, il fascio di elettroni e la tecnologia al plasma di Dresda FEP su un sottile elettrodo d'argento sviluppato da Rowo Coating GmbH come parte del progetto.<\/p>\n<p><strong>Sorgenti luminose flessibili - belle e convenienti allo stesso tempo<\/strong><br \/>\nTali tecnologie di processo ridurranno significativamente i prezzi delle fonti di luce e delle celle solari in futuro, ma richiedono elettrodi flessibili e trasparenti e barriere impermeabili, che sono stati sviluppati anche nell'ambito del progetto TREASORES. Gli elettrodi del progetto sono gi\u00e0 efficienti e trasparenti come gli elettrodi della tecnologia attuale (basati su ossido di stagno drogato con indio, ITO), in alcuni casi sono addirittura superiori a questi elettrodi. Tuttavia, possono essere prodotti in modo pi\u00f9 economico e non dipendono dall'importazione di indio sempre pi\u00f9 raro.<br \/>\nTomasz Wanski del Fraunhofer FEP conferma che i nuovi elettrodi hanno raggiunto fonti di luce estremamente omogenee anche su superfici pi\u00f9 grandi, con un'efficienza di 25 lumen per watt - altrettanto buona come i componenti equivalenti della precedente tecnologia OLED, che sono prodotti su lamine individuali utilizzando un processo di produzione pi\u00f9 lento. Nel corso del progetto, al National Physical Laboratory nel Regno Unito sono stati sviluppati anche nuovi metodi di prova per la resistenza alla flessione degli elettrodi - questo test potrebbe portare a un nuovo standard in questo campo.<\/p>\n<p><strong>Pellicole speciali proteggono l'elettronica dall'ossigeno<\/strong><br \/>\nUn altro successo del progetto \u00e8 stata la produzione, il test e l'upscaling della produzione di nuovi film barriera trasparenti - cio\u00e8 film plastici che impediscono all'ossigeno e al vapore acqueo di penetrare e distruggere i componenti organici. \u00c8 stato possibile produrre barriere efficienti e convenienti, che probabilmente potranno essere ulteriormente sviluppate e commercializzate dall'azienda svizzera Amcor Flexibles Kreuzlingen. Tali barriere non permeabili sono essenziali per ottenere la lunga durata delle celle solari organiche e delle fonti di luce necessarie per il successo commerciale.<\/p>\n<p>Come confermato da un'analisi del ciclo di vita (LCA) condotta nel progetto, le celle solari sono commercialmente e ambientalmente valide solo se sia l'efficienza che la durata sono sufficientemente alte. Combinando la produzione di barriere ed elettrodi invece di usare due substrati di plastica separati, i costi di produzione possono essere ulteriormente ridotti e i dispositivi resi pi\u00f9 sottili e flessibili.I dispositivi optoelettronici hanno strati attivi di poche centinaia di nanometri - meno dell'1% del diametro di un capello umano - e anche piccoli difetti di superficie o particelle di polvere invisibili possono ridurre l'efficienza del dispositivo o portare a un'area luminosa disomogenea e a una breve durata.<\/p>\n<p><strong>Know-how di 15 partner di cinque nazioni europee<\/strong><br \/>\nIl progetto TREASORES ha riunito le competenze di nove aziende e sei istituti tecnologici di cinque paesi ed \u00e8 stato guidato da Frank N\u00fcesch dei Laboratori federali svizzeri per la prova dei materiali e la ricerca (Empa).  \"Non vedo l'ora di vedere i primi prodotti commerciali del progetto sul mercato quest'anno\", dice N\u00fcesch.<br \/>\nAnche Michael Niggemann, CTO del produttore di celle solari Eight19 a Cambridge \u00e8 entusiasta: \"Il progetto TREASORES \u00e8 stato un successo per Eight19, poich\u00e9 ha dato importanti contributi alla riduzione dei costi di produzione delle nostre celle solari. Abbiamo cos\u00ec fatto un passo decisivo verso la commercializzazione delle celle solari organiche - basate su una tecnologia che \u00e8 stata sviluppata in Europa\".<\/p>\n<p>Il progetto di ricerca \u00e8 stato sostenuto finanziariamente dal Settimo programma quadro dell'Unione europea, numero di contratto 314068.<\/p>","protected":false},"excerpt":{"rendered":"<p>Im November 2012 startete das EU Projekt TREASORES (Transparent Electrodes for Large Area Large Scale Production of Organic Optoelectronic Devices) mit dem Ziel, die Produktionskosten von organischen Bauteilen wie Solarzellen und LED Paneelen sp\u00fcrbar zu reduzieren. Das Projekt wurde mit 9 Millionen Euro von der Europ\u00e4ischen Union und weiteren 6 Millionen Euro durch Eigenmittel der [&hellip;]<\/p>\n","protected":false},"author":1,"featured_media":9358,"comment_status":"open","ping_status":"open","sticky":false,"template":"","format":"standard","meta":{"_acf_changed":false,"_yoast_wpseo_focuskw":"Solarzellen","_yoast_wpseo_metadesc":"Einem EU-weitem Projekt, an dem auch die Empa beteiligt war, gelang es, das Rolle-zu-Rolle-Verfahren f\u00fcr Leuchtmodule zur Marktreife zu bringen.","articlekey":"","footnotes":""},"categories":[580],"tags":[1194,218,1614,2030],"class_list":["post-9923","post","type-post","status-publish","format-standard","has-post-thumbnail","hentry","category-sustainability","tag-flexible-solarzellen","tag-forschung","tag-led","tag-rolle-zu-rolle"],"acf":[],"yoast_head":"<!-- This site is optimized with the Yoast SEO plugin v27.4 - https:\/\/yoast.com\/product\/yoast-seo-wordpress\/ -->\n<title>Durchbruch f\u00fcr flexible Solarzellen - Organisator<\/title>\n<meta name=\"description\" content=\"Einem EU-weitem Projekt, an dem auch die Empa beteiligt war, gelang es, das Rolle-zu-Rolle-Verfahren f\u00fcr Leuchtmodule zur Marktreife zu bringen.\" \/>\n<meta name=\"robots\" content=\"index, follow, max-snippet:-1, max-image-preview:large, max-video-preview:-1\" \/>\n<link rel=\"canonical\" href=\"https:\/\/www.organisator.ch\/it\/sostenibilita\/2016-03-10\/durchbruch-fuer-flexible-solarzellen\/\" \/>\n<meta property=\"og:locale\" content=\"it_IT\" \/>\n<meta property=\"og:type\" content=\"article\" \/>\n<meta property=\"og:title\" content=\"Durchbruch f\u00fcr flexible Solarzellen - Organisator\" \/>\n<meta property=\"og:description\" content=\"Einem EU-weitem Projekt, an dem auch die Empa beteiligt war, gelang es, das Rolle-zu-Rolle-Verfahren f\u00fcr Leuchtmodule zur Marktreife zu bringen.\" \/>\n<meta property=\"og:url\" content=\"https:\/\/www.organisator.ch\/it\/sostenibilita\/2016-03-10\/durchbruch-fuer-flexible-solarzellen\/\" \/>\n<meta property=\"og:site_name\" content=\"Organisator\" \/>\n<meta property=\"article:publisher\" content=\"https:\/\/www.facebook.com\/OrganisatorFachmagazin\" \/>\n<meta property=\"article:published_time\" content=\"2016-03-10T14:03:45+00:00\" \/>\n<meta property=\"article:modified_time\" content=\"2022-02-09T10:06:25+00:00\" \/>\n<meta property=\"og:image\" content=\"https:\/\/www.organisator.ch\/wp-content\/uploads\/2016\/12\/Durchbruch-fuer-flexible-Solarzellen-umweltperspektiven.jpg\" \/>\n\t<meta property=\"og:image:width\" content=\"2048\" \/>\n\t<meta property=\"og:image:height\" content=\"1536\" \/>\n\t<meta property=\"og:image:type\" content=\"image\/jpeg\" \/>\n<meta name=\"author\" content=\"admin\" \/>\n<meta name=\"twitter:card\" content=\"summary_large_image\" \/>\n<script type=\"application\/ld+json\" class=\"yoast-schema-graph\">{\"@context\":\"https:\\\/\\\/schema.org\",\"@graph\":[{\"@type\":\"Article\",\"@id\":\"https:\\\/\\\/www.organisator.ch\\\/sustainability\\\/2016-03-10\\\/durchbruch-fuer-flexible-solarzellen\\\/#article\",\"isPartOf\":{\"@id\":\"https:\\\/\\\/www.organisator.ch\\\/sustainability\\\/2016-03-10\\\/durchbruch-fuer-flexible-solarzellen\\\/\"},\"author\":{\"name\":\"admin\",\"@id\":\"https:\\\/\\\/www.organisator.ch\\\/#\\\/schema\\\/person\\\/aa2bace6c5c5aad60102004a50c4eb1c\"},\"headline\":\"Durchbruch f\u00fcr flexible Solarzellen\",\"datePublished\":\"2016-03-10T14:03:45+00:00\",\"dateModified\":\"2022-02-09T10:06:25+00:00\",\"mainEntityOfPage\":{\"@id\":\"https:\\\/\\\/www.organisator.ch\\\/sustainability\\\/2016-03-10\\\/durchbruch-fuer-flexible-solarzellen\\\/\"},\"wordCount\":735,\"commentCount\":0,\"publisher\":{\"@id\":\"https:\\\/\\\/www.organisator.ch\\\/#organization\"},\"image\":{\"@id\":\"https:\\\/\\\/www.organisator.ch\\\/sustainability\\\/2016-03-10\\\/durchbruch-fuer-flexible-solarzellen\\\/#primaryimage\"},\"thumbnailUrl\":\"https:\\\/\\\/www.organisator.ch\\\/wp-content\\\/uploads\\\/2016\\\/12\\\/Durchbruch-fuer-flexible-Solarzellen-umweltperspektiven.jpg\",\"keywords\":[\"flexible Solarzellen\",\"Forschung\",\"LED\",\"Rolle-zu-Rolle\"],\"articleSection\":[\"SUSTAINABILITY\"],\"inLanguage\":\"it-IT\"},{\"@type\":\"WebPage\",\"@id\":\"https:\\\/\\\/www.organisator.ch\\\/sustainability\\\/2016-03-10\\\/durchbruch-fuer-flexible-solarzellen\\\/\",\"url\":\"https:\\\/\\\/www.organisator.ch\\\/sustainability\\\/2016-03-10\\\/durchbruch-fuer-flexible-solarzellen\\\/\",\"name\":\"Durchbruch f\u00fcr flexible Solarzellen - Organisator\",\"isPartOf\":{\"@id\":\"https:\\\/\\\/www.organisator.ch\\\/#website\"},\"primaryImageOfPage\":{\"@id\":\"https:\\\/\\\/www.organisator.ch\\\/sustainability\\\/2016-03-10\\\/durchbruch-fuer-flexible-solarzellen\\\/#primaryimage\"},\"image\":{\"@id\":\"https:\\\/\\\/www.organisator.ch\\\/sustainability\\\/2016-03-10\\\/durchbruch-fuer-flexible-solarzellen\\\/#primaryimage\"},\"thumbnailUrl\":\"https:\\\/\\\/www.organisator.ch\\\/wp-content\\\/uploads\\\/2016\\\/12\\\/Durchbruch-fuer-flexible-Solarzellen-umweltperspektiven.jpg\",\"datePublished\":\"2016-03-10T14:03:45+00:00\",\"dateModified\":\"2022-02-09T10:06:25+00:00\",\"description\":\"Einem EU-weitem Projekt, an dem auch die Empa beteiligt war, gelang es, das Rolle-zu-Rolle-Verfahren f\u00fcr Leuchtmodule zur Marktreife zu bringen.\",\"breadcrumb\":{\"@id\":\"https:\\\/\\\/www.organisator.ch\\\/sustainability\\\/2016-03-10\\\/durchbruch-fuer-flexible-solarzellen\\\/#breadcrumb\"},\"inLanguage\":\"it-IT\",\"potentialAction\":[{\"@type\":\"ReadAction\",\"target\":[\"https:\\\/\\\/www.organisator.ch\\\/sustainability\\\/2016-03-10\\\/durchbruch-fuer-flexible-solarzellen\\\/\"]}]},{\"@type\":\"ImageObject\",\"inLanguage\":\"it-IT\",\"@id\":\"https:\\\/\\\/www.organisator.ch\\\/sustainability\\\/2016-03-10\\\/durchbruch-fuer-flexible-solarzellen\\\/#primaryimage\",\"url\":\"https:\\\/\\\/www.organisator.ch\\\/wp-content\\\/uploads\\\/2016\\\/12\\\/Durchbruch-fuer-flexible-Solarzellen-umweltperspektiven.jpg\",\"contentUrl\":\"https:\\\/\\\/www.organisator.ch\\\/wp-content\\\/uploads\\\/2016\\\/12\\\/Durchbruch-fuer-flexible-Solarzellen-umweltperspektiven.jpg\",\"width\":2048,\"height\":1536,\"caption\":\"Eine flexible Lichtquelle aus organischen LED (OLED), die im Rahmen des TREASORES-Projekts entwickelt wurde.\"},{\"@type\":\"BreadcrumbList\",\"@id\":\"https:\\\/\\\/www.organisator.ch\\\/sustainability\\\/2016-03-10\\\/durchbruch-fuer-flexible-solarzellen\\\/#breadcrumb\",\"itemListElement\":[{\"@type\":\"ListItem\",\"position\":1,\"name\":\"Home\",\"item\":\"https:\\\/\\\/www.organisator.ch\\\/\"},{\"@type\":\"ListItem\",\"position\":2,\"name\":\"Durchbruch f\u00fcr flexible Solarzellen\"}]},{\"@type\":\"WebSite\",\"@id\":\"https:\\\/\\\/www.organisator.ch\\\/#website\",\"url\":\"https:\\\/\\\/www.organisator.ch\\\/\",\"name\":\"Organisator\",\"description\":\"Kompetent. Praxisnah. Der ORGANISATOR bereitet in 10 Ausgaben pro Jahr die wesentlichen Themen f\u00fcr F\u00fchrungskr\u00e4fte von KMU auf.\",\"publisher\":{\"@id\":\"https:\\\/\\\/www.organisator.ch\\\/#organization\"},\"potentialAction\":[{\"@type\":\"SearchAction\",\"target\":{\"@type\":\"EntryPoint\",\"urlTemplate\":\"https:\\\/\\\/www.organisator.ch\\\/?s={search_term_string}\"},\"query-input\":{\"@type\":\"PropertyValueSpecification\",\"valueRequired\":true,\"valueName\":\"search_term_string\"}}],\"inLanguage\":\"it-IT\"},{\"@type\":\"Organization\",\"@id\":\"https:\\\/\\\/www.organisator.ch\\\/#organization\",\"name\":\"Organisator\",\"url\":\"https:\\\/\\\/www.organisator.ch\\\/\",\"logo\":{\"@type\":\"ImageObject\",\"inLanguage\":\"it-IT\",\"@id\":\"https:\\\/\\\/www.organisator.ch\\\/#\\\/schema\\\/logo\\\/image\\\/\",\"url\":\"https:\\\/\\\/www.organisator.ch\\\/wp-content\\\/uploads\\\/2022\\\/01\\\/Logo_Organisator_Website.png\",\"contentUrl\":\"https:\\\/\\\/www.organisator.ch\\\/wp-content\\\/uploads\\\/2022\\\/01\\\/Logo_Organisator_Website.png\",\"width\":800,\"height\":77,\"caption\":\"Organisator\"},\"image\":{\"@id\":\"https:\\\/\\\/www.organisator.ch\\\/#\\\/schema\\\/logo\\\/image\\\/\"},\"sameAs\":[\"https:\\\/\\\/www.facebook.com\\\/OrganisatorFachmagazin\",\"https:\\\/\\\/www.linkedin.com\\\/showcase\\\/organisator-das-magazin-fr-kmu\",\"https:\\\/\\\/www.xing.com\\\/news\\\/pages\\\/organisator-ch-695\",\"https:\\\/\\\/www.youtube.com\\\/channel\\\/UCGP2Sq0iWaZwT3BdIAQFYpw\"]},{\"@type\":\"Person\",\"@id\":\"https:\\\/\\\/www.organisator.ch\\\/#\\\/schema\\\/person\\\/aa2bace6c5c5aad60102004a50c4eb1c\",\"name\":\"admin\",\"image\":{\"@type\":\"ImageObject\",\"inLanguage\":\"it-IT\",\"@id\":\"https:\\\/\\\/secure.gravatar.com\\\/avatar\\\/ae2f4d718e6c49043e314ce431e7e645d646302a24a5ef5a8bc8e3f5a032e319?s=96&d=mm&r=g\",\"url\":\"https:\\\/\\\/secure.gravatar.com\\\/avatar\\\/ae2f4d718e6c49043e314ce431e7e645d646302a24a5ef5a8bc8e3f5a032e319?s=96&d=mm&r=g\",\"contentUrl\":\"https:\\\/\\\/secure.gravatar.com\\\/avatar\\\/ae2f4d718e6c49043e314ce431e7e645d646302a24a5ef5a8bc8e3f5a032e319?s=96&d=mm&r=g\",\"caption\":\"admin\"},\"sameAs\":[\"https:\\\/\\\/www.organisator.ch\"],\"url\":\"https:\\\/\\\/www.organisator.ch\\\/it\\\/author\\\/admin\\\/\"}]}<\/script>\n<!-- \/ Yoast SEO plugin. -->","yoast_head_json":{"title":"Una svolta per le celle solari flessibili - Organizzatore","description":"Un progetto a livello europeo, al quale ha partecipato anche l'Empa, \u00e8 riuscito a portare il processo roll-to-roll per i moduli leggeri alla maturit\u00e0 del mercato.","robots":{"index":"index","follow":"follow","max-snippet":"max-snippet:-1","max-image-preview":"max-image-preview:large","max-video-preview":"max-video-preview:-1"},"canonical":"https:\/\/www.organisator.ch\/it\/sostenibilita\/2016-03-10\/durchbruch-fuer-flexible-solarzellen\/","og_locale":"it_IT","og_type":"article","og_title":"Durchbruch f\u00fcr flexible Solarzellen - Organisator","og_description":"Einem EU-weitem Projekt, an dem auch die Empa beteiligt war, gelang es, das Rolle-zu-Rolle-Verfahren f\u00fcr Leuchtmodule zur Marktreife zu bringen.","og_url":"https:\/\/www.organisator.ch\/it\/sostenibilita\/2016-03-10\/durchbruch-fuer-flexible-solarzellen\/","og_site_name":"Organisator","article_publisher":"https:\/\/www.facebook.com\/OrganisatorFachmagazin","article_published_time":"2016-03-10T14:03:45+00:00","article_modified_time":"2022-02-09T10:06:25+00:00","og_image":[{"width":2048,"height":1536,"url":"https:\/\/www.organisator.ch\/wp-content\/uploads\/2016\/12\/Durchbruch-fuer-flexible-Solarzellen-umweltperspektiven.jpg","type":"image\/jpeg"}],"author":"admin","twitter_card":"summary_large_image","schema":{"@context":"https:\/\/schema.org","@graph":[{"@type":"Article","@id":"https:\/\/www.organisator.ch\/sustainability\/2016-03-10\/durchbruch-fuer-flexible-solarzellen\/#article","isPartOf":{"@id":"https:\/\/www.organisator.ch\/sustainability\/2016-03-10\/durchbruch-fuer-flexible-solarzellen\/"},"author":{"name":"admin","@id":"https:\/\/www.organisator.ch\/#\/schema\/person\/aa2bace6c5c5aad60102004a50c4eb1c"},"headline":"Durchbruch f\u00fcr flexible Solarzellen","datePublished":"2016-03-10T14:03:45+00:00","dateModified":"2022-02-09T10:06:25+00:00","mainEntityOfPage":{"@id":"https:\/\/www.organisator.ch\/sustainability\/2016-03-10\/durchbruch-fuer-flexible-solarzellen\/"},"wordCount":735,"commentCount":0,"publisher":{"@id":"https:\/\/www.organisator.ch\/#organization"},"image":{"@id":"https:\/\/www.organisator.ch\/sustainability\/2016-03-10\/durchbruch-fuer-flexible-solarzellen\/#primaryimage"},"thumbnailUrl":"https:\/\/www.organisator.ch\/wp-content\/uploads\/2016\/12\/Durchbruch-fuer-flexible-Solarzellen-umweltperspektiven.jpg","keywords":["flexible Solarzellen","Forschung","LED","Rolle-zu-Rolle"],"articleSection":["SUSTAINABILITY"],"inLanguage":"it-IT"},{"@type":"WebPage","@id":"https:\/\/www.organisator.ch\/sustainability\/2016-03-10\/durchbruch-fuer-flexible-solarzellen\/","url":"https:\/\/www.organisator.ch\/sustainability\/2016-03-10\/durchbruch-fuer-flexible-solarzellen\/","name":"Una svolta per le celle solari flessibili - Organizzatore","isPartOf":{"@id":"https:\/\/www.organisator.ch\/#website"},"primaryImageOfPage":{"@id":"https:\/\/www.organisator.ch\/sustainability\/2016-03-10\/durchbruch-fuer-flexible-solarzellen\/#primaryimage"},"image":{"@id":"https:\/\/www.organisator.ch\/sustainability\/2016-03-10\/durchbruch-fuer-flexible-solarzellen\/#primaryimage"},"thumbnailUrl":"https:\/\/www.organisator.ch\/wp-content\/uploads\/2016\/12\/Durchbruch-fuer-flexible-Solarzellen-umweltperspektiven.jpg","datePublished":"2016-03-10T14:03:45+00:00","dateModified":"2022-02-09T10:06:25+00:00","description":"Un progetto a livello europeo, al quale ha partecipato anche l'Empa, \u00e8 riuscito a portare il processo roll-to-roll per i moduli leggeri alla maturit\u00e0 del mercato.","breadcrumb":{"@id":"https:\/\/www.organisator.ch\/sustainability\/2016-03-10\/durchbruch-fuer-flexible-solarzellen\/#breadcrumb"},"inLanguage":"it-IT","potentialAction":[{"@type":"ReadAction","target":["https:\/\/www.organisator.ch\/sustainability\/2016-03-10\/durchbruch-fuer-flexible-solarzellen\/"]}]},{"@type":"ImageObject","inLanguage":"it-IT","@id":"https:\/\/www.organisator.ch\/sustainability\/2016-03-10\/durchbruch-fuer-flexible-solarzellen\/#primaryimage","url":"https:\/\/www.organisator.ch\/wp-content\/uploads\/2016\/12\/Durchbruch-fuer-flexible-Solarzellen-umweltperspektiven.jpg","contentUrl":"https:\/\/www.organisator.ch\/wp-content\/uploads\/2016\/12\/Durchbruch-fuer-flexible-Solarzellen-umweltperspektiven.jpg","width":2048,"height":1536,"caption":"Eine flexible Lichtquelle aus organischen LED (OLED), die im Rahmen des TREASORES-Projekts entwickelt wurde."},{"@type":"BreadcrumbList","@id":"https:\/\/www.organisator.ch\/sustainability\/2016-03-10\/durchbruch-fuer-flexible-solarzellen\/#breadcrumb","itemListElement":[{"@type":"ListItem","position":1,"name":"Home","item":"https:\/\/www.organisator.ch\/"},{"@type":"ListItem","position":2,"name":"Durchbruch f\u00fcr flexible Solarzellen"}]},{"@type":"WebSite","@id":"https:\/\/www.organisator.ch\/#website","url":"https:\/\/www.organisator.ch\/","name":"Organizzatore","description":"Competente. Pratico. In 10 numeri all'anno, ORGANISATOR presenta i temi essenziali per i manager delle PMI.","publisher":{"@id":"https:\/\/www.organisator.ch\/#organization"},"potentialAction":[{"@type":"SearchAction","target":{"@type":"EntryPoint","urlTemplate":"https:\/\/www.organisator.ch\/?s={search_term_string}"},"query-input":{"@type":"PropertyValueSpecification","valueRequired":true,"valueName":"search_term_string"}}],"inLanguage":"it-IT"},{"@type":"Organization","@id":"https:\/\/www.organisator.ch\/#organization","name":"Organizzatore","url":"https:\/\/www.organisator.ch\/","logo":{"@type":"ImageObject","inLanguage":"it-IT","@id":"https:\/\/www.organisator.ch\/#\/schema\/logo\/image\/","url":"https:\/\/www.organisator.ch\/wp-content\/uploads\/2022\/01\/Logo_Organisator_Website.png","contentUrl":"https:\/\/www.organisator.ch\/wp-content\/uploads\/2022\/01\/Logo_Organisator_Website.png","width":800,"height":77,"caption":"Organisator"},"image":{"@id":"https:\/\/www.organisator.ch\/#\/schema\/logo\/image\/"},"sameAs":["https:\/\/www.facebook.com\/OrganisatorFachmagazin","https:\/\/www.linkedin.com\/showcase\/organisator-das-magazin-fr-kmu","https:\/\/www.xing.com\/news\/pages\/organisator-ch-695","https:\/\/www.youtube.com\/channel\/UCGP2Sq0iWaZwT3BdIAQFYpw"]},{"@type":"Person","@id":"https:\/\/www.organisator.ch\/#\/schema\/person\/aa2bace6c5c5aad60102004a50c4eb1c","name":"amministratore","image":{"@type":"ImageObject","inLanguage":"it-IT","@id":"https:\/\/secure.gravatar.com\/avatar\/ae2f4d718e6c49043e314ce431e7e645d646302a24a5ef5a8bc8e3f5a032e319?s=96&d=mm&r=g","url":"https:\/\/secure.gravatar.com\/avatar\/ae2f4d718e6c49043e314ce431e7e645d646302a24a5ef5a8bc8e3f5a032e319?s=96&d=mm&r=g","contentUrl":"https:\/\/secure.gravatar.com\/avatar\/ae2f4d718e6c49043e314ce431e7e645d646302a24a5ef5a8bc8e3f5a032e319?s=96&d=mm&r=g","caption":"admin"},"sameAs":["https:\/\/www.organisator.ch"],"url":"https:\/\/www.organisator.ch\/it\/author\/admin\/"}]}},"_links":{"self":[{"href":"https:\/\/www.organisator.ch\/it\/wp-json\/wp\/v2\/posts\/9923","targetHints":{"allow":["GET"]}}],"collection":[{"href":"https:\/\/www.organisator.ch\/it\/wp-json\/wp\/v2\/posts"}],"about":[{"href":"https:\/\/www.organisator.ch\/it\/wp-json\/wp\/v2\/types\/post"}],"author":[{"embeddable":true,"href":"https:\/\/www.organisator.ch\/it\/wp-json\/wp\/v2\/users\/1"}],"replies":[{"embeddable":true,"href":"https:\/\/www.organisator.ch\/it\/wp-json\/wp\/v2\/comments?post=9923"}],"version-history":[{"count":1,"href":"https:\/\/www.organisator.ch\/it\/wp-json\/wp\/v2\/posts\/9923\/revisions"}],"predecessor-version":[{"id":10623,"href":"https:\/\/www.organisator.ch\/it\/wp-json\/wp\/v2\/posts\/9923\/revisions\/10623"}],"wp:featuredmedia":[{"embeddable":true,"href":"https:\/\/www.organisator.ch\/it\/wp-json\/wp\/v2\/media\/9358"}],"wp:attachment":[{"href":"https:\/\/www.organisator.ch\/it\/wp-json\/wp\/v2\/media?parent=9923"}],"wp:term":[{"taxonomy":"category","embeddable":true,"href":"https:\/\/www.organisator.ch\/it\/wp-json\/wp\/v2\/categories?post=9923"},{"taxonomy":"post_tag","embeddable":true,"href":"https:\/\/www.organisator.ch\/it\/wp-json\/wp\/v2\/tags?post=9923"}],"curies":[{"name":"wp","href":"https:\/\/api.w.org\/{rel}","templated":true}]}}