{"id":9931,"date":"2016-03-29T15:34:03","date_gmt":"2016-03-29T13:34:03","guid":{"rendered":"https:\/\/dev.umweltperspektiven.ch\/?p=297"},"modified":"2022-02-09T11:06:24","modified_gmt":"2022-02-09T10:06:24","slug":"gesucht-ist-die-batterie-der-zukunft","status":"publish","type":"post","link":"https:\/\/www.organisator.ch\/it\/sustainability\/2016-03-29\/gesucht-ist-die-batterie-der-zukunft\/","title":{"rendered":"Si vuole la batteria del futuro"},"content":{"rendered":"<figure id=\"attachment_298\" aria-describedby=\"caption-attachment-298\" style=\"width: 680px\" class=\"wp-caption alignnone\"><a href=\"\/\/dev.umweltperspektiven.ch\/wp-content\/uploads\/2016\/12\/Gesucht-ist-die-Batterie-der-Zukunft-umweltperspektiven.jpg\"><img loading=\"lazy\" decoding=\"async\" class=\"size-medium wp-image-298\" src=\"\/\/dev.umweltperspektiven.ch\/wp-content\/uploads\/2016\/12\/Gesucht-ist-die-Batterie-der-Zukunft-umweltperspektiven.jpg\" alt=\"Diverse tecnologie sono ai blocchi di partenza per consentire una batteria ancora pi\u00f9 potente.\" width=\"680\" height=\"556\" srcset=\"https:\/\/www.organisator.ch\/wp-content\/uploads\/2016\/12\/Gesucht-ist-die-Batterie-der-Zukunft-umweltperspektiven.jpg 1000w, https:\/\/www.organisator.ch\/wp-content\/uploads\/2016\/12\/Gesucht-ist-die-Batterie-der-Zukunft-umweltperspektiven-680x556.jpg 680w, https:\/\/www.organisator.ch\/wp-content\/uploads\/2016\/12\/Gesucht-ist-die-Batterie-der-Zukunft-umweltperspektiven-768x627.jpg 768w, https:\/\/www.organisator.ch\/wp-content\/uploads\/2016\/12\/Gesucht-ist-die-Batterie-der-Zukunft-umweltperspektiven-15x12.jpg 15w, https:\/\/www.organisator.ch\/wp-content\/uploads\/2016\/12\/Gesucht-ist-die-Batterie-der-Zukunft-umweltperspektiven-214x175.jpg 214w, https:\/\/www.organisator.ch\/wp-content\/uploads\/2016\/12\/Gesucht-ist-die-Batterie-der-Zukunft-umweltperspektiven-428x350.jpg 428w, https:\/\/www.organisator.ch\/wp-content\/uploads\/2016\/12\/Gesucht-ist-die-Batterie-der-Zukunft-umweltperspektiven-979x800.jpg 979w, https:\/\/www.organisator.ch\/wp-content\/uploads\/2016\/12\/Gesucht-ist-die-Batterie-der-Zukunft-umweltperspektiven-920x752.jpg 920w, https:\/\/www.organisator.ch\/wp-content\/uploads\/2016\/12\/Gesucht-ist-die-Batterie-der-Zukunft-umweltperspektiven-300x245.jpg 300w\" sizes=\"auto, (max-width: 680px) 100vw, 680px\" \/><\/a><figcaption id=\"caption-attachment-298\" class=\"wp-caption-text\">Diverse tecnologie sono ai blocchi di partenza per consentire una batteria ancora pi\u00f9 potente.<\/figcaption><\/figure>\n<p>Le batterie ad alta energia della prossima generazione devono succedere alla batteria agli ioni di litio. Ma l'attuale tecnologia delle batterie per applicazioni automobilistiche e stazionarie sar\u00e0 davvero presto obsoleta? Cosa possono ottenere i cosiddetti sistemi di batterie agli ioni di litio? Queste e altre domande vengono affrontate da un nuovo progetto di ricerca condotto al <a href=\"http:\/\/www.uni-muenster.de\/MEET\/\" target=\"_blank\" data-cke-saved-href=\"\/\/www.uni-muenster.de\/MEET\/\" rel=\"noopener\">Centro di ricerca sulle batterie MEET<\/a> della Westphalian Wilhelms University M\u00fcnster (WWU). Il progetto durer\u00e0 tre anni ed \u00e8 finanziato dal Ministero Federale dell'Educazione e della Ricerca (BMBF) con un totale di circa tre milioni di euro.<\/p>\n<p>Oltre ai ricercatori WWU del MEET e del dipartimento di chimica economica, sono coinvolti anche scienziati del centro di ricerca J\u00fclich, dell'Istituto Helmholtz \"Ionics in Energy Storage\" di M\u00fcnster (HI MS), dell'Universit\u00e0 tecnica di Braunschweig e dell'Universit\u00e0 Justus Liebig di Giessen. Il titolo del progetto \u00e8 \"BenchBatt - Benchmarking e valutazione delle prestazioni e dei costi delle batterie agli ioni di litio ad alta energia e ad alta tensione rispetto alle tecnologie post-litio\".<\/p>\n<p><strong>Gamme pi\u00f9 alte per i veicoli elettrici<\/strong><br \/>\nRispetto alle batterie agli ioni di litio, le successive generazioni di batterie avrebbero densit\u00e0 di energia molto pi\u00f9 elevate per peso della batteria, sperano gli esperti. Le sfide: Finora, queste batterie non sarebbero ancora competitive dove lo spazio \u00e8 limitato - per esempio nelle auto elettriche - a causa delle loro maggiori esigenze di spazio. Inoltre, lo sviluppo di questi sistemi \u00e8 ancora allo stadio di ricerca di base.<\/p>\n<p>Oltre ai sistemi litio-aria e litio-zolfo, i candidati per le batterie di domani includono batterie a base di sodio e batterie allo stato solido (\"batterie allo stato solido\"). \"Ci sono numerose sfide da superare prima che siano pronti per il mercato, tra cui gli alti tassi di autoscarica e una breve vita di servizio\", \u00e8 la valutazione del Prof. Dr. Martin Winter, direttore scientifico di MEET e direttore di HI MS.<\/p>\n<p>\"'BenchBatt' permetter\u00e0 di valutare precocemente, realisticamente e in modo scientificamente valido la futura competitivit\u00e0 delle tecnologie delle batterie di prossima generazione - tra l'altro, per quanto riguarda la densit\u00e0 di energia, i costi e la disponibilit\u00e0 delle risorse\", spiega il dottor Richard Kl\u00f6psch, responsabile del progetto al MEET. Per fare questo, gli scienziati confronteranno la generazione pi\u00f9 moderna di sistemi di batterie agli ioni di litio ottimizzati dal punto di vista energetico con i sistemi di prossima generazione, teoricamente e sperimentalmente a livello di materiali, processi e cellule.<\/p>","protected":false},"excerpt":{"rendered":"<p>Hochenergie-Batterien der n\u00e4chsten Generation sollen die Nachfolge der Lithium-Ionen-Batterie antreten. Doch hat die jetzige Batterietechnik f\u00fcr automobile und station\u00e4re Anwendungen wirklich bald ausgedient? Was k\u00f6nnen sogenannte Post-Lithium-Ionen-Batteriesysteme leisten? Diesen und weiteren Fragen widmet sich ein neues Forschungsvorhaben, das am Batterieforschungszentrum MEET der Westf\u00e4lischen Wilhelms-Universit\u00e4t M\u00fcnster (WWU) koordiniert wird. Das Projekt hat eine Laufzeit von drei [&hellip;]<\/p>\n","protected":false},"author":1,"featured_media":298,"comment_status":"open","ping_status":"open","sticky":false,"template":"","format":"standard","meta":{"_acf_changed":false,"_yoast_wpseo_focuskw":"Lithium-Ionen","_yoast_wpseo_metadesc":"Ein neues Forschungsprojekt sucht den Nachfolger der Lithium-Ionen-Batterie. Die Forscher Zielen auf h\u00f6here Energiedichte und geringeres Gewicht.","articlekey":"","footnotes":""},"categories":[580],"tags":[774,1631,1682],"class_list":["post-9931","post","type-post","status-publish","format-standard","has-post-thumbnail","hentry","category-sustainability","tag-batterie","tag-lithium-ionen-batterie","tag-meet"],"acf":[],"yoast_head":"<!-- This site is optimized with the Yoast SEO plugin v27.5 - https:\/\/yoast.com\/product\/yoast-seo-wordpress\/ -->\n<title>Gesucht ist die Batterie der Zukunft - Organisator<\/title>\n<meta name=\"description\" content=\"Ein neues Forschungsprojekt sucht den Nachfolger der Lithium-Ionen-Batterie. Die Forscher Zielen auf h\u00f6here Energiedichte und geringeres Gewicht.\" \/>\n<meta name=\"robots\" content=\"index, follow, max-snippet:-1, max-image-preview:large, max-video-preview:-1\" \/>\n<link rel=\"canonical\" href=\"https:\/\/www.organisator.ch\/it\/sostenibilita\/2016-03-29\/gesucht-ist-die-batterie-der-zukunft\/\" \/>\n<meta property=\"og:locale\" content=\"it_IT\" \/>\n<meta property=\"og:type\" content=\"article\" \/>\n<meta property=\"og:title\" content=\"Gesucht ist die Batterie der Zukunft - Organisator\" \/>\n<meta property=\"og:description\" content=\"Ein neues Forschungsprojekt sucht den Nachfolger der Lithium-Ionen-Batterie. Die Forscher Zielen auf h\u00f6here Energiedichte und geringeres Gewicht.\" \/>\n<meta property=\"og:url\" content=\"https:\/\/www.organisator.ch\/it\/sostenibilita\/2016-03-29\/gesucht-ist-die-batterie-der-zukunft\/\" \/>\n<meta property=\"og:site_name\" content=\"Organisator\" \/>\n<meta property=\"article:publisher\" content=\"https:\/\/www.facebook.com\/OrganisatorFachmagazin\" \/>\n<meta property=\"article:published_time\" content=\"2016-03-29T13:34:03+00:00\" \/>\n<meta property=\"article:modified_time\" content=\"2022-02-09T10:06:24+00:00\" \/>\n<meta property=\"og:image\" content=\"https:\/\/www.organisator.ch\/wp-content\/uploads\/2016\/12\/Gesucht-ist-die-Batterie-der-Zukunft-umweltperspektiven.jpg\" \/>\n\t<meta property=\"og:image:width\" content=\"1000\" \/>\n\t<meta property=\"og:image:height\" content=\"817\" \/>\n\t<meta property=\"og:image:type\" content=\"image\/jpeg\" \/>\n<meta name=\"author\" content=\"admin\" \/>\n<meta name=\"twitter:card\" content=\"summary_large_image\" \/>\n<script type=\"application\/ld+json\" class=\"yoast-schema-graph\">{\"@context\":\"https:\\\/\\\/schema.org\",\"@graph\":[{\"@type\":\"Article\",\"@id\":\"https:\\\/\\\/www.organisator.ch\\\/sustainability\\\/2016-03-29\\\/gesucht-ist-die-batterie-der-zukunft\\\/#article\",\"isPartOf\":{\"@id\":\"https:\\\/\\\/www.organisator.ch\\\/sustainability\\\/2016-03-29\\\/gesucht-ist-die-batterie-der-zukunft\\\/\"},\"author\":{\"name\":\"admin\",\"@id\":\"https:\\\/\\\/www.organisator.ch\\\/#\\\/schema\\\/person\\\/aa2bace6c5c5aad60102004a50c4eb1c\"},\"headline\":\"Gesucht ist die Batterie der Zukunft\",\"datePublished\":\"2016-03-29T13:34:03+00:00\",\"dateModified\":\"2022-02-09T10:06:24+00:00\",\"mainEntityOfPage\":{\"@id\":\"https:\\\/\\\/www.organisator.ch\\\/sustainability\\\/2016-03-29\\\/gesucht-ist-die-batterie-der-zukunft\\\/\"},\"wordCount\":361,\"commentCount\":0,\"publisher\":{\"@id\":\"https:\\\/\\\/www.organisator.ch\\\/#organization\"},\"image\":{\"@id\":\"https:\\\/\\\/www.organisator.ch\\\/sustainability\\\/2016-03-29\\\/gesucht-ist-die-batterie-der-zukunft\\\/#primaryimage\"},\"thumbnailUrl\":\"https:\\\/\\\/www.organisator.ch\\\/wp-content\\\/uploads\\\/2016\\\/12\\\/Gesucht-ist-die-Batterie-der-Zukunft-umweltperspektiven.jpg\",\"keywords\":[\"Batterie\",\"Lithium-Ionen-Batterie\",\"MEET\"],\"articleSection\":[\"SUSTAINABILITY\"],\"inLanguage\":\"it-IT\"},{\"@type\":\"WebPage\",\"@id\":\"https:\\\/\\\/www.organisator.ch\\\/sustainability\\\/2016-03-29\\\/gesucht-ist-die-batterie-der-zukunft\\\/\",\"url\":\"https:\\\/\\\/www.organisator.ch\\\/sustainability\\\/2016-03-29\\\/gesucht-ist-die-batterie-der-zukunft\\\/\",\"name\":\"Gesucht ist die Batterie der Zukunft - Organisator\",\"isPartOf\":{\"@id\":\"https:\\\/\\\/www.organisator.ch\\\/#website\"},\"primaryImageOfPage\":{\"@id\":\"https:\\\/\\\/www.organisator.ch\\\/sustainability\\\/2016-03-29\\\/gesucht-ist-die-batterie-der-zukunft\\\/#primaryimage\"},\"image\":{\"@id\":\"https:\\\/\\\/www.organisator.ch\\\/sustainability\\\/2016-03-29\\\/gesucht-ist-die-batterie-der-zukunft\\\/#primaryimage\"},\"thumbnailUrl\":\"https:\\\/\\\/www.organisator.ch\\\/wp-content\\\/uploads\\\/2016\\\/12\\\/Gesucht-ist-die-Batterie-der-Zukunft-umweltperspektiven.jpg\",\"datePublished\":\"2016-03-29T13:34:03+00:00\",\"dateModified\":\"2022-02-09T10:06:24+00:00\",\"description\":\"Ein neues Forschungsprojekt sucht den Nachfolger der Lithium-Ionen-Batterie. Die Forscher Zielen auf h\u00f6here Energiedichte und geringeres Gewicht.\",\"breadcrumb\":{\"@id\":\"https:\\\/\\\/www.organisator.ch\\\/sustainability\\\/2016-03-29\\\/gesucht-ist-die-batterie-der-zukunft\\\/#breadcrumb\"},\"inLanguage\":\"it-IT\",\"potentialAction\":[{\"@type\":\"ReadAction\",\"target\":[\"https:\\\/\\\/www.organisator.ch\\\/sustainability\\\/2016-03-29\\\/gesucht-ist-die-batterie-der-zukunft\\\/\"]}]},{\"@type\":\"ImageObject\",\"inLanguage\":\"it-IT\",\"@id\":\"https:\\\/\\\/www.organisator.ch\\\/sustainability\\\/2016-03-29\\\/gesucht-ist-die-batterie-der-zukunft\\\/#primaryimage\",\"url\":\"https:\\\/\\\/www.organisator.ch\\\/wp-content\\\/uploads\\\/2016\\\/12\\\/Gesucht-ist-die-Batterie-der-Zukunft-umweltperspektiven.jpg\",\"contentUrl\":\"https:\\\/\\\/www.organisator.ch\\\/wp-content\\\/uploads\\\/2016\\\/12\\\/Gesucht-ist-die-Batterie-der-Zukunft-umweltperspektiven.jpg\",\"width\":1000,\"height\":817,\"caption\":\"Mehrere Technologien stehen in den Startl\u00f6chern, um eine noch leistungsf\u00e4higere Batterie zu erm\u00f6glichen.\"},{\"@type\":\"BreadcrumbList\",\"@id\":\"https:\\\/\\\/www.organisator.ch\\\/sustainability\\\/2016-03-29\\\/gesucht-ist-die-batterie-der-zukunft\\\/#breadcrumb\",\"itemListElement\":[{\"@type\":\"ListItem\",\"position\":1,\"name\":\"Home\",\"item\":\"https:\\\/\\\/www.organisator.ch\\\/\"},{\"@type\":\"ListItem\",\"position\":2,\"name\":\"Gesucht ist die Batterie der Zukunft\"}]},{\"@type\":\"WebSite\",\"@id\":\"https:\\\/\\\/www.organisator.ch\\\/#website\",\"url\":\"https:\\\/\\\/www.organisator.ch\\\/\",\"name\":\"Organisator\",\"description\":\"Kompetent. Praxisnah. Der ORGANISATOR bereitet in 10 Ausgaben pro Jahr die wesentlichen Themen f\u00fcr F\u00fchrungskr\u00e4fte von KMU auf.\",\"publisher\":{\"@id\":\"https:\\\/\\\/www.organisator.ch\\\/#organization\"},\"potentialAction\":[{\"@type\":\"SearchAction\",\"target\":{\"@type\":\"EntryPoint\",\"urlTemplate\":\"https:\\\/\\\/www.organisator.ch\\\/?s={search_term_string}\"},\"query-input\":{\"@type\":\"PropertyValueSpecification\",\"valueRequired\":true,\"valueName\":\"search_term_string\"}}],\"inLanguage\":\"it-IT\"},{\"@type\":\"Organization\",\"@id\":\"https:\\\/\\\/www.organisator.ch\\\/#organization\",\"name\":\"Organisator\",\"url\":\"https:\\\/\\\/www.organisator.ch\\\/\",\"logo\":{\"@type\":\"ImageObject\",\"inLanguage\":\"it-IT\",\"@id\":\"https:\\\/\\\/www.organisator.ch\\\/#\\\/schema\\\/logo\\\/image\\\/\",\"url\":\"https:\\\/\\\/www.organisator.ch\\\/wp-content\\\/uploads\\\/2022\\\/01\\\/Logo_Organisator_Website.png\",\"contentUrl\":\"https:\\\/\\\/www.organisator.ch\\\/wp-content\\\/uploads\\\/2022\\\/01\\\/Logo_Organisator_Website.png\",\"width\":800,\"height\":77,\"caption\":\"Organisator\"},\"image\":{\"@id\":\"https:\\\/\\\/www.organisator.ch\\\/#\\\/schema\\\/logo\\\/image\\\/\"},\"sameAs\":[\"https:\\\/\\\/www.facebook.com\\\/OrganisatorFachmagazin\",\"https:\\\/\\\/www.linkedin.com\\\/showcase\\\/organisator-das-magazin-fr-kmu\",\"https:\\\/\\\/www.xing.com\\\/news\\\/pages\\\/organisator-ch-695\",\"https:\\\/\\\/www.youtube.com\\\/channel\\\/UCGP2Sq0iWaZwT3BdIAQFYpw\"]},{\"@type\":\"Person\",\"@id\":\"https:\\\/\\\/www.organisator.ch\\\/#\\\/schema\\\/person\\\/aa2bace6c5c5aad60102004a50c4eb1c\",\"name\":\"admin\",\"image\":{\"@type\":\"ImageObject\",\"inLanguage\":\"it-IT\",\"@id\":\"https:\\\/\\\/secure.gravatar.com\\\/avatar\\\/ae2f4d718e6c49043e314ce431e7e645d646302a24a5ef5a8bc8e3f5a032e319?s=96&d=mm&r=g\",\"url\":\"https:\\\/\\\/secure.gravatar.com\\\/avatar\\\/ae2f4d718e6c49043e314ce431e7e645d646302a24a5ef5a8bc8e3f5a032e319?s=96&d=mm&r=g\",\"contentUrl\":\"https:\\\/\\\/secure.gravatar.com\\\/avatar\\\/ae2f4d718e6c49043e314ce431e7e645d646302a24a5ef5a8bc8e3f5a032e319?s=96&d=mm&r=g\",\"caption\":\"admin\"},\"sameAs\":[\"https:\\\/\\\/www.organisator.ch\"],\"url\":\"https:\\\/\\\/www.organisator.ch\\\/it\\\/author\\\/admin\\\/\"}]}<\/script>\n<!-- \/ Yoast SEO plugin. -->","yoast_head_json":{"title":"Cercasi batteria del futuro - Organizzatore","description":"Un nuovo progetto di ricerca \u00e8 alla ricerca del successore della batteria agli ioni di litio. I ricercatori puntano a una maggiore densit\u00e0 energetica e a un peso inferiore.","robots":{"index":"index","follow":"follow","max-snippet":"max-snippet:-1","max-image-preview":"max-image-preview:large","max-video-preview":"max-video-preview:-1"},"canonical":"https:\/\/www.organisator.ch\/it\/sostenibilita\/2016-03-29\/gesucht-ist-die-batterie-der-zukunft\/","og_locale":"it_IT","og_type":"article","og_title":"Gesucht ist die Batterie der Zukunft - Organisator","og_description":"Ein neues Forschungsprojekt sucht den Nachfolger der Lithium-Ionen-Batterie. Die Forscher Zielen auf h\u00f6here Energiedichte und geringeres Gewicht.","og_url":"https:\/\/www.organisator.ch\/it\/sostenibilita\/2016-03-29\/gesucht-ist-die-batterie-der-zukunft\/","og_site_name":"Organisator","article_publisher":"https:\/\/www.facebook.com\/OrganisatorFachmagazin","article_published_time":"2016-03-29T13:34:03+00:00","article_modified_time":"2022-02-09T10:06:24+00:00","og_image":[{"width":1000,"height":817,"url":"https:\/\/www.organisator.ch\/wp-content\/uploads\/2016\/12\/Gesucht-ist-die-Batterie-der-Zukunft-umweltperspektiven.jpg","type":"image\/jpeg"}],"author":"admin","twitter_card":"summary_large_image","schema":{"@context":"https:\/\/schema.org","@graph":[{"@type":"Article","@id":"https:\/\/www.organisator.ch\/sustainability\/2016-03-29\/gesucht-ist-die-batterie-der-zukunft\/#article","isPartOf":{"@id":"https:\/\/www.organisator.ch\/sustainability\/2016-03-29\/gesucht-ist-die-batterie-der-zukunft\/"},"author":{"name":"admin","@id":"https:\/\/www.organisator.ch\/#\/schema\/person\/aa2bace6c5c5aad60102004a50c4eb1c"},"headline":"Gesucht ist die Batterie der Zukunft","datePublished":"2016-03-29T13:34:03+00:00","dateModified":"2022-02-09T10:06:24+00:00","mainEntityOfPage":{"@id":"https:\/\/www.organisator.ch\/sustainability\/2016-03-29\/gesucht-ist-die-batterie-der-zukunft\/"},"wordCount":361,"commentCount":0,"publisher":{"@id":"https:\/\/www.organisator.ch\/#organization"},"image":{"@id":"https:\/\/www.organisator.ch\/sustainability\/2016-03-29\/gesucht-ist-die-batterie-der-zukunft\/#primaryimage"},"thumbnailUrl":"https:\/\/www.organisator.ch\/wp-content\/uploads\/2016\/12\/Gesucht-ist-die-Batterie-der-Zukunft-umweltperspektiven.jpg","keywords":["Batterie","Lithium-Ionen-Batterie","MEET"],"articleSection":["SUSTAINABILITY"],"inLanguage":"it-IT"},{"@type":"WebPage","@id":"https:\/\/www.organisator.ch\/sustainability\/2016-03-29\/gesucht-ist-die-batterie-der-zukunft\/","url":"https:\/\/www.organisator.ch\/sustainability\/2016-03-29\/gesucht-ist-die-batterie-der-zukunft\/","name":"Cercasi batteria del futuro - Organizzatore","isPartOf":{"@id":"https:\/\/www.organisator.ch\/#website"},"primaryImageOfPage":{"@id":"https:\/\/www.organisator.ch\/sustainability\/2016-03-29\/gesucht-ist-die-batterie-der-zukunft\/#primaryimage"},"image":{"@id":"https:\/\/www.organisator.ch\/sustainability\/2016-03-29\/gesucht-ist-die-batterie-der-zukunft\/#primaryimage"},"thumbnailUrl":"https:\/\/www.organisator.ch\/wp-content\/uploads\/2016\/12\/Gesucht-ist-die-Batterie-der-Zukunft-umweltperspektiven.jpg","datePublished":"2016-03-29T13:34:03+00:00","dateModified":"2022-02-09T10:06:24+00:00","description":"Un nuovo progetto di ricerca \u00e8 alla ricerca del successore della batteria agli ioni di litio. I ricercatori puntano a una maggiore densit\u00e0 energetica e a un peso inferiore.","breadcrumb":{"@id":"https:\/\/www.organisator.ch\/sustainability\/2016-03-29\/gesucht-ist-die-batterie-der-zukunft\/#breadcrumb"},"inLanguage":"it-IT","potentialAction":[{"@type":"ReadAction","target":["https:\/\/www.organisator.ch\/sustainability\/2016-03-29\/gesucht-ist-die-batterie-der-zukunft\/"]}]},{"@type":"ImageObject","inLanguage":"it-IT","@id":"https:\/\/www.organisator.ch\/sustainability\/2016-03-29\/gesucht-ist-die-batterie-der-zukunft\/#primaryimage","url":"https:\/\/www.organisator.ch\/wp-content\/uploads\/2016\/12\/Gesucht-ist-die-Batterie-der-Zukunft-umweltperspektiven.jpg","contentUrl":"https:\/\/www.organisator.ch\/wp-content\/uploads\/2016\/12\/Gesucht-ist-die-Batterie-der-Zukunft-umweltperspektiven.jpg","width":1000,"height":817,"caption":"Mehrere Technologien stehen in den Startl\u00f6chern, um eine noch leistungsf\u00e4higere Batterie zu erm\u00f6glichen."},{"@type":"BreadcrumbList","@id":"https:\/\/www.organisator.ch\/sustainability\/2016-03-29\/gesucht-ist-die-batterie-der-zukunft\/#breadcrumb","itemListElement":[{"@type":"ListItem","position":1,"name":"Home","item":"https:\/\/www.organisator.ch\/"},{"@type":"ListItem","position":2,"name":"Gesucht ist die Batterie der Zukunft"}]},{"@type":"WebSite","@id":"https:\/\/www.organisator.ch\/#website","url":"https:\/\/www.organisator.ch\/","name":"Organizzatore","description":"Competente. Pratico. In 10 numeri all'anno, ORGANISATOR presenta i temi essenziali per i manager delle PMI.","publisher":{"@id":"https:\/\/www.organisator.ch\/#organization"},"potentialAction":[{"@type":"SearchAction","target":{"@type":"EntryPoint","urlTemplate":"https:\/\/www.organisator.ch\/?s={search_term_string}"},"query-input":{"@type":"PropertyValueSpecification","valueRequired":true,"valueName":"search_term_string"}}],"inLanguage":"it-IT"},{"@type":"Organization","@id":"https:\/\/www.organisator.ch\/#organization","name":"Organizzatore","url":"https:\/\/www.organisator.ch\/","logo":{"@type":"ImageObject","inLanguage":"it-IT","@id":"https:\/\/www.organisator.ch\/#\/schema\/logo\/image\/","url":"https:\/\/www.organisator.ch\/wp-content\/uploads\/2022\/01\/Logo_Organisator_Website.png","contentUrl":"https:\/\/www.organisator.ch\/wp-content\/uploads\/2022\/01\/Logo_Organisator_Website.png","width":800,"height":77,"caption":"Organisator"},"image":{"@id":"https:\/\/www.organisator.ch\/#\/schema\/logo\/image\/"},"sameAs":["https:\/\/www.facebook.com\/OrganisatorFachmagazin","https:\/\/www.linkedin.com\/showcase\/organisator-das-magazin-fr-kmu","https:\/\/www.xing.com\/news\/pages\/organisator-ch-695","https:\/\/www.youtube.com\/channel\/UCGP2Sq0iWaZwT3BdIAQFYpw"]},{"@type":"Person","@id":"https:\/\/www.organisator.ch\/#\/schema\/person\/aa2bace6c5c5aad60102004a50c4eb1c","name":"amministratore","image":{"@type":"ImageObject","inLanguage":"it-IT","@id":"https:\/\/secure.gravatar.com\/avatar\/ae2f4d718e6c49043e314ce431e7e645d646302a24a5ef5a8bc8e3f5a032e319?s=96&d=mm&r=g","url":"https:\/\/secure.gravatar.com\/avatar\/ae2f4d718e6c49043e314ce431e7e645d646302a24a5ef5a8bc8e3f5a032e319?s=96&d=mm&r=g","contentUrl":"https:\/\/secure.gravatar.com\/avatar\/ae2f4d718e6c49043e314ce431e7e645d646302a24a5ef5a8bc8e3f5a032e319?s=96&d=mm&r=g","caption":"admin"},"sameAs":["https:\/\/www.organisator.ch"],"url":"https:\/\/www.organisator.ch\/it\/author\/admin\/"}]}},"_links":{"self":[{"href":"https:\/\/www.organisator.ch\/it\/wp-json\/wp\/v2\/posts\/9931","targetHints":{"allow":["GET"]}}],"collection":[{"href":"https:\/\/www.organisator.ch\/it\/wp-json\/wp\/v2\/posts"}],"about":[{"href":"https:\/\/www.organisator.ch\/it\/wp-json\/wp\/v2\/types\/post"}],"author":[{"embeddable":true,"href":"https:\/\/www.organisator.ch\/it\/wp-json\/wp\/v2\/users\/1"}],"replies":[{"embeddable":true,"href":"https:\/\/www.organisator.ch\/it\/wp-json\/wp\/v2\/comments?post=9931"}],"version-history":[{"count":1,"href":"https:\/\/www.organisator.ch\/it\/wp-json\/wp\/v2\/posts\/9931\/revisions"}],"predecessor-version":[{"id":10621,"href":"https:\/\/www.organisator.ch\/it\/wp-json\/wp\/v2\/posts\/9931\/revisions\/10621"}],"wp:featuredmedia":[{"embeddable":true,"href":"https:\/\/www.organisator.ch\/it\/wp-json\/wp\/v2\/media\/298"}],"wp:attachment":[{"href":"https:\/\/www.organisator.ch\/it\/wp-json\/wp\/v2\/media?parent=9931"}],"wp:term":[{"taxonomy":"category","embeddable":true,"href":"https:\/\/www.organisator.ch\/it\/wp-json\/wp\/v2\/categories?post=9931"},{"taxonomy":"post_tag","embeddable":true,"href":"https:\/\/www.organisator.ch\/it\/wp-json\/wp\/v2\/tags?post=9931"}],"curies":[{"name":"wp","href":"https:\/\/api.w.org\/{rel}","templated":true}]}}