{"id":9933,"date":"2016-03-31T15:39:25","date_gmt":"2016-03-31T13:39:25","guid":{"rendered":"https:\/\/dev.umweltperspektiven.ch\/?p=303"},"modified":"2022-02-09T11:06:58","modified_gmt":"2022-02-09T10:06:58","slug":"westantarktisches-eisschild-schmilzt-noch-schneller-als-befuerchtet","status":"publish","type":"post","link":"https:\/\/www.organisator.ch\/it\/sustainability\/2016-03-31\/westantarktisches-eisschild-schmilzt-noch-schneller-als-befuerchtet\/","title":{"rendered":"Lo strato di ghiaccio dell'Antartide occidentale si scioglie ancora pi\u00f9 velocemente di quanto si temesse"},"content":{"rendered":"<figure id=\"attachment_304\" aria-describedby=\"caption-attachment-304\" style=\"width: 680px\" class=\"wp-caption alignnone\"><a href=\"\/\/dev.umweltperspektiven.ch\/wp-content\/uploads\/2016\/12\/Westantarktisches-Eisschild-schmilzt-noch-schneller-als-bef\u00fcrchtet-umweltperspektiven.jpg\"><img loading=\"lazy\" decoding=\"async\" class=\"size-medium wp-image-304\" src=\"\/\/dev.umweltperspektiven.ch\/wp-content\/uploads\/2016\/12\/Westantarktisches-Eisschild-schmilzt-noch-schneller-als-bef\u00fcrchtet-umweltperspektiven.jpg\" alt=\"Iceberg nell&#039;Antartide occidentale: il degrado delle calotte glaciali \u00e8 ancora pi\u00f9 rapido di quanto si temesse. (Immagine: NASA\/Jane Peterson)\" width=\"680\" height=\"452\" \/><\/a><figcaption id=\"caption-attachment-304\" class=\"wp-caption-text\">Iceberg nell'Antartide occidentale: il degrado delle calotte glaciali \u00e8 ancora pi\u00f9 rapido di quanto si temesse. (Immagine: NASA\/Jane Peterson)<\/figcaption><\/figure>\n<p>La calotta glaciale dell'Atlantico occidentale \u00e8 un serbatoio di acqua dolce con una superficie di circa 200.000 chilometri quadrati. I modelli climatici mostrano che la calotta glaciale pu\u00f2 rompersi anche con un aumento relativamente piccolo della temperatura globale. Se si dissolve completamente, il livello globale del mare si alzer\u00e0 di tre metri o anche pi\u00f9. Finora, tuttavia, la ricerca ha ipotizzato che questi effetti si verifichino solo tra centinaia o addirittura migliaia di anni.<\/p>\n<p>Come il <a href=\"http:\/\/www.nytimes.com\/2016\/03\/31\/science\/global-warming-antarctica-ice-sheet-sea-level-rise.html?hp&amp;action=click&amp;pgtype=Homepage&amp;clickSource=story-heading&amp;module=second-column-region&amp;region=top-news&amp;WT.nav=top-news&amp;_r=0\" target=\"_blank\" data-cke-saved-href=\"\/\/www.nytimes.com\/2016\/03\/31\/science\/global-warming-antarctica-ice-sheet-sea-level-rise.html?hp&amp;action=click&amp;pgtype=Homepage&amp;clickSource=story-heading&amp;module=second-column-region&amp;region=top-news&amp;WT.nav=top-news&amp;_r=0\" rel=\"noopener\">New York Times<\/a> Tuttavia, i rapporti potrebbero avvenire molto prima: I ricercatori di un <a href=\"http:\/\/www.nature.com\/nature\/journal\/v531\/n7596\/full\/nature17145.html\" target=\"_blank\" data-cke-saved-href=\"\/\/www.nature.com\/nature\/journal\/v531\/n7596\/full\/nature17145.html\" rel=\"noopener\">Studiare<\/a>pubblicato sulla rinomata rivista scientifica Nature, ha concluso che lo scudo si deteriorer\u00e0 entro pochi decenni - se le emissioni di gas serra continueranno come ora.<\/p>\n<p><strong>Aumento di un metro<\/strong><br \/>\nSecondo i ricercatori, il livello del mare potrebbe aumentare fino a un metro entro il 2100, con conseguenze catastrofiche. Si tratta di una cifra circa doppia rispetto al precedente scenario peggiore indicato dalle Nazioni Unite.<\/p>\n<p>In seguito, secondo i calcoli climatici, la situazione sar\u00e0 ancora peggiore: ogni 10 anni, il livello del mare dovrebbe aumentare di circa 30 cm fino a raggiungere circa 4 metri sopra il livello attuale. Molte aree costiere, paesi a bassa quota e citt\u00e0 costiere scomparirebbero in mare, tra cui Londra, Venezia, New York, Shanghai e Sydney.<\/p>","protected":false},"excerpt":{"rendered":"<p>Der Westatlantische Eisschild ist ein S\u00fcsswasserspeicher mit rund 200&#8217;000 Quadratkilometern Fl\u00e4che. Klimamodelle zeigen, dass die Eisfl\u00e4che schon bei relativ geringem Anstieg der globalen Temperatur aufbrechen kann. L\u00f6st es sich ganz auf, so steigt der globale Meeresspiegel dadurch um drei Meter oder noch mehr. Bisher hat die Forschung allerdings angenommen, dass diese Auswirkungen erst in hunderten [&hellip;]<\/p>\n","protected":false},"author":1,"featured_media":9367,"comment_status":"open","ping_status":"open","sticky":false,"template":"","format":"standard","meta":{"_acf_changed":false,"_yoast_wpseo_focuskw":"Eisschmelze","_yoast_wpseo_metadesc":"Eine Studie kommt zum Schluss, dass der Meeresspiegel durch den klimabedingten Abbau des Westantarktischen Eisschilds den Meeresspiegel bis zum Jahr 2100 bereits um drei Meter ansteigen lassen k\u00f6nnte.","articlekey":"","footnotes":""},"categories":[580],"tags":[596,1680,1933,2556],"class_list":["post-9933","post","type-post","status-publish","format-standard","has-post-thumbnail","hentry","category-sustainability","tag-klima","tag-meeresspiegel","tag-pole","tag-westantarkischer-eisschild"],"acf":[],"yoast_head":"<!-- This site is optimized with the Yoast SEO plugin v27.4 - https:\/\/yoast.com\/product\/yoast-seo-wordpress\/ -->\n<title>Westantarktisches Eisschild schmilzt noch schneller als bef\u00fcrchtet - Organisator<\/title>\n<meta name=\"description\" content=\"Eine Studie kommt zum Schluss, dass der Meeresspiegel durch den klimabedingten Abbau des Westantarktischen Eisschilds den Meeresspiegel bis zum Jahr 2100 bereits um drei Meter ansteigen lassen k\u00f6nnte.\" \/>\n<meta name=\"robots\" content=\"index, follow, max-snippet:-1, max-image-preview:large, max-video-preview:-1\" \/>\n<link rel=\"canonical\" href=\"https:\/\/www.organisator.ch\/it\/sostenibilita\/2016-03-31\/westantarktisches-eisschild-schmilzt-noch-schneller-als-befuerchtet\/\" \/>\n<meta property=\"og:locale\" content=\"it_IT\" \/>\n<meta property=\"og:type\" content=\"article\" \/>\n<meta property=\"og:title\" content=\"Westantarktisches Eisschild schmilzt noch schneller als bef\u00fcrchtet - Organisator\" \/>\n<meta property=\"og:description\" content=\"Eine Studie kommt zum Schluss, dass der Meeresspiegel durch den klimabedingten Abbau des Westantarktischen Eisschilds den Meeresspiegel bis zum Jahr 2100 bereits um drei Meter ansteigen lassen k\u00f6nnte.\" \/>\n<meta property=\"og:url\" content=\"https:\/\/www.organisator.ch\/it\/sostenibilita\/2016-03-31\/westantarktisches-eisschild-schmilzt-noch-schneller-als-befuerchtet\/\" \/>\n<meta property=\"og:site_name\" content=\"Organisator\" \/>\n<meta property=\"article:publisher\" content=\"https:\/\/www.facebook.com\/OrganisatorFachmagazin\" \/>\n<meta property=\"article:published_time\" content=\"2016-03-31T13:39:25+00:00\" \/>\n<meta property=\"article:modified_time\" content=\"2022-02-09T10:06:58+00:00\" \/>\n<meta property=\"og:image\" content=\"https:\/\/www.organisator.ch\/wp-content\/uploads\/2016\/12\/Westantarktisches-Eisschild-schmilzt-noch-schneller-als-befuerchtet-umweltperspektiven.jpg\" \/>\n\t<meta property=\"og:image:width\" content=\"1346\" \/>\n\t<meta property=\"og:image:height\" content=\"894\" \/>\n\t<meta property=\"og:image:type\" content=\"image\/jpeg\" \/>\n<meta name=\"author\" content=\"admin\" \/>\n<meta name=\"twitter:card\" content=\"summary_large_image\" \/>\n<script type=\"application\/ld+json\" class=\"yoast-schema-graph\">{\"@context\":\"https:\\\/\\\/schema.org\",\"@graph\":[{\"@type\":\"Article\",\"@id\":\"https:\\\/\\\/www.organisator.ch\\\/sustainability\\\/2016-03-31\\\/westantarktisches-eisschild-schmilzt-noch-schneller-als-befuerchtet\\\/#article\",\"isPartOf\":{\"@id\":\"https:\\\/\\\/www.organisator.ch\\\/sustainability\\\/2016-03-31\\\/westantarktisches-eisschild-schmilzt-noch-schneller-als-befuerchtet\\\/\"},\"author\":{\"name\":\"admin\",\"@id\":\"https:\\\/\\\/www.organisator.ch\\\/#\\\/schema\\\/person\\\/aa2bace6c5c5aad60102004a50c4eb1c\"},\"headline\":\"Westantarktisches Eisschild schmilzt noch schneller als bef\u00fcrchtet\",\"datePublished\":\"2016-03-31T13:39:25+00:00\",\"dateModified\":\"2022-02-09T10:06:58+00:00\",\"mainEntityOfPage\":{\"@id\":\"https:\\\/\\\/www.organisator.ch\\\/sustainability\\\/2016-03-31\\\/westantarktisches-eisschild-schmilzt-noch-schneller-als-befuerchtet\\\/\"},\"wordCount\":234,\"commentCount\":0,\"publisher\":{\"@id\":\"https:\\\/\\\/www.organisator.ch\\\/#organization\"},\"image\":{\"@id\":\"https:\\\/\\\/www.organisator.ch\\\/sustainability\\\/2016-03-31\\\/westantarktisches-eisschild-schmilzt-noch-schneller-als-befuerchtet\\\/#primaryimage\"},\"thumbnailUrl\":\"https:\\\/\\\/www.organisator.ch\\\/wp-content\\\/uploads\\\/2016\\\/12\\\/Westantarktisches-Eisschild-schmilzt-noch-schneller-als-befuerchtet-umweltperspektiven.jpg\",\"keywords\":[\"KLIMA\",\"Meeresspiegel\",\"Pole\",\"Westantarkischer Eisschild\"],\"articleSection\":[\"SUSTAINABILITY\"],\"inLanguage\":\"it-IT\"},{\"@type\":\"WebPage\",\"@id\":\"https:\\\/\\\/www.organisator.ch\\\/sustainability\\\/2016-03-31\\\/westantarktisches-eisschild-schmilzt-noch-schneller-als-befuerchtet\\\/\",\"url\":\"https:\\\/\\\/www.organisator.ch\\\/sustainability\\\/2016-03-31\\\/westantarktisches-eisschild-schmilzt-noch-schneller-als-befuerchtet\\\/\",\"name\":\"Westantarktisches Eisschild schmilzt noch schneller als bef\u00fcrchtet - Organisator\",\"isPartOf\":{\"@id\":\"https:\\\/\\\/www.organisator.ch\\\/#website\"},\"primaryImageOfPage\":{\"@id\":\"https:\\\/\\\/www.organisator.ch\\\/sustainability\\\/2016-03-31\\\/westantarktisches-eisschild-schmilzt-noch-schneller-als-befuerchtet\\\/#primaryimage\"},\"image\":{\"@id\":\"https:\\\/\\\/www.organisator.ch\\\/sustainability\\\/2016-03-31\\\/westantarktisches-eisschild-schmilzt-noch-schneller-als-befuerchtet\\\/#primaryimage\"},\"thumbnailUrl\":\"https:\\\/\\\/www.organisator.ch\\\/wp-content\\\/uploads\\\/2016\\\/12\\\/Westantarktisches-Eisschild-schmilzt-noch-schneller-als-befuerchtet-umweltperspektiven.jpg\",\"datePublished\":\"2016-03-31T13:39:25+00:00\",\"dateModified\":\"2022-02-09T10:06:58+00:00\",\"description\":\"Eine Studie kommt zum Schluss, dass der Meeresspiegel durch den klimabedingten Abbau des Westantarktischen Eisschilds den Meeresspiegel bis zum Jahr 2100 bereits um drei Meter ansteigen lassen k\u00f6nnte.\",\"breadcrumb\":{\"@id\":\"https:\\\/\\\/www.organisator.ch\\\/sustainability\\\/2016-03-31\\\/westantarktisches-eisschild-schmilzt-noch-schneller-als-befuerchtet\\\/#breadcrumb\"},\"inLanguage\":\"it-IT\",\"potentialAction\":[{\"@type\":\"ReadAction\",\"target\":[\"https:\\\/\\\/www.organisator.ch\\\/sustainability\\\/2016-03-31\\\/westantarktisches-eisschild-schmilzt-noch-schneller-als-befuerchtet\\\/\"]}]},{\"@type\":\"ImageObject\",\"inLanguage\":\"it-IT\",\"@id\":\"https:\\\/\\\/www.organisator.ch\\\/sustainability\\\/2016-03-31\\\/westantarktisches-eisschild-schmilzt-noch-schneller-als-befuerchtet\\\/#primaryimage\",\"url\":\"https:\\\/\\\/www.organisator.ch\\\/wp-content\\\/uploads\\\/2016\\\/12\\\/Westantarktisches-Eisschild-schmilzt-noch-schneller-als-befuerchtet-umweltperspektiven.jpg\",\"contentUrl\":\"https:\\\/\\\/www.organisator.ch\\\/wp-content\\\/uploads\\\/2016\\\/12\\\/Westantarktisches-Eisschild-schmilzt-noch-schneller-als-befuerchtet-umweltperspektiven.jpg\",\"width\":1346,\"height\":894,\"caption\":\"Eisberg in der Westantarktis: Der Abbau der Eisschilde geht noch schneller als bef\u00fcrchtet. (Bild: NASA\\\/Jane Peterson)\"},{\"@type\":\"BreadcrumbList\",\"@id\":\"https:\\\/\\\/www.organisator.ch\\\/sustainability\\\/2016-03-31\\\/westantarktisches-eisschild-schmilzt-noch-schneller-als-befuerchtet\\\/#breadcrumb\",\"itemListElement\":[{\"@type\":\"ListItem\",\"position\":1,\"name\":\"Home\",\"item\":\"https:\\\/\\\/www.organisator.ch\\\/\"},{\"@type\":\"ListItem\",\"position\":2,\"name\":\"Westantarktisches Eisschild schmilzt noch schneller als bef\u00fcrchtet\"}]},{\"@type\":\"WebSite\",\"@id\":\"https:\\\/\\\/www.organisator.ch\\\/#website\",\"url\":\"https:\\\/\\\/www.organisator.ch\\\/\",\"name\":\"Organisator\",\"description\":\"Kompetent. Praxisnah. Der ORGANISATOR bereitet in 10 Ausgaben pro Jahr die wesentlichen Themen f\u00fcr F\u00fchrungskr\u00e4fte von KMU auf.\",\"publisher\":{\"@id\":\"https:\\\/\\\/www.organisator.ch\\\/#organization\"},\"potentialAction\":[{\"@type\":\"SearchAction\",\"target\":{\"@type\":\"EntryPoint\",\"urlTemplate\":\"https:\\\/\\\/www.organisator.ch\\\/?s={search_term_string}\"},\"query-input\":{\"@type\":\"PropertyValueSpecification\",\"valueRequired\":true,\"valueName\":\"search_term_string\"}}],\"inLanguage\":\"it-IT\"},{\"@type\":\"Organization\",\"@id\":\"https:\\\/\\\/www.organisator.ch\\\/#organization\",\"name\":\"Organisator\",\"url\":\"https:\\\/\\\/www.organisator.ch\\\/\",\"logo\":{\"@type\":\"ImageObject\",\"inLanguage\":\"it-IT\",\"@id\":\"https:\\\/\\\/www.organisator.ch\\\/#\\\/schema\\\/logo\\\/image\\\/\",\"url\":\"https:\\\/\\\/www.organisator.ch\\\/wp-content\\\/uploads\\\/2022\\\/01\\\/Logo_Organisator_Website.png\",\"contentUrl\":\"https:\\\/\\\/www.organisator.ch\\\/wp-content\\\/uploads\\\/2022\\\/01\\\/Logo_Organisator_Website.png\",\"width\":800,\"height\":77,\"caption\":\"Organisator\"},\"image\":{\"@id\":\"https:\\\/\\\/www.organisator.ch\\\/#\\\/schema\\\/logo\\\/image\\\/\"},\"sameAs\":[\"https:\\\/\\\/www.facebook.com\\\/OrganisatorFachmagazin\",\"https:\\\/\\\/www.linkedin.com\\\/showcase\\\/organisator-das-magazin-fr-kmu\",\"https:\\\/\\\/www.xing.com\\\/news\\\/pages\\\/organisator-ch-695\",\"https:\\\/\\\/www.youtube.com\\\/channel\\\/UCGP2Sq0iWaZwT3BdIAQFYpw\"]},{\"@type\":\"Person\",\"@id\":\"https:\\\/\\\/www.organisator.ch\\\/#\\\/schema\\\/person\\\/aa2bace6c5c5aad60102004a50c4eb1c\",\"name\":\"admin\",\"image\":{\"@type\":\"ImageObject\",\"inLanguage\":\"it-IT\",\"@id\":\"https:\\\/\\\/secure.gravatar.com\\\/avatar\\\/ae2f4d718e6c49043e314ce431e7e645d646302a24a5ef5a8bc8e3f5a032e319?s=96&d=mm&r=g\",\"url\":\"https:\\\/\\\/secure.gravatar.com\\\/avatar\\\/ae2f4d718e6c49043e314ce431e7e645d646302a24a5ef5a8bc8e3f5a032e319?s=96&d=mm&r=g\",\"contentUrl\":\"https:\\\/\\\/secure.gravatar.com\\\/avatar\\\/ae2f4d718e6c49043e314ce431e7e645d646302a24a5ef5a8bc8e3f5a032e319?s=96&d=mm&r=g\",\"caption\":\"admin\"},\"sameAs\":[\"https:\\\/\\\/www.organisator.ch\"],\"url\":\"https:\\\/\\\/www.organisator.ch\\\/it\\\/author\\\/admin\\\/\"}]}<\/script>\n<!-- \/ Yoast SEO plugin. -->","yoast_head_json":{"title":"Lo scioglimento della calotta glaciale dell'Antartide occidentale \u00e8 ancora pi\u00f9 rapido di quanto si temesse - Organizzatore","description":"Uno studio conclude che l'esaurimento della calotta glaciale dell'Antartide occidentale indotto dal clima potrebbe causare un innalzamento del livello del mare fino a tre metri entro il 2100.","robots":{"index":"index","follow":"follow","max-snippet":"max-snippet:-1","max-image-preview":"max-image-preview:large","max-video-preview":"max-video-preview:-1"},"canonical":"https:\/\/www.organisator.ch\/it\/sostenibilita\/2016-03-31\/westantarktisches-eisschild-schmilzt-noch-schneller-als-befuerchtet\/","og_locale":"it_IT","og_type":"article","og_title":"Westantarktisches Eisschild schmilzt noch schneller als bef\u00fcrchtet - Organisator","og_description":"Eine Studie kommt zum Schluss, dass der Meeresspiegel durch den klimabedingten Abbau des Westantarktischen Eisschilds den Meeresspiegel bis zum Jahr 2100 bereits um drei Meter ansteigen lassen k\u00f6nnte.","og_url":"https:\/\/www.organisator.ch\/it\/sostenibilita\/2016-03-31\/westantarktisches-eisschild-schmilzt-noch-schneller-als-befuerchtet\/","og_site_name":"Organisator","article_publisher":"https:\/\/www.facebook.com\/OrganisatorFachmagazin","article_published_time":"2016-03-31T13:39:25+00:00","article_modified_time":"2022-02-09T10:06:58+00:00","og_image":[{"width":1346,"height":894,"url":"https:\/\/www.organisator.ch\/wp-content\/uploads\/2016\/12\/Westantarktisches-Eisschild-schmilzt-noch-schneller-als-befuerchtet-umweltperspektiven.jpg","type":"image\/jpeg"}],"author":"admin","twitter_card":"summary_large_image","schema":{"@context":"https:\/\/schema.org","@graph":[{"@type":"Article","@id":"https:\/\/www.organisator.ch\/sustainability\/2016-03-31\/westantarktisches-eisschild-schmilzt-noch-schneller-als-befuerchtet\/#article","isPartOf":{"@id":"https:\/\/www.organisator.ch\/sustainability\/2016-03-31\/westantarktisches-eisschild-schmilzt-noch-schneller-als-befuerchtet\/"},"author":{"name":"admin","@id":"https:\/\/www.organisator.ch\/#\/schema\/person\/aa2bace6c5c5aad60102004a50c4eb1c"},"headline":"Westantarktisches Eisschild schmilzt noch schneller als bef\u00fcrchtet","datePublished":"2016-03-31T13:39:25+00:00","dateModified":"2022-02-09T10:06:58+00:00","mainEntityOfPage":{"@id":"https:\/\/www.organisator.ch\/sustainability\/2016-03-31\/westantarktisches-eisschild-schmilzt-noch-schneller-als-befuerchtet\/"},"wordCount":234,"commentCount":0,"publisher":{"@id":"https:\/\/www.organisator.ch\/#organization"},"image":{"@id":"https:\/\/www.organisator.ch\/sustainability\/2016-03-31\/westantarktisches-eisschild-schmilzt-noch-schneller-als-befuerchtet\/#primaryimage"},"thumbnailUrl":"https:\/\/www.organisator.ch\/wp-content\/uploads\/2016\/12\/Westantarktisches-Eisschild-schmilzt-noch-schneller-als-befuerchtet-umweltperspektiven.jpg","keywords":["KLIMA","Meeresspiegel","Pole","Westantarkischer Eisschild"],"articleSection":["SUSTAINABILITY"],"inLanguage":"it-IT"},{"@type":"WebPage","@id":"https:\/\/www.organisator.ch\/sustainability\/2016-03-31\/westantarktisches-eisschild-schmilzt-noch-schneller-als-befuerchtet\/","url":"https:\/\/www.organisator.ch\/sustainability\/2016-03-31\/westantarktisches-eisschild-schmilzt-noch-schneller-als-befuerchtet\/","name":"Lo scioglimento della calotta glaciale dell'Antartide occidentale \u00e8 ancora pi\u00f9 rapido di quanto si temesse - Organizzatore","isPartOf":{"@id":"https:\/\/www.organisator.ch\/#website"},"primaryImageOfPage":{"@id":"https:\/\/www.organisator.ch\/sustainability\/2016-03-31\/westantarktisches-eisschild-schmilzt-noch-schneller-als-befuerchtet\/#primaryimage"},"image":{"@id":"https:\/\/www.organisator.ch\/sustainability\/2016-03-31\/westantarktisches-eisschild-schmilzt-noch-schneller-als-befuerchtet\/#primaryimage"},"thumbnailUrl":"https:\/\/www.organisator.ch\/wp-content\/uploads\/2016\/12\/Westantarktisches-Eisschild-schmilzt-noch-schneller-als-befuerchtet-umweltperspektiven.jpg","datePublished":"2016-03-31T13:39:25+00:00","dateModified":"2022-02-09T10:06:58+00:00","description":"Uno studio conclude che l'esaurimento della calotta glaciale dell'Antartide occidentale indotto dal clima potrebbe causare un innalzamento del livello del mare fino a tre metri entro il 2100.","breadcrumb":{"@id":"https:\/\/www.organisator.ch\/sustainability\/2016-03-31\/westantarktisches-eisschild-schmilzt-noch-schneller-als-befuerchtet\/#breadcrumb"},"inLanguage":"it-IT","potentialAction":[{"@type":"ReadAction","target":["https:\/\/www.organisator.ch\/sustainability\/2016-03-31\/westantarktisches-eisschild-schmilzt-noch-schneller-als-befuerchtet\/"]}]},{"@type":"ImageObject","inLanguage":"it-IT","@id":"https:\/\/www.organisator.ch\/sustainability\/2016-03-31\/westantarktisches-eisschild-schmilzt-noch-schneller-als-befuerchtet\/#primaryimage","url":"https:\/\/www.organisator.ch\/wp-content\/uploads\/2016\/12\/Westantarktisches-Eisschild-schmilzt-noch-schneller-als-befuerchtet-umweltperspektiven.jpg","contentUrl":"https:\/\/www.organisator.ch\/wp-content\/uploads\/2016\/12\/Westantarktisches-Eisschild-schmilzt-noch-schneller-als-befuerchtet-umweltperspektiven.jpg","width":1346,"height":894,"caption":"Eisberg in der Westantarktis: Der Abbau der Eisschilde geht noch schneller als bef\u00fcrchtet. (Bild: NASA\/Jane Peterson)"},{"@type":"BreadcrumbList","@id":"https:\/\/www.organisator.ch\/sustainability\/2016-03-31\/westantarktisches-eisschild-schmilzt-noch-schneller-als-befuerchtet\/#breadcrumb","itemListElement":[{"@type":"ListItem","position":1,"name":"Home","item":"https:\/\/www.organisator.ch\/"},{"@type":"ListItem","position":2,"name":"Westantarktisches Eisschild schmilzt noch schneller als bef\u00fcrchtet"}]},{"@type":"WebSite","@id":"https:\/\/www.organisator.ch\/#website","url":"https:\/\/www.organisator.ch\/","name":"Organizzatore","description":"Competente. Pratico. In 10 numeri all'anno, ORGANISATOR presenta i temi essenziali per i manager delle PMI.","publisher":{"@id":"https:\/\/www.organisator.ch\/#organization"},"potentialAction":[{"@type":"SearchAction","target":{"@type":"EntryPoint","urlTemplate":"https:\/\/www.organisator.ch\/?s={search_term_string}"},"query-input":{"@type":"PropertyValueSpecification","valueRequired":true,"valueName":"search_term_string"}}],"inLanguage":"it-IT"},{"@type":"Organization","@id":"https:\/\/www.organisator.ch\/#organization","name":"Organizzatore","url":"https:\/\/www.organisator.ch\/","logo":{"@type":"ImageObject","inLanguage":"it-IT","@id":"https:\/\/www.organisator.ch\/#\/schema\/logo\/image\/","url":"https:\/\/www.organisator.ch\/wp-content\/uploads\/2022\/01\/Logo_Organisator_Website.png","contentUrl":"https:\/\/www.organisator.ch\/wp-content\/uploads\/2022\/01\/Logo_Organisator_Website.png","width":800,"height":77,"caption":"Organisator"},"image":{"@id":"https:\/\/www.organisator.ch\/#\/schema\/logo\/image\/"},"sameAs":["https:\/\/www.facebook.com\/OrganisatorFachmagazin","https:\/\/www.linkedin.com\/showcase\/organisator-das-magazin-fr-kmu","https:\/\/www.xing.com\/news\/pages\/organisator-ch-695","https:\/\/www.youtube.com\/channel\/UCGP2Sq0iWaZwT3BdIAQFYpw"]},{"@type":"Person","@id":"https:\/\/www.organisator.ch\/#\/schema\/person\/aa2bace6c5c5aad60102004a50c4eb1c","name":"amministratore","image":{"@type":"ImageObject","inLanguage":"it-IT","@id":"https:\/\/secure.gravatar.com\/avatar\/ae2f4d718e6c49043e314ce431e7e645d646302a24a5ef5a8bc8e3f5a032e319?s=96&d=mm&r=g","url":"https:\/\/secure.gravatar.com\/avatar\/ae2f4d718e6c49043e314ce431e7e645d646302a24a5ef5a8bc8e3f5a032e319?s=96&d=mm&r=g","contentUrl":"https:\/\/secure.gravatar.com\/avatar\/ae2f4d718e6c49043e314ce431e7e645d646302a24a5ef5a8bc8e3f5a032e319?s=96&d=mm&r=g","caption":"admin"},"sameAs":["https:\/\/www.organisator.ch"],"url":"https:\/\/www.organisator.ch\/it\/author\/admin\/"}]}},"_links":{"self":[{"href":"https:\/\/www.organisator.ch\/it\/wp-json\/wp\/v2\/posts\/9933","targetHints":{"allow":["GET"]}}],"collection":[{"href":"https:\/\/www.organisator.ch\/it\/wp-json\/wp\/v2\/posts"}],"about":[{"href":"https:\/\/www.organisator.ch\/it\/wp-json\/wp\/v2\/types\/post"}],"author":[{"embeddable":true,"href":"https:\/\/www.organisator.ch\/it\/wp-json\/wp\/v2\/users\/1"}],"replies":[{"embeddable":true,"href":"https:\/\/www.organisator.ch\/it\/wp-json\/wp\/v2\/comments?post=9933"}],"version-history":[{"count":1,"href":"https:\/\/www.organisator.ch\/it\/wp-json\/wp\/v2\/posts\/9933\/revisions"}],"predecessor-version":[{"id":10756,"href":"https:\/\/www.organisator.ch\/it\/wp-json\/wp\/v2\/posts\/9933\/revisions\/10756"}],"wp:featuredmedia":[{"embeddable":true,"href":"https:\/\/www.organisator.ch\/it\/wp-json\/wp\/v2\/media\/9367"}],"wp:attachment":[{"href":"https:\/\/www.organisator.ch\/it\/wp-json\/wp\/v2\/media?parent=9933"}],"wp:term":[{"taxonomy":"category","embeddable":true,"href":"https:\/\/www.organisator.ch\/it\/wp-json\/wp\/v2\/categories?post=9933"},{"taxonomy":"post_tag","embeddable":true,"href":"https:\/\/www.organisator.ch\/it\/wp-json\/wp\/v2\/tags?post=9933"}],"curies":[{"name":"wp","href":"https:\/\/api.w.org\/{rel}","templated":true}]}}