{"id":9939,"date":"2016-04-25T15:55:29","date_gmt":"2016-04-25T13:55:29","guid":{"rendered":"https:\/\/dev.umweltperspektiven.ch\/?p=332"},"modified":"2022-02-09T11:06:58","modified_gmt":"2022-02-09T10:06:58","slug":"schweiz-unterzeichnet-pariser-klimaschutz-abkommen","status":"publish","type":"post","link":"https:\/\/www.organisator.ch\/it\/sustainability\/2016-04-25\/schweiz-unterzeichnet-pariser-klimaschutz-abkommen\/","title":{"rendered":"La Svizzera firma l'accordo di Parigi sulla protezione del clima"},"content":{"rendered":"<p>&nbsp;<\/p>\n<figure id=\"attachment_333\" aria-describedby=\"caption-attachment-333\" style=\"width: 680px\" class=\"wp-caption alignnone\"><a href=\"\/\/dev.umweltperspektiven.ch\/wp-content\/uploads\/2016\/12\/Schweiz-unterzeichnet-Pariser-Klimaschutz-Abkommen-umweltperspektiven.jpg\"><img loading=\"lazy\" decoding=\"async\" class=\"size-medium wp-image-333\" src=\"\/\/dev.umweltperspektiven.ch\/wp-content\/uploads\/2016\/12\/Schweiz-unterzeichnet-Pariser-Klimaschutz-Abkommen-umweltperspektiven.jpg\" alt=\"Sede delle Nazioni Unite a New York: 175 parti hanno firmato l&#039;accordo di protezione del clima.\" width=\"680\" height=\"455\" \/><\/a><figcaption id=\"caption-attachment-333\" class=\"wp-caption-text\">Sede delle Nazioni Unite a New York: 175 parti hanno firmato l'accordo di protezione del clima.<\/figcaption><\/figure>\n<p>La consigliera federale Doris Leuthard ha firmato l'accordo di Parigi sulla protezione del clima a nome della Svizzera durante una cerimonia ufficiale nella sede dell'ONU a New York il 22 aprile. Il capo del DETEC l'ha lodato come una \"solida base per l'innovazione e le nuove tecnologie verso un'economia a basse emissioni\". L'accordo deve ora essere attuato rapidamente.<\/p>\n<p>Mai prima d'ora il mondo \u00e8 stato cos\u00ec unito sulla protezione del clima, ha sottolineato la consigliera federale Leuthard. L'accordo di Parigi obbliga tutti i paesi a prendere misure per limitare il riscaldamento globale. \"Con pi\u00f9 energia rinnovabile, pi\u00f9 trasporto a zero emissioni di CO2 e con pi\u00f9 efficienza energetica, possiamo ridurre significativamente le emissioni di gas serra\", ha detto il capo del DETEC.<\/p>\n<p><strong>Creare posti di lavoro<\/strong><\/p>\n<p>Inoltre, gli investimenti nei settori a bassa emissione di carbonio sono contributi efficaci alla creazione di posti di lavoro in un'economia in crescita sostenibile, ha detto Leuthard. L'accordo di Parigi deve ora essere attuato rapidamente da ogni paese. Non c'\u00e8 bisogno di aspettare l'entrata in vigore dell'accordo per prendere misure concrete.<\/p>\n<p>La Svizzera persegue l'obiettivo di ridurre le emissioni di gas a effetto serra del 50% rispetto ai livelli del 1990 entro il 2030. A tal fine, il Consiglio federale vuole rivedere la legge sul CO2 e rafforzare strumenti collaudati come la tassa sul CO2 sui carburanti. La ratifica dell'accordo di Parigi richiede l'approvazione del parlamento.<\/p>\n<p>174 paesi e l'Unione Europea hanno firmato l'accordo; 15 stati hanno gi\u00e0 proposto elementi di ratifica. Il segretario generale delle Nazioni Unite Ba Ki Moon ha salutato la cerimonia come un momento storico: \"Mai prima d'ora un numero cos\u00ec grande di paesi ha firmato un accordo internazionale in un solo giorno\", ha detto.<\/p>","protected":false},"excerpt":{"rendered":"<p>&nbsp; Bundesr\u00e4tin Doris Leuthard hat am 22. April im Rahmen einer offiziellen Zeremonie am UNO-Hauptsitz in New York f\u00fcr die Schweiz das Pariser Klimaschutz-Abkommen unterzeichnet. Die UVEK-Vorsteherin w\u00fcrdigte es als \u201esolides Fundament f\u00fcr Innovation und neue Technologien hin zu einer emissionsarmen Wirtschaft.\u201c Nun sei das Abkommen z\u00fcgig umzusetzen. Nie zuvor sei sich die Welt beim [&hellip;]<\/p>\n","protected":false},"author":1,"featured_media":9373,"comment_status":"open","ping_status":"open","sticky":false,"template":"","format":"standard","meta":{"_acf_changed":false,"_yoast_wpseo_focuskw":"Abkommen","_yoast_wpseo_metadesc":"Bundesr\u00e4tin Doris Leuthard fordert bei der Unterzeichnung, das Abkommen z\u00fcgig umzusetzen. Nie zuvor sei sich die Welt beim Klimaschutz so einig gewesen.","articlekey":"","footnotes":""},"categories":[580],"tags":[100,1523,1624,1884],"class_list":["post-9939","post","type-post","status-publish","format-standard","has-post-thumbnail","hentry","category-sustainability","tag-bundesrat","tag-klimaschutz-abkommen","tag-leuthard","tag-paris"],"acf":[],"yoast_head":"<!-- This site is optimized with the Yoast SEO plugin v27.5 - https:\/\/yoast.com\/product\/yoast-seo-wordpress\/ -->\n<title>Schweiz unterzeichnet Pariser Klimaschutz-Abkommen - Organisator<\/title>\n<meta name=\"description\" content=\"Bundesr\u00e4tin Doris Leuthard fordert bei der Unterzeichnung, das Abkommen z\u00fcgig umzusetzen. Nie zuvor sei sich die Welt beim Klimaschutz so einig gewesen.\" \/>\n<meta name=\"robots\" content=\"index, follow, max-snippet:-1, max-image-preview:large, max-video-preview:-1\" \/>\n<link rel=\"canonical\" href=\"https:\/\/www.organisator.ch\/it\/sostenibilita\/2016-04-25\/schweiz-unterzeichnet-pariser-klimaschutz-abkommen\/\" \/>\n<meta property=\"og:locale\" content=\"it_IT\" \/>\n<meta property=\"og:type\" content=\"article\" \/>\n<meta property=\"og:title\" content=\"Schweiz unterzeichnet Pariser Klimaschutz-Abkommen - Organisator\" \/>\n<meta property=\"og:description\" content=\"Bundesr\u00e4tin Doris Leuthard fordert bei der Unterzeichnung, das Abkommen z\u00fcgig umzusetzen. Nie zuvor sei sich die Welt beim Klimaschutz so einig gewesen.\" \/>\n<meta property=\"og:url\" content=\"https:\/\/www.organisator.ch\/it\/sostenibilita\/2016-04-25\/schweiz-unterzeichnet-pariser-klimaschutz-abkommen\/\" \/>\n<meta property=\"og:site_name\" content=\"Organisator\" \/>\n<meta property=\"article:publisher\" content=\"https:\/\/www.facebook.com\/OrganisatorFachmagazin\" \/>\n<meta property=\"article:published_time\" content=\"2016-04-25T13:55:29+00:00\" \/>\n<meta property=\"article:modified_time\" content=\"2022-02-09T10:06:58+00:00\" \/>\n<meta property=\"og:image\" content=\"https:\/\/www.organisator.ch\/wp-content\/uploads\/2016\/12\/Schweiz-unterzeichnet-Pariser-Klimaschutz-Abkommen-umweltperspektiven.jpg\" \/>\n\t<meta property=\"og:image:width\" content=\"1280\" \/>\n\t<meta property=\"og:image:height\" content=\"857\" \/>\n\t<meta property=\"og:image:type\" content=\"image\/jpeg\" \/>\n<meta name=\"author\" content=\"admin\" \/>\n<meta name=\"twitter:card\" content=\"summary_large_image\" \/>\n<script type=\"application\/ld+json\" class=\"yoast-schema-graph\">{\"@context\":\"https:\\\/\\\/schema.org\",\"@graph\":[{\"@type\":\"Article\",\"@id\":\"https:\\\/\\\/www.organisator.ch\\\/sustainability\\\/2016-04-25\\\/schweiz-unterzeichnet-pariser-klimaschutz-abkommen\\\/#article\",\"isPartOf\":{\"@id\":\"https:\\\/\\\/www.organisator.ch\\\/sustainability\\\/2016-04-25\\\/schweiz-unterzeichnet-pariser-klimaschutz-abkommen\\\/\"},\"author\":{\"name\":\"admin\",\"@id\":\"https:\\\/\\\/www.organisator.ch\\\/#\\\/schema\\\/person\\\/aa2bace6c5c5aad60102004a50c4eb1c\"},\"headline\":\"Schweiz unterzeichnet Pariser Klimaschutz-Abkommen\",\"datePublished\":\"2016-04-25T13:55:29+00:00\",\"dateModified\":\"2022-02-09T10:06:58+00:00\",\"mainEntityOfPage\":{\"@id\":\"https:\\\/\\\/www.organisator.ch\\\/sustainability\\\/2016-04-25\\\/schweiz-unterzeichnet-pariser-klimaschutz-abkommen\\\/\"},\"wordCount\":271,\"commentCount\":0,\"publisher\":{\"@id\":\"https:\\\/\\\/www.organisator.ch\\\/#organization\"},\"image\":{\"@id\":\"https:\\\/\\\/www.organisator.ch\\\/sustainability\\\/2016-04-25\\\/schweiz-unterzeichnet-pariser-klimaschutz-abkommen\\\/#primaryimage\"},\"thumbnailUrl\":\"https:\\\/\\\/www.organisator.ch\\\/wp-content\\\/uploads\\\/2016\\\/12\\\/Schweiz-unterzeichnet-Pariser-Klimaschutz-Abkommen-umweltperspektiven.jpg\",\"keywords\":[\"Bundesrat\",\"Klimaschutz-Abkommen\",\"Leuthard\",\"Paris\"],\"articleSection\":[\"SUSTAINABILITY\"],\"inLanguage\":\"it-IT\"},{\"@type\":\"WebPage\",\"@id\":\"https:\\\/\\\/www.organisator.ch\\\/sustainability\\\/2016-04-25\\\/schweiz-unterzeichnet-pariser-klimaschutz-abkommen\\\/\",\"url\":\"https:\\\/\\\/www.organisator.ch\\\/sustainability\\\/2016-04-25\\\/schweiz-unterzeichnet-pariser-klimaschutz-abkommen\\\/\",\"name\":\"Schweiz unterzeichnet Pariser Klimaschutz-Abkommen - Organisator\",\"isPartOf\":{\"@id\":\"https:\\\/\\\/www.organisator.ch\\\/#website\"},\"primaryImageOfPage\":{\"@id\":\"https:\\\/\\\/www.organisator.ch\\\/sustainability\\\/2016-04-25\\\/schweiz-unterzeichnet-pariser-klimaschutz-abkommen\\\/#primaryimage\"},\"image\":{\"@id\":\"https:\\\/\\\/www.organisator.ch\\\/sustainability\\\/2016-04-25\\\/schweiz-unterzeichnet-pariser-klimaschutz-abkommen\\\/#primaryimage\"},\"thumbnailUrl\":\"https:\\\/\\\/www.organisator.ch\\\/wp-content\\\/uploads\\\/2016\\\/12\\\/Schweiz-unterzeichnet-Pariser-Klimaschutz-Abkommen-umweltperspektiven.jpg\",\"datePublished\":\"2016-04-25T13:55:29+00:00\",\"dateModified\":\"2022-02-09T10:06:58+00:00\",\"description\":\"Bundesr\u00e4tin Doris Leuthard fordert bei der Unterzeichnung, das Abkommen z\u00fcgig umzusetzen. Nie zuvor sei sich die Welt beim Klimaschutz so einig gewesen.\",\"breadcrumb\":{\"@id\":\"https:\\\/\\\/www.organisator.ch\\\/sustainability\\\/2016-04-25\\\/schweiz-unterzeichnet-pariser-klimaschutz-abkommen\\\/#breadcrumb\"},\"inLanguage\":\"it-IT\",\"potentialAction\":[{\"@type\":\"ReadAction\",\"target\":[\"https:\\\/\\\/www.organisator.ch\\\/sustainability\\\/2016-04-25\\\/schweiz-unterzeichnet-pariser-klimaschutz-abkommen\\\/\"]}]},{\"@type\":\"ImageObject\",\"inLanguage\":\"it-IT\",\"@id\":\"https:\\\/\\\/www.organisator.ch\\\/sustainability\\\/2016-04-25\\\/schweiz-unterzeichnet-pariser-klimaschutz-abkommen\\\/#primaryimage\",\"url\":\"https:\\\/\\\/www.organisator.ch\\\/wp-content\\\/uploads\\\/2016\\\/12\\\/Schweiz-unterzeichnet-Pariser-Klimaschutz-Abkommen-umweltperspektiven.jpg\",\"contentUrl\":\"https:\\\/\\\/www.organisator.ch\\\/wp-content\\\/uploads\\\/2016\\\/12\\\/Schweiz-unterzeichnet-Pariser-Klimaschutz-Abkommen-umweltperspektiven.jpg\",\"width\":1280,\"height\":857,\"caption\":\"UN-Hauptquartier in New York: 175 Parteien haben das Klimaschutzabkommen unterzeichnet.\"},{\"@type\":\"BreadcrumbList\",\"@id\":\"https:\\\/\\\/www.organisator.ch\\\/sustainability\\\/2016-04-25\\\/schweiz-unterzeichnet-pariser-klimaschutz-abkommen\\\/#breadcrumb\",\"itemListElement\":[{\"@type\":\"ListItem\",\"position\":1,\"name\":\"Home\",\"item\":\"https:\\\/\\\/www.organisator.ch\\\/\"},{\"@type\":\"ListItem\",\"position\":2,\"name\":\"Schweiz unterzeichnet Pariser Klimaschutz-Abkommen\"}]},{\"@type\":\"WebSite\",\"@id\":\"https:\\\/\\\/www.organisator.ch\\\/#website\",\"url\":\"https:\\\/\\\/www.organisator.ch\\\/\",\"name\":\"Organisator\",\"description\":\"Kompetent. Praxisnah. Der ORGANISATOR bereitet in 10 Ausgaben pro Jahr die wesentlichen Themen f\u00fcr F\u00fchrungskr\u00e4fte von KMU auf.\",\"publisher\":{\"@id\":\"https:\\\/\\\/www.organisator.ch\\\/#organization\"},\"potentialAction\":[{\"@type\":\"SearchAction\",\"target\":{\"@type\":\"EntryPoint\",\"urlTemplate\":\"https:\\\/\\\/www.organisator.ch\\\/?s={search_term_string}\"},\"query-input\":{\"@type\":\"PropertyValueSpecification\",\"valueRequired\":true,\"valueName\":\"search_term_string\"}}],\"inLanguage\":\"it-IT\"},{\"@type\":\"Organization\",\"@id\":\"https:\\\/\\\/www.organisator.ch\\\/#organization\",\"name\":\"Organisator\",\"url\":\"https:\\\/\\\/www.organisator.ch\\\/\",\"logo\":{\"@type\":\"ImageObject\",\"inLanguage\":\"it-IT\",\"@id\":\"https:\\\/\\\/www.organisator.ch\\\/#\\\/schema\\\/logo\\\/image\\\/\",\"url\":\"https:\\\/\\\/www.organisator.ch\\\/wp-content\\\/uploads\\\/2022\\\/01\\\/Logo_Organisator_Website.png\",\"contentUrl\":\"https:\\\/\\\/www.organisator.ch\\\/wp-content\\\/uploads\\\/2022\\\/01\\\/Logo_Organisator_Website.png\",\"width\":800,\"height\":77,\"caption\":\"Organisator\"},\"image\":{\"@id\":\"https:\\\/\\\/www.organisator.ch\\\/#\\\/schema\\\/logo\\\/image\\\/\"},\"sameAs\":[\"https:\\\/\\\/www.facebook.com\\\/OrganisatorFachmagazin\",\"https:\\\/\\\/www.linkedin.com\\\/showcase\\\/organisator-das-magazin-fr-kmu\",\"https:\\\/\\\/www.xing.com\\\/news\\\/pages\\\/organisator-ch-695\",\"https:\\\/\\\/www.youtube.com\\\/channel\\\/UCGP2Sq0iWaZwT3BdIAQFYpw\"]},{\"@type\":\"Person\",\"@id\":\"https:\\\/\\\/www.organisator.ch\\\/#\\\/schema\\\/person\\\/aa2bace6c5c5aad60102004a50c4eb1c\",\"name\":\"admin\",\"image\":{\"@type\":\"ImageObject\",\"inLanguage\":\"it-IT\",\"@id\":\"https:\\\/\\\/secure.gravatar.com\\\/avatar\\\/ae2f4d718e6c49043e314ce431e7e645d646302a24a5ef5a8bc8e3f5a032e319?s=96&d=mm&r=g\",\"url\":\"https:\\\/\\\/secure.gravatar.com\\\/avatar\\\/ae2f4d718e6c49043e314ce431e7e645d646302a24a5ef5a8bc8e3f5a032e319?s=96&d=mm&r=g\",\"contentUrl\":\"https:\\\/\\\/secure.gravatar.com\\\/avatar\\\/ae2f4d718e6c49043e314ce431e7e645d646302a24a5ef5a8bc8e3f5a032e319?s=96&d=mm&r=g\",\"caption\":\"admin\"},\"sameAs\":[\"https:\\\/\\\/www.organisator.ch\"],\"url\":\"https:\\\/\\\/www.organisator.ch\\\/it\\\/author\\\/admin\\\/\"}]}<\/script>\n<!-- \/ Yoast SEO plugin. -->","yoast_head_json":{"title":"La Svizzera firma l'accordo di Parigi sulla protezione del clima - Organizzatore","description":"Alla cerimonia della firma, il Consigliere federale Doris Leuthard ha chiesto che l'accordo venga attuato rapidamente. Mai prima d'ora il mondo \u00e8 stato cos\u00ec unito sulla protezione del clima.","robots":{"index":"index","follow":"follow","max-snippet":"max-snippet:-1","max-image-preview":"max-image-preview:large","max-video-preview":"max-video-preview:-1"},"canonical":"https:\/\/www.organisator.ch\/it\/sostenibilita\/2016-04-25\/schweiz-unterzeichnet-pariser-klimaschutz-abkommen\/","og_locale":"it_IT","og_type":"article","og_title":"Schweiz unterzeichnet Pariser Klimaschutz-Abkommen - Organisator","og_description":"Bundesr\u00e4tin Doris Leuthard fordert bei der Unterzeichnung, das Abkommen z\u00fcgig umzusetzen. Nie zuvor sei sich die Welt beim Klimaschutz so einig gewesen.","og_url":"https:\/\/www.organisator.ch\/it\/sostenibilita\/2016-04-25\/schweiz-unterzeichnet-pariser-klimaschutz-abkommen\/","og_site_name":"Organisator","article_publisher":"https:\/\/www.facebook.com\/OrganisatorFachmagazin","article_published_time":"2016-04-25T13:55:29+00:00","article_modified_time":"2022-02-09T10:06:58+00:00","og_image":[{"width":1280,"height":857,"url":"https:\/\/www.organisator.ch\/wp-content\/uploads\/2016\/12\/Schweiz-unterzeichnet-Pariser-Klimaschutz-Abkommen-umweltperspektiven.jpg","type":"image\/jpeg"}],"author":"admin","twitter_card":"summary_large_image","schema":{"@context":"https:\/\/schema.org","@graph":[{"@type":"Article","@id":"https:\/\/www.organisator.ch\/sustainability\/2016-04-25\/schweiz-unterzeichnet-pariser-klimaschutz-abkommen\/#article","isPartOf":{"@id":"https:\/\/www.organisator.ch\/sustainability\/2016-04-25\/schweiz-unterzeichnet-pariser-klimaschutz-abkommen\/"},"author":{"name":"admin","@id":"https:\/\/www.organisator.ch\/#\/schema\/person\/aa2bace6c5c5aad60102004a50c4eb1c"},"headline":"Schweiz unterzeichnet Pariser Klimaschutz-Abkommen","datePublished":"2016-04-25T13:55:29+00:00","dateModified":"2022-02-09T10:06:58+00:00","mainEntityOfPage":{"@id":"https:\/\/www.organisator.ch\/sustainability\/2016-04-25\/schweiz-unterzeichnet-pariser-klimaschutz-abkommen\/"},"wordCount":271,"commentCount":0,"publisher":{"@id":"https:\/\/www.organisator.ch\/#organization"},"image":{"@id":"https:\/\/www.organisator.ch\/sustainability\/2016-04-25\/schweiz-unterzeichnet-pariser-klimaschutz-abkommen\/#primaryimage"},"thumbnailUrl":"https:\/\/www.organisator.ch\/wp-content\/uploads\/2016\/12\/Schweiz-unterzeichnet-Pariser-Klimaschutz-Abkommen-umweltperspektiven.jpg","keywords":["Bundesrat","Klimaschutz-Abkommen","Leuthard","Paris"],"articleSection":["SUSTAINABILITY"],"inLanguage":"it-IT"},{"@type":"WebPage","@id":"https:\/\/www.organisator.ch\/sustainability\/2016-04-25\/schweiz-unterzeichnet-pariser-klimaschutz-abkommen\/","url":"https:\/\/www.organisator.ch\/sustainability\/2016-04-25\/schweiz-unterzeichnet-pariser-klimaschutz-abkommen\/","name":"La Svizzera firma l'accordo di Parigi sulla protezione del clima - Organizzatore","isPartOf":{"@id":"https:\/\/www.organisator.ch\/#website"},"primaryImageOfPage":{"@id":"https:\/\/www.organisator.ch\/sustainability\/2016-04-25\/schweiz-unterzeichnet-pariser-klimaschutz-abkommen\/#primaryimage"},"image":{"@id":"https:\/\/www.organisator.ch\/sustainability\/2016-04-25\/schweiz-unterzeichnet-pariser-klimaschutz-abkommen\/#primaryimage"},"thumbnailUrl":"https:\/\/www.organisator.ch\/wp-content\/uploads\/2016\/12\/Schweiz-unterzeichnet-Pariser-Klimaschutz-Abkommen-umweltperspektiven.jpg","datePublished":"2016-04-25T13:55:29+00:00","dateModified":"2022-02-09T10:06:58+00:00","description":"Alla cerimonia della firma, il Consigliere federale Doris Leuthard ha chiesto che l'accordo venga attuato rapidamente. Mai prima d'ora il mondo \u00e8 stato cos\u00ec unito sulla protezione del clima.","breadcrumb":{"@id":"https:\/\/www.organisator.ch\/sustainability\/2016-04-25\/schweiz-unterzeichnet-pariser-klimaschutz-abkommen\/#breadcrumb"},"inLanguage":"it-IT","potentialAction":[{"@type":"ReadAction","target":["https:\/\/www.organisator.ch\/sustainability\/2016-04-25\/schweiz-unterzeichnet-pariser-klimaschutz-abkommen\/"]}]},{"@type":"ImageObject","inLanguage":"it-IT","@id":"https:\/\/www.organisator.ch\/sustainability\/2016-04-25\/schweiz-unterzeichnet-pariser-klimaschutz-abkommen\/#primaryimage","url":"https:\/\/www.organisator.ch\/wp-content\/uploads\/2016\/12\/Schweiz-unterzeichnet-Pariser-Klimaschutz-Abkommen-umweltperspektiven.jpg","contentUrl":"https:\/\/www.organisator.ch\/wp-content\/uploads\/2016\/12\/Schweiz-unterzeichnet-Pariser-Klimaschutz-Abkommen-umweltperspektiven.jpg","width":1280,"height":857,"caption":"UN-Hauptquartier in New York: 175 Parteien haben das Klimaschutzabkommen unterzeichnet."},{"@type":"BreadcrumbList","@id":"https:\/\/www.organisator.ch\/sustainability\/2016-04-25\/schweiz-unterzeichnet-pariser-klimaschutz-abkommen\/#breadcrumb","itemListElement":[{"@type":"ListItem","position":1,"name":"Home","item":"https:\/\/www.organisator.ch\/"},{"@type":"ListItem","position":2,"name":"Schweiz unterzeichnet Pariser Klimaschutz-Abkommen"}]},{"@type":"WebSite","@id":"https:\/\/www.organisator.ch\/#website","url":"https:\/\/www.organisator.ch\/","name":"Organizzatore","description":"Competente. Pratico. In 10 numeri all'anno, ORGANISATOR presenta i temi essenziali per i manager delle PMI.","publisher":{"@id":"https:\/\/www.organisator.ch\/#organization"},"potentialAction":[{"@type":"SearchAction","target":{"@type":"EntryPoint","urlTemplate":"https:\/\/www.organisator.ch\/?s={search_term_string}"},"query-input":{"@type":"PropertyValueSpecification","valueRequired":true,"valueName":"search_term_string"}}],"inLanguage":"it-IT"},{"@type":"Organization","@id":"https:\/\/www.organisator.ch\/#organization","name":"Organizzatore","url":"https:\/\/www.organisator.ch\/","logo":{"@type":"ImageObject","inLanguage":"it-IT","@id":"https:\/\/www.organisator.ch\/#\/schema\/logo\/image\/","url":"https:\/\/www.organisator.ch\/wp-content\/uploads\/2022\/01\/Logo_Organisator_Website.png","contentUrl":"https:\/\/www.organisator.ch\/wp-content\/uploads\/2022\/01\/Logo_Organisator_Website.png","width":800,"height":77,"caption":"Organisator"},"image":{"@id":"https:\/\/www.organisator.ch\/#\/schema\/logo\/image\/"},"sameAs":["https:\/\/www.facebook.com\/OrganisatorFachmagazin","https:\/\/www.linkedin.com\/showcase\/organisator-das-magazin-fr-kmu","https:\/\/www.xing.com\/news\/pages\/organisator-ch-695","https:\/\/www.youtube.com\/channel\/UCGP2Sq0iWaZwT3BdIAQFYpw"]},{"@type":"Person","@id":"https:\/\/www.organisator.ch\/#\/schema\/person\/aa2bace6c5c5aad60102004a50c4eb1c","name":"amministratore","image":{"@type":"ImageObject","inLanguage":"it-IT","@id":"https:\/\/secure.gravatar.com\/avatar\/ae2f4d718e6c49043e314ce431e7e645d646302a24a5ef5a8bc8e3f5a032e319?s=96&d=mm&r=g","url":"https:\/\/secure.gravatar.com\/avatar\/ae2f4d718e6c49043e314ce431e7e645d646302a24a5ef5a8bc8e3f5a032e319?s=96&d=mm&r=g","contentUrl":"https:\/\/secure.gravatar.com\/avatar\/ae2f4d718e6c49043e314ce431e7e645d646302a24a5ef5a8bc8e3f5a032e319?s=96&d=mm&r=g","caption":"admin"},"sameAs":["https:\/\/www.organisator.ch"],"url":"https:\/\/www.organisator.ch\/it\/author\/admin\/"}]}},"_links":{"self":[{"href":"https:\/\/www.organisator.ch\/it\/wp-json\/wp\/v2\/posts\/9939","targetHints":{"allow":["GET"]}}],"collection":[{"href":"https:\/\/www.organisator.ch\/it\/wp-json\/wp\/v2\/posts"}],"about":[{"href":"https:\/\/www.organisator.ch\/it\/wp-json\/wp\/v2\/types\/post"}],"author":[{"embeddable":true,"href":"https:\/\/www.organisator.ch\/it\/wp-json\/wp\/v2\/users\/1"}],"replies":[{"embeddable":true,"href":"https:\/\/www.organisator.ch\/it\/wp-json\/wp\/v2\/comments?post=9939"}],"version-history":[{"count":1,"href":"https:\/\/www.organisator.ch\/it\/wp-json\/wp\/v2\/posts\/9939\/revisions"}],"predecessor-version":[{"id":10755,"href":"https:\/\/www.organisator.ch\/it\/wp-json\/wp\/v2\/posts\/9939\/revisions\/10755"}],"wp:featuredmedia":[{"embeddable":true,"href":"https:\/\/www.organisator.ch\/it\/wp-json\/wp\/v2\/media\/9373"}],"wp:attachment":[{"href":"https:\/\/www.organisator.ch\/it\/wp-json\/wp\/v2\/media?parent=9939"}],"wp:term":[{"taxonomy":"category","embeddable":true,"href":"https:\/\/www.organisator.ch\/it\/wp-json\/wp\/v2\/categories?post=9939"},{"taxonomy":"post_tag","embeddable":true,"href":"https:\/\/www.organisator.ch\/it\/wp-json\/wp\/v2\/tags?post=9939"}],"curies":[{"name":"wp","href":"https:\/\/api.w.org\/{rel}","templated":true}]}}