{"id":9946,"date":"2016-06-16T16:17:02","date_gmt":"2016-06-16T14:17:02","guid":{"rendered":"https:\/\/dev.umweltperspektiven.ch\/?p=371"},"modified":"2022-02-09T11:06:58","modified_gmt":"2022-02-09T10:06:58","slug":"co2-vorgabe-fuer-neuwagen-knapp-verfehlt","status":"publish","type":"post","link":"https:\/\/www.organisator.ch\/it\/sustainability\/2016-06-16\/co2-vorgabe-fuer-neuwagen-knapp-verfehlt\/","title":{"rendered":"Obiettivo di CO2 per le nuove auto appena mancato"},"content":{"rendered":"<figure id=\"attachment_372\" aria-describedby=\"caption-attachment-372\" style=\"width: 680px\" class=\"wp-caption alignnone\"><a href=\"\/\/dev.umweltperspektiven.ch\/wp-content\/uploads\/2016\/12\/CO2-Vorgabe-f\u00fcr-Neuwagen-knapp-verfehlt-umweltperspektiven.jpg\"><img loading=\"lazy\" decoding=\"async\" class=\"size-medium wp-image-372\" src=\"\/\/dev.umweltperspektiven.ch\/wp-content\/uploads\/2016\/12\/CO2-Vorgabe-f\u00fcr-Neuwagen-knapp-verfehlt-umweltperspektiven.jpg\" alt=\"Auto nuova al concessionario: l&#039;obiettivo di 130 grammi di CO2 per chilometro \u00e8 stato mancato di cinque grammi.\" width=\"680\" height=\"443\" \/><\/a><figcaption id=\"caption-attachment-372\" class=\"wp-caption-text\">Auto nuova al concessionario: l'obiettivo di 130 grammi di CO2 per chilometro \u00e8 stato mancato di cinque grammi.<\/figcaption><\/figure>\n<p>Dal 1\u00b0 luglio 2012, in Svizzera - analogamente all'UE - sono in vigore le norme sulle emissioni di CO2 per le nuove autovetture. Essi obbligano gli importatori svizzeri di automobili a ridurre le emissioni delle autovetture immatricolate per la prima volta in Svizzera. Entro la fine del 2015, questi dovrebbero essere ridotti a una media di 130 grammi di CO2 per chilometro. Il superamento di questo limite sar\u00e0 penalizzato con un prelievo sanzionatorio. Nel 2015, queste sanzioni ammontavano a un totale di 12,6 milioni di franchi svizzeri.<\/p>\n<p>Nell'anno di applicazione 2015, circa 327.000 autovetture (PW) sono state controllate per la conformit\u00e0. Questo includeva i veicoli nuovi e quelli registrati all'estero per la prima volta meno di 6 mesi prima dello sdoganamento in Svizzera. La flotta totale di veicoli nuovi consisteva di circa 2.000 auto da importatori piccoli e privati e circa 325.000 auto da 93 grandi importatori registrati.<\/p>\n<p>Le emissioni medie di CO2 di questo nuovo parco auto erano di circa 135 g CO2\/km. L'obiettivo complessivo della flotta di 130 g CO2\/km \u00e8 stato quindi superato di una media di 5 g CO2\/km.<\/p>\n<p>26 dei 93 grandi importatori registrati sono risultati superare il loro obiettivo individuale. La maggior parte di questi 26 grandi importatori hanno superato il loro obiettivo individuale di meno di 5 g CO2\/km. Da un lato, questo \u00e8 dovuto all'obiettivo individuale: pu\u00f2 essere pi\u00f9 alto del valore di 130 g\/km, poich\u00e9 dipende dal peso medio a vuoto di tutti i veicoli di un importatore e poich\u00e9 obiettivi pi\u00f9 alti si applicano ai veicoli di piccoli produttori. D'altra parte, la media di CO2 rilevante per la sanzione di un importatore pu\u00f2 essere ulteriormente abbassata dall'accreditamento multiplo di veicoli particolarmente a bassa CO2. Questi fattori hanno portato a un eccesso di valore obiettivo rilevante per il calcolo della sanzione che \u00e8 significativamente inferiore a 5 g\/km.<\/p>\n<p><strong>Forte diminuzione rispetto al 2014<\/strong><\/p>\n<p>Le emissioni medie di CO2 dell'intera flotta di auto nuove di 135 g CO2\/km corrispondono a un tasso di riduzione di 4,9% rispetto all'anno precedente. Questa forte riduzione \u00e8 dovuta principalmente all'eliminazione graduale delle norme sulle emissioni di CO2 per le automobili alla fine del 2014: Mentre nel 2014 solo le auto a pi\u00f9 basse emissioni 80% di una flotta erano decisive per il rispetto dell'obiettivo individuale, dal 2015 tutte le auto sono state prese in considerazione per l'obiettivo.<\/p>\n<p>Dopo l'entrata in vigore dei regolamenti sulle emissioni di CO2 nel 2012, ci sono state forti fluttuazioni nelle quote degli importatori paralleli e diretti, ma queste si sono attenuate nel frattempo. Dal 2013, la quota delle importazioni parallele e dirette \u00e8 stata costantemente al di sopra del 7% di tutte le nuove immatricolazioni e ha quindi raggiunto un valore simile a quello prima dell'introduzione dei regolamenti sulle emissioni di CO2.<\/p>\n<p><strong>Importo della sanzione e sforzo di applicazione<\/strong><\/p>\n<p>Le sanzioni riscosse ammontano a un totale di circa 12,6 milioni di franchi. Il totale delle entrate da sanzioni \u00e8 compensato da costi di esecuzione di circa 1,5 milioni di franchi. Complessivamente ne risulta un ricavo netto di 11,1 milioni di franchi svizzeri per il 2015, che - a seconda del numero di immatricolazioni di veicoli e di importatori - viene suddiviso tra la Svizzera e il Principato del Liechtenstein (quota del Principato del Liechtenstein: 83'000 franchi). La quota svizzera del reddito netto dell'anno esecutivo 2015 \u00e8 destinata al fondo infrastrutturale.<\/p>","protected":false},"excerpt":{"rendered":"<p>Seit dem 1. Juli 2012 gelten in der Schweiz &#8211; analog zur EU &#8211; CO2-Emissionsvorschriften f\u00fcr neue Personenwagen. Sie verpflichten die Schweizer Auto-Importeure, die Emissionen der erstmals zum Verkehr in der Schweiz zugelassenen Personenwagen zu senken. Bis Ende 2015 h\u00e4tten diese im Durchschnitt auf 130 Gramm CO2 pro Kilometer gesenkt werden m\u00fcssen. \u00dcberschreitungen werden mit [&hellip;]<\/p>\n","protected":false},"author":1,"featured_media":9382,"comment_status":"open","ping_status":"open","sticky":false,"template":"","format":"standard","meta":{"_acf_changed":false,"_yoast_wpseo_focuskw":"CO2","_yoast_wpseo_metadesc":"Bis Ende 2015 h\u00e4tten Neuwagen im Durchschnitt noch 130 Gramm CO2\/Kilometer ausstossen d\u00fcrfen. Dieses Ziel wurde von den Importeuren knapp nicht erreicht.","articlekey":"","footnotes":""},"categories":[580],"tags":[744,938,596,2454],"class_list":["post-9946","post","type-post","status-publish","format-standard","has-post-thumbnail","hentry","category-sustainability","tag-auto","tag-co2-vorgabe","tag-klima","tag-verkehr"],"acf":[],"yoast_head":"<!-- This site is optimized with the Yoast SEO plugin v27.4 - https:\/\/yoast.com\/product\/yoast-seo-wordpress\/ -->\n<title>CO2-Vorgabe f\u00fcr Neuwagen knapp verfehlt - Organisator<\/title>\n<meta name=\"description\" content=\"Bis Ende 2015 h\u00e4tten Neuwagen im Durchschnitt noch 130 Gramm CO2\/Kilometer ausstossen d\u00fcrfen. Dieses Ziel wurde von den Importeuren knapp nicht erreicht.\" \/>\n<meta name=\"robots\" content=\"index, follow, max-snippet:-1, max-image-preview:large, max-video-preview:-1\" \/>\n<link rel=\"canonical\" href=\"https:\/\/www.organisator.ch\/it\/sostenibilita\/2016-06-16\/co2-vorgabe-fuer-neuwagen-knapp-verfehlt\/\" \/>\n<meta property=\"og:locale\" content=\"it_IT\" \/>\n<meta property=\"og:type\" content=\"article\" \/>\n<meta property=\"og:title\" content=\"CO2-Vorgabe f\u00fcr Neuwagen knapp verfehlt - Organisator\" \/>\n<meta property=\"og:description\" content=\"Bis Ende 2015 h\u00e4tten Neuwagen im Durchschnitt noch 130 Gramm CO2\/Kilometer ausstossen d\u00fcrfen. Dieses Ziel wurde von den Importeuren knapp nicht erreicht.\" \/>\n<meta property=\"og:url\" content=\"https:\/\/www.organisator.ch\/it\/sostenibilita\/2016-06-16\/co2-vorgabe-fuer-neuwagen-knapp-verfehlt\/\" \/>\n<meta property=\"og:site_name\" content=\"Organisator\" \/>\n<meta property=\"article:publisher\" content=\"https:\/\/www.facebook.com\/OrganisatorFachmagazin\" \/>\n<meta property=\"article:published_time\" content=\"2016-06-16T14:17:02+00:00\" \/>\n<meta property=\"article:modified_time\" content=\"2022-02-09T10:06:58+00:00\" \/>\n<meta property=\"og:image\" content=\"https:\/\/www.organisator.ch\/wp-content\/uploads\/2016\/12\/CO2-Vorgabe-fuer-Neuwagen-knapp-verfehlt-umweltperspektiven.jpg\" \/>\n\t<meta property=\"og:image:width\" content=\"2000\" \/>\n\t<meta property=\"og:image:height\" content=\"1304\" \/>\n\t<meta property=\"og:image:type\" content=\"image\/jpeg\" \/>\n<meta name=\"author\" content=\"admin\" \/>\n<meta name=\"twitter:card\" content=\"summary_large_image\" \/>\n<script type=\"application\/ld+json\" class=\"yoast-schema-graph\">{\"@context\":\"https:\\\/\\\/schema.org\",\"@graph\":[{\"@type\":\"Article\",\"@id\":\"https:\\\/\\\/www.organisator.ch\\\/sustainability\\\/2016-06-16\\\/co2-vorgabe-fuer-neuwagen-knapp-verfehlt\\\/#article\",\"isPartOf\":{\"@id\":\"https:\\\/\\\/www.organisator.ch\\\/sustainability\\\/2016-06-16\\\/co2-vorgabe-fuer-neuwagen-knapp-verfehlt\\\/\"},\"author\":{\"name\":\"admin\",\"@id\":\"https:\\\/\\\/www.organisator.ch\\\/#\\\/schema\\\/person\\\/aa2bace6c5c5aad60102004a50c4eb1c\"},\"headline\":\"CO2-Vorgabe f\u00fcr Neuwagen knapp verfehlt\",\"datePublished\":\"2016-06-16T14:17:02+00:00\",\"dateModified\":\"2022-02-09T10:06:58+00:00\",\"mainEntityOfPage\":{\"@id\":\"https:\\\/\\\/www.organisator.ch\\\/sustainability\\\/2016-06-16\\\/co2-vorgabe-fuer-neuwagen-knapp-verfehlt\\\/\"},\"wordCount\":482,\"commentCount\":0,\"publisher\":{\"@id\":\"https:\\\/\\\/www.organisator.ch\\\/#organization\"},\"image\":{\"@id\":\"https:\\\/\\\/www.organisator.ch\\\/sustainability\\\/2016-06-16\\\/co2-vorgabe-fuer-neuwagen-knapp-verfehlt\\\/#primaryimage\"},\"thumbnailUrl\":\"https:\\\/\\\/www.organisator.ch\\\/wp-content\\\/uploads\\\/2016\\\/12\\\/CO2-Vorgabe-fuer-Neuwagen-knapp-verfehlt-umweltperspektiven.jpg\",\"keywords\":[\"Auto\",\"CO2-Vorgabe\",\"KLIMA\",\"Verkehr\"],\"articleSection\":[\"SUSTAINABILITY\"],\"inLanguage\":\"it-IT\"},{\"@type\":\"WebPage\",\"@id\":\"https:\\\/\\\/www.organisator.ch\\\/sustainability\\\/2016-06-16\\\/co2-vorgabe-fuer-neuwagen-knapp-verfehlt\\\/\",\"url\":\"https:\\\/\\\/www.organisator.ch\\\/sustainability\\\/2016-06-16\\\/co2-vorgabe-fuer-neuwagen-knapp-verfehlt\\\/\",\"name\":\"CO2-Vorgabe f\u00fcr Neuwagen knapp verfehlt - Organisator\",\"isPartOf\":{\"@id\":\"https:\\\/\\\/www.organisator.ch\\\/#website\"},\"primaryImageOfPage\":{\"@id\":\"https:\\\/\\\/www.organisator.ch\\\/sustainability\\\/2016-06-16\\\/co2-vorgabe-fuer-neuwagen-knapp-verfehlt\\\/#primaryimage\"},\"image\":{\"@id\":\"https:\\\/\\\/www.organisator.ch\\\/sustainability\\\/2016-06-16\\\/co2-vorgabe-fuer-neuwagen-knapp-verfehlt\\\/#primaryimage\"},\"thumbnailUrl\":\"https:\\\/\\\/www.organisator.ch\\\/wp-content\\\/uploads\\\/2016\\\/12\\\/CO2-Vorgabe-fuer-Neuwagen-knapp-verfehlt-umweltperspektiven.jpg\",\"datePublished\":\"2016-06-16T14:17:02+00:00\",\"dateModified\":\"2022-02-09T10:06:58+00:00\",\"description\":\"Bis Ende 2015 h\u00e4tten Neuwagen im Durchschnitt noch 130 Gramm CO2\\\/Kilometer ausstossen d\u00fcrfen. Dieses Ziel wurde von den Importeuren knapp nicht erreicht.\",\"breadcrumb\":{\"@id\":\"https:\\\/\\\/www.organisator.ch\\\/sustainability\\\/2016-06-16\\\/co2-vorgabe-fuer-neuwagen-knapp-verfehlt\\\/#breadcrumb\"},\"inLanguage\":\"it-IT\",\"potentialAction\":[{\"@type\":\"ReadAction\",\"target\":[\"https:\\\/\\\/www.organisator.ch\\\/sustainability\\\/2016-06-16\\\/co2-vorgabe-fuer-neuwagen-knapp-verfehlt\\\/\"]}]},{\"@type\":\"ImageObject\",\"inLanguage\":\"it-IT\",\"@id\":\"https:\\\/\\\/www.organisator.ch\\\/sustainability\\\/2016-06-16\\\/co2-vorgabe-fuer-neuwagen-knapp-verfehlt\\\/#primaryimage\",\"url\":\"https:\\\/\\\/www.organisator.ch\\\/wp-content\\\/uploads\\\/2016\\\/12\\\/CO2-Vorgabe-fuer-Neuwagen-knapp-verfehlt-umweltperspektiven.jpg\",\"contentUrl\":\"https:\\\/\\\/www.organisator.ch\\\/wp-content\\\/uploads\\\/2016\\\/12\\\/CO2-Vorgabe-fuer-Neuwagen-knapp-verfehlt-umweltperspektiven.jpg\",\"width\":2000,\"height\":1304,\"caption\":\"Neuwagen beim H\u00e4ndler: Die Zielvorgabe von 130 Gramm CO2 pro Kilometer wurde um f\u00fcnf Gramm verfehlt.\"},{\"@type\":\"BreadcrumbList\",\"@id\":\"https:\\\/\\\/www.organisator.ch\\\/sustainability\\\/2016-06-16\\\/co2-vorgabe-fuer-neuwagen-knapp-verfehlt\\\/#breadcrumb\",\"itemListElement\":[{\"@type\":\"ListItem\",\"position\":1,\"name\":\"Home\",\"item\":\"https:\\\/\\\/www.organisator.ch\\\/\"},{\"@type\":\"ListItem\",\"position\":2,\"name\":\"CO2-Vorgabe f\u00fcr Neuwagen knapp verfehlt\"}]},{\"@type\":\"WebSite\",\"@id\":\"https:\\\/\\\/www.organisator.ch\\\/#website\",\"url\":\"https:\\\/\\\/www.organisator.ch\\\/\",\"name\":\"Organisator\",\"description\":\"Kompetent. Praxisnah. Der ORGANISATOR bereitet in 10 Ausgaben pro Jahr die wesentlichen Themen f\u00fcr F\u00fchrungskr\u00e4fte von KMU auf.\",\"publisher\":{\"@id\":\"https:\\\/\\\/www.organisator.ch\\\/#organization\"},\"potentialAction\":[{\"@type\":\"SearchAction\",\"target\":{\"@type\":\"EntryPoint\",\"urlTemplate\":\"https:\\\/\\\/www.organisator.ch\\\/?s={search_term_string}\"},\"query-input\":{\"@type\":\"PropertyValueSpecification\",\"valueRequired\":true,\"valueName\":\"search_term_string\"}}],\"inLanguage\":\"it-IT\"},{\"@type\":\"Organization\",\"@id\":\"https:\\\/\\\/www.organisator.ch\\\/#organization\",\"name\":\"Organisator\",\"url\":\"https:\\\/\\\/www.organisator.ch\\\/\",\"logo\":{\"@type\":\"ImageObject\",\"inLanguage\":\"it-IT\",\"@id\":\"https:\\\/\\\/www.organisator.ch\\\/#\\\/schema\\\/logo\\\/image\\\/\",\"url\":\"https:\\\/\\\/www.organisator.ch\\\/wp-content\\\/uploads\\\/2022\\\/01\\\/Logo_Organisator_Website.png\",\"contentUrl\":\"https:\\\/\\\/www.organisator.ch\\\/wp-content\\\/uploads\\\/2022\\\/01\\\/Logo_Organisator_Website.png\",\"width\":800,\"height\":77,\"caption\":\"Organisator\"},\"image\":{\"@id\":\"https:\\\/\\\/www.organisator.ch\\\/#\\\/schema\\\/logo\\\/image\\\/\"},\"sameAs\":[\"https:\\\/\\\/www.facebook.com\\\/OrganisatorFachmagazin\",\"https:\\\/\\\/www.linkedin.com\\\/showcase\\\/organisator-das-magazin-fr-kmu\",\"https:\\\/\\\/www.xing.com\\\/news\\\/pages\\\/organisator-ch-695\",\"https:\\\/\\\/www.youtube.com\\\/channel\\\/UCGP2Sq0iWaZwT3BdIAQFYpw\"]},{\"@type\":\"Person\",\"@id\":\"https:\\\/\\\/www.organisator.ch\\\/#\\\/schema\\\/person\\\/aa2bace6c5c5aad60102004a50c4eb1c\",\"name\":\"admin\",\"image\":{\"@type\":\"ImageObject\",\"inLanguage\":\"it-IT\",\"@id\":\"https:\\\/\\\/secure.gravatar.com\\\/avatar\\\/ae2f4d718e6c49043e314ce431e7e645d646302a24a5ef5a8bc8e3f5a032e319?s=96&d=mm&r=g\",\"url\":\"https:\\\/\\\/secure.gravatar.com\\\/avatar\\\/ae2f4d718e6c49043e314ce431e7e645d646302a24a5ef5a8bc8e3f5a032e319?s=96&d=mm&r=g\",\"contentUrl\":\"https:\\\/\\\/secure.gravatar.com\\\/avatar\\\/ae2f4d718e6c49043e314ce431e7e645d646302a24a5ef5a8bc8e3f5a032e319?s=96&d=mm&r=g\",\"caption\":\"admin\"},\"sameAs\":[\"https:\\\/\\\/www.organisator.ch\"],\"url\":\"https:\\\/\\\/www.organisator.ch\\\/it\\\/author\\\/admin\\\/\"}]}<\/script>\n<!-- \/ Yoast SEO plugin. -->","yoast_head_json":{"title":"L'obiettivo di CO2 per le nuove auto \u00e8 stato mancato per poco - Organizzatore","description":"Entro la fine del 2015, le nuove auto avrebbero dovuto emettere in media 130 grammi di CO2\/chilometro. Gli importatori hanno mancato di poco questo obiettivo.","robots":{"index":"index","follow":"follow","max-snippet":"max-snippet:-1","max-image-preview":"max-image-preview:large","max-video-preview":"max-video-preview:-1"},"canonical":"https:\/\/www.organisator.ch\/it\/sostenibilita\/2016-06-16\/co2-vorgabe-fuer-neuwagen-knapp-verfehlt\/","og_locale":"it_IT","og_type":"article","og_title":"CO2-Vorgabe f\u00fcr Neuwagen knapp verfehlt - Organisator","og_description":"Bis Ende 2015 h\u00e4tten Neuwagen im Durchschnitt noch 130 Gramm CO2\/Kilometer ausstossen d\u00fcrfen. Dieses Ziel wurde von den Importeuren knapp nicht erreicht.","og_url":"https:\/\/www.organisator.ch\/it\/sostenibilita\/2016-06-16\/co2-vorgabe-fuer-neuwagen-knapp-verfehlt\/","og_site_name":"Organisator","article_publisher":"https:\/\/www.facebook.com\/OrganisatorFachmagazin","article_published_time":"2016-06-16T14:17:02+00:00","article_modified_time":"2022-02-09T10:06:58+00:00","og_image":[{"width":2000,"height":1304,"url":"https:\/\/www.organisator.ch\/wp-content\/uploads\/2016\/12\/CO2-Vorgabe-fuer-Neuwagen-knapp-verfehlt-umweltperspektiven.jpg","type":"image\/jpeg"}],"author":"admin","twitter_card":"summary_large_image","schema":{"@context":"https:\/\/schema.org","@graph":[{"@type":"Article","@id":"https:\/\/www.organisator.ch\/sustainability\/2016-06-16\/co2-vorgabe-fuer-neuwagen-knapp-verfehlt\/#article","isPartOf":{"@id":"https:\/\/www.organisator.ch\/sustainability\/2016-06-16\/co2-vorgabe-fuer-neuwagen-knapp-verfehlt\/"},"author":{"name":"admin","@id":"https:\/\/www.organisator.ch\/#\/schema\/person\/aa2bace6c5c5aad60102004a50c4eb1c"},"headline":"CO2-Vorgabe f\u00fcr Neuwagen knapp verfehlt","datePublished":"2016-06-16T14:17:02+00:00","dateModified":"2022-02-09T10:06:58+00:00","mainEntityOfPage":{"@id":"https:\/\/www.organisator.ch\/sustainability\/2016-06-16\/co2-vorgabe-fuer-neuwagen-knapp-verfehlt\/"},"wordCount":482,"commentCount":0,"publisher":{"@id":"https:\/\/www.organisator.ch\/#organization"},"image":{"@id":"https:\/\/www.organisator.ch\/sustainability\/2016-06-16\/co2-vorgabe-fuer-neuwagen-knapp-verfehlt\/#primaryimage"},"thumbnailUrl":"https:\/\/www.organisator.ch\/wp-content\/uploads\/2016\/12\/CO2-Vorgabe-fuer-Neuwagen-knapp-verfehlt-umweltperspektiven.jpg","keywords":["Auto","CO2-Vorgabe","KLIMA","Verkehr"],"articleSection":["SUSTAINABILITY"],"inLanguage":"it-IT"},{"@type":"WebPage","@id":"https:\/\/www.organisator.ch\/sustainability\/2016-06-16\/co2-vorgabe-fuer-neuwagen-knapp-verfehlt\/","url":"https:\/\/www.organisator.ch\/sustainability\/2016-06-16\/co2-vorgabe-fuer-neuwagen-knapp-verfehlt\/","name":"L'obiettivo di CO2 per le nuove auto \u00e8 stato mancato per poco - Organizzatore","isPartOf":{"@id":"https:\/\/www.organisator.ch\/#website"},"primaryImageOfPage":{"@id":"https:\/\/www.organisator.ch\/sustainability\/2016-06-16\/co2-vorgabe-fuer-neuwagen-knapp-verfehlt\/#primaryimage"},"image":{"@id":"https:\/\/www.organisator.ch\/sustainability\/2016-06-16\/co2-vorgabe-fuer-neuwagen-knapp-verfehlt\/#primaryimage"},"thumbnailUrl":"https:\/\/www.organisator.ch\/wp-content\/uploads\/2016\/12\/CO2-Vorgabe-fuer-Neuwagen-knapp-verfehlt-umweltperspektiven.jpg","datePublished":"2016-06-16T14:17:02+00:00","dateModified":"2022-02-09T10:06:58+00:00","description":"Entro la fine del 2015, le nuove auto avrebbero dovuto emettere in media 130 grammi di CO2\/chilometro. Gli importatori hanno mancato di poco questo obiettivo.","breadcrumb":{"@id":"https:\/\/www.organisator.ch\/sustainability\/2016-06-16\/co2-vorgabe-fuer-neuwagen-knapp-verfehlt\/#breadcrumb"},"inLanguage":"it-IT","potentialAction":[{"@type":"ReadAction","target":["https:\/\/www.organisator.ch\/sustainability\/2016-06-16\/co2-vorgabe-fuer-neuwagen-knapp-verfehlt\/"]}]},{"@type":"ImageObject","inLanguage":"it-IT","@id":"https:\/\/www.organisator.ch\/sustainability\/2016-06-16\/co2-vorgabe-fuer-neuwagen-knapp-verfehlt\/#primaryimage","url":"https:\/\/www.organisator.ch\/wp-content\/uploads\/2016\/12\/CO2-Vorgabe-fuer-Neuwagen-knapp-verfehlt-umweltperspektiven.jpg","contentUrl":"https:\/\/www.organisator.ch\/wp-content\/uploads\/2016\/12\/CO2-Vorgabe-fuer-Neuwagen-knapp-verfehlt-umweltperspektiven.jpg","width":2000,"height":1304,"caption":"Neuwagen beim H\u00e4ndler: Die Zielvorgabe von 130 Gramm CO2 pro Kilometer wurde um f\u00fcnf Gramm verfehlt."},{"@type":"BreadcrumbList","@id":"https:\/\/www.organisator.ch\/sustainability\/2016-06-16\/co2-vorgabe-fuer-neuwagen-knapp-verfehlt\/#breadcrumb","itemListElement":[{"@type":"ListItem","position":1,"name":"Home","item":"https:\/\/www.organisator.ch\/"},{"@type":"ListItem","position":2,"name":"CO2-Vorgabe f\u00fcr Neuwagen knapp verfehlt"}]},{"@type":"WebSite","@id":"https:\/\/www.organisator.ch\/#website","url":"https:\/\/www.organisator.ch\/","name":"Organizzatore","description":"Competente. Pratico. In 10 numeri all'anno, ORGANISATOR presenta i temi essenziali per i manager delle PMI.","publisher":{"@id":"https:\/\/www.organisator.ch\/#organization"},"potentialAction":[{"@type":"SearchAction","target":{"@type":"EntryPoint","urlTemplate":"https:\/\/www.organisator.ch\/?s={search_term_string}"},"query-input":{"@type":"PropertyValueSpecification","valueRequired":true,"valueName":"search_term_string"}}],"inLanguage":"it-IT"},{"@type":"Organization","@id":"https:\/\/www.organisator.ch\/#organization","name":"Organizzatore","url":"https:\/\/www.organisator.ch\/","logo":{"@type":"ImageObject","inLanguage":"it-IT","@id":"https:\/\/www.organisator.ch\/#\/schema\/logo\/image\/","url":"https:\/\/www.organisator.ch\/wp-content\/uploads\/2022\/01\/Logo_Organisator_Website.png","contentUrl":"https:\/\/www.organisator.ch\/wp-content\/uploads\/2022\/01\/Logo_Organisator_Website.png","width":800,"height":77,"caption":"Organisator"},"image":{"@id":"https:\/\/www.organisator.ch\/#\/schema\/logo\/image\/"},"sameAs":["https:\/\/www.facebook.com\/OrganisatorFachmagazin","https:\/\/www.linkedin.com\/showcase\/organisator-das-magazin-fr-kmu","https:\/\/www.xing.com\/news\/pages\/organisator-ch-695","https:\/\/www.youtube.com\/channel\/UCGP2Sq0iWaZwT3BdIAQFYpw"]},{"@type":"Person","@id":"https:\/\/www.organisator.ch\/#\/schema\/person\/aa2bace6c5c5aad60102004a50c4eb1c","name":"amministratore","image":{"@type":"ImageObject","inLanguage":"it-IT","@id":"https:\/\/secure.gravatar.com\/avatar\/ae2f4d718e6c49043e314ce431e7e645d646302a24a5ef5a8bc8e3f5a032e319?s=96&d=mm&r=g","url":"https:\/\/secure.gravatar.com\/avatar\/ae2f4d718e6c49043e314ce431e7e645d646302a24a5ef5a8bc8e3f5a032e319?s=96&d=mm&r=g","contentUrl":"https:\/\/secure.gravatar.com\/avatar\/ae2f4d718e6c49043e314ce431e7e645d646302a24a5ef5a8bc8e3f5a032e319?s=96&d=mm&r=g","caption":"admin"},"sameAs":["https:\/\/www.organisator.ch"],"url":"https:\/\/www.organisator.ch\/it\/author\/admin\/"}]}},"_links":{"self":[{"href":"https:\/\/www.organisator.ch\/it\/wp-json\/wp\/v2\/posts\/9946","targetHints":{"allow":["GET"]}}],"collection":[{"href":"https:\/\/www.organisator.ch\/it\/wp-json\/wp\/v2\/posts"}],"about":[{"href":"https:\/\/www.organisator.ch\/it\/wp-json\/wp\/v2\/types\/post"}],"author":[{"embeddable":true,"href":"https:\/\/www.organisator.ch\/it\/wp-json\/wp\/v2\/users\/1"}],"replies":[{"embeddable":true,"href":"https:\/\/www.organisator.ch\/it\/wp-json\/wp\/v2\/comments?post=9946"}],"version-history":[{"count":1,"href":"https:\/\/www.organisator.ch\/it\/wp-json\/wp\/v2\/posts\/9946\/revisions"}],"predecessor-version":[{"id":10753,"href":"https:\/\/www.organisator.ch\/it\/wp-json\/wp\/v2\/posts\/9946\/revisions\/10753"}],"wp:featuredmedia":[{"embeddable":true,"href":"https:\/\/www.organisator.ch\/it\/wp-json\/wp\/v2\/media\/9382"}],"wp:attachment":[{"href":"https:\/\/www.organisator.ch\/it\/wp-json\/wp\/v2\/media?parent=9946"}],"wp:term":[{"taxonomy":"category","embeddable":true,"href":"https:\/\/www.organisator.ch\/it\/wp-json\/wp\/v2\/categories?post=9946"},{"taxonomy":"post_tag","embeddable":true,"href":"https:\/\/www.organisator.ch\/it\/wp-json\/wp\/v2\/tags?post=9946"}],"curies":[{"name":"wp","href":"https:\/\/api.w.org\/{rel}","templated":true}]}}