{"id":9948,"date":"2016-07-01T16:22:30","date_gmt":"2016-07-01T14:22:30","guid":{"rendered":"https:\/\/dev.umweltperspektiven.ch\/?p=382"},"modified":"2025-06-10T11:48:21","modified_gmt":"2025-06-10T09:48:21","slug":"innovationsfoerderung-fuer-kmu-verstaerkt","status":"publish","type":"post","link":"https:\/\/www.organisator.ch\/it\/allgemein\/2016-07-01\/innovationsfoerderung-fuer-kmu-verstaerkt\/","title":{"rendered":"Promozione dell'innovazione per le PMI rafforzata"},"content":{"rendered":"<figure id=\"attachment_383\" aria-describedby=\"caption-attachment-383\" style=\"width: 680px\" class=\"wp-caption alignnone\"><a href=\"\/\/dev.umweltperspektiven.ch\/wp-content\/uploads\/2016\/12\/Innovationsf\u00f6rderung-f\u00fcr-KMU-verst\u00e4rkt-umweltperspektiven.jpg\"><img loading=\"lazy\" decoding=\"async\" class=\"size-medium wp-image-383\" src=\"\/\/dev.umweltperspektiven.ch\/wp-content\/uploads\/2016\/12\/Innovationsf\u00f6rderung-f\u00fcr-KMU-verst\u00e4rkt-umweltperspektiven.jpg\" alt=\"Soprattutto in tempi di crisi, \u00e8 importante rimanere innovativi.\" width=\"680\" height=\"560\" \/><\/a><figcaption id=\"caption-attachment-383\" class=\"wp-caption-text\">Soprattutto in tempi di crisi, \u00e8 importante rimanere innovativi.<\/figcaption><\/figure>\n<p>Per la seconda volta, la Commissione per la tecnologia e l'innovazione (CTI) pu\u00f2 aiutare le piccole e medie imprese (PMI) orientate all'esportazione a rafforzare la loro forza innovativa. L'Assemblea federale ha approvato i fondi richiesti dal Consiglio federale come parte della procedura supplementare per il bilancio 2016. Il finanziamento sar\u00e0 garantito dalla compensazione dei fondi approvati per il settore ERI nel periodo attuale.<\/p>\n<p>Questa \u00e8 la seconda volta dal 2015 che la Confederazione ha risposto specificamente alle continue difficolt\u00e0 delle PMI orientate all'esportazione e le ha aiutate a investire nell'innovazione e a mantenere o espandere le loro capacit\u00e0 di ricerca e sviluppo.<\/p>\n<p><strong>Programma di mentoring<\/strong><\/p>\n<p>Le misure speciali non solo permettono ai partner economici di ridurre il contributo in denaro nei progetti d'innovazione, ma anche di dare un contributo personale inferiore ai costi del progetto. Allo stesso tempo, il ricorso ai mentori dell'innovazione della CTI per sostenere le PMI in primo piano viene aumentato. Le prime misure speciali del 2015 hanno gi\u00e0 dimostrato che tali misure sono efficaci.<\/p>\n<p>Oltre ai progetti regolari, 314 progetti sono stati valutati secondo le misure speciali. Di queste, 154 sono state approvate e sostenute con un contributo federale totale di 57,7 milioni di franchi. E la domanda delle PMI per il sostegno dei tutori dell'innovazione \u00e8 aumentata ulteriormente con le misure speciali. Nel 2015, per esempio, circa il 70% in pi\u00f9 di progetti di ricerca e sviluppo e voucher di innovazione sono stati lanciati con mentori dell'innovazione rispetto all'anno precedente.<\/p>\n<p>Il presidente della Confederazione e capo del DEFR Johann N. Schneider-Ammann, che gi\u00e0 nel 2015 aveva avviato le prime misure per attutire l'impatto del franco forte, \u00e8 convinto di aver potuto ancora una volta dare un contributo direttamente efficace: \"Siamo riusciti a fornire incentivi mirati per la capacit\u00e0 innovativa delle PMI fortemente orientate all'esportazione. Questo permetter\u00e0 loro di rafforzare la loro competitivit\u00e0 anche in questa fase difficile e di assicurare i posti di lavoro\".<\/p>","protected":false},"excerpt":{"rendered":"<p>Die Kommission f\u00fcr Technologie und Innovation (KTI) kann zum zweiten Mal exportorientierten klein- und mittelst\u00e4ndischen Unternehmen (KMU) helfen, deren Innovationskraft zu st\u00e4rken. Die eidgen\u00f6ssischen R\u00e4te haben im Rahmen des Nachtragsverfahrens zum Voranschlag 2016 die vom Bundesrat beantragten Mittel gutgeheissen. Die Finanzierung wird mittels Kompensation der in der laufenden Periode zu Gunsten des BFI-Bereichs bewilligten Mittel [&hellip;]<\/p>\n","protected":false},"author":1,"featured_media":0,"comment_status":"closed","ping_status":"closed","sticky":false,"template":"","format":"standard","meta":{"_acf_changed":false,"_yoast_wpseo_focuskw":"Innovation","_yoast_wpseo_metadesc":"Exportorientierte KMU werden im laufenden Jahr mit zus\u00e4tzlichen 61 Millionen Franken f\u00fcr die Innovationsf\u00f6rderung unterst\u00fctzt.","articlekey":"","footnotes":""},"categories":[1],"tags":[1215,274,301,1571],"class_list":["post-9948","post","type-post","status-publish","format-standard","hentry","category-allgemein","tag-foerderung","tag-innovation","tag-kmu","tag-kti"],"acf":[],"yoast_head":"<!-- This site is optimized with the Yoast SEO plugin v27.5 - https:\/\/yoast.com\/product\/yoast-seo-wordpress\/ -->\n<title>Innovationsf\u00f6rderung f\u00fcr KMU verst\u00e4rkt - Organisator<\/title>\n<meta name=\"description\" content=\"Exportorientierte KMU werden im laufenden Jahr mit zus\u00e4tzlichen 61 Millionen Franken f\u00fcr die Innovationsf\u00f6rderung unterst\u00fctzt.\" \/>\n<meta name=\"robots\" content=\"index, follow, max-snippet:-1, max-image-preview:large, max-video-preview:-1\" \/>\n<link rel=\"canonical\" href=\"https:\/\/www.organisator.ch\/it\/generale\/2016-07-01\/innovationsfoerderung-fuer-kmu-verstaerkt\/\" \/>\n<meta property=\"og:locale\" content=\"it_IT\" \/>\n<meta property=\"og:type\" content=\"article\" \/>\n<meta property=\"og:title\" content=\"Innovationsf\u00f6rderung f\u00fcr KMU verst\u00e4rkt - Organisator\" \/>\n<meta property=\"og:description\" content=\"Exportorientierte KMU werden im laufenden Jahr mit zus\u00e4tzlichen 61 Millionen Franken f\u00fcr die Innovationsf\u00f6rderung unterst\u00fctzt.\" \/>\n<meta property=\"og:url\" content=\"https:\/\/www.organisator.ch\/it\/generale\/2016-07-01\/innovationsfoerderung-fuer-kmu-verstaerkt\/\" \/>\n<meta property=\"og:site_name\" content=\"Organisator\" \/>\n<meta property=\"article:publisher\" content=\"https:\/\/www.facebook.com\/OrganisatorFachmagazin\" \/>\n<meta property=\"article:published_time\" content=\"2016-07-01T14:22:30+00:00\" \/>\n<meta property=\"article:modified_time\" content=\"2025-06-10T09:48:21+00:00\" \/>\n<meta name=\"author\" content=\"admin\" \/>\n<meta name=\"twitter:card\" content=\"summary_large_image\" \/>\n<script type=\"application\/ld+json\" class=\"yoast-schema-graph\">{\"@context\":\"https:\\\/\\\/schema.org\",\"@graph\":[{\"@type\":\"Article\",\"@id\":\"https:\\\/\\\/www.organisator.ch\\\/allgemein\\\/2016-07-01\\\/innovationsfoerderung-fuer-kmu-verstaerkt\\\/#article\",\"isPartOf\":{\"@id\":\"https:\\\/\\\/www.organisator.ch\\\/allgemein\\\/2016-07-01\\\/innovationsfoerderung-fuer-kmu-verstaerkt\\\/\"},\"author\":{\"name\":\"admin\",\"@id\":\"https:\\\/\\\/www.organisator.ch\\\/#\\\/schema\\\/person\\\/aa2bace6c5c5aad60102004a50c4eb1c\"},\"headline\":\"Innovationsf\u00f6rderung f\u00fcr KMU verst\u00e4rkt\",\"datePublished\":\"2016-07-01T14:22:30+00:00\",\"dateModified\":\"2025-06-10T09:48:21+00:00\",\"mainEntityOfPage\":{\"@id\":\"https:\\\/\\\/www.organisator.ch\\\/allgemein\\\/2016-07-01\\\/innovationsfoerderung-fuer-kmu-verstaerkt\\\/\"},\"wordCount\":293,\"publisher\":{\"@id\":\"https:\\\/\\\/www.organisator.ch\\\/#organization\"},\"keywords\":[\"F\u00f6rderung\",\"Innovation\",\"KMU\",\"KTI\"],\"articleSection\":[\"Allgemein\"],\"inLanguage\":\"it-IT\"},{\"@type\":\"WebPage\",\"@id\":\"https:\\\/\\\/www.organisator.ch\\\/allgemein\\\/2016-07-01\\\/innovationsfoerderung-fuer-kmu-verstaerkt\\\/\",\"url\":\"https:\\\/\\\/www.organisator.ch\\\/allgemein\\\/2016-07-01\\\/innovationsfoerderung-fuer-kmu-verstaerkt\\\/\",\"name\":\"Innovationsf\u00f6rderung f\u00fcr KMU verst\u00e4rkt - Organisator\",\"isPartOf\":{\"@id\":\"https:\\\/\\\/www.organisator.ch\\\/#website\"},\"datePublished\":\"2016-07-01T14:22:30+00:00\",\"dateModified\":\"2025-06-10T09:48:21+00:00\",\"description\":\"Exportorientierte KMU werden im laufenden Jahr mit zus\u00e4tzlichen 61 Millionen Franken f\u00fcr die Innovationsf\u00f6rderung unterst\u00fctzt.\",\"breadcrumb\":{\"@id\":\"https:\\\/\\\/www.organisator.ch\\\/allgemein\\\/2016-07-01\\\/innovationsfoerderung-fuer-kmu-verstaerkt\\\/#breadcrumb\"},\"inLanguage\":\"it-IT\",\"potentialAction\":[{\"@type\":\"ReadAction\",\"target\":[\"https:\\\/\\\/www.organisator.ch\\\/allgemein\\\/2016-07-01\\\/innovationsfoerderung-fuer-kmu-verstaerkt\\\/\"]}]},{\"@type\":\"BreadcrumbList\",\"@id\":\"https:\\\/\\\/www.organisator.ch\\\/allgemein\\\/2016-07-01\\\/innovationsfoerderung-fuer-kmu-verstaerkt\\\/#breadcrumb\",\"itemListElement\":[{\"@type\":\"ListItem\",\"position\":1,\"name\":\"Home\",\"item\":\"https:\\\/\\\/www.organisator.ch\\\/\"},{\"@type\":\"ListItem\",\"position\":2,\"name\":\"Innovationsf\u00f6rderung f\u00fcr KMU verst\u00e4rkt\"}]},{\"@type\":\"WebSite\",\"@id\":\"https:\\\/\\\/www.organisator.ch\\\/#website\",\"url\":\"https:\\\/\\\/www.organisator.ch\\\/\",\"name\":\"Organisator\",\"description\":\"Kompetent. Praxisnah. Der ORGANISATOR bereitet in 10 Ausgaben pro Jahr die wesentlichen Themen f\u00fcr F\u00fchrungskr\u00e4fte von KMU auf.\",\"publisher\":{\"@id\":\"https:\\\/\\\/www.organisator.ch\\\/#organization\"},\"potentialAction\":[{\"@type\":\"SearchAction\",\"target\":{\"@type\":\"EntryPoint\",\"urlTemplate\":\"https:\\\/\\\/www.organisator.ch\\\/?s={search_term_string}\"},\"query-input\":{\"@type\":\"PropertyValueSpecification\",\"valueRequired\":true,\"valueName\":\"search_term_string\"}}],\"inLanguage\":\"it-IT\"},{\"@type\":\"Organization\",\"@id\":\"https:\\\/\\\/www.organisator.ch\\\/#organization\",\"name\":\"Organisator\",\"url\":\"https:\\\/\\\/www.organisator.ch\\\/\",\"logo\":{\"@type\":\"ImageObject\",\"inLanguage\":\"it-IT\",\"@id\":\"https:\\\/\\\/www.organisator.ch\\\/#\\\/schema\\\/logo\\\/image\\\/\",\"url\":\"https:\\\/\\\/www.organisator.ch\\\/wp-content\\\/uploads\\\/2022\\\/01\\\/Logo_Organisator_Website.png\",\"contentUrl\":\"https:\\\/\\\/www.organisator.ch\\\/wp-content\\\/uploads\\\/2022\\\/01\\\/Logo_Organisator_Website.png\",\"width\":800,\"height\":77,\"caption\":\"Organisator\"},\"image\":{\"@id\":\"https:\\\/\\\/www.organisator.ch\\\/#\\\/schema\\\/logo\\\/image\\\/\"},\"sameAs\":[\"https:\\\/\\\/www.facebook.com\\\/OrganisatorFachmagazin\",\"https:\\\/\\\/www.linkedin.com\\\/showcase\\\/organisator-das-magazin-fr-kmu\",\"https:\\\/\\\/www.xing.com\\\/news\\\/pages\\\/organisator-ch-695\",\"https:\\\/\\\/www.youtube.com\\\/channel\\\/UCGP2Sq0iWaZwT3BdIAQFYpw\"]},{\"@type\":\"Person\",\"@id\":\"https:\\\/\\\/www.organisator.ch\\\/#\\\/schema\\\/person\\\/aa2bace6c5c5aad60102004a50c4eb1c\",\"name\":\"admin\",\"image\":{\"@type\":\"ImageObject\",\"inLanguage\":\"it-IT\",\"@id\":\"https:\\\/\\\/secure.gravatar.com\\\/avatar\\\/ae2f4d718e6c49043e314ce431e7e645d646302a24a5ef5a8bc8e3f5a032e319?s=96&d=mm&r=g\",\"url\":\"https:\\\/\\\/secure.gravatar.com\\\/avatar\\\/ae2f4d718e6c49043e314ce431e7e645d646302a24a5ef5a8bc8e3f5a032e319?s=96&d=mm&r=g\",\"contentUrl\":\"https:\\\/\\\/secure.gravatar.com\\\/avatar\\\/ae2f4d718e6c49043e314ce431e7e645d646302a24a5ef5a8bc8e3f5a032e319?s=96&d=mm&r=g\",\"caption\":\"admin\"},\"sameAs\":[\"https:\\\/\\\/www.organisator.ch\"],\"url\":\"https:\\\/\\\/www.organisator.ch\\\/it\\\/author\\\/admin\\\/\"}]}<\/script>\n<!-- \/ Yoast SEO plugin. -->","yoast_head_json":{"title":"Promozione dell'innovazione per le PMI rafforzata - Organizzatore","description":"Le PMI orientate all'esportazione saranno sostenute con ulteriori 61 milioni di franchi svizzeri per la promozione dell'innovazione nell'anno in corso.","robots":{"index":"index","follow":"follow","max-snippet":"max-snippet:-1","max-image-preview":"max-image-preview:large","max-video-preview":"max-video-preview:-1"},"canonical":"https:\/\/www.organisator.ch\/it\/generale\/2016-07-01\/innovationsfoerderung-fuer-kmu-verstaerkt\/","og_locale":"it_IT","og_type":"article","og_title":"Innovationsf\u00f6rderung f\u00fcr KMU verst\u00e4rkt - Organisator","og_description":"Exportorientierte KMU werden im laufenden Jahr mit zus\u00e4tzlichen 61 Millionen Franken f\u00fcr die Innovationsf\u00f6rderung unterst\u00fctzt.","og_url":"https:\/\/www.organisator.ch\/it\/generale\/2016-07-01\/innovationsfoerderung-fuer-kmu-verstaerkt\/","og_site_name":"Organisator","article_publisher":"https:\/\/www.facebook.com\/OrganisatorFachmagazin","article_published_time":"2016-07-01T14:22:30+00:00","article_modified_time":"2025-06-10T09:48:21+00:00","author":"admin","twitter_card":"summary_large_image","schema":{"@context":"https:\/\/schema.org","@graph":[{"@type":"Article","@id":"https:\/\/www.organisator.ch\/allgemein\/2016-07-01\/innovationsfoerderung-fuer-kmu-verstaerkt\/#article","isPartOf":{"@id":"https:\/\/www.organisator.ch\/allgemein\/2016-07-01\/innovationsfoerderung-fuer-kmu-verstaerkt\/"},"author":{"name":"admin","@id":"https:\/\/www.organisator.ch\/#\/schema\/person\/aa2bace6c5c5aad60102004a50c4eb1c"},"headline":"Innovationsf\u00f6rderung f\u00fcr KMU verst\u00e4rkt","datePublished":"2016-07-01T14:22:30+00:00","dateModified":"2025-06-10T09:48:21+00:00","mainEntityOfPage":{"@id":"https:\/\/www.organisator.ch\/allgemein\/2016-07-01\/innovationsfoerderung-fuer-kmu-verstaerkt\/"},"wordCount":293,"publisher":{"@id":"https:\/\/www.organisator.ch\/#organization"},"keywords":["F\u00f6rderung","Innovation","KMU","KTI"],"articleSection":["Allgemein"],"inLanguage":"it-IT"},{"@type":"WebPage","@id":"https:\/\/www.organisator.ch\/allgemein\/2016-07-01\/innovationsfoerderung-fuer-kmu-verstaerkt\/","url":"https:\/\/www.organisator.ch\/allgemein\/2016-07-01\/innovationsfoerderung-fuer-kmu-verstaerkt\/","name":"Promozione dell'innovazione per le PMI rafforzata - Organizzatore","isPartOf":{"@id":"https:\/\/www.organisator.ch\/#website"},"datePublished":"2016-07-01T14:22:30+00:00","dateModified":"2025-06-10T09:48:21+00:00","description":"Le PMI orientate all'esportazione saranno sostenute con ulteriori 61 milioni di franchi svizzeri per la promozione dell'innovazione nell'anno in corso.","breadcrumb":{"@id":"https:\/\/www.organisator.ch\/allgemein\/2016-07-01\/innovationsfoerderung-fuer-kmu-verstaerkt\/#breadcrumb"},"inLanguage":"it-IT","potentialAction":[{"@type":"ReadAction","target":["https:\/\/www.organisator.ch\/allgemein\/2016-07-01\/innovationsfoerderung-fuer-kmu-verstaerkt\/"]}]},{"@type":"BreadcrumbList","@id":"https:\/\/www.organisator.ch\/allgemein\/2016-07-01\/innovationsfoerderung-fuer-kmu-verstaerkt\/#breadcrumb","itemListElement":[{"@type":"ListItem","position":1,"name":"Home","item":"https:\/\/www.organisator.ch\/"},{"@type":"ListItem","position":2,"name":"Innovationsf\u00f6rderung f\u00fcr KMU verst\u00e4rkt"}]},{"@type":"WebSite","@id":"https:\/\/www.organisator.ch\/#website","url":"https:\/\/www.organisator.ch\/","name":"Organizzatore","description":"Competente. Pratico. In 10 numeri all'anno, ORGANISATOR presenta i temi essenziali per i manager delle PMI.","publisher":{"@id":"https:\/\/www.organisator.ch\/#organization"},"potentialAction":[{"@type":"SearchAction","target":{"@type":"EntryPoint","urlTemplate":"https:\/\/www.organisator.ch\/?s={search_term_string}"},"query-input":{"@type":"PropertyValueSpecification","valueRequired":true,"valueName":"search_term_string"}}],"inLanguage":"it-IT"},{"@type":"Organization","@id":"https:\/\/www.organisator.ch\/#organization","name":"Organizzatore","url":"https:\/\/www.organisator.ch\/","logo":{"@type":"ImageObject","inLanguage":"it-IT","@id":"https:\/\/www.organisator.ch\/#\/schema\/logo\/image\/","url":"https:\/\/www.organisator.ch\/wp-content\/uploads\/2022\/01\/Logo_Organisator_Website.png","contentUrl":"https:\/\/www.organisator.ch\/wp-content\/uploads\/2022\/01\/Logo_Organisator_Website.png","width":800,"height":77,"caption":"Organisator"},"image":{"@id":"https:\/\/www.organisator.ch\/#\/schema\/logo\/image\/"},"sameAs":["https:\/\/www.facebook.com\/OrganisatorFachmagazin","https:\/\/www.linkedin.com\/showcase\/organisator-das-magazin-fr-kmu","https:\/\/www.xing.com\/news\/pages\/organisator-ch-695","https:\/\/www.youtube.com\/channel\/UCGP2Sq0iWaZwT3BdIAQFYpw"]},{"@type":"Person","@id":"https:\/\/www.organisator.ch\/#\/schema\/person\/aa2bace6c5c5aad60102004a50c4eb1c","name":"amministratore","image":{"@type":"ImageObject","inLanguage":"it-IT","@id":"https:\/\/secure.gravatar.com\/avatar\/ae2f4d718e6c49043e314ce431e7e645d646302a24a5ef5a8bc8e3f5a032e319?s=96&d=mm&r=g","url":"https:\/\/secure.gravatar.com\/avatar\/ae2f4d718e6c49043e314ce431e7e645d646302a24a5ef5a8bc8e3f5a032e319?s=96&d=mm&r=g","contentUrl":"https:\/\/secure.gravatar.com\/avatar\/ae2f4d718e6c49043e314ce431e7e645d646302a24a5ef5a8bc8e3f5a032e319?s=96&d=mm&r=g","caption":"admin"},"sameAs":["https:\/\/www.organisator.ch"],"url":"https:\/\/www.organisator.ch\/it\/author\/admin\/"}]}},"_links":{"self":[{"href":"https:\/\/www.organisator.ch\/it\/wp-json\/wp\/v2\/posts\/9948","targetHints":{"allow":["GET"]}}],"collection":[{"href":"https:\/\/www.organisator.ch\/it\/wp-json\/wp\/v2\/posts"}],"about":[{"href":"https:\/\/www.organisator.ch\/it\/wp-json\/wp\/v2\/types\/post"}],"author":[{"embeddable":true,"href":"https:\/\/www.organisator.ch\/it\/wp-json\/wp\/v2\/users\/1"}],"replies":[{"embeddable":true,"href":"https:\/\/www.organisator.ch\/it\/wp-json\/wp\/v2\/comments?post=9948"}],"version-history":[{"count":1,"href":"https:\/\/www.organisator.ch\/it\/wp-json\/wp\/v2\/posts\/9948\/revisions"}],"predecessor-version":[{"id":38779,"href":"https:\/\/www.organisator.ch\/it\/wp-json\/wp\/v2\/posts\/9948\/revisions\/38779"}],"wp:attachment":[{"href":"https:\/\/www.organisator.ch\/it\/wp-json\/wp\/v2\/media?parent=9948"}],"wp:term":[{"taxonomy":"category","embeddable":true,"href":"https:\/\/www.organisator.ch\/it\/wp-json\/wp\/v2\/categories?post=9948"},{"taxonomy":"post_tag","embeddable":true,"href":"https:\/\/www.organisator.ch\/it\/wp-json\/wp\/v2\/tags?post=9948"}],"curies":[{"name":"wp","href":"https:\/\/api.w.org\/{rel}","templated":true}]}}