{"id":9952,"date":"2016-07-19T16:44:01","date_gmt":"2016-07-19T14:44:01","guid":{"rendered":"https:\/\/dev.umweltperspektiven.ch\/?p=420"},"modified":"2022-02-09T11:06:58","modified_gmt":"2022-02-09T10:06:58","slug":"co2-kompensationen-erstmals-ruecklaeufig","status":"publish","type":"post","link":"https:\/\/www.organisator.ch\/it\/sustainability\/2016-07-19\/co2-kompensationen-erstmals-ruecklaeufig\/","title":{"rendered":"Le compensazioni di CO2 diminuiscono per la prima volta"},"content":{"rendered":"<figure id=\"attachment_421\" aria-describedby=\"caption-attachment-421\" style=\"width: 680px\" class=\"wp-caption alignnone\"><a href=\"\/\/dev.umweltperspektiven.ch\/wp-content\/uploads\/2016\/12\/CO2-Kompensationen-erstmals-r\u00fcckl\u00e4ufig-umweltperspektiven.jpg\"><img loading=\"lazy\" decoding=\"async\" class=\"size-medium wp-image-421\" src=\"\/\/dev.umweltperspektiven.ch\/wp-content\/uploads\/2016\/12\/CO2-Kompensationen-erstmals-r\u00fcckl\u00e4ufig-umweltperspektiven.jpg\" alt=\"Nonostante i prezzi sempre pi\u00f9 bassi, sempre pi\u00f9 svizzeri scelgono di non compensare le loro emissioni di CO2.\" width=\"680\" height=\"510\" \/><\/a><figcaption id=\"caption-attachment-421\" class=\"wp-caption-text\">Nonostante i prezzi sempre pi\u00f9 bassi, sempre pi\u00f9 svizzeri scelgono di non compensare le loro emissioni di CO2.<\/figcaption><\/figure>\n<p>La compensazione volontaria delle emissioni di CO2 \u00e8 in calo per la prima volta: lo riferisce la Fondazione MyClimate nel suo <a href=\"https:\/\/www.myclimate.org\/fileadmin\/myc\/ueber-uns\/jahresbericht\/myclimate-jahresbericht-2015.pdf\" target=\"_blank\" data-cke-saved-href=\"\/\/www.myclimate.org\/fileadmin\/myc\/ueber-uns\/jahresbericht\/myclimate-jahresbericht-2015.pdf\" rel=\"noopener\">Relazione annuale 2015<\/a>. In totale, 550.000 tonnellate di CO2 sono state compensate con i progetti di protezione del clima della Fondazione l'anno scorso, che \u00e8 lo stesso livello del 2013.<\/p>\n<p>L'anno passato \u00e8 stato effettivamente positivo per la protezione del clima: con l'accordo di Parigi, il mondo si \u00e8 impegnato per la prima volta in misure di miglioramento del clima. Allo stesso tempo, i prezzi del petrolio e dell'energia erano ad un livello record - il che avrebbe dovuto dare una spinta ai pagamenti di compensazione. Dopo tutto, i pagamenti per le 13,5 tonnellate di CO2 che lo svizzero medio emette pro capite e all'anno sono, con 400 franchi, meno cari di quello che hanno risparmiato grazie ai prezzi bassi.<\/p>\n<p>MyClimate lamenta la mancanza di volont\u00e0 dei privati e delle aziende di compensare volontariamente le loro emissioni. Ren\u00e9 Estermann lo mette in poche parole nel rapporto: \"Potremmo e vorremmo realizzare molto pi\u00f9 velocemente una protezione del clima con impianti di biogas, cucine efficienti o impianti solari. Tuttavia, noi contre c\u0153ur dobbiamo limitare massicciamente lo sviluppo dei progetti esistenti a causa della mancanza di risorse finanziarie. Inoltre, ci sono decine di possibili nuovi progetti in coda. Dobbiamo anche rimandarli fino al momento in cui pi\u00f9 aziende e persone sono pronte a internalizzare i costi delle loro emissioni di CO2, o dovranno farlo\".<\/p>\n<p><strong>Rafforzare la cooperazione<\/strong><\/p>\n<p>C'\u00e8, tuttavia, una notizia gradita: <a href=\"http:\/\/co2.myclimate.org\/de\/offset_further_emissions\" target=\"_blank\" data-cke-saved-href=\"\/\/co2.myclimate.org\/de\/offset_further_emissions\" rel=\"noopener\">Le calcolatrici MyClimate<\/a> sono stati utilizzati da 25% pi\u00f9 persone. Questo permette agli utenti di calcolare quante emissioni di CO2 sono generate da voli, viaggi in auto, in famiglia o in azienda.<\/p>\n<p>Inoltre, MyClimate vuole impegnarsi sempre di pi\u00f9 in cooperazioni, come quelle gi\u00e0 in atto con Mobility o con il fornitore di mobilit\u00e0 tedesco BlaBlaCars: Mentre con il primo, ai clienti viene chiesto ogni volta che prenotano se vogliono compensare il loro viaggio, con il secondo, la compensazione \u00e8 gi\u00e0 automaticamente inclusa nel prezzo della prenotazione. Gli utenti di BlaBlaCars possono anche votare su quali progetti il denaro dovrebbe essere investito.<\/p>","protected":false},"excerpt":{"rendered":"<p>Die freiwillige Kompensation von CO2-Emissionen ist erstmals r\u00fcckl\u00e4ufig: Dies meldet die Stiftung MyClimate in ihrem Jahresbericht 2015. Insgesamt wurden im vergangenen Jahr 550&#8217;000 Tonnen CO2 mit den Klimaschutzprojekten der Stiftung kompensiert, was dem Niveau von 2013 entspricht. Das vergangene Jahr war eigentlich ein Positives f\u00fcr den Klimaschutz: Mit dem Pariser Abkommen bekannte sich die Welt [&hellip;]<\/p>\n","protected":false},"author":1,"featured_media":421,"comment_status":"open","ping_status":"open","sticky":false,"template":"","format":"standard","meta":{"_acf_changed":false,"_yoast_wpseo_focuskw":"CO2","_yoast_wpseo_metadesc":"Die Schweizer wollen ihren CO2-Verbrauch immer weniger kompensieren: Die Stiftung MyClimate meldet zum ersten Mal r\u00fcckl\u00e4ufige Zahlen.","articlekey":"","footnotes":""},"categories":[580],"tags":[928,1047,1550,1749],"class_list":["post-9952","post","type-post","status-publish","format-standard","has-post-thumbnail","hentry","category-sustainability","tag-co2","tag-emissionen","tag-kompensation","tag-myclimate"],"acf":[],"yoast_head":"<!-- This site is optimized with the Yoast SEO plugin v27.4 - https:\/\/yoast.com\/product\/yoast-seo-wordpress\/ -->\n<title>CO2-Kompensationen erstmals r\u00fcckl\u00e4ufig - Organisator<\/title>\n<meta name=\"description\" content=\"Die Schweizer wollen ihren CO2-Verbrauch immer weniger kompensieren: Die Stiftung MyClimate meldet zum ersten Mal r\u00fcckl\u00e4ufige Zahlen.\" \/>\n<meta name=\"robots\" content=\"index, follow, max-snippet:-1, max-image-preview:large, max-video-preview:-1\" \/>\n<link rel=\"canonical\" href=\"https:\/\/www.organisator.ch\/it\/sostenibilita\/2016-07-19\/co2-kompensationen-erstmals-ruecklaeufig\/\" \/>\n<meta property=\"og:locale\" content=\"it_IT\" \/>\n<meta property=\"og:type\" content=\"article\" \/>\n<meta property=\"og:title\" content=\"CO2-Kompensationen erstmals r\u00fcckl\u00e4ufig - Organisator\" \/>\n<meta property=\"og:description\" content=\"Die Schweizer wollen ihren CO2-Verbrauch immer weniger kompensieren: Die Stiftung MyClimate meldet zum ersten Mal r\u00fcckl\u00e4ufige Zahlen.\" \/>\n<meta property=\"og:url\" content=\"https:\/\/www.organisator.ch\/it\/sostenibilita\/2016-07-19\/co2-kompensationen-erstmals-ruecklaeufig\/\" \/>\n<meta property=\"og:site_name\" content=\"Organisator\" \/>\n<meta property=\"article:publisher\" content=\"https:\/\/www.facebook.com\/OrganisatorFachmagazin\" \/>\n<meta property=\"article:published_time\" content=\"2016-07-19T14:44:01+00:00\" \/>\n<meta property=\"article:modified_time\" content=\"2022-02-09T10:06:58+00:00\" \/>\n<meta property=\"og:image\" content=\"https:\/\/www.organisator.ch\/wp-content\/uploads\/2016\/12\/CO2-Kompensationen-erstmals-ruecklaeufig-umweltperspektiven.jpg\" \/>\n\t<meta property=\"og:image:width\" content=\"1000\" \/>\n\t<meta property=\"og:image:height\" content=\"750\" \/>\n\t<meta property=\"og:image:type\" content=\"image\/jpeg\" \/>\n<meta name=\"author\" content=\"admin\" \/>\n<meta name=\"twitter:card\" content=\"summary_large_image\" \/>\n<script type=\"application\/ld+json\" class=\"yoast-schema-graph\">{\"@context\":\"https:\\\/\\\/schema.org\",\"@graph\":[{\"@type\":\"Article\",\"@id\":\"https:\\\/\\\/www.organisator.ch\\\/sustainability\\\/2016-07-19\\\/co2-kompensationen-erstmals-ruecklaeufig\\\/#article\",\"isPartOf\":{\"@id\":\"https:\\\/\\\/www.organisator.ch\\\/sustainability\\\/2016-07-19\\\/co2-kompensationen-erstmals-ruecklaeufig\\\/\"},\"author\":{\"name\":\"admin\",\"@id\":\"https:\\\/\\\/www.organisator.ch\\\/#\\\/schema\\\/person\\\/aa2bace6c5c5aad60102004a50c4eb1c\"},\"headline\":\"CO2-Kompensationen erstmals r\u00fcckl\u00e4ufig\",\"datePublished\":\"2016-07-19T14:44:01+00:00\",\"dateModified\":\"2022-02-09T10:06:58+00:00\",\"mainEntityOfPage\":{\"@id\":\"https:\\\/\\\/www.organisator.ch\\\/sustainability\\\/2016-07-19\\\/co2-kompensationen-erstmals-ruecklaeufig\\\/\"},\"wordCount\":347,\"commentCount\":0,\"publisher\":{\"@id\":\"https:\\\/\\\/www.organisator.ch\\\/#organization\"},\"image\":{\"@id\":\"https:\\\/\\\/www.organisator.ch\\\/sustainability\\\/2016-07-19\\\/co2-kompensationen-erstmals-ruecklaeufig\\\/#primaryimage\"},\"thumbnailUrl\":\"https:\\\/\\\/www.organisator.ch\\\/wp-content\\\/uploads\\\/2016\\\/12\\\/CO2-Kompensationen-erstmals-ruecklaeufig-umweltperspektiven.jpg\",\"keywords\":[\"CO2\",\"Emissionen\",\"Kompensation\",\"myclimate\"],\"articleSection\":[\"SUSTAINABILITY\"],\"inLanguage\":\"it-IT\"},{\"@type\":\"WebPage\",\"@id\":\"https:\\\/\\\/www.organisator.ch\\\/sustainability\\\/2016-07-19\\\/co2-kompensationen-erstmals-ruecklaeufig\\\/\",\"url\":\"https:\\\/\\\/www.organisator.ch\\\/sustainability\\\/2016-07-19\\\/co2-kompensationen-erstmals-ruecklaeufig\\\/\",\"name\":\"CO2-Kompensationen erstmals r\u00fcckl\u00e4ufig - Organisator\",\"isPartOf\":{\"@id\":\"https:\\\/\\\/www.organisator.ch\\\/#website\"},\"primaryImageOfPage\":{\"@id\":\"https:\\\/\\\/www.organisator.ch\\\/sustainability\\\/2016-07-19\\\/co2-kompensationen-erstmals-ruecklaeufig\\\/#primaryimage\"},\"image\":{\"@id\":\"https:\\\/\\\/www.organisator.ch\\\/sustainability\\\/2016-07-19\\\/co2-kompensationen-erstmals-ruecklaeufig\\\/#primaryimage\"},\"thumbnailUrl\":\"https:\\\/\\\/www.organisator.ch\\\/wp-content\\\/uploads\\\/2016\\\/12\\\/CO2-Kompensationen-erstmals-ruecklaeufig-umweltperspektiven.jpg\",\"datePublished\":\"2016-07-19T14:44:01+00:00\",\"dateModified\":\"2022-02-09T10:06:58+00:00\",\"description\":\"Die Schweizer wollen ihren CO2-Verbrauch immer weniger kompensieren: Die Stiftung MyClimate meldet zum ersten Mal r\u00fcckl\u00e4ufige Zahlen.\",\"breadcrumb\":{\"@id\":\"https:\\\/\\\/www.organisator.ch\\\/sustainability\\\/2016-07-19\\\/co2-kompensationen-erstmals-ruecklaeufig\\\/#breadcrumb\"},\"inLanguage\":\"it-IT\",\"potentialAction\":[{\"@type\":\"ReadAction\",\"target\":[\"https:\\\/\\\/www.organisator.ch\\\/sustainability\\\/2016-07-19\\\/co2-kompensationen-erstmals-ruecklaeufig\\\/\"]}]},{\"@type\":\"ImageObject\",\"inLanguage\":\"it-IT\",\"@id\":\"https:\\\/\\\/www.organisator.ch\\\/sustainability\\\/2016-07-19\\\/co2-kompensationen-erstmals-ruecklaeufig\\\/#primaryimage\",\"url\":\"https:\\\/\\\/www.organisator.ch\\\/wp-content\\\/uploads\\\/2016\\\/12\\\/CO2-Kompensationen-erstmals-ruecklaeufig-umweltperspektiven.jpg\",\"contentUrl\":\"https:\\\/\\\/www.organisator.ch\\\/wp-content\\\/uploads\\\/2016\\\/12\\\/CO2-Kompensationen-erstmals-ruecklaeufig-umweltperspektiven.jpg\",\"width\":1000,\"height\":750,\"caption\":\"Trotz immer g\u00fcnstigerer Preise verzichten immer mehr Schweizer darauf, ihren CO2-Ausstoss zu kompensieren.\"},{\"@type\":\"BreadcrumbList\",\"@id\":\"https:\\\/\\\/www.organisator.ch\\\/sustainability\\\/2016-07-19\\\/co2-kompensationen-erstmals-ruecklaeufig\\\/#breadcrumb\",\"itemListElement\":[{\"@type\":\"ListItem\",\"position\":1,\"name\":\"Home\",\"item\":\"https:\\\/\\\/www.organisator.ch\\\/\"},{\"@type\":\"ListItem\",\"position\":2,\"name\":\"CO2-Kompensationen erstmals r\u00fcckl\u00e4ufig\"}]},{\"@type\":\"WebSite\",\"@id\":\"https:\\\/\\\/www.organisator.ch\\\/#website\",\"url\":\"https:\\\/\\\/www.organisator.ch\\\/\",\"name\":\"Organisator\",\"description\":\"Kompetent. Praxisnah. Der ORGANISATOR bereitet in 10 Ausgaben pro Jahr die wesentlichen Themen f\u00fcr F\u00fchrungskr\u00e4fte von KMU auf.\",\"publisher\":{\"@id\":\"https:\\\/\\\/www.organisator.ch\\\/#organization\"},\"potentialAction\":[{\"@type\":\"SearchAction\",\"target\":{\"@type\":\"EntryPoint\",\"urlTemplate\":\"https:\\\/\\\/www.organisator.ch\\\/?s={search_term_string}\"},\"query-input\":{\"@type\":\"PropertyValueSpecification\",\"valueRequired\":true,\"valueName\":\"search_term_string\"}}],\"inLanguage\":\"it-IT\"},{\"@type\":\"Organization\",\"@id\":\"https:\\\/\\\/www.organisator.ch\\\/#organization\",\"name\":\"Organisator\",\"url\":\"https:\\\/\\\/www.organisator.ch\\\/\",\"logo\":{\"@type\":\"ImageObject\",\"inLanguage\":\"it-IT\",\"@id\":\"https:\\\/\\\/www.organisator.ch\\\/#\\\/schema\\\/logo\\\/image\\\/\",\"url\":\"https:\\\/\\\/www.organisator.ch\\\/wp-content\\\/uploads\\\/2022\\\/01\\\/Logo_Organisator_Website.png\",\"contentUrl\":\"https:\\\/\\\/www.organisator.ch\\\/wp-content\\\/uploads\\\/2022\\\/01\\\/Logo_Organisator_Website.png\",\"width\":800,\"height\":77,\"caption\":\"Organisator\"},\"image\":{\"@id\":\"https:\\\/\\\/www.organisator.ch\\\/#\\\/schema\\\/logo\\\/image\\\/\"},\"sameAs\":[\"https:\\\/\\\/www.facebook.com\\\/OrganisatorFachmagazin\",\"https:\\\/\\\/www.linkedin.com\\\/showcase\\\/organisator-das-magazin-fr-kmu\",\"https:\\\/\\\/www.xing.com\\\/news\\\/pages\\\/organisator-ch-695\",\"https:\\\/\\\/www.youtube.com\\\/channel\\\/UCGP2Sq0iWaZwT3BdIAQFYpw\"]},{\"@type\":\"Person\",\"@id\":\"https:\\\/\\\/www.organisator.ch\\\/#\\\/schema\\\/person\\\/aa2bace6c5c5aad60102004a50c4eb1c\",\"name\":\"admin\",\"image\":{\"@type\":\"ImageObject\",\"inLanguage\":\"it-IT\",\"@id\":\"https:\\\/\\\/secure.gravatar.com\\\/avatar\\\/ae2f4d718e6c49043e314ce431e7e645d646302a24a5ef5a8bc8e3f5a032e319?s=96&d=mm&r=g\",\"url\":\"https:\\\/\\\/secure.gravatar.com\\\/avatar\\\/ae2f4d718e6c49043e314ce431e7e645d646302a24a5ef5a8bc8e3f5a032e319?s=96&d=mm&r=g\",\"contentUrl\":\"https:\\\/\\\/secure.gravatar.com\\\/avatar\\\/ae2f4d718e6c49043e314ce431e7e645d646302a24a5ef5a8bc8e3f5a032e319?s=96&d=mm&r=g\",\"caption\":\"admin\"},\"sameAs\":[\"https:\\\/\\\/www.organisator.ch\"],\"url\":\"https:\\\/\\\/www.organisator.ch\\\/it\\\/author\\\/admin\\\/\"}]}<\/script>\n<!-- \/ Yoast SEO plugin. -->","yoast_head_json":{"title":"Le compensazioni di CO2 diminuiscono per la prima volta - Organizzatore","description":"Gli svizzeri vogliono compensare sempre meno il loro consumo di CO2: La fondazione MyClimate riporta per la prima volta cifre in calo.","robots":{"index":"index","follow":"follow","max-snippet":"max-snippet:-1","max-image-preview":"max-image-preview:large","max-video-preview":"max-video-preview:-1"},"canonical":"https:\/\/www.organisator.ch\/it\/sostenibilita\/2016-07-19\/co2-kompensationen-erstmals-ruecklaeufig\/","og_locale":"it_IT","og_type":"article","og_title":"CO2-Kompensationen erstmals r\u00fcckl\u00e4ufig - Organisator","og_description":"Die Schweizer wollen ihren CO2-Verbrauch immer weniger kompensieren: Die Stiftung MyClimate meldet zum ersten Mal r\u00fcckl\u00e4ufige Zahlen.","og_url":"https:\/\/www.organisator.ch\/it\/sostenibilita\/2016-07-19\/co2-kompensationen-erstmals-ruecklaeufig\/","og_site_name":"Organisator","article_publisher":"https:\/\/www.facebook.com\/OrganisatorFachmagazin","article_published_time":"2016-07-19T14:44:01+00:00","article_modified_time":"2022-02-09T10:06:58+00:00","og_image":[{"width":1000,"height":750,"url":"https:\/\/www.organisator.ch\/wp-content\/uploads\/2016\/12\/CO2-Kompensationen-erstmals-ruecklaeufig-umweltperspektiven.jpg","type":"image\/jpeg"}],"author":"admin","twitter_card":"summary_large_image","schema":{"@context":"https:\/\/schema.org","@graph":[{"@type":"Article","@id":"https:\/\/www.organisator.ch\/sustainability\/2016-07-19\/co2-kompensationen-erstmals-ruecklaeufig\/#article","isPartOf":{"@id":"https:\/\/www.organisator.ch\/sustainability\/2016-07-19\/co2-kompensationen-erstmals-ruecklaeufig\/"},"author":{"name":"admin","@id":"https:\/\/www.organisator.ch\/#\/schema\/person\/aa2bace6c5c5aad60102004a50c4eb1c"},"headline":"CO2-Kompensationen erstmals r\u00fcckl\u00e4ufig","datePublished":"2016-07-19T14:44:01+00:00","dateModified":"2022-02-09T10:06:58+00:00","mainEntityOfPage":{"@id":"https:\/\/www.organisator.ch\/sustainability\/2016-07-19\/co2-kompensationen-erstmals-ruecklaeufig\/"},"wordCount":347,"commentCount":0,"publisher":{"@id":"https:\/\/www.organisator.ch\/#organization"},"image":{"@id":"https:\/\/www.organisator.ch\/sustainability\/2016-07-19\/co2-kompensationen-erstmals-ruecklaeufig\/#primaryimage"},"thumbnailUrl":"https:\/\/www.organisator.ch\/wp-content\/uploads\/2016\/12\/CO2-Kompensationen-erstmals-ruecklaeufig-umweltperspektiven.jpg","keywords":["CO2","Emissionen","Kompensation","myclimate"],"articleSection":["SUSTAINABILITY"],"inLanguage":"it-IT"},{"@type":"WebPage","@id":"https:\/\/www.organisator.ch\/sustainability\/2016-07-19\/co2-kompensationen-erstmals-ruecklaeufig\/","url":"https:\/\/www.organisator.ch\/sustainability\/2016-07-19\/co2-kompensationen-erstmals-ruecklaeufig\/","name":"Le compensazioni di CO2 diminuiscono per la prima volta - Organizzatore","isPartOf":{"@id":"https:\/\/www.organisator.ch\/#website"},"primaryImageOfPage":{"@id":"https:\/\/www.organisator.ch\/sustainability\/2016-07-19\/co2-kompensationen-erstmals-ruecklaeufig\/#primaryimage"},"image":{"@id":"https:\/\/www.organisator.ch\/sustainability\/2016-07-19\/co2-kompensationen-erstmals-ruecklaeufig\/#primaryimage"},"thumbnailUrl":"https:\/\/www.organisator.ch\/wp-content\/uploads\/2016\/12\/CO2-Kompensationen-erstmals-ruecklaeufig-umweltperspektiven.jpg","datePublished":"2016-07-19T14:44:01+00:00","dateModified":"2022-02-09T10:06:58+00:00","description":"Gli svizzeri vogliono compensare sempre meno il loro consumo di CO2: La fondazione MyClimate riporta per la prima volta cifre in calo.","breadcrumb":{"@id":"https:\/\/www.organisator.ch\/sustainability\/2016-07-19\/co2-kompensationen-erstmals-ruecklaeufig\/#breadcrumb"},"inLanguage":"it-IT","potentialAction":[{"@type":"ReadAction","target":["https:\/\/www.organisator.ch\/sustainability\/2016-07-19\/co2-kompensationen-erstmals-ruecklaeufig\/"]}]},{"@type":"ImageObject","inLanguage":"it-IT","@id":"https:\/\/www.organisator.ch\/sustainability\/2016-07-19\/co2-kompensationen-erstmals-ruecklaeufig\/#primaryimage","url":"https:\/\/www.organisator.ch\/wp-content\/uploads\/2016\/12\/CO2-Kompensationen-erstmals-ruecklaeufig-umweltperspektiven.jpg","contentUrl":"https:\/\/www.organisator.ch\/wp-content\/uploads\/2016\/12\/CO2-Kompensationen-erstmals-ruecklaeufig-umweltperspektiven.jpg","width":1000,"height":750,"caption":"Trotz immer g\u00fcnstigerer Preise verzichten immer mehr Schweizer darauf, ihren CO2-Ausstoss zu kompensieren."},{"@type":"BreadcrumbList","@id":"https:\/\/www.organisator.ch\/sustainability\/2016-07-19\/co2-kompensationen-erstmals-ruecklaeufig\/#breadcrumb","itemListElement":[{"@type":"ListItem","position":1,"name":"Home","item":"https:\/\/www.organisator.ch\/"},{"@type":"ListItem","position":2,"name":"CO2-Kompensationen erstmals r\u00fcckl\u00e4ufig"}]},{"@type":"WebSite","@id":"https:\/\/www.organisator.ch\/#website","url":"https:\/\/www.organisator.ch\/","name":"Organizzatore","description":"Competente. Pratico. In 10 numeri all'anno, ORGANISATOR presenta i temi essenziali per i manager delle PMI.","publisher":{"@id":"https:\/\/www.organisator.ch\/#organization"},"potentialAction":[{"@type":"SearchAction","target":{"@type":"EntryPoint","urlTemplate":"https:\/\/www.organisator.ch\/?s={search_term_string}"},"query-input":{"@type":"PropertyValueSpecification","valueRequired":true,"valueName":"search_term_string"}}],"inLanguage":"it-IT"},{"@type":"Organization","@id":"https:\/\/www.organisator.ch\/#organization","name":"Organizzatore","url":"https:\/\/www.organisator.ch\/","logo":{"@type":"ImageObject","inLanguage":"it-IT","@id":"https:\/\/www.organisator.ch\/#\/schema\/logo\/image\/","url":"https:\/\/www.organisator.ch\/wp-content\/uploads\/2022\/01\/Logo_Organisator_Website.png","contentUrl":"https:\/\/www.organisator.ch\/wp-content\/uploads\/2022\/01\/Logo_Organisator_Website.png","width":800,"height":77,"caption":"Organisator"},"image":{"@id":"https:\/\/www.organisator.ch\/#\/schema\/logo\/image\/"},"sameAs":["https:\/\/www.facebook.com\/OrganisatorFachmagazin","https:\/\/www.linkedin.com\/showcase\/organisator-das-magazin-fr-kmu","https:\/\/www.xing.com\/news\/pages\/organisator-ch-695","https:\/\/www.youtube.com\/channel\/UCGP2Sq0iWaZwT3BdIAQFYpw"]},{"@type":"Person","@id":"https:\/\/www.organisator.ch\/#\/schema\/person\/aa2bace6c5c5aad60102004a50c4eb1c","name":"amministratore","image":{"@type":"ImageObject","inLanguage":"it-IT","@id":"https:\/\/secure.gravatar.com\/avatar\/ae2f4d718e6c49043e314ce431e7e645d646302a24a5ef5a8bc8e3f5a032e319?s=96&d=mm&r=g","url":"https:\/\/secure.gravatar.com\/avatar\/ae2f4d718e6c49043e314ce431e7e645d646302a24a5ef5a8bc8e3f5a032e319?s=96&d=mm&r=g","contentUrl":"https:\/\/secure.gravatar.com\/avatar\/ae2f4d718e6c49043e314ce431e7e645d646302a24a5ef5a8bc8e3f5a032e319?s=96&d=mm&r=g","caption":"admin"},"sameAs":["https:\/\/www.organisator.ch"],"url":"https:\/\/www.organisator.ch\/it\/author\/admin\/"}]}},"_links":{"self":[{"href":"https:\/\/www.organisator.ch\/it\/wp-json\/wp\/v2\/posts\/9952","targetHints":{"allow":["GET"]}}],"collection":[{"href":"https:\/\/www.organisator.ch\/it\/wp-json\/wp\/v2\/posts"}],"about":[{"href":"https:\/\/www.organisator.ch\/it\/wp-json\/wp\/v2\/types\/post"}],"author":[{"embeddable":true,"href":"https:\/\/www.organisator.ch\/it\/wp-json\/wp\/v2\/users\/1"}],"replies":[{"embeddable":true,"href":"https:\/\/www.organisator.ch\/it\/wp-json\/wp\/v2\/comments?post=9952"}],"version-history":[{"count":1,"href":"https:\/\/www.organisator.ch\/it\/wp-json\/wp\/v2\/posts\/9952\/revisions"}],"predecessor-version":[{"id":10751,"href":"https:\/\/www.organisator.ch\/it\/wp-json\/wp\/v2\/posts\/9952\/revisions\/10751"}],"wp:featuredmedia":[{"embeddable":true,"href":"https:\/\/www.organisator.ch\/it\/wp-json\/wp\/v2\/media\/421"}],"wp:attachment":[{"href":"https:\/\/www.organisator.ch\/it\/wp-json\/wp\/v2\/media?parent=9952"}],"wp:term":[{"taxonomy":"category","embeddable":true,"href":"https:\/\/www.organisator.ch\/it\/wp-json\/wp\/v2\/categories?post=9952"},{"taxonomy":"post_tag","embeddable":true,"href":"https:\/\/www.organisator.ch\/it\/wp-json\/wp\/v2\/tags?post=9952"}],"curies":[{"name":"wp","href":"https:\/\/api.w.org\/{rel}","templated":true}]}}