{"id":9954,"date":"2016-07-25T16:51:07","date_gmt":"2016-07-25T14:51:07","guid":{"rendered":"https:\/\/dev.umweltperspektiven.ch\/?p=434"},"modified":"2022-02-09T11:06:23","modified_gmt":"2022-02-09T10:06:23","slug":"letzte-etappe-fuer-solar-impulse","status":"publish","type":"post","link":"https:\/\/www.organisator.ch\/it\/sustainability\/2016-07-25\/letzte-etappe-fuer-solar-impulse\/","title":{"rendered":"Ultima tappa per Solar Impulse"},"content":{"rendered":"<figure id=\"attachment_435\" aria-describedby=\"caption-attachment-435\" style=\"width: 680px\" class=\"wp-caption alignnone\"><a href=\"\/\/dev.umweltperspektiven.ch\/wp-content\/uploads\/2016\/12\/Letzte-Etappe-f\u00fcr-Solar-Impulse-1-umweltperspektiven.jpg\"><img loading=\"lazy\" decoding=\"async\" class=\"size-medium wp-image-435\" src=\"\/\/dev.umweltperspektiven.ch\/wp-content\/uploads\/2016\/12\/Letzte-Etappe-f\u00fcr-Solar-Impulse-1-umweltperspektiven.jpg\" alt=\"L&#039;aereo solare decolla al Cairo per l&#039;ultima tappa del suo volo intorno al mondo. (Foto: Solar Impulse)\" width=\"680\" height=\"454\" \/><\/a><figcaption id=\"caption-attachment-435\" class=\"wp-caption-text\">L'aereo solare decolla al Cairo per l'ultima tappa del suo volo intorno al mondo. (Foto: Solar Impulse)<\/figcaption><\/figure>\n<p>Dopo 17 tappe in 16 mesi, stasera \u00e8 finalmente arrivato il momento: l'aereo solare Solar Impulse 2 ha ufficialmente circumnavigato l'intero globo.<\/p>\n<p>Tuttavia, il team descrive l'ultima tappa come la sfida pi\u00f9 grande: zone di non volo, condizioni meteorologiche e termiche fanno s\u00ec che il pilota e avventuriero Bertrand Piccard e il suo equipaggio siano ancora una volta particolarmente sfidati.<\/p>\n<p>Tuttavia, Piccard chiama il lancio in Egitto un \"momento emozionante\": \u00e8 qui che \u00e8 atterrato in mongolfiera nel 1999 dopo il primo volo non-stop intorno al mondo, \u00e8 qui che \u00e8 iniziato il suo sogno di completare un altro giro del mondo - usando solo energia solare: \"Sono molto eccitato di essere cos\u00ec vicino alla meta, ma purtroppo ci sono ancora cos\u00ec tante persone che dobbiamo motivare fino a quando il nostro mondo sar\u00e0 alimentato interamente dalle stesse tecnologie pulite che usa Si2\", spiega Piccard.<\/p>\n<figure id=\"attachment_436\" aria-describedby=\"caption-attachment-436\" style=\"width: 680px\" class=\"wp-caption alignnone\"><a href=\"\/\/dev.umweltperspektiven.ch\/wp-content\/uploads\/2016\/12\/Letzte-Etappe-f\u00fcr-Solar-Impulse-2-umweltperspektiven.jpg\"><img loading=\"lazy\" decoding=\"async\" class=\"size-medium wp-image-436\" src=\"\/\/dev.umweltperspektiven.ch\/wp-content\/uploads\/2016\/12\/Letzte-Etappe-f\u00fcr-Solar-Impulse-2-umweltperspektiven.jpg\" alt=\"Un sogno che diventa realt\u00e0: Bertrand Piccard si prepara per l&#039;ultima tappa del Solar Impulse 2. (Foto: Solar Impulse)\" width=\"680\" height=\"454\" \/><\/a><figcaption id=\"caption-attachment-436\" class=\"wp-caption-text\">Un sogno che diventa realt\u00e0: Bertrand Piccard si prepara per l'ultima tappa del Solar Impulse 2. (Foto: Solar Impulse)<\/figcaption><\/figure>\n<p>Per realizzare il sogno, Bertrand Piccard, medico ed esploratore nel cuore, ha fatto squadra con Andr\u00e9 Borschberg, ingegnere e imprenditore esperto. Entrambi gli uomini hanno pilotato a turno il Si2 in giro per il mondo, ma svolgono ruoli diversi nel progetto. Piccard \u00e8 responsabile della visione del progetto e dell'influenza politica, cos\u00ec come della ricerca di partner per il finanziamento e la tecnologia. Borschberg ha assemblato un team che ha progettato e costruito il Si2 e si \u00e8 impegnato a trasformare le innovazioni tecnologiche dell'aereo in nuove soluzioni ingegneristiche.<\/p>\n<p>Dopo l'atterraggio ad Abu Dhabi negli Emirati Arabi Uniti, dove l'avventura \u00e8 iniziata nel marzo 2015, Bertrand Piccard e Andr\u00e9 Borschberg, insieme al loro team e ai loro partner, continueranno a portare avanti la missione Solar Impulse, pubblicizzando le soluzioni concrete di efficienza energetica che possono risolvere molte delle sfide della comunit\u00e0 globale.<\/p>\n<p><a href=\"http:\/\/www.solarimpulse.com\/leg-17-from-Cairo-to-Abu_Dhabi\" target=\"_blank\" data-cke-saved-href=\"\/\/www.solarimpulse.com\/leg-17-from-Cairo-to-Abu_Dhabi\" rel=\"noopener\">Qui pu\u00f2 seguire il volo in diretta.<\/a><\/p>","protected":false},"excerpt":{"rendered":"<p>Nach 17 Etappen in 16 Monaten ist es heute Nacht endlich so weit: Das Solarflugzeug Solar Impulse 2 hat offiziell die gesamte Erde umrundet. Die letzte Etappe bezeichnet das Team aber als die gr\u00f6sste Herausforderung: Flugverbotszonen, Wetterbedingungen und Thermiken sogen daf\u00fcr, dass Pilot und Abenteurer Bertrand Piccard und seine Crew noch einmal besonders gefordert sind. [&hellip;]<\/p>\n","protected":false},"author":1,"featured_media":9400,"comment_status":"open","ping_status":"open","sticky":false,"template":"","format":"standard","meta":{"_acf_changed":false,"_yoast_wpseo_focuskw":"Solar Impulse","_yoast_wpseo_metadesc":"Die Weltumrundung ist fast komplett: Das Solarflugzeug Solar Impulse 2 soll heute nach in Abu Dhabi landen, wo es vor \u00fcber einem Jahr seine Reise startete.","articlekey":"","footnotes":""},"categories":[580],"tags":[1910,2140,2552],"class_list":["post-9954","post","type-post","status-publish","format-standard","has-post-thumbnail","hentry","category-sustainability","tag-piccard","tag-solar-impulse","tag-weltumrundung"],"acf":[],"yoast_head":"<!-- This site is optimized with the Yoast SEO plugin v27.5 - https:\/\/yoast.com\/product\/yoast-seo-wordpress\/ -->\n<title>Letzte Etappe f\u00fcr Solar Impulse - Organisator<\/title>\n<meta name=\"description\" content=\"Die Weltumrundung ist fast komplett: Das Solarflugzeug Solar Impulse 2 soll heute nach in Abu Dhabi landen, wo es vor \u00fcber einem Jahr seine Reise startete.\" \/>\n<meta name=\"robots\" content=\"index, follow, max-snippet:-1, max-image-preview:large, max-video-preview:-1\" \/>\n<link rel=\"canonical\" href=\"https:\/\/www.organisator.ch\/it\/sostenibilita\/2016-07-25\/letzte-etappe-fuer-solar-impulse\/\" \/>\n<meta property=\"og:locale\" content=\"it_IT\" \/>\n<meta property=\"og:type\" content=\"article\" \/>\n<meta property=\"og:title\" content=\"Letzte Etappe f\u00fcr Solar Impulse - Organisator\" \/>\n<meta property=\"og:description\" content=\"Die Weltumrundung ist fast komplett: Das Solarflugzeug Solar Impulse 2 soll heute nach in Abu Dhabi landen, wo es vor \u00fcber einem Jahr seine Reise startete.\" \/>\n<meta property=\"og:url\" content=\"https:\/\/www.organisator.ch\/it\/sostenibilita\/2016-07-25\/letzte-etappe-fuer-solar-impulse\/\" \/>\n<meta property=\"og:site_name\" content=\"Organisator\" \/>\n<meta property=\"article:publisher\" content=\"https:\/\/www.facebook.com\/OrganisatorFachmagazin\" \/>\n<meta property=\"article:published_time\" content=\"2016-07-25T14:51:07+00:00\" \/>\n<meta property=\"article:modified_time\" content=\"2022-02-09T10:06:23+00:00\" \/>\n<meta property=\"og:image\" content=\"https:\/\/www.organisator.ch\/wp-content\/uploads\/2016\/12\/Letzte-Etappe-fuer-Solar-Impulse-1-umweltperspektiven.jpg\" \/>\n\t<meta property=\"og:image:width\" content=\"2048\" \/>\n\t<meta property=\"og:image:height\" content=\"1366\" \/>\n\t<meta property=\"og:image:type\" content=\"image\/jpeg\" \/>\n<meta name=\"author\" content=\"admin\" \/>\n<meta name=\"twitter:card\" content=\"summary_large_image\" \/>\n<script type=\"application\/ld+json\" class=\"yoast-schema-graph\">{\"@context\":\"https:\\\/\\\/schema.org\",\"@graph\":[{\"@type\":\"Article\",\"@id\":\"https:\\\/\\\/www.organisator.ch\\\/sustainability\\\/2016-07-25\\\/letzte-etappe-fuer-solar-impulse\\\/#article\",\"isPartOf\":{\"@id\":\"https:\\\/\\\/www.organisator.ch\\\/sustainability\\\/2016-07-25\\\/letzte-etappe-fuer-solar-impulse\\\/\"},\"author\":{\"name\":\"admin\",\"@id\":\"https:\\\/\\\/www.organisator.ch\\\/#\\\/schema\\\/person\\\/aa2bace6c5c5aad60102004a50c4eb1c\"},\"headline\":\"Letzte Etappe f\u00fcr Solar Impulse\",\"datePublished\":\"2016-07-25T14:51:07+00:00\",\"dateModified\":\"2022-02-09T10:06:23+00:00\",\"mainEntityOfPage\":{\"@id\":\"https:\\\/\\\/www.organisator.ch\\\/sustainability\\\/2016-07-25\\\/letzte-etappe-fuer-solar-impulse\\\/\"},\"wordCount\":348,\"commentCount\":0,\"publisher\":{\"@id\":\"https:\\\/\\\/www.organisator.ch\\\/#organization\"},\"image\":{\"@id\":\"https:\\\/\\\/www.organisator.ch\\\/sustainability\\\/2016-07-25\\\/letzte-etappe-fuer-solar-impulse\\\/#primaryimage\"},\"thumbnailUrl\":\"https:\\\/\\\/www.organisator.ch\\\/wp-content\\\/uploads\\\/2016\\\/12\\\/Letzte-Etappe-fuer-Solar-Impulse-1-umweltperspektiven.jpg\",\"keywords\":[\"Piccard\",\"Solar Impulse\",\"Weltumrundung\"],\"articleSection\":[\"SUSTAINABILITY\"],\"inLanguage\":\"it-IT\"},{\"@type\":\"WebPage\",\"@id\":\"https:\\\/\\\/www.organisator.ch\\\/sustainability\\\/2016-07-25\\\/letzte-etappe-fuer-solar-impulse\\\/\",\"url\":\"https:\\\/\\\/www.organisator.ch\\\/sustainability\\\/2016-07-25\\\/letzte-etappe-fuer-solar-impulse\\\/\",\"name\":\"Letzte Etappe f\u00fcr Solar Impulse - Organisator\",\"isPartOf\":{\"@id\":\"https:\\\/\\\/www.organisator.ch\\\/#website\"},\"primaryImageOfPage\":{\"@id\":\"https:\\\/\\\/www.organisator.ch\\\/sustainability\\\/2016-07-25\\\/letzte-etappe-fuer-solar-impulse\\\/#primaryimage\"},\"image\":{\"@id\":\"https:\\\/\\\/www.organisator.ch\\\/sustainability\\\/2016-07-25\\\/letzte-etappe-fuer-solar-impulse\\\/#primaryimage\"},\"thumbnailUrl\":\"https:\\\/\\\/www.organisator.ch\\\/wp-content\\\/uploads\\\/2016\\\/12\\\/Letzte-Etappe-fuer-Solar-Impulse-1-umweltperspektiven.jpg\",\"datePublished\":\"2016-07-25T14:51:07+00:00\",\"dateModified\":\"2022-02-09T10:06:23+00:00\",\"description\":\"Die Weltumrundung ist fast komplett: Das Solarflugzeug Solar Impulse 2 soll heute nach in Abu Dhabi landen, wo es vor \u00fcber einem Jahr seine Reise startete.\",\"breadcrumb\":{\"@id\":\"https:\\\/\\\/www.organisator.ch\\\/sustainability\\\/2016-07-25\\\/letzte-etappe-fuer-solar-impulse\\\/#breadcrumb\"},\"inLanguage\":\"it-IT\",\"potentialAction\":[{\"@type\":\"ReadAction\",\"target\":[\"https:\\\/\\\/www.organisator.ch\\\/sustainability\\\/2016-07-25\\\/letzte-etappe-fuer-solar-impulse\\\/\"]}]},{\"@type\":\"ImageObject\",\"inLanguage\":\"it-IT\",\"@id\":\"https:\\\/\\\/www.organisator.ch\\\/sustainability\\\/2016-07-25\\\/letzte-etappe-fuer-solar-impulse\\\/#primaryimage\",\"url\":\"https:\\\/\\\/www.organisator.ch\\\/wp-content\\\/uploads\\\/2016\\\/12\\\/Letzte-Etappe-fuer-Solar-Impulse-1-umweltperspektiven.jpg\",\"contentUrl\":\"https:\\\/\\\/www.organisator.ch\\\/wp-content\\\/uploads\\\/2016\\\/12\\\/Letzte-Etappe-fuer-Solar-Impulse-1-umweltperspektiven.jpg\",\"width\":2048,\"height\":1366,\"caption\":\"Das Solarflugzeug hebt in Kairo f\u00fcr die letzte Etappe seiner Weltumrundung ab. (Foto: Solar Impulse)\"},{\"@type\":\"BreadcrumbList\",\"@id\":\"https:\\\/\\\/www.organisator.ch\\\/sustainability\\\/2016-07-25\\\/letzte-etappe-fuer-solar-impulse\\\/#breadcrumb\",\"itemListElement\":[{\"@type\":\"ListItem\",\"position\":1,\"name\":\"Home\",\"item\":\"https:\\\/\\\/www.organisator.ch\\\/\"},{\"@type\":\"ListItem\",\"position\":2,\"name\":\"Letzte Etappe f\u00fcr Solar Impulse\"}]},{\"@type\":\"WebSite\",\"@id\":\"https:\\\/\\\/www.organisator.ch\\\/#website\",\"url\":\"https:\\\/\\\/www.organisator.ch\\\/\",\"name\":\"Organisator\",\"description\":\"Kompetent. Praxisnah. Der ORGANISATOR bereitet in 10 Ausgaben pro Jahr die wesentlichen Themen f\u00fcr F\u00fchrungskr\u00e4fte von KMU auf.\",\"publisher\":{\"@id\":\"https:\\\/\\\/www.organisator.ch\\\/#organization\"},\"potentialAction\":[{\"@type\":\"SearchAction\",\"target\":{\"@type\":\"EntryPoint\",\"urlTemplate\":\"https:\\\/\\\/www.organisator.ch\\\/?s={search_term_string}\"},\"query-input\":{\"@type\":\"PropertyValueSpecification\",\"valueRequired\":true,\"valueName\":\"search_term_string\"}}],\"inLanguage\":\"it-IT\"},{\"@type\":\"Organization\",\"@id\":\"https:\\\/\\\/www.organisator.ch\\\/#organization\",\"name\":\"Organisator\",\"url\":\"https:\\\/\\\/www.organisator.ch\\\/\",\"logo\":{\"@type\":\"ImageObject\",\"inLanguage\":\"it-IT\",\"@id\":\"https:\\\/\\\/www.organisator.ch\\\/#\\\/schema\\\/logo\\\/image\\\/\",\"url\":\"https:\\\/\\\/www.organisator.ch\\\/wp-content\\\/uploads\\\/2022\\\/01\\\/Logo_Organisator_Website.png\",\"contentUrl\":\"https:\\\/\\\/www.organisator.ch\\\/wp-content\\\/uploads\\\/2022\\\/01\\\/Logo_Organisator_Website.png\",\"width\":800,\"height\":77,\"caption\":\"Organisator\"},\"image\":{\"@id\":\"https:\\\/\\\/www.organisator.ch\\\/#\\\/schema\\\/logo\\\/image\\\/\"},\"sameAs\":[\"https:\\\/\\\/www.facebook.com\\\/OrganisatorFachmagazin\",\"https:\\\/\\\/www.linkedin.com\\\/showcase\\\/organisator-das-magazin-fr-kmu\",\"https:\\\/\\\/www.xing.com\\\/news\\\/pages\\\/organisator-ch-695\",\"https:\\\/\\\/www.youtube.com\\\/channel\\\/UCGP2Sq0iWaZwT3BdIAQFYpw\"]},{\"@type\":\"Person\",\"@id\":\"https:\\\/\\\/www.organisator.ch\\\/#\\\/schema\\\/person\\\/aa2bace6c5c5aad60102004a50c4eb1c\",\"name\":\"admin\",\"image\":{\"@type\":\"ImageObject\",\"inLanguage\":\"it-IT\",\"@id\":\"https:\\\/\\\/secure.gravatar.com\\\/avatar\\\/ae2f4d718e6c49043e314ce431e7e645d646302a24a5ef5a8bc8e3f5a032e319?s=96&d=mm&r=g\",\"url\":\"https:\\\/\\\/secure.gravatar.com\\\/avatar\\\/ae2f4d718e6c49043e314ce431e7e645d646302a24a5ef5a8bc8e3f5a032e319?s=96&d=mm&r=g\",\"contentUrl\":\"https:\\\/\\\/secure.gravatar.com\\\/avatar\\\/ae2f4d718e6c49043e314ce431e7e645d646302a24a5ef5a8bc8e3f5a032e319?s=96&d=mm&r=g\",\"caption\":\"admin\"},\"sameAs\":[\"https:\\\/\\\/www.organisator.ch\"],\"url\":\"https:\\\/\\\/www.organisator.ch\\\/it\\\/author\\\/admin\\\/\"}]}<\/script>\n<!-- \/ Yoast SEO plugin. -->","yoast_head_json":{"title":"Ultima tappa per Solar Impulse - Organizzatore","description":"Il giro del mondo \u00e8 quasi completato: l'aereo solare Solar Impulse 2 dovrebbe atterrare oggi ad Abu Dhabi, dove ha iniziato il suo viaggio pi\u00f9 di un anno fa.","robots":{"index":"index","follow":"follow","max-snippet":"max-snippet:-1","max-image-preview":"max-image-preview:large","max-video-preview":"max-video-preview:-1"},"canonical":"https:\/\/www.organisator.ch\/it\/sostenibilita\/2016-07-25\/letzte-etappe-fuer-solar-impulse\/","og_locale":"it_IT","og_type":"article","og_title":"Letzte Etappe f\u00fcr Solar Impulse - Organisator","og_description":"Die Weltumrundung ist fast komplett: Das Solarflugzeug Solar Impulse 2 soll heute nach in Abu Dhabi landen, wo es vor \u00fcber einem Jahr seine Reise startete.","og_url":"https:\/\/www.organisator.ch\/it\/sostenibilita\/2016-07-25\/letzte-etappe-fuer-solar-impulse\/","og_site_name":"Organisator","article_publisher":"https:\/\/www.facebook.com\/OrganisatorFachmagazin","article_published_time":"2016-07-25T14:51:07+00:00","article_modified_time":"2022-02-09T10:06:23+00:00","og_image":[{"width":2048,"height":1366,"url":"https:\/\/www.organisator.ch\/wp-content\/uploads\/2016\/12\/Letzte-Etappe-fuer-Solar-Impulse-1-umweltperspektiven.jpg","type":"image\/jpeg"}],"author":"admin","twitter_card":"summary_large_image","schema":{"@context":"https:\/\/schema.org","@graph":[{"@type":"Article","@id":"https:\/\/www.organisator.ch\/sustainability\/2016-07-25\/letzte-etappe-fuer-solar-impulse\/#article","isPartOf":{"@id":"https:\/\/www.organisator.ch\/sustainability\/2016-07-25\/letzte-etappe-fuer-solar-impulse\/"},"author":{"name":"admin","@id":"https:\/\/www.organisator.ch\/#\/schema\/person\/aa2bace6c5c5aad60102004a50c4eb1c"},"headline":"Letzte Etappe f\u00fcr Solar Impulse","datePublished":"2016-07-25T14:51:07+00:00","dateModified":"2022-02-09T10:06:23+00:00","mainEntityOfPage":{"@id":"https:\/\/www.organisator.ch\/sustainability\/2016-07-25\/letzte-etappe-fuer-solar-impulse\/"},"wordCount":348,"commentCount":0,"publisher":{"@id":"https:\/\/www.organisator.ch\/#organization"},"image":{"@id":"https:\/\/www.organisator.ch\/sustainability\/2016-07-25\/letzte-etappe-fuer-solar-impulse\/#primaryimage"},"thumbnailUrl":"https:\/\/www.organisator.ch\/wp-content\/uploads\/2016\/12\/Letzte-Etappe-fuer-Solar-Impulse-1-umweltperspektiven.jpg","keywords":["Piccard","Solar Impulse","Weltumrundung"],"articleSection":["SUSTAINABILITY"],"inLanguage":"it-IT"},{"@type":"WebPage","@id":"https:\/\/www.organisator.ch\/sustainability\/2016-07-25\/letzte-etappe-fuer-solar-impulse\/","url":"https:\/\/www.organisator.ch\/sustainability\/2016-07-25\/letzte-etappe-fuer-solar-impulse\/","name":"Ultima tappa per Solar Impulse - Organizzatore","isPartOf":{"@id":"https:\/\/www.organisator.ch\/#website"},"primaryImageOfPage":{"@id":"https:\/\/www.organisator.ch\/sustainability\/2016-07-25\/letzte-etappe-fuer-solar-impulse\/#primaryimage"},"image":{"@id":"https:\/\/www.organisator.ch\/sustainability\/2016-07-25\/letzte-etappe-fuer-solar-impulse\/#primaryimage"},"thumbnailUrl":"https:\/\/www.organisator.ch\/wp-content\/uploads\/2016\/12\/Letzte-Etappe-fuer-Solar-Impulse-1-umweltperspektiven.jpg","datePublished":"2016-07-25T14:51:07+00:00","dateModified":"2022-02-09T10:06:23+00:00","description":"Il giro del mondo \u00e8 quasi completato: l'aereo solare Solar Impulse 2 dovrebbe atterrare oggi ad Abu Dhabi, dove ha iniziato il suo viaggio pi\u00f9 di un anno fa.","breadcrumb":{"@id":"https:\/\/www.organisator.ch\/sustainability\/2016-07-25\/letzte-etappe-fuer-solar-impulse\/#breadcrumb"},"inLanguage":"it-IT","potentialAction":[{"@type":"ReadAction","target":["https:\/\/www.organisator.ch\/sustainability\/2016-07-25\/letzte-etappe-fuer-solar-impulse\/"]}]},{"@type":"ImageObject","inLanguage":"it-IT","@id":"https:\/\/www.organisator.ch\/sustainability\/2016-07-25\/letzte-etappe-fuer-solar-impulse\/#primaryimage","url":"https:\/\/www.organisator.ch\/wp-content\/uploads\/2016\/12\/Letzte-Etappe-fuer-Solar-Impulse-1-umweltperspektiven.jpg","contentUrl":"https:\/\/www.organisator.ch\/wp-content\/uploads\/2016\/12\/Letzte-Etappe-fuer-Solar-Impulse-1-umweltperspektiven.jpg","width":2048,"height":1366,"caption":"Das Solarflugzeug hebt in Kairo f\u00fcr die letzte Etappe seiner Weltumrundung ab. (Foto: Solar Impulse)"},{"@type":"BreadcrumbList","@id":"https:\/\/www.organisator.ch\/sustainability\/2016-07-25\/letzte-etappe-fuer-solar-impulse\/#breadcrumb","itemListElement":[{"@type":"ListItem","position":1,"name":"Home","item":"https:\/\/www.organisator.ch\/"},{"@type":"ListItem","position":2,"name":"Letzte Etappe f\u00fcr Solar Impulse"}]},{"@type":"WebSite","@id":"https:\/\/www.organisator.ch\/#website","url":"https:\/\/www.organisator.ch\/","name":"Organizzatore","description":"Competente. Pratico. In 10 numeri all'anno, ORGANISATOR presenta i temi essenziali per i manager delle PMI.","publisher":{"@id":"https:\/\/www.organisator.ch\/#organization"},"potentialAction":[{"@type":"SearchAction","target":{"@type":"EntryPoint","urlTemplate":"https:\/\/www.organisator.ch\/?s={search_term_string}"},"query-input":{"@type":"PropertyValueSpecification","valueRequired":true,"valueName":"search_term_string"}}],"inLanguage":"it-IT"},{"@type":"Organization","@id":"https:\/\/www.organisator.ch\/#organization","name":"Organizzatore","url":"https:\/\/www.organisator.ch\/","logo":{"@type":"ImageObject","inLanguage":"it-IT","@id":"https:\/\/www.organisator.ch\/#\/schema\/logo\/image\/","url":"https:\/\/www.organisator.ch\/wp-content\/uploads\/2022\/01\/Logo_Organisator_Website.png","contentUrl":"https:\/\/www.organisator.ch\/wp-content\/uploads\/2022\/01\/Logo_Organisator_Website.png","width":800,"height":77,"caption":"Organisator"},"image":{"@id":"https:\/\/www.organisator.ch\/#\/schema\/logo\/image\/"},"sameAs":["https:\/\/www.facebook.com\/OrganisatorFachmagazin","https:\/\/www.linkedin.com\/showcase\/organisator-das-magazin-fr-kmu","https:\/\/www.xing.com\/news\/pages\/organisator-ch-695","https:\/\/www.youtube.com\/channel\/UCGP2Sq0iWaZwT3BdIAQFYpw"]},{"@type":"Person","@id":"https:\/\/www.organisator.ch\/#\/schema\/person\/aa2bace6c5c5aad60102004a50c4eb1c","name":"amministratore","image":{"@type":"ImageObject","inLanguage":"it-IT","@id":"https:\/\/secure.gravatar.com\/avatar\/ae2f4d718e6c49043e314ce431e7e645d646302a24a5ef5a8bc8e3f5a032e319?s=96&d=mm&r=g","url":"https:\/\/secure.gravatar.com\/avatar\/ae2f4d718e6c49043e314ce431e7e645d646302a24a5ef5a8bc8e3f5a032e319?s=96&d=mm&r=g","contentUrl":"https:\/\/secure.gravatar.com\/avatar\/ae2f4d718e6c49043e314ce431e7e645d646302a24a5ef5a8bc8e3f5a032e319?s=96&d=mm&r=g","caption":"admin"},"sameAs":["https:\/\/www.organisator.ch"],"url":"https:\/\/www.organisator.ch\/it\/author\/admin\/"}]}},"_links":{"self":[{"href":"https:\/\/www.organisator.ch\/it\/wp-json\/wp\/v2\/posts\/9954","targetHints":{"allow":["GET"]}}],"collection":[{"href":"https:\/\/www.organisator.ch\/it\/wp-json\/wp\/v2\/posts"}],"about":[{"href":"https:\/\/www.organisator.ch\/it\/wp-json\/wp\/v2\/types\/post"}],"author":[{"embeddable":true,"href":"https:\/\/www.organisator.ch\/it\/wp-json\/wp\/v2\/users\/1"}],"replies":[{"embeddable":true,"href":"https:\/\/www.organisator.ch\/it\/wp-json\/wp\/v2\/comments?post=9954"}],"version-history":[{"count":1,"href":"https:\/\/www.organisator.ch\/it\/wp-json\/wp\/v2\/posts\/9954\/revisions"}],"predecessor-version":[{"id":10611,"href":"https:\/\/www.organisator.ch\/it\/wp-json\/wp\/v2\/posts\/9954\/revisions\/10611"}],"wp:featuredmedia":[{"embeddable":true,"href":"https:\/\/www.organisator.ch\/it\/wp-json\/wp\/v2\/media\/9400"}],"wp:attachment":[{"href":"https:\/\/www.organisator.ch\/it\/wp-json\/wp\/v2\/media?parent=9954"}],"wp:term":[{"taxonomy":"category","embeddable":true,"href":"https:\/\/www.organisator.ch\/it\/wp-json\/wp\/v2\/categories?post=9954"},{"taxonomy":"post_tag","embeddable":true,"href":"https:\/\/www.organisator.ch\/it\/wp-json\/wp\/v2\/tags?post=9954"}],"curies":[{"name":"wp","href":"https:\/\/api.w.org\/{rel}","templated":true}]}}