{"id":9957,"date":"2016-08-16T16:58:40","date_gmt":"2016-08-16T14:58:40","guid":{"rendered":"https:\/\/dev.umweltperspektiven.ch\/?p=450"},"modified":"2016-08-16T16:58:40","modified_gmt":"2016-08-16T14:58:40","slug":"schweiz-ist-europameisterin-im-zugfahren","status":"publish","type":"post","link":"https:\/\/www.organisator.ch\/it\/allgemein\/2016-08-16\/schweiz-ist-europameisterin-im-zugfahren\/","title":{"rendered":"La Svizzera \u00e8 campione europeo nella guida dei treni"},"content":{"rendered":"<figure id=\"attachment_451\" aria-describedby=\"caption-attachment-451\" style=\"width: 680px\" class=\"wp-caption alignnone\"><a href=\"\/\/dev.umweltperspektiven.ch\/wp-content\/uploads\/2016\/12\/Schweiz-ist-Europameisterin-im-Zugfahren1-umweltperspektiven.jpg\"><img loading=\"lazy\" decoding=\"async\" class=\"size-medium wp-image-451\" src=\"\/\/dev.umweltperspektiven.ch\/wp-content\/uploads\/2016\/12\/Schweiz-ist-Europameisterin-im-Zugfahren1-umweltperspektiven.jpg\" alt=\"\u00c8 a causa dei bei percorsi? Una cosa \u00e8 certa: Nessun altro paese ha pi\u00f9 viaggi in treno della Svizzera.\" width=\"680\" height=\"455\" \/><\/a><figcaption id=\"caption-attachment-451\" class=\"wp-caption-text\">\u00c8 a causa dei bei percorsi? Una cosa \u00e8 certa: Nessun altro paese ha pi\u00f9 viaggi in treno della Svizzera.<\/figcaption><\/figure>\n<p>La Svizzera rimane il leader europeo dei viaggi in treno: Ogni abitante viaggia in treno una media di 59 volte all'anno e copre un totale di 2277 chilometri.<\/p>\n<p>Questo \u00e8 riportato dal servizio di informazione sul trasporto pubblico <a href=\"http:\/\/www.litra.ch\/\" target=\"_blank\" rel=\"noreferrer noopener\" data-cke-saved-href=\"\/\/www.litra.ch\/\">LITRA<\/a>che ogni anno <a href=\"http:\/\/www.uic.org\/statistics\" target=\"_blank\" rel=\"noreferrer noopener\" data-cke-saved-href=\"\/\/www.uic.org\/statistics\">Statistiche dell'Unione Internazionale delle Ferrovie UIC<\/a> valuta.<\/p>\n<p>Il Lussemburgo segue con 40 viaggi pro capite, la Danimarca con 34, l'Austria con 29, il Regno Unito con 26 e la Germania con 25. La Svezia \u00e8 molto indietro all'ultimo posto - l'abitante medio prende il treno solo tre volte all'anno.<\/p>\n<p><strong>I giapponesi viaggiano in treno pi\u00f9 spesso - ma per distanze pi\u00f9 brevi<\/strong><\/p>\n<p>Se la Svizzera \u00e8 seconda solo al Giappone in termini di frequenza d'uso, \u00e8 il campione del mondo in termini di distanza percorsa: i giapponesi percorrono 2052 chilometri sui loro 72 viaggi all'anno, cio\u00e8 oltre 200 in meno degli abitanti della Svizzera. L'Austria \u00e8 terza (1361 chilometri), seguita dalla Francia (1252 chilometri) e dalla Danimarca (1057 chilometri). Gli svedesi percorrono 633 chilometri nei loro tre viaggi, mentre la Spagna \u00e8 in coda con 12 viaggi pro capite e 558 chilometri.<\/p>\n<div id='gallery-1' class='gallery galleryid-9957 gallery-columns-3 gallery-size-thumbnail'><figure class='gallery-item'>\n\t\t\t<div class='gallery-icon landscape'>\n\t\t\t\t<a href='https:\/\/www.organisator.ch\/it\/schweiz-ist-europameisterin-im-zugfahren2-umweltperspektiven\/'><img loading=\"lazy\" decoding=\"async\" width=\"150\" height=\"150\" src=\"https:\/\/www.organisator.ch\/wp-content\/uploads\/2016\/12\/Schweiz-ist-Europameisterin-im-Zugfahren2-umweltperspektiven-150x150.jpg\" class=\"attachment-thumbnail size-thumbnail\" alt=\"\" srcset=\"https:\/\/www.organisator.ch\/wp-content\/uploads\/2016\/12\/Schweiz-ist-Europameisterin-im-Zugfahren2-umweltperspektiven-150x150.jpg 150w, https:\/\/www.organisator.ch\/wp-content\/uploads\/2016\/12\/Schweiz-ist-Europameisterin-im-Zugfahren2-umweltperspektiven-250x250.jpg 250w, https:\/\/www.organisator.ch\/wp-content\/uploads\/2016\/12\/Schweiz-ist-Europameisterin-im-Zugfahren2-umweltperspektiven-100x100.jpg 100w\" sizes=\"auto, (max-width: 150px) 100vw, 150px\" \/><\/a>\n\t\t\t<\/div><\/figure><figure class='gallery-item'>\n\t\t\t<div class='gallery-icon landscape'>\n\t\t\t\t<a href='https:\/\/www.organisator.ch\/it\/schweiz-ist-europameisterin-im-zugfahren3-umweltperspektiven\/'><img loading=\"lazy\" decoding=\"async\" width=\"150\" height=\"150\" src=\"https:\/\/www.organisator.ch\/wp-content\/uploads\/2016\/12\/Schweiz-ist-Europameisterin-im-Zugfahren3-umweltperspektiven-150x150.jpg\" class=\"attachment-thumbnail size-thumbnail\" alt=\"\" srcset=\"https:\/\/www.organisator.ch\/wp-content\/uploads\/2016\/12\/Schweiz-ist-Europameisterin-im-Zugfahren3-umweltperspektiven-150x150.jpg 150w, https:\/\/www.organisator.ch\/wp-content\/uploads\/2016\/12\/Schweiz-ist-Europameisterin-im-Zugfahren3-umweltperspektiven-250x250.jpg 250w, https:\/\/www.organisator.ch\/wp-content\/uploads\/2016\/12\/Schweiz-ist-Europameisterin-im-Zugfahren3-umweltperspektiven-100x100.jpg 100w\" sizes=\"auto, (max-width: 150px) 100vw, 150px\" \/><\/a>\n\t\t\t<\/div><\/figure>\n\t\t<\/div>\n\n<p>Numero di viaggi e chilometri percorsi per paese<\/p>","protected":false},"excerpt":{"rendered":"<p>Die Schweiz bleibt Europ\u00e4ische Spitzenreiterin im Bahnfahren: Jeder Einwohner f\u00e4hrt pro Jahr im Durchschnitt 59-mal mit dem Zug und legt insgesamt 2277 Kilometer zur\u00fcck. Dies meldet der Informationsdienst f\u00fcr den \u00f6ffentlichen Verkehr LITRA, die j\u00e4hrlich die Statistik des Internationalen Eisenbahnverbands UIC auswertet. Auf den n\u00e4chsten R\u00e4ngen folgen Luxemburg mit 40 Fahrten pro Kopf, D\u00e4nemark mit [&hellip;]<\/p>\n","protected":false},"author":1,"featured_media":9403,"comment_status":"open","ping_status":"open","sticky":false,"template":"","format":"standard","meta":{"_acf_changed":false,"_yoast_wpseo_focuskw":"Zug","_yoast_wpseo_metadesc":"In keinem europ\u00e4ischen Land wird mehr Zug gefahren als in der Schweiz. Einzig die Japaner legen noch mehr Kilometer pro Kopf zur\u00fcck als wir.","articlekey":"","footnotes":""},"categories":[1],"tags":[764,1634,2004,2055,2610],"class_list":["post-9957","post","type-post","status-publish","format-standard","has-post-thumbnail","hentry","category-allgemein","tag-bahnfahren","tag-litra","tag-rekord","tag-sbb","tag-zugfahren"],"acf":[],"yoast_head":"<!-- This site is optimized with the Yoast SEO plugin v27.5 - https:\/\/yoast.com\/product\/yoast-seo-wordpress\/ -->\n<title>Schweiz ist Europameisterin im Zugfahren - Organisator<\/title>\n<meta name=\"description\" content=\"In keinem europ\u00e4ischen Land wird mehr Zug gefahren als in der Schweiz. Einzig die Japaner legen noch mehr Kilometer pro Kopf zur\u00fcck als wir.\" \/>\n<meta name=\"robots\" content=\"index, follow, max-snippet:-1, max-image-preview:large, max-video-preview:-1\" \/>\n<link rel=\"canonical\" href=\"https:\/\/www.organisator.ch\/it\/generale\/2016-08-16\/schweiz-ist-europameisterin-im-zugfahren\/\" \/>\n<meta property=\"og:locale\" content=\"it_IT\" \/>\n<meta property=\"og:type\" content=\"article\" \/>\n<meta property=\"og:title\" content=\"Schweiz ist Europameisterin im Zugfahren - Organisator\" \/>\n<meta property=\"og:description\" content=\"In keinem europ\u00e4ischen Land wird mehr Zug gefahren als in der Schweiz. Einzig die Japaner legen noch mehr Kilometer pro Kopf zur\u00fcck als wir.\" \/>\n<meta property=\"og:url\" content=\"https:\/\/www.organisator.ch\/it\/generale\/2016-08-16\/schweiz-ist-europameisterin-im-zugfahren\/\" \/>\n<meta property=\"og:site_name\" content=\"Organisator\" \/>\n<meta property=\"article:publisher\" content=\"https:\/\/www.facebook.com\/OrganisatorFachmagazin\" \/>\n<meta property=\"article:published_time\" content=\"2016-08-16T14:58:40+00:00\" \/>\n<meta property=\"og:image\" content=\"https:\/\/www.organisator.ch\/wp-content\/uploads\/2016\/12\/Schweiz-ist-Europameisterin-im-Zugfahren1-umweltperspektiven.jpg\" \/>\n\t<meta property=\"og:image:width\" content=\"1000\" \/>\n\t<meta property=\"og:image:height\" content=\"669\" \/>\n\t<meta property=\"og:image:type\" content=\"image\/jpeg\" \/>\n<meta name=\"author\" content=\"admin\" \/>\n<meta name=\"twitter:card\" content=\"summary_large_image\" \/>\n<script type=\"application\/ld+json\" class=\"yoast-schema-graph\">{\"@context\":\"https:\\\/\\\/schema.org\",\"@graph\":[{\"@type\":\"Article\",\"@id\":\"https:\\\/\\\/www.organisator.ch\\\/de\\\/allgemein\\\/2016-08-16\\\/schweiz-ist-europameisterin-im-zugfahren\\\/#article\",\"isPartOf\":{\"@id\":\"https:\\\/\\\/www.organisator.ch\\\/de\\\/allgemein\\\/2016-08-16\\\/schweiz-ist-europameisterin-im-zugfahren\\\/\"},\"author\":{\"name\":\"admin\",\"@id\":\"https:\\\/\\\/www.organisator.ch\\\/#\\\/schema\\\/person\\\/aa2bace6c5c5aad60102004a50c4eb1c\"},\"headline\":\"Schweiz ist Europameisterin im Zugfahren\",\"datePublished\":\"2016-08-16T14:58:40+00:00\",\"mainEntityOfPage\":{\"@id\":\"https:\\\/\\\/www.organisator.ch\\\/de\\\/allgemein\\\/2016-08-16\\\/schweiz-ist-europameisterin-im-zugfahren\\\/\"},\"wordCount\":228,\"commentCount\":0,\"publisher\":{\"@id\":\"https:\\\/\\\/www.organisator.ch\\\/#organization\"},\"image\":{\"@id\":\"https:\\\/\\\/www.organisator.ch\\\/de\\\/allgemein\\\/2016-08-16\\\/schweiz-ist-europameisterin-im-zugfahren\\\/#primaryimage\"},\"thumbnailUrl\":\"https:\\\/\\\/www.organisator.ch\\\/wp-content\\\/uploads\\\/2016\\\/12\\\/Schweiz-ist-Europameisterin-im-Zugfahren1-umweltperspektiven.jpg\",\"keywords\":[\"Bahnfahren\",\"Litra\",\"Rekord\",\"SBB\",\"Zugfahren\"],\"articleSection\":[\"Allgemein\"],\"inLanguage\":\"it-IT\"},{\"@type\":\"WebPage\",\"@id\":\"https:\\\/\\\/www.organisator.ch\\\/de\\\/allgemein\\\/2016-08-16\\\/schweiz-ist-europameisterin-im-zugfahren\\\/\",\"url\":\"https:\\\/\\\/www.organisator.ch\\\/de\\\/allgemein\\\/2016-08-16\\\/schweiz-ist-europameisterin-im-zugfahren\\\/\",\"name\":\"Schweiz ist Europameisterin im Zugfahren - Organisator\",\"isPartOf\":{\"@id\":\"https:\\\/\\\/www.organisator.ch\\\/#website\"},\"primaryImageOfPage\":{\"@id\":\"https:\\\/\\\/www.organisator.ch\\\/de\\\/allgemein\\\/2016-08-16\\\/schweiz-ist-europameisterin-im-zugfahren\\\/#primaryimage\"},\"image\":{\"@id\":\"https:\\\/\\\/www.organisator.ch\\\/de\\\/allgemein\\\/2016-08-16\\\/schweiz-ist-europameisterin-im-zugfahren\\\/#primaryimage\"},\"thumbnailUrl\":\"https:\\\/\\\/www.organisator.ch\\\/wp-content\\\/uploads\\\/2016\\\/12\\\/Schweiz-ist-Europameisterin-im-Zugfahren1-umweltperspektiven.jpg\",\"datePublished\":\"2016-08-16T14:58:40+00:00\",\"description\":\"In keinem europ\u00e4ischen Land wird mehr Zug gefahren als in der Schweiz. Einzig die Japaner legen noch mehr Kilometer pro Kopf zur\u00fcck als wir.\",\"breadcrumb\":{\"@id\":\"https:\\\/\\\/www.organisator.ch\\\/de\\\/allgemein\\\/2016-08-16\\\/schweiz-ist-europameisterin-im-zugfahren\\\/#breadcrumb\"},\"inLanguage\":\"it-IT\",\"potentialAction\":[{\"@type\":\"ReadAction\",\"target\":[\"https:\\\/\\\/www.organisator.ch\\\/de\\\/allgemein\\\/2016-08-16\\\/schweiz-ist-europameisterin-im-zugfahren\\\/\"]}]},{\"@type\":\"ImageObject\",\"inLanguage\":\"it-IT\",\"@id\":\"https:\\\/\\\/www.organisator.ch\\\/de\\\/allgemein\\\/2016-08-16\\\/schweiz-ist-europameisterin-im-zugfahren\\\/#primaryimage\",\"url\":\"https:\\\/\\\/www.organisator.ch\\\/wp-content\\\/uploads\\\/2016\\\/12\\\/Schweiz-ist-Europameisterin-im-Zugfahren1-umweltperspektiven.jpg\",\"contentUrl\":\"https:\\\/\\\/www.organisator.ch\\\/wp-content\\\/uploads\\\/2016\\\/12\\\/Schweiz-ist-Europameisterin-im-Zugfahren1-umweltperspektiven.jpg\",\"width\":1000,\"height\":669,\"caption\":\"Ob es an den sch\u00f6nen Strecken liegt? Fest steht: In keinem anderen Land wird mehr Bahn gefahren als in der Schweiz.\"},{\"@type\":\"BreadcrumbList\",\"@id\":\"https:\\\/\\\/www.organisator.ch\\\/de\\\/allgemein\\\/2016-08-16\\\/schweiz-ist-europameisterin-im-zugfahren\\\/#breadcrumb\",\"itemListElement\":[{\"@type\":\"ListItem\",\"position\":1,\"name\":\"Home\",\"item\":\"https:\\\/\\\/www.organisator.ch\\\/\"},{\"@type\":\"ListItem\",\"position\":2,\"name\":\"Schweiz ist Europameisterin im Zugfahren\"}]},{\"@type\":\"WebSite\",\"@id\":\"https:\\\/\\\/www.organisator.ch\\\/#website\",\"url\":\"https:\\\/\\\/www.organisator.ch\\\/\",\"name\":\"Organisator\",\"description\":\"Kompetent. Praxisnah. Der ORGANISATOR bereitet in 10 Ausgaben pro Jahr die wesentlichen Themen f\u00fcr F\u00fchrungskr\u00e4fte von KMU auf.\",\"publisher\":{\"@id\":\"https:\\\/\\\/www.organisator.ch\\\/#organization\"},\"potentialAction\":[{\"@type\":\"SearchAction\",\"target\":{\"@type\":\"EntryPoint\",\"urlTemplate\":\"https:\\\/\\\/www.organisator.ch\\\/?s={search_term_string}\"},\"query-input\":{\"@type\":\"PropertyValueSpecification\",\"valueRequired\":true,\"valueName\":\"search_term_string\"}}],\"inLanguage\":\"it-IT\"},{\"@type\":\"Organization\",\"@id\":\"https:\\\/\\\/www.organisator.ch\\\/#organization\",\"name\":\"Organisator\",\"url\":\"https:\\\/\\\/www.organisator.ch\\\/\",\"logo\":{\"@type\":\"ImageObject\",\"inLanguage\":\"it-IT\",\"@id\":\"https:\\\/\\\/www.organisator.ch\\\/#\\\/schema\\\/logo\\\/image\\\/\",\"url\":\"https:\\\/\\\/www.organisator.ch\\\/wp-content\\\/uploads\\\/2022\\\/01\\\/Logo_Organisator_Website.png\",\"contentUrl\":\"https:\\\/\\\/www.organisator.ch\\\/wp-content\\\/uploads\\\/2022\\\/01\\\/Logo_Organisator_Website.png\",\"width\":800,\"height\":77,\"caption\":\"Organisator\"},\"image\":{\"@id\":\"https:\\\/\\\/www.organisator.ch\\\/#\\\/schema\\\/logo\\\/image\\\/\"},\"sameAs\":[\"https:\\\/\\\/www.facebook.com\\\/OrganisatorFachmagazin\",\"https:\\\/\\\/www.linkedin.com\\\/showcase\\\/organisator-das-magazin-fr-kmu\",\"https:\\\/\\\/www.xing.com\\\/news\\\/pages\\\/organisator-ch-695\",\"https:\\\/\\\/www.youtube.com\\\/channel\\\/UCGP2Sq0iWaZwT3BdIAQFYpw\"]},{\"@type\":\"Person\",\"@id\":\"https:\\\/\\\/www.organisator.ch\\\/#\\\/schema\\\/person\\\/aa2bace6c5c5aad60102004a50c4eb1c\",\"name\":\"admin\",\"image\":{\"@type\":\"ImageObject\",\"inLanguage\":\"it-IT\",\"@id\":\"https:\\\/\\\/secure.gravatar.com\\\/avatar\\\/ae2f4d718e6c49043e314ce431e7e645d646302a24a5ef5a8bc8e3f5a032e319?s=96&d=mm&r=g\",\"url\":\"https:\\\/\\\/secure.gravatar.com\\\/avatar\\\/ae2f4d718e6c49043e314ce431e7e645d646302a24a5ef5a8bc8e3f5a032e319?s=96&d=mm&r=g\",\"contentUrl\":\"https:\\\/\\\/secure.gravatar.com\\\/avatar\\\/ae2f4d718e6c49043e314ce431e7e645d646302a24a5ef5a8bc8e3f5a032e319?s=96&d=mm&r=g\",\"caption\":\"admin\"},\"sameAs\":[\"https:\\\/\\\/www.organisator.ch\"],\"url\":\"https:\\\/\\\/www.organisator.ch\\\/it\\\/author\\\/admin\\\/\"}]}<\/script>\n<!-- \/ Yoast SEO plugin. -->","yoast_head_json":{"title":"La Svizzera \u00e8 campione europeo di guida dei treni - Organizzatore","description":"Nessun altro Paese europeo ha pi\u00f9 viaggi in treno della Svizzera. Solo i giapponesi percorrono pi\u00f9 chilometri pro capite di noi.","robots":{"index":"index","follow":"follow","max-snippet":"max-snippet:-1","max-image-preview":"max-image-preview:large","max-video-preview":"max-video-preview:-1"},"canonical":"https:\/\/www.organisator.ch\/it\/generale\/2016-08-16\/schweiz-ist-europameisterin-im-zugfahren\/","og_locale":"it_IT","og_type":"article","og_title":"Schweiz ist Europameisterin im Zugfahren - Organisator","og_description":"In keinem europ\u00e4ischen Land wird mehr Zug gefahren als in der Schweiz. Einzig die Japaner legen noch mehr Kilometer pro Kopf zur\u00fcck als wir.","og_url":"https:\/\/www.organisator.ch\/it\/generale\/2016-08-16\/schweiz-ist-europameisterin-im-zugfahren\/","og_site_name":"Organisator","article_publisher":"https:\/\/www.facebook.com\/OrganisatorFachmagazin","article_published_time":"2016-08-16T14:58:40+00:00","og_image":[{"width":1000,"height":669,"url":"https:\/\/www.organisator.ch\/wp-content\/uploads\/2016\/12\/Schweiz-ist-Europameisterin-im-Zugfahren1-umweltperspektiven.jpg","type":"image\/jpeg"}],"author":"admin","twitter_card":"summary_large_image","schema":{"@context":"https:\/\/schema.org","@graph":[{"@type":"Article","@id":"https:\/\/www.organisator.ch\/de\/allgemein\/2016-08-16\/schweiz-ist-europameisterin-im-zugfahren\/#article","isPartOf":{"@id":"https:\/\/www.organisator.ch\/de\/allgemein\/2016-08-16\/schweiz-ist-europameisterin-im-zugfahren\/"},"author":{"name":"admin","@id":"https:\/\/www.organisator.ch\/#\/schema\/person\/aa2bace6c5c5aad60102004a50c4eb1c"},"headline":"Schweiz ist Europameisterin im Zugfahren","datePublished":"2016-08-16T14:58:40+00:00","mainEntityOfPage":{"@id":"https:\/\/www.organisator.ch\/de\/allgemein\/2016-08-16\/schweiz-ist-europameisterin-im-zugfahren\/"},"wordCount":228,"commentCount":0,"publisher":{"@id":"https:\/\/www.organisator.ch\/#organization"},"image":{"@id":"https:\/\/www.organisator.ch\/de\/allgemein\/2016-08-16\/schweiz-ist-europameisterin-im-zugfahren\/#primaryimage"},"thumbnailUrl":"https:\/\/www.organisator.ch\/wp-content\/uploads\/2016\/12\/Schweiz-ist-Europameisterin-im-Zugfahren1-umweltperspektiven.jpg","keywords":["Bahnfahren","Litra","Rekord","SBB","Zugfahren"],"articleSection":["Allgemein"],"inLanguage":"it-IT"},{"@type":"WebPage","@id":"https:\/\/www.organisator.ch\/de\/allgemein\/2016-08-16\/schweiz-ist-europameisterin-im-zugfahren\/","url":"https:\/\/www.organisator.ch\/de\/allgemein\/2016-08-16\/schweiz-ist-europameisterin-im-zugfahren\/","name":"La Svizzera \u00e8 campione europeo di guida dei treni - Organizzatore","isPartOf":{"@id":"https:\/\/www.organisator.ch\/#website"},"primaryImageOfPage":{"@id":"https:\/\/www.organisator.ch\/de\/allgemein\/2016-08-16\/schweiz-ist-europameisterin-im-zugfahren\/#primaryimage"},"image":{"@id":"https:\/\/www.organisator.ch\/de\/allgemein\/2016-08-16\/schweiz-ist-europameisterin-im-zugfahren\/#primaryimage"},"thumbnailUrl":"https:\/\/www.organisator.ch\/wp-content\/uploads\/2016\/12\/Schweiz-ist-Europameisterin-im-Zugfahren1-umweltperspektiven.jpg","datePublished":"2016-08-16T14:58:40+00:00","description":"Nessun altro Paese europeo ha pi\u00f9 viaggi in treno della Svizzera. Solo i giapponesi percorrono pi\u00f9 chilometri pro capite di noi.","breadcrumb":{"@id":"https:\/\/www.organisator.ch\/de\/allgemein\/2016-08-16\/schweiz-ist-europameisterin-im-zugfahren\/#breadcrumb"},"inLanguage":"it-IT","potentialAction":[{"@type":"ReadAction","target":["https:\/\/www.organisator.ch\/de\/allgemein\/2016-08-16\/schweiz-ist-europameisterin-im-zugfahren\/"]}]},{"@type":"ImageObject","inLanguage":"it-IT","@id":"https:\/\/www.organisator.ch\/de\/allgemein\/2016-08-16\/schweiz-ist-europameisterin-im-zugfahren\/#primaryimage","url":"https:\/\/www.organisator.ch\/wp-content\/uploads\/2016\/12\/Schweiz-ist-Europameisterin-im-Zugfahren1-umweltperspektiven.jpg","contentUrl":"https:\/\/www.organisator.ch\/wp-content\/uploads\/2016\/12\/Schweiz-ist-Europameisterin-im-Zugfahren1-umweltperspektiven.jpg","width":1000,"height":669,"caption":"Ob es an den sch\u00f6nen Strecken liegt? Fest steht: In keinem anderen Land wird mehr Bahn gefahren als in der Schweiz."},{"@type":"BreadcrumbList","@id":"https:\/\/www.organisator.ch\/de\/allgemein\/2016-08-16\/schweiz-ist-europameisterin-im-zugfahren\/#breadcrumb","itemListElement":[{"@type":"ListItem","position":1,"name":"Home","item":"https:\/\/www.organisator.ch\/"},{"@type":"ListItem","position":2,"name":"Schweiz ist Europameisterin im Zugfahren"}]},{"@type":"WebSite","@id":"https:\/\/www.organisator.ch\/#website","url":"https:\/\/www.organisator.ch\/","name":"Organizzatore","description":"Competente. Pratico. In 10 numeri all'anno, ORGANISATOR presenta i temi essenziali per i manager delle PMI.","publisher":{"@id":"https:\/\/www.organisator.ch\/#organization"},"potentialAction":[{"@type":"SearchAction","target":{"@type":"EntryPoint","urlTemplate":"https:\/\/www.organisator.ch\/?s={search_term_string}"},"query-input":{"@type":"PropertyValueSpecification","valueRequired":true,"valueName":"search_term_string"}}],"inLanguage":"it-IT"},{"@type":"Organization","@id":"https:\/\/www.organisator.ch\/#organization","name":"Organizzatore","url":"https:\/\/www.organisator.ch\/","logo":{"@type":"ImageObject","inLanguage":"it-IT","@id":"https:\/\/www.organisator.ch\/#\/schema\/logo\/image\/","url":"https:\/\/www.organisator.ch\/wp-content\/uploads\/2022\/01\/Logo_Organisator_Website.png","contentUrl":"https:\/\/www.organisator.ch\/wp-content\/uploads\/2022\/01\/Logo_Organisator_Website.png","width":800,"height":77,"caption":"Organisator"},"image":{"@id":"https:\/\/www.organisator.ch\/#\/schema\/logo\/image\/"},"sameAs":["https:\/\/www.facebook.com\/OrganisatorFachmagazin","https:\/\/www.linkedin.com\/showcase\/organisator-das-magazin-fr-kmu","https:\/\/www.xing.com\/news\/pages\/organisator-ch-695","https:\/\/www.youtube.com\/channel\/UCGP2Sq0iWaZwT3BdIAQFYpw"]},{"@type":"Person","@id":"https:\/\/www.organisator.ch\/#\/schema\/person\/aa2bace6c5c5aad60102004a50c4eb1c","name":"amministratore","image":{"@type":"ImageObject","inLanguage":"it-IT","@id":"https:\/\/secure.gravatar.com\/avatar\/ae2f4d718e6c49043e314ce431e7e645d646302a24a5ef5a8bc8e3f5a032e319?s=96&d=mm&r=g","url":"https:\/\/secure.gravatar.com\/avatar\/ae2f4d718e6c49043e314ce431e7e645d646302a24a5ef5a8bc8e3f5a032e319?s=96&d=mm&r=g","contentUrl":"https:\/\/secure.gravatar.com\/avatar\/ae2f4d718e6c49043e314ce431e7e645d646302a24a5ef5a8bc8e3f5a032e319?s=96&d=mm&r=g","caption":"admin"},"sameAs":["https:\/\/www.organisator.ch"],"url":"https:\/\/www.organisator.ch\/it\/author\/admin\/"}]}},"_links":{"self":[{"href":"https:\/\/www.organisator.ch\/it\/wp-json\/wp\/v2\/posts\/9957","targetHints":{"allow":["GET"]}}],"collection":[{"href":"https:\/\/www.organisator.ch\/it\/wp-json\/wp\/v2\/posts"}],"about":[{"href":"https:\/\/www.organisator.ch\/it\/wp-json\/wp\/v2\/types\/post"}],"author":[{"embeddable":true,"href":"https:\/\/www.organisator.ch\/it\/wp-json\/wp\/v2\/users\/1"}],"replies":[{"embeddable":true,"href":"https:\/\/www.organisator.ch\/it\/wp-json\/wp\/v2\/comments?post=9957"}],"version-history":[{"count":0,"href":"https:\/\/www.organisator.ch\/it\/wp-json\/wp\/v2\/posts\/9957\/revisions"}],"wp:featuredmedia":[{"embeddable":true,"href":"https:\/\/www.organisator.ch\/it\/wp-json\/wp\/v2\/media\/9403"}],"wp:attachment":[{"href":"https:\/\/www.organisator.ch\/it\/wp-json\/wp\/v2\/media?parent=9957"}],"wp:term":[{"taxonomy":"category","embeddable":true,"href":"https:\/\/www.organisator.ch\/it\/wp-json\/wp\/v2\/categories?post=9957"},{"taxonomy":"post_tag","embeddable":true,"href":"https:\/\/www.organisator.ch\/it\/wp-json\/wp\/v2\/tags?post=9957"}],"curies":[{"name":"wp","href":"https:\/\/api.w.org\/{rel}","templated":true}]}}