{"id":9961,"date":"2016-09-01T16:01:46","date_gmt":"2016-09-01T14:01:46","guid":{"rendered":"https:\/\/dev.umweltperspektiven.ch\/?p=496"},"modified":"2022-02-09T11:05:39","modified_gmt":"2022-02-09T10:05:39","slug":"europaeische-waste-to-energy-branche-bleibt-optimistisch","status":"publish","type":"post","link":"https:\/\/www.organisator.ch\/it\/sustainability\/2016-09-01\/europaeische-waste-to-energy-branche-bleibt-optimistisch\/","title":{"rendered":"L'industria europea della termovalorizzazione rimane ottimista"},"content":{"rendered":"<figure id=\"attachment_497\" aria-describedby=\"caption-attachment-497\" style=\"width: 680px\" class=\"wp-caption alignnone\"><a href=\"\/\/dev.umweltperspektiven.ch\/wp-content\/uploads\/2016\/12\/Europ\u00e4ische-Waste-to-Energy-Branche-bleibt-optimistisch-umweltperspektiven.jpg\"><img loading=\"lazy\" decoding=\"async\" class=\"size-medium wp-image-497\" src=\"\/\/dev.umweltperspektiven.ch\/wp-content\/uploads\/2016\/12\/Europ\u00e4ische-Waste-to-Energy-Branche-bleibt-optimistisch-umweltperspektiven.jpg\" alt=\"Gli operatori degli impianti di utilizzo dei rifiuti termici sono di umore positivo. (Nella foto: KEZO Hinwil)\" width=\"680\" height=\"453\" \/><\/a><figcaption id=\"caption-attachment-497\" class=\"wp-caption-text\">Gli operatori degli impianti di utilizzo dei rifiuti termici sono di umore positivo. (Nella foto: KEZO Hinwil)<\/figcaption><\/figure>\n<p>Rispetto al livello gi\u00e0 alto dell'anno precedente, il clima commerciale nel settore della termovalorizzazione dei rifiuti in Europa \u00e8 migliorato ancora una volta. Tuttavia, il divario tra operatori e fornitori di attrezzature per gli impianti di termovalorizzazione si sta ampliando. Sebbene l'umore gi\u00e0 molto buono degli operatori dello scorso anno sia nuovamente aumentato in modo significativo, la situazione nel settore rimane difficile.<\/p>\n<p>I gestori di impianti di termovalorizzazione valutano positivamente sia la loro situazione attuale che le prospettive future. Quasi l'80% di loro valuta l'attuale utilizzo del proprio impianto come relativamente alto. Rispetto al 2015, che era gi\u00e0 stato valutato molto positivamente, altri 60% degli operatori che hanno partecipato all'indagine segnalano un aumento della domanda sul mercato spot. Due terzi sono riusciti a stabilizzare l'elevato utilizzo dell'anno precedente e quasi un terzo \u00e8 riuscito ad aumentarlo nuovamente.<\/p>\n<p><strong>Previsto un aumento dei prezzi<\/strong><\/p>\n<p>Per i prossimi mesi, 40% degli operatori prevedono addirittura un ulteriore miglioramento della loro situazione commerciale, mentre solo 1% prevedono un peggioramento degli affari. Poich\u00e9 in molti casi non \u00e8 possibile aumentare l'utilizzo dei propri impianti, le aspettative commerciali positive sono principalmente associate a un ulteriore aumento dei prezzi. Quasi 60% degli intervistati si aspetta un tale aumento dei prezzi.<\/p>\n<p>La situazione \u00e8 diversa per i produttori di impianti nel settore WtE: essi considerano la loro attuale situazione commerciale scarsa. Pi\u00f9 di 50% dei rappresentanti del settore intervistati ritengono che il loro portafoglio ordini sia troppo basso e, nel complesso, negli ultimi mesi \u00e8 diminuito per un numero maggiore di aziende rispetto all'aumento.<\/p>\n<p>Per il prossimo futuro, pi\u00f9 della met\u00e0 delle aziende non prevede alcun cambiamento della situazione, ma almeno il numero degli ottimisti \u00e8 significativamente superiore a quello dei pessimisti.<\/p>\n<p>Il Barometro dell'Industria WtE 2016 analizza l'attuale clima economico dell'industria WtE secondo un sistema sviluppato dall'Istituto IFO. Inoltre, sono state esaminate domande sugli sviluppi attuali. Ad esempio, ai gestori di impianti di termovalorizzazione sono state chieste le loro aspettative sul pacchetto dell'UE sull'economia circolare, sulle conseguenze della Brexit e sulle acquisizioni di aziende dalla Cina. I fornitori di tecnologia hanno inoltre fornito informazioni sulla loro valutazione delle varie regioni del mercato a livello mondiale.<\/p>\n<p>Il Barometro dell'Industria WtE \u00e8 condotto dalla societ\u00e0 di consulenza Ecoprog GmbH di Colonia. L'organizzazione europea dei gestori di impianti di utilizzo dei rifiuti termici CEWEP (Confederation of European Waste-to-Energy Plants) sostiene l'indagine.<\/p>\n<p>Il barometro del settore \u00e8 disponibile per il download gratuito al link <a href=\"http:\/\/www.cewep.eu\/news\/1391.Waste-to-Energy_plant_operators_in_good_mood.html\" target=\"_blank\" rel=\"noreferrer noopener\" data-cke-saved-href=\"\/\/www.cewep.eu\/news\/1391.Waste-to-Energy_plant_operators_in_good_mood.html\">Sito web del CEWEP<\/a> disponibile.<\/p>\n<p>Fonte: Ecoprog<\/p>","protected":false},"excerpt":{"rendered":"<p>Gegen\u00fcber dem bereits hohen Niveau des Vorjahres hat sich das Gesch\u00e4ftsklima in der Waste-to-Energy-Branche in Europa\u00a0noch einmal gebessert. Allerdings geht die Schere zwischen Betreibern und Ausr\u00fcstern von Anlagen zur thermischen Abfallverwertung weiter auseinander. W\u00e4hrend bei den Betreibern die ohnehin schon sehr gute Stimmung aus dem letzten Jahr noch einmal deutlich gestiegen ist, bleibt die Lage [&hellip;]<\/p>\n","protected":false},"author":1,"featured_media":9413,"comment_status":"open","ping_status":"open","sticky":false,"template":"","format":"standard","meta":{"_acf_changed":false,"_yoast_wpseo_focuskw":"Waste","_yoast_wpseo_metadesc":"Der Gesch\u00e4ftsklimaindex in der thermischen Abfallverwertung hat sich 2016 auf einem hohen Niveau stabilisiert. Das ist das Ergebnis des aktuellen Waste-to-Energy (WtE) Branchenbarometers.","articlekey":"","footnotes":""},"categories":[580],"tags":[654,868,906,2534],"class_list":["post-9961","post","type-post","status-publish","format-standard","has-post-thumbnail","hentry","category-sustainability","tag-abfall","tag-branchenbarometer","tag-cewep","tag-waste-to-energy"],"acf":[],"yoast_head":"<!-- This site is optimized with the Yoast SEO plugin v27.4 - https:\/\/yoast.com\/product\/yoast-seo-wordpress\/ -->\n<title>Europ\u00e4ische Waste-to-Energy-Branche bleibt optimistisch - Organisator<\/title>\n<meta name=\"description\" content=\"Der Gesch\u00e4ftsklimaindex in der thermischen Abfallverwertung hat sich 2016 auf einem hohen Niveau stabilisiert. Das ist das Ergebnis des aktuellen Waste-to-Energy (WtE) Branchenbarometers.\" \/>\n<meta name=\"robots\" content=\"index, follow, max-snippet:-1, max-image-preview:large, max-video-preview:-1\" \/>\n<link rel=\"canonical\" href=\"https:\/\/www.organisator.ch\/it\/sostenibilita\/2016-09-01\/europaeische-waste-to-energy-branche-bleibt-optimistisch\/\" \/>\n<meta property=\"og:locale\" content=\"it_IT\" \/>\n<meta property=\"og:type\" content=\"article\" \/>\n<meta property=\"og:title\" content=\"Europ\u00e4ische Waste-to-Energy-Branche bleibt optimistisch - Organisator\" \/>\n<meta property=\"og:description\" content=\"Der Gesch\u00e4ftsklimaindex in der thermischen Abfallverwertung hat sich 2016 auf einem hohen Niveau stabilisiert. Das ist das Ergebnis des aktuellen Waste-to-Energy (WtE) Branchenbarometers.\" \/>\n<meta property=\"og:url\" content=\"https:\/\/www.organisator.ch\/it\/sostenibilita\/2016-09-01\/europaeische-waste-to-energy-branche-bleibt-optimistisch\/\" \/>\n<meta property=\"og:site_name\" content=\"Organisator\" \/>\n<meta property=\"article:publisher\" content=\"https:\/\/www.facebook.com\/OrganisatorFachmagazin\" \/>\n<meta property=\"article:published_time\" content=\"2016-09-01T14:01:46+00:00\" \/>\n<meta property=\"article:modified_time\" content=\"2022-02-09T10:05:39+00:00\" \/>\n<meta property=\"og:image\" content=\"https:\/\/www.organisator.ch\/wp-content\/uploads\/2016\/12\/Europaeische-Waste-to-Energy-Branche-bleibt-optimistisch-umweltperspektiven.jpg\" \/>\n\t<meta property=\"og:image:width\" content=\"1280\" \/>\n\t<meta property=\"og:image:height\" content=\"853\" \/>\n\t<meta property=\"og:image:type\" content=\"image\/jpeg\" \/>\n<meta name=\"author\" content=\"admin\" \/>\n<meta name=\"twitter:card\" content=\"summary_large_image\" \/>\n<script type=\"application\/ld+json\" class=\"yoast-schema-graph\">{\"@context\":\"https:\\\/\\\/schema.org\",\"@graph\":[{\"@type\":\"Article\",\"@id\":\"https:\\\/\\\/www.organisator.ch\\\/sustainability\\\/2016-09-01\\\/europaeische-waste-to-energy-branche-bleibt-optimistisch\\\/#article\",\"isPartOf\":{\"@id\":\"https:\\\/\\\/www.organisator.ch\\\/sustainability\\\/2016-09-01\\\/europaeische-waste-to-energy-branche-bleibt-optimistisch\\\/\"},\"author\":{\"name\":\"admin\",\"@id\":\"https:\\\/\\\/www.organisator.ch\\\/#\\\/schema\\\/person\\\/aa2bace6c5c5aad60102004a50c4eb1c\"},\"headline\":\"Europ\u00e4ische Waste-to-Energy-Branche bleibt optimistisch\",\"datePublished\":\"2016-09-01T14:01:46+00:00\",\"dateModified\":\"2022-02-09T10:05:39+00:00\",\"mainEntityOfPage\":{\"@id\":\"https:\\\/\\\/www.organisator.ch\\\/sustainability\\\/2016-09-01\\\/europaeische-waste-to-energy-branche-bleibt-optimistisch\\\/\"},\"wordCount\":407,\"commentCount\":0,\"publisher\":{\"@id\":\"https:\\\/\\\/www.organisator.ch\\\/#organization\"},\"image\":{\"@id\":\"https:\\\/\\\/www.organisator.ch\\\/sustainability\\\/2016-09-01\\\/europaeische-waste-to-energy-branche-bleibt-optimistisch\\\/#primaryimage\"},\"thumbnailUrl\":\"https:\\\/\\\/www.organisator.ch\\\/wp-content\\\/uploads\\\/2016\\\/12\\\/Europaeische-Waste-to-Energy-Branche-bleibt-optimistisch-umweltperspektiven.jpg\",\"keywords\":[\"Abfall\",\"Branchenbarometer\",\"CEWEP\",\"Waste-to-Energy\"],\"articleSection\":[\"SUSTAINABILITY\"],\"inLanguage\":\"it-IT\"},{\"@type\":\"WebPage\",\"@id\":\"https:\\\/\\\/www.organisator.ch\\\/sustainability\\\/2016-09-01\\\/europaeische-waste-to-energy-branche-bleibt-optimistisch\\\/\",\"url\":\"https:\\\/\\\/www.organisator.ch\\\/sustainability\\\/2016-09-01\\\/europaeische-waste-to-energy-branche-bleibt-optimistisch\\\/\",\"name\":\"Europ\u00e4ische Waste-to-Energy-Branche bleibt optimistisch - Organisator\",\"isPartOf\":{\"@id\":\"https:\\\/\\\/www.organisator.ch\\\/#website\"},\"primaryImageOfPage\":{\"@id\":\"https:\\\/\\\/www.organisator.ch\\\/sustainability\\\/2016-09-01\\\/europaeische-waste-to-energy-branche-bleibt-optimistisch\\\/#primaryimage\"},\"image\":{\"@id\":\"https:\\\/\\\/www.organisator.ch\\\/sustainability\\\/2016-09-01\\\/europaeische-waste-to-energy-branche-bleibt-optimistisch\\\/#primaryimage\"},\"thumbnailUrl\":\"https:\\\/\\\/www.organisator.ch\\\/wp-content\\\/uploads\\\/2016\\\/12\\\/Europaeische-Waste-to-Energy-Branche-bleibt-optimistisch-umweltperspektiven.jpg\",\"datePublished\":\"2016-09-01T14:01:46+00:00\",\"dateModified\":\"2022-02-09T10:05:39+00:00\",\"description\":\"Der Gesch\u00e4ftsklimaindex in der thermischen Abfallverwertung hat sich 2016 auf einem hohen Niveau stabilisiert. Das ist das Ergebnis des aktuellen Waste-to-Energy (WtE) Branchenbarometers.\",\"breadcrumb\":{\"@id\":\"https:\\\/\\\/www.organisator.ch\\\/sustainability\\\/2016-09-01\\\/europaeische-waste-to-energy-branche-bleibt-optimistisch\\\/#breadcrumb\"},\"inLanguage\":\"it-IT\",\"potentialAction\":[{\"@type\":\"ReadAction\",\"target\":[\"https:\\\/\\\/www.organisator.ch\\\/sustainability\\\/2016-09-01\\\/europaeische-waste-to-energy-branche-bleibt-optimistisch\\\/\"]}]},{\"@type\":\"ImageObject\",\"inLanguage\":\"it-IT\",\"@id\":\"https:\\\/\\\/www.organisator.ch\\\/sustainability\\\/2016-09-01\\\/europaeische-waste-to-energy-branche-bleibt-optimistisch\\\/#primaryimage\",\"url\":\"https:\\\/\\\/www.organisator.ch\\\/wp-content\\\/uploads\\\/2016\\\/12\\\/Europaeische-Waste-to-Energy-Branche-bleibt-optimistisch-umweltperspektiven.jpg\",\"contentUrl\":\"https:\\\/\\\/www.organisator.ch\\\/wp-content\\\/uploads\\\/2016\\\/12\\\/Europaeische-Waste-to-Energy-Branche-bleibt-optimistisch-umweltperspektiven.jpg\",\"width\":1280,\"height\":853,\"caption\":\"Die Betreiber von Anlagen zur thermischen Abfallverwertung sind positiv gestimmt. (Im Bild: KEZO Hinwil)\"},{\"@type\":\"BreadcrumbList\",\"@id\":\"https:\\\/\\\/www.organisator.ch\\\/sustainability\\\/2016-09-01\\\/europaeische-waste-to-energy-branche-bleibt-optimistisch\\\/#breadcrumb\",\"itemListElement\":[{\"@type\":\"ListItem\",\"position\":1,\"name\":\"Home\",\"item\":\"https:\\\/\\\/www.organisator.ch\\\/\"},{\"@type\":\"ListItem\",\"position\":2,\"name\":\"Europ\u00e4ische Waste-to-Energy-Branche bleibt optimistisch\"}]},{\"@type\":\"WebSite\",\"@id\":\"https:\\\/\\\/www.organisator.ch\\\/#website\",\"url\":\"https:\\\/\\\/www.organisator.ch\\\/\",\"name\":\"Organisator\",\"description\":\"Kompetent. Praxisnah. Der ORGANISATOR bereitet in 10 Ausgaben pro Jahr die wesentlichen Themen f\u00fcr F\u00fchrungskr\u00e4fte von KMU auf.\",\"publisher\":{\"@id\":\"https:\\\/\\\/www.organisator.ch\\\/#organization\"},\"potentialAction\":[{\"@type\":\"SearchAction\",\"target\":{\"@type\":\"EntryPoint\",\"urlTemplate\":\"https:\\\/\\\/www.organisator.ch\\\/?s={search_term_string}\"},\"query-input\":{\"@type\":\"PropertyValueSpecification\",\"valueRequired\":true,\"valueName\":\"search_term_string\"}}],\"inLanguage\":\"it-IT\"},{\"@type\":\"Organization\",\"@id\":\"https:\\\/\\\/www.organisator.ch\\\/#organization\",\"name\":\"Organisator\",\"url\":\"https:\\\/\\\/www.organisator.ch\\\/\",\"logo\":{\"@type\":\"ImageObject\",\"inLanguage\":\"it-IT\",\"@id\":\"https:\\\/\\\/www.organisator.ch\\\/#\\\/schema\\\/logo\\\/image\\\/\",\"url\":\"https:\\\/\\\/www.organisator.ch\\\/wp-content\\\/uploads\\\/2022\\\/01\\\/Logo_Organisator_Website.png\",\"contentUrl\":\"https:\\\/\\\/www.organisator.ch\\\/wp-content\\\/uploads\\\/2022\\\/01\\\/Logo_Organisator_Website.png\",\"width\":800,\"height\":77,\"caption\":\"Organisator\"},\"image\":{\"@id\":\"https:\\\/\\\/www.organisator.ch\\\/#\\\/schema\\\/logo\\\/image\\\/\"},\"sameAs\":[\"https:\\\/\\\/www.facebook.com\\\/OrganisatorFachmagazin\",\"https:\\\/\\\/www.linkedin.com\\\/showcase\\\/organisator-das-magazin-fr-kmu\",\"https:\\\/\\\/www.xing.com\\\/news\\\/pages\\\/organisator-ch-695\",\"https:\\\/\\\/www.youtube.com\\\/channel\\\/UCGP2Sq0iWaZwT3BdIAQFYpw\"]},{\"@type\":\"Person\",\"@id\":\"https:\\\/\\\/www.organisator.ch\\\/#\\\/schema\\\/person\\\/aa2bace6c5c5aad60102004a50c4eb1c\",\"name\":\"admin\",\"image\":{\"@type\":\"ImageObject\",\"inLanguage\":\"it-IT\",\"@id\":\"https:\\\/\\\/secure.gravatar.com\\\/avatar\\\/ae2f4d718e6c49043e314ce431e7e645d646302a24a5ef5a8bc8e3f5a032e319?s=96&d=mm&r=g\",\"url\":\"https:\\\/\\\/secure.gravatar.com\\\/avatar\\\/ae2f4d718e6c49043e314ce431e7e645d646302a24a5ef5a8bc8e3f5a032e319?s=96&d=mm&r=g\",\"contentUrl\":\"https:\\\/\\\/secure.gravatar.com\\\/avatar\\\/ae2f4d718e6c49043e314ce431e7e645d646302a24a5ef5a8bc8e3f5a032e319?s=96&d=mm&r=g\",\"caption\":\"admin\"},\"sameAs\":[\"https:\\\/\\\/www.organisator.ch\"],\"url\":\"https:\\\/\\\/www.organisator.ch\\\/it\\\/author\\\/admin\\\/\"}]}<\/script>\n<!-- \/ Yoast SEO plugin. -->","yoast_head_json":{"title":"Il settore europeo della termovalorizzazione dei rifiuti rimane ottimista - Organizzatore","description":"L'indice del clima aziendale nell'utilizzo dei rifiuti termici si \u00e8 stabilizzato a un livello elevato nel 2016. Questo \u00e8 il risultato dell'attuale barometro del settore Waste-to-Energy (WtE).","robots":{"index":"index","follow":"follow","max-snippet":"max-snippet:-1","max-image-preview":"max-image-preview:large","max-video-preview":"max-video-preview:-1"},"canonical":"https:\/\/www.organisator.ch\/it\/sostenibilita\/2016-09-01\/europaeische-waste-to-energy-branche-bleibt-optimistisch\/","og_locale":"it_IT","og_type":"article","og_title":"Europ\u00e4ische Waste-to-Energy-Branche bleibt optimistisch - Organisator","og_description":"Der Gesch\u00e4ftsklimaindex in der thermischen Abfallverwertung hat sich 2016 auf einem hohen Niveau stabilisiert. Das ist das Ergebnis des aktuellen Waste-to-Energy (WtE) Branchenbarometers.","og_url":"https:\/\/www.organisator.ch\/it\/sostenibilita\/2016-09-01\/europaeische-waste-to-energy-branche-bleibt-optimistisch\/","og_site_name":"Organisator","article_publisher":"https:\/\/www.facebook.com\/OrganisatorFachmagazin","article_published_time":"2016-09-01T14:01:46+00:00","article_modified_time":"2022-02-09T10:05:39+00:00","og_image":[{"width":1280,"height":853,"url":"https:\/\/www.organisator.ch\/wp-content\/uploads\/2016\/12\/Europaeische-Waste-to-Energy-Branche-bleibt-optimistisch-umweltperspektiven.jpg","type":"image\/jpeg"}],"author":"admin","twitter_card":"summary_large_image","schema":{"@context":"https:\/\/schema.org","@graph":[{"@type":"Article","@id":"https:\/\/www.organisator.ch\/sustainability\/2016-09-01\/europaeische-waste-to-energy-branche-bleibt-optimistisch\/#article","isPartOf":{"@id":"https:\/\/www.organisator.ch\/sustainability\/2016-09-01\/europaeische-waste-to-energy-branche-bleibt-optimistisch\/"},"author":{"name":"admin","@id":"https:\/\/www.organisator.ch\/#\/schema\/person\/aa2bace6c5c5aad60102004a50c4eb1c"},"headline":"Europ\u00e4ische Waste-to-Energy-Branche bleibt optimistisch","datePublished":"2016-09-01T14:01:46+00:00","dateModified":"2022-02-09T10:05:39+00:00","mainEntityOfPage":{"@id":"https:\/\/www.organisator.ch\/sustainability\/2016-09-01\/europaeische-waste-to-energy-branche-bleibt-optimistisch\/"},"wordCount":407,"commentCount":0,"publisher":{"@id":"https:\/\/www.organisator.ch\/#organization"},"image":{"@id":"https:\/\/www.organisator.ch\/sustainability\/2016-09-01\/europaeische-waste-to-energy-branche-bleibt-optimistisch\/#primaryimage"},"thumbnailUrl":"https:\/\/www.organisator.ch\/wp-content\/uploads\/2016\/12\/Europaeische-Waste-to-Energy-Branche-bleibt-optimistisch-umweltperspektiven.jpg","keywords":["Abfall","Branchenbarometer","CEWEP","Waste-to-Energy"],"articleSection":["SUSTAINABILITY"],"inLanguage":"it-IT"},{"@type":"WebPage","@id":"https:\/\/www.organisator.ch\/sustainability\/2016-09-01\/europaeische-waste-to-energy-branche-bleibt-optimistisch\/","url":"https:\/\/www.organisator.ch\/sustainability\/2016-09-01\/europaeische-waste-to-energy-branche-bleibt-optimistisch\/","name":"Il settore europeo della termovalorizzazione dei rifiuti rimane ottimista - Organizzatore","isPartOf":{"@id":"https:\/\/www.organisator.ch\/#website"},"primaryImageOfPage":{"@id":"https:\/\/www.organisator.ch\/sustainability\/2016-09-01\/europaeische-waste-to-energy-branche-bleibt-optimistisch\/#primaryimage"},"image":{"@id":"https:\/\/www.organisator.ch\/sustainability\/2016-09-01\/europaeische-waste-to-energy-branche-bleibt-optimistisch\/#primaryimage"},"thumbnailUrl":"https:\/\/www.organisator.ch\/wp-content\/uploads\/2016\/12\/Europaeische-Waste-to-Energy-Branche-bleibt-optimistisch-umweltperspektiven.jpg","datePublished":"2016-09-01T14:01:46+00:00","dateModified":"2022-02-09T10:05:39+00:00","description":"L'indice del clima aziendale nell'utilizzo dei rifiuti termici si \u00e8 stabilizzato a un livello elevato nel 2016. Questo \u00e8 il risultato dell'attuale barometro del settore Waste-to-Energy (WtE).","breadcrumb":{"@id":"https:\/\/www.organisator.ch\/sustainability\/2016-09-01\/europaeische-waste-to-energy-branche-bleibt-optimistisch\/#breadcrumb"},"inLanguage":"it-IT","potentialAction":[{"@type":"ReadAction","target":["https:\/\/www.organisator.ch\/sustainability\/2016-09-01\/europaeische-waste-to-energy-branche-bleibt-optimistisch\/"]}]},{"@type":"ImageObject","inLanguage":"it-IT","@id":"https:\/\/www.organisator.ch\/sustainability\/2016-09-01\/europaeische-waste-to-energy-branche-bleibt-optimistisch\/#primaryimage","url":"https:\/\/www.organisator.ch\/wp-content\/uploads\/2016\/12\/Europaeische-Waste-to-Energy-Branche-bleibt-optimistisch-umweltperspektiven.jpg","contentUrl":"https:\/\/www.organisator.ch\/wp-content\/uploads\/2016\/12\/Europaeische-Waste-to-Energy-Branche-bleibt-optimistisch-umweltperspektiven.jpg","width":1280,"height":853,"caption":"Die Betreiber von Anlagen zur thermischen Abfallverwertung sind positiv gestimmt. (Im Bild: KEZO Hinwil)"},{"@type":"BreadcrumbList","@id":"https:\/\/www.organisator.ch\/sustainability\/2016-09-01\/europaeische-waste-to-energy-branche-bleibt-optimistisch\/#breadcrumb","itemListElement":[{"@type":"ListItem","position":1,"name":"Home","item":"https:\/\/www.organisator.ch\/"},{"@type":"ListItem","position":2,"name":"Europ\u00e4ische Waste-to-Energy-Branche bleibt optimistisch"}]},{"@type":"WebSite","@id":"https:\/\/www.organisator.ch\/#website","url":"https:\/\/www.organisator.ch\/","name":"Organizzatore","description":"Competente. Pratico. In 10 numeri all'anno, ORGANISATOR presenta i temi essenziali per i manager delle PMI.","publisher":{"@id":"https:\/\/www.organisator.ch\/#organization"},"potentialAction":[{"@type":"SearchAction","target":{"@type":"EntryPoint","urlTemplate":"https:\/\/www.organisator.ch\/?s={search_term_string}"},"query-input":{"@type":"PropertyValueSpecification","valueRequired":true,"valueName":"search_term_string"}}],"inLanguage":"it-IT"},{"@type":"Organization","@id":"https:\/\/www.organisator.ch\/#organization","name":"Organizzatore","url":"https:\/\/www.organisator.ch\/","logo":{"@type":"ImageObject","inLanguage":"it-IT","@id":"https:\/\/www.organisator.ch\/#\/schema\/logo\/image\/","url":"https:\/\/www.organisator.ch\/wp-content\/uploads\/2022\/01\/Logo_Organisator_Website.png","contentUrl":"https:\/\/www.organisator.ch\/wp-content\/uploads\/2022\/01\/Logo_Organisator_Website.png","width":800,"height":77,"caption":"Organisator"},"image":{"@id":"https:\/\/www.organisator.ch\/#\/schema\/logo\/image\/"},"sameAs":["https:\/\/www.facebook.com\/OrganisatorFachmagazin","https:\/\/www.linkedin.com\/showcase\/organisator-das-magazin-fr-kmu","https:\/\/www.xing.com\/news\/pages\/organisator-ch-695","https:\/\/www.youtube.com\/channel\/UCGP2Sq0iWaZwT3BdIAQFYpw"]},{"@type":"Person","@id":"https:\/\/www.organisator.ch\/#\/schema\/person\/aa2bace6c5c5aad60102004a50c4eb1c","name":"amministratore","image":{"@type":"ImageObject","inLanguage":"it-IT","@id":"https:\/\/secure.gravatar.com\/avatar\/ae2f4d718e6c49043e314ce431e7e645d646302a24a5ef5a8bc8e3f5a032e319?s=96&d=mm&r=g","url":"https:\/\/secure.gravatar.com\/avatar\/ae2f4d718e6c49043e314ce431e7e645d646302a24a5ef5a8bc8e3f5a032e319?s=96&d=mm&r=g","contentUrl":"https:\/\/secure.gravatar.com\/avatar\/ae2f4d718e6c49043e314ce431e7e645d646302a24a5ef5a8bc8e3f5a032e319?s=96&d=mm&r=g","caption":"admin"},"sameAs":["https:\/\/www.organisator.ch"],"url":"https:\/\/www.organisator.ch\/it\/author\/admin\/"}]}},"_links":{"self":[{"href":"https:\/\/www.organisator.ch\/it\/wp-json\/wp\/v2\/posts\/9961","targetHints":{"allow":["GET"]}}],"collection":[{"href":"https:\/\/www.organisator.ch\/it\/wp-json\/wp\/v2\/posts"}],"about":[{"href":"https:\/\/www.organisator.ch\/it\/wp-json\/wp\/v2\/types\/post"}],"author":[{"embeddable":true,"href":"https:\/\/www.organisator.ch\/it\/wp-json\/wp\/v2\/users\/1"}],"replies":[{"embeddable":true,"href":"https:\/\/www.organisator.ch\/it\/wp-json\/wp\/v2\/comments?post=9961"}],"version-history":[{"count":1,"href":"https:\/\/www.organisator.ch\/it\/wp-json\/wp\/v2\/posts\/9961\/revisions"}],"predecessor-version":[{"id":10435,"href":"https:\/\/www.organisator.ch\/it\/wp-json\/wp\/v2\/posts\/9961\/revisions\/10435"}],"wp:featuredmedia":[{"embeddable":true,"href":"https:\/\/www.organisator.ch\/it\/wp-json\/wp\/v2\/media\/9413"}],"wp:attachment":[{"href":"https:\/\/www.organisator.ch\/it\/wp-json\/wp\/v2\/media?parent=9961"}],"wp:term":[{"taxonomy":"category","embeddable":true,"href":"https:\/\/www.organisator.ch\/it\/wp-json\/wp\/v2\/categories?post=9961"},{"taxonomy":"post_tag","embeddable":true,"href":"https:\/\/www.organisator.ch\/it\/wp-json\/wp\/v2\/tags?post=9961"}],"curies":[{"name":"wp","href":"https:\/\/api.w.org\/{rel}","templated":true}]}}