{"id":9962,"date":"2016-09-06T16:06:37","date_gmt":"2016-09-06T14:06:37","guid":{"rendered":"https:\/\/dev.umweltperspektiven.ch\/?p=505"},"modified":"2022-02-09T11:06:23","modified_gmt":"2022-02-09T10:06:23","slug":"windenergiedaten-sind-verzerrt","status":"publish","type":"post","link":"https:\/\/www.organisator.ch\/it\/sustainability\/2016-09-06\/windenergiedaten-sind-verzerrt\/","title":{"rendered":"I dati sull'energia eolica sono distorti"},"content":{"rendered":"<figure id=\"attachment_506\" aria-describedby=\"caption-attachment-506\" style=\"width: 680px\" class=\"wp-caption alignnone\"><a href=\"\/\/dev.umweltperspektiven.ch\/wp-content\/uploads\/2016\/12\/Windenergiedaten-sind-verzerrt-umweltperspektiven.jpg\"><img loading=\"lazy\" decoding=\"async\" class=\"size-medium wp-image-506\" src=\"\/\/dev.umweltperspektiven.ch\/wp-content\/uploads\/2016\/12\/Windenergiedaten-sind-verzerrt-umweltperspektiven.jpg\" alt=\"Energia eolica: i modelli precedenti spesso non sono abbastanza precisi.\" width=\"680\" height=\"437\" \/><\/a><figcaption id=\"caption-attachment-506\" class=\"wp-caption-text\">Energia eolica: i modelli precedenti spesso non sono abbastanza precisi.<\/figcaption><\/figure>\n<p>L'energia eolica \u00e8 cresciuta enormemente in Europa e nel mondo. Nel 2015, sono state installate in tutto il mondo turbine eoliche con una capacit\u00e0 di 350 gigawatt, di cui 135 gigawatt in Europa, distribuiti in circa 87.000 turbine eoliche. Con il 13%, la quota di energia eolica \u00e8 ora pi\u00f9 grande di quella delle centrali nucleari. In paesi come la Spagna, la Danimarca o la Germania, \u00e8 gi\u00e0 stata installata abbastanza energia eolica per coprire teoricamente la rispettiva domanda nazionale di elettricit\u00e0 in condizioni ideali - massima produzione eolica e bassa domanda di elettricit\u00e0.<\/p>\n<p><strong>Cambiare la produzione<\/strong><\/p>\n<p>Tuttavia, la capacit\u00e0 installata dice poco su quanta elettricit\u00e0 le turbine eoliche di un paese hanno effettivamente immesso nella rispettiva rete nazionale. Questo perch\u00e9 l'energia eolica \u00e8 difficile da prevedere. Questo rende difficile la connessione ai sistemi energetici esistenti.<\/p>\n<p>Gli operatori e i ricercatori di energia dipendono quindi dalla simulazione della produzione di elettricit\u00e0 con un'alta risoluzione temporale per essere in grado di stimare quanto potrebbe essere alto il carico in un dato momento.<\/p>\n<p>Solo recentemente i ricercatori hanno iniziato a realizzare tali simulazioni con l'aiuto dei cosiddetti modelli di rianalisi. Si tratta di modelli meteorologici globali che sono alimentati con dati di misurazione reali da stazioni meteorologiche e satelliti. Queste rianalisi elaborano queste misure in simulazioni globali coerenti delle condizioni atmosferiche.<\/p>\n<p><strong>Modelli rivisti criticamente<\/strong><\/p>\n<p>Tuttavia, i dati delle rianalisi hanno una grande fregatura: i modelli meteorologici semplificano il mondo reale. Fattori che sono importanti per l'energia eolica, come le condizioni della superficie intorno a un parco eolico, non sono quindi rappresentati in modo sufficientemente dettagliato. Quindi, se tali dati dai modelli di rianalisi sono utilizzati senza correzioni per le simulazioni della produzione di energia eolica, i modelli forniscono un quadro sistematicamente distorto. Tuttavia, sono stati pubblicati alcuni studi sulla produzione di energia eolica che si basano su dati non corretti.<\/p>\n<p>Il ricercatore energetico Stefan Pfenninger dell'ETH di Zurigo e il suo collega Iain Staffell dell'Imperial College di Londra hanno quindi compilato i dati sulla produzione di elettricit\u00e0 misurata dai parchi eolici in tutta Europa, cos\u00ec come i dati di produzione specifici del paese raccolti dagli operatori della rete elettrica. Avevano bisogno di questa raccolta di dati per ricavare dei fattori di correzione per ogni paese europeo. Infine, hanno simulato la produzione di energia eolica in Europa per venti anni usando il modello Virtual Wind Farm Model (VWF) che hanno sviluppato.<\/p>\n<p><strong>Sud sottovalutato<\/strong><\/p>\n<p>Grazie al loro approccio rigoroso, i due ricercatori sono stati in grado di dipingere un quadro pi\u00f9 realistico della produzione di energia eolica in Europa. Le loro simulazioni rivelano che le simulazioni non corrette usate in altri studi hanno sovrastimato la produzione di energia eolica nell'Europa nord-occidentale fino al 50%, mentre hanno sottostimato la produzione nell'Europa meridionale del 30%.<\/p>\n<p>I ricercatori hanno anche ricalcolato i tassi di utilizzo per l'Europa: l'attuale media europea \u00e8 del 24,2%; nel Regno Unito \u00e8 del 32,4% e in Germania del 19,5%. La media europea si discosta solo di qualche punto percentuale da un anno all'altro. \"Questa deviazione \u00e8 molto pi\u00f9 piccola di quella di un singolo paese\", dice Pfenninger. \"Pi\u00f9 grande \u00e8 la flotta eolica e maggiore \u00e8 la diffusione geografica, minori sono le fluttuazioni dell'offerta\". \u00c8 quindi importante, dice, che le reti elettriche nazionali siano ancora meglio interconnesse per compensare le perdite di produzione in una zona con la produzione in eccesso di un altro paese.<\/p>\n<p>La simulazione mostra anche che i tassi di utilizzo sono in aumento, grazie in parte alla migliore tecnologia e alle migliori posizioni offshore. I parchi eolici del Regno Unito sono ora un quarto pi\u00f9 produttivi di dieci anni fa.<\/p>\n<p><strong>Gli stati del Mare del Nord guadagnano<\/strong><\/p>\n<p>Nell'attuale fase di pianificazione, Pfenninger e Staffell si aspettano che il tasso medio di utilizzo per l'Europa possa aumentare di un terzo e superare il 31%. \"I paesi del Mare del Nord, in particolare, avranno probabilmente forti guadagni nel prossimo futuro\", dice Pfenninger. Il Regno Unito potrebbe raggiungere un tasso di utilizzo di quasi il 40%, la Germania di quasi il 30%.<\/p>\n<p>Per permettere a pianificatori, operatori di reti e centrali elettriche, ma anche ad altri scienziati, di continuare ad usare le simulazioni sviluppate dai ricercatori dell'energia, Pfenninger e Staffell hanno creato l'applicazione web interattiva www.renewables.ninja, dove i set di dati europei sono disponibili per il download. I due ricercatori hanno testato la piattaforma per sei mesi. Ha gi\u00e0 utenti di 54 istituzioni in 22 paesi, tra cui l'Agenzia Internazionale dell'Energia.<\/p>\n<p>La piattaforma garantisce anche l'accesso ai dati sviluppati con una simulazione comparabile della produzione di elettricit\u00e0 fotovoltaica in Europa. Lo studio sul fotovoltaico appare contemporaneamente a quello sulla produzione di energia eolica ed \u00e8 stato anche scritto da Pfenninger e Staffell.<\/p>\n<p>Testo: Peter R\u00fcegg, ETH Zurigo<\/p>","protected":false},"excerpt":{"rendered":"<p>Windkraft hat in Europa und weltweit enorm zugelegt. Im Jahr 2015 waren rund um den Globus Windkraftanlagen mit einer Kapazit\u00e4t von 350 Gigawatt installiert, davon 135 Gigawatt in Europa, verteilt auf rund 87&#8217;000 Windturbinen. Der Anteil der Windenergie ist mit 13 Prozent mittlerweile gr\u00f6sser als der von Atomkraftwerken. In L\u00e4ndern wie Spanien, D\u00e4nemark oder Deutschland [&hellip;]<\/p>\n","protected":false},"author":1,"featured_media":9415,"comment_status":"open","ping_status":"open","sticky":false,"template":"","format":"standard","meta":{"_acf_changed":false,"_yoast_wpseo_focuskw":"ETH","_yoast_wpseo_metadesc":"Ein ETH-Forscher hat gemeinsam mit einem Britischen Kollegen eine neue Simulation der Windenergieproduktion in Europa entwickelt.","articlekey":"","footnotes":""},"categories":[580],"tags":[1127,218,2124,2569],"class_list":["post-9962","post","type-post","status-publish","format-standard","has-post-thumbnail","hentry","category-sustainability","tag-eth","tag-forschung","tag-simulation","tag-windenergie"],"acf":[],"yoast_head":"<!-- This site is optimized with the Yoast SEO plugin v27.4 - https:\/\/yoast.com\/product\/yoast-seo-wordpress\/ -->\n<title>Windenergiedaten sind verzerrt - Organisator<\/title>\n<meta name=\"description\" content=\"Ein ETH-Forscher hat gemeinsam mit einem Britischen Kollegen eine neue Simulation der Windenergieproduktion in Europa entwickelt.\" \/>\n<meta name=\"robots\" content=\"index, follow, max-snippet:-1, max-image-preview:large, max-video-preview:-1\" \/>\n<link rel=\"canonical\" href=\"https:\/\/www.organisator.ch\/it\/sostenibilita\/2016-09-06\/windenergiedaten-sind-verzerrt\/\" \/>\n<meta property=\"og:locale\" content=\"it_IT\" \/>\n<meta property=\"og:type\" content=\"article\" \/>\n<meta property=\"og:title\" content=\"Windenergiedaten sind verzerrt - Organisator\" \/>\n<meta property=\"og:description\" content=\"Ein ETH-Forscher hat gemeinsam mit einem Britischen Kollegen eine neue Simulation der Windenergieproduktion in Europa entwickelt.\" \/>\n<meta property=\"og:url\" content=\"https:\/\/www.organisator.ch\/it\/sostenibilita\/2016-09-06\/windenergiedaten-sind-verzerrt\/\" \/>\n<meta property=\"og:site_name\" content=\"Organisator\" \/>\n<meta property=\"article:publisher\" content=\"https:\/\/www.facebook.com\/OrganisatorFachmagazin\" \/>\n<meta property=\"article:published_time\" content=\"2016-09-06T14:06:37+00:00\" \/>\n<meta property=\"article:modified_time\" content=\"2022-02-09T10:06:23+00:00\" \/>\n<meta property=\"og:image\" content=\"https:\/\/www.organisator.ch\/wp-content\/uploads\/2016\/12\/Windenergiedaten-sind-verzerrt-umweltperspektiven.jpg\" \/>\n\t<meta property=\"og:image:width\" content=\"1000\" \/>\n\t<meta property=\"og:image:height\" content=\"642\" \/>\n\t<meta property=\"og:image:type\" content=\"image\/jpeg\" \/>\n<meta name=\"author\" content=\"admin\" \/>\n<meta name=\"twitter:card\" content=\"summary_large_image\" \/>\n<script type=\"application\/ld+json\" class=\"yoast-schema-graph\">{\"@context\":\"https:\\\/\\\/schema.org\",\"@graph\":[{\"@type\":\"Article\",\"@id\":\"https:\\\/\\\/www.organisator.ch\\\/sustainability\\\/2016-09-06\\\/windenergiedaten-sind-verzerrt\\\/#article\",\"isPartOf\":{\"@id\":\"https:\\\/\\\/www.organisator.ch\\\/sustainability\\\/2016-09-06\\\/windenergiedaten-sind-verzerrt\\\/\"},\"author\":{\"name\":\"admin\",\"@id\":\"https:\\\/\\\/www.organisator.ch\\\/#\\\/schema\\\/person\\\/aa2bace6c5c5aad60102004a50c4eb1c\"},\"headline\":\"Windenergiedaten sind verzerrt\",\"datePublished\":\"2016-09-06T14:06:37+00:00\",\"dateModified\":\"2022-02-09T10:06:23+00:00\",\"mainEntityOfPage\":{\"@id\":\"https:\\\/\\\/www.organisator.ch\\\/sustainability\\\/2016-09-06\\\/windenergiedaten-sind-verzerrt\\\/\"},\"wordCount\":720,\"commentCount\":0,\"publisher\":{\"@id\":\"https:\\\/\\\/www.organisator.ch\\\/#organization\"},\"image\":{\"@id\":\"https:\\\/\\\/www.organisator.ch\\\/sustainability\\\/2016-09-06\\\/windenergiedaten-sind-verzerrt\\\/#primaryimage\"},\"thumbnailUrl\":\"https:\\\/\\\/www.organisator.ch\\\/wp-content\\\/uploads\\\/2016\\\/12\\\/Windenergiedaten-sind-verzerrt-umweltperspektiven.jpg\",\"keywords\":[\"ETH\",\"Forschung\",\"Simulation\",\"Windenergie\"],\"articleSection\":[\"SUSTAINABILITY\"],\"inLanguage\":\"it-IT\"},{\"@type\":\"WebPage\",\"@id\":\"https:\\\/\\\/www.organisator.ch\\\/sustainability\\\/2016-09-06\\\/windenergiedaten-sind-verzerrt\\\/\",\"url\":\"https:\\\/\\\/www.organisator.ch\\\/sustainability\\\/2016-09-06\\\/windenergiedaten-sind-verzerrt\\\/\",\"name\":\"Windenergiedaten sind verzerrt - Organisator\",\"isPartOf\":{\"@id\":\"https:\\\/\\\/www.organisator.ch\\\/#website\"},\"primaryImageOfPage\":{\"@id\":\"https:\\\/\\\/www.organisator.ch\\\/sustainability\\\/2016-09-06\\\/windenergiedaten-sind-verzerrt\\\/#primaryimage\"},\"image\":{\"@id\":\"https:\\\/\\\/www.organisator.ch\\\/sustainability\\\/2016-09-06\\\/windenergiedaten-sind-verzerrt\\\/#primaryimage\"},\"thumbnailUrl\":\"https:\\\/\\\/www.organisator.ch\\\/wp-content\\\/uploads\\\/2016\\\/12\\\/Windenergiedaten-sind-verzerrt-umweltperspektiven.jpg\",\"datePublished\":\"2016-09-06T14:06:37+00:00\",\"dateModified\":\"2022-02-09T10:06:23+00:00\",\"description\":\"Ein ETH-Forscher hat gemeinsam mit einem Britischen Kollegen eine neue Simulation der Windenergieproduktion in Europa entwickelt.\",\"breadcrumb\":{\"@id\":\"https:\\\/\\\/www.organisator.ch\\\/sustainability\\\/2016-09-06\\\/windenergiedaten-sind-verzerrt\\\/#breadcrumb\"},\"inLanguage\":\"it-IT\",\"potentialAction\":[{\"@type\":\"ReadAction\",\"target\":[\"https:\\\/\\\/www.organisator.ch\\\/sustainability\\\/2016-09-06\\\/windenergiedaten-sind-verzerrt\\\/\"]}]},{\"@type\":\"ImageObject\",\"inLanguage\":\"it-IT\",\"@id\":\"https:\\\/\\\/www.organisator.ch\\\/sustainability\\\/2016-09-06\\\/windenergiedaten-sind-verzerrt\\\/#primaryimage\",\"url\":\"https:\\\/\\\/www.organisator.ch\\\/wp-content\\\/uploads\\\/2016\\\/12\\\/Windenergiedaten-sind-verzerrt-umweltperspektiven.jpg\",\"contentUrl\":\"https:\\\/\\\/www.organisator.ch\\\/wp-content\\\/uploads\\\/2016\\\/12\\\/Windenergiedaten-sind-verzerrt-umweltperspektiven.jpg\",\"width\":1000,\"height\":642,\"caption\":\"Windenergie: Bisherige Modelle sind oftmals nicht gen\u00fcgend genau.\"},{\"@type\":\"BreadcrumbList\",\"@id\":\"https:\\\/\\\/www.organisator.ch\\\/sustainability\\\/2016-09-06\\\/windenergiedaten-sind-verzerrt\\\/#breadcrumb\",\"itemListElement\":[{\"@type\":\"ListItem\",\"position\":1,\"name\":\"Home\",\"item\":\"https:\\\/\\\/www.organisator.ch\\\/\"},{\"@type\":\"ListItem\",\"position\":2,\"name\":\"Windenergiedaten sind verzerrt\"}]},{\"@type\":\"WebSite\",\"@id\":\"https:\\\/\\\/www.organisator.ch\\\/#website\",\"url\":\"https:\\\/\\\/www.organisator.ch\\\/\",\"name\":\"Organisator\",\"description\":\"Kompetent. Praxisnah. Der ORGANISATOR bereitet in 10 Ausgaben pro Jahr die wesentlichen Themen f\u00fcr F\u00fchrungskr\u00e4fte von KMU auf.\",\"publisher\":{\"@id\":\"https:\\\/\\\/www.organisator.ch\\\/#organization\"},\"potentialAction\":[{\"@type\":\"SearchAction\",\"target\":{\"@type\":\"EntryPoint\",\"urlTemplate\":\"https:\\\/\\\/www.organisator.ch\\\/?s={search_term_string}\"},\"query-input\":{\"@type\":\"PropertyValueSpecification\",\"valueRequired\":true,\"valueName\":\"search_term_string\"}}],\"inLanguage\":\"it-IT\"},{\"@type\":\"Organization\",\"@id\":\"https:\\\/\\\/www.organisator.ch\\\/#organization\",\"name\":\"Organisator\",\"url\":\"https:\\\/\\\/www.organisator.ch\\\/\",\"logo\":{\"@type\":\"ImageObject\",\"inLanguage\":\"it-IT\",\"@id\":\"https:\\\/\\\/www.organisator.ch\\\/#\\\/schema\\\/logo\\\/image\\\/\",\"url\":\"https:\\\/\\\/www.organisator.ch\\\/wp-content\\\/uploads\\\/2022\\\/01\\\/Logo_Organisator_Website.png\",\"contentUrl\":\"https:\\\/\\\/www.organisator.ch\\\/wp-content\\\/uploads\\\/2022\\\/01\\\/Logo_Organisator_Website.png\",\"width\":800,\"height\":77,\"caption\":\"Organisator\"},\"image\":{\"@id\":\"https:\\\/\\\/www.organisator.ch\\\/#\\\/schema\\\/logo\\\/image\\\/\"},\"sameAs\":[\"https:\\\/\\\/www.facebook.com\\\/OrganisatorFachmagazin\",\"https:\\\/\\\/www.linkedin.com\\\/showcase\\\/organisator-das-magazin-fr-kmu\",\"https:\\\/\\\/www.xing.com\\\/news\\\/pages\\\/organisator-ch-695\",\"https:\\\/\\\/www.youtube.com\\\/channel\\\/UCGP2Sq0iWaZwT3BdIAQFYpw\"]},{\"@type\":\"Person\",\"@id\":\"https:\\\/\\\/www.organisator.ch\\\/#\\\/schema\\\/person\\\/aa2bace6c5c5aad60102004a50c4eb1c\",\"name\":\"admin\",\"image\":{\"@type\":\"ImageObject\",\"inLanguage\":\"it-IT\",\"@id\":\"https:\\\/\\\/secure.gravatar.com\\\/avatar\\\/ae2f4d718e6c49043e314ce431e7e645d646302a24a5ef5a8bc8e3f5a032e319?s=96&d=mm&r=g\",\"url\":\"https:\\\/\\\/secure.gravatar.com\\\/avatar\\\/ae2f4d718e6c49043e314ce431e7e645d646302a24a5ef5a8bc8e3f5a032e319?s=96&d=mm&r=g\",\"contentUrl\":\"https:\\\/\\\/secure.gravatar.com\\\/avatar\\\/ae2f4d718e6c49043e314ce431e7e645d646302a24a5ef5a8bc8e3f5a032e319?s=96&d=mm&r=g\",\"caption\":\"admin\"},\"sameAs\":[\"https:\\\/\\\/www.organisator.ch\"],\"url\":\"https:\\\/\\\/www.organisator.ch\\\/it\\\/author\\\/admin\\\/\"}]}<\/script>\n<!-- \/ Yoast SEO plugin. -->","yoast_head_json":{"title":"I dati sull'energia eolica sono distorti - Organizzatore","description":"Insieme a un collega britannico, un ricercatore dell'ETH ha sviluppato una nuova simulazione della produzione di energia eolica in Europa.","robots":{"index":"index","follow":"follow","max-snippet":"max-snippet:-1","max-image-preview":"max-image-preview:large","max-video-preview":"max-video-preview:-1"},"canonical":"https:\/\/www.organisator.ch\/it\/sostenibilita\/2016-09-06\/windenergiedaten-sind-verzerrt\/","og_locale":"it_IT","og_type":"article","og_title":"Windenergiedaten sind verzerrt - Organisator","og_description":"Ein ETH-Forscher hat gemeinsam mit einem Britischen Kollegen eine neue Simulation der Windenergieproduktion in Europa entwickelt.","og_url":"https:\/\/www.organisator.ch\/it\/sostenibilita\/2016-09-06\/windenergiedaten-sind-verzerrt\/","og_site_name":"Organisator","article_publisher":"https:\/\/www.facebook.com\/OrganisatorFachmagazin","article_published_time":"2016-09-06T14:06:37+00:00","article_modified_time":"2022-02-09T10:06:23+00:00","og_image":[{"width":1000,"height":642,"url":"https:\/\/www.organisator.ch\/wp-content\/uploads\/2016\/12\/Windenergiedaten-sind-verzerrt-umweltperspektiven.jpg","type":"image\/jpeg"}],"author":"admin","twitter_card":"summary_large_image","schema":{"@context":"https:\/\/schema.org","@graph":[{"@type":"Article","@id":"https:\/\/www.organisator.ch\/sustainability\/2016-09-06\/windenergiedaten-sind-verzerrt\/#article","isPartOf":{"@id":"https:\/\/www.organisator.ch\/sustainability\/2016-09-06\/windenergiedaten-sind-verzerrt\/"},"author":{"name":"admin","@id":"https:\/\/www.organisator.ch\/#\/schema\/person\/aa2bace6c5c5aad60102004a50c4eb1c"},"headline":"Windenergiedaten sind verzerrt","datePublished":"2016-09-06T14:06:37+00:00","dateModified":"2022-02-09T10:06:23+00:00","mainEntityOfPage":{"@id":"https:\/\/www.organisator.ch\/sustainability\/2016-09-06\/windenergiedaten-sind-verzerrt\/"},"wordCount":720,"commentCount":0,"publisher":{"@id":"https:\/\/www.organisator.ch\/#organization"},"image":{"@id":"https:\/\/www.organisator.ch\/sustainability\/2016-09-06\/windenergiedaten-sind-verzerrt\/#primaryimage"},"thumbnailUrl":"https:\/\/www.organisator.ch\/wp-content\/uploads\/2016\/12\/Windenergiedaten-sind-verzerrt-umweltperspektiven.jpg","keywords":["ETH","Forschung","Simulation","Windenergie"],"articleSection":["SUSTAINABILITY"],"inLanguage":"it-IT"},{"@type":"WebPage","@id":"https:\/\/www.organisator.ch\/sustainability\/2016-09-06\/windenergiedaten-sind-verzerrt\/","url":"https:\/\/www.organisator.ch\/sustainability\/2016-09-06\/windenergiedaten-sind-verzerrt\/","name":"I dati sull'energia eolica sono distorti - Organizzatore","isPartOf":{"@id":"https:\/\/www.organisator.ch\/#website"},"primaryImageOfPage":{"@id":"https:\/\/www.organisator.ch\/sustainability\/2016-09-06\/windenergiedaten-sind-verzerrt\/#primaryimage"},"image":{"@id":"https:\/\/www.organisator.ch\/sustainability\/2016-09-06\/windenergiedaten-sind-verzerrt\/#primaryimage"},"thumbnailUrl":"https:\/\/www.organisator.ch\/wp-content\/uploads\/2016\/12\/Windenergiedaten-sind-verzerrt-umweltperspektiven.jpg","datePublished":"2016-09-06T14:06:37+00:00","dateModified":"2022-02-09T10:06:23+00:00","description":"Insieme a un collega britannico, un ricercatore dell'ETH ha sviluppato una nuova simulazione della produzione di energia eolica in Europa.","breadcrumb":{"@id":"https:\/\/www.organisator.ch\/sustainability\/2016-09-06\/windenergiedaten-sind-verzerrt\/#breadcrumb"},"inLanguage":"it-IT","potentialAction":[{"@type":"ReadAction","target":["https:\/\/www.organisator.ch\/sustainability\/2016-09-06\/windenergiedaten-sind-verzerrt\/"]}]},{"@type":"ImageObject","inLanguage":"it-IT","@id":"https:\/\/www.organisator.ch\/sustainability\/2016-09-06\/windenergiedaten-sind-verzerrt\/#primaryimage","url":"https:\/\/www.organisator.ch\/wp-content\/uploads\/2016\/12\/Windenergiedaten-sind-verzerrt-umweltperspektiven.jpg","contentUrl":"https:\/\/www.organisator.ch\/wp-content\/uploads\/2016\/12\/Windenergiedaten-sind-verzerrt-umweltperspektiven.jpg","width":1000,"height":642,"caption":"Windenergie: Bisherige Modelle sind oftmals nicht gen\u00fcgend genau."},{"@type":"BreadcrumbList","@id":"https:\/\/www.organisator.ch\/sustainability\/2016-09-06\/windenergiedaten-sind-verzerrt\/#breadcrumb","itemListElement":[{"@type":"ListItem","position":1,"name":"Home","item":"https:\/\/www.organisator.ch\/"},{"@type":"ListItem","position":2,"name":"Windenergiedaten sind verzerrt"}]},{"@type":"WebSite","@id":"https:\/\/www.organisator.ch\/#website","url":"https:\/\/www.organisator.ch\/","name":"Organizzatore","description":"Competente. Pratico. In 10 numeri all'anno, ORGANISATOR presenta i temi essenziali per i manager delle PMI.","publisher":{"@id":"https:\/\/www.organisator.ch\/#organization"},"potentialAction":[{"@type":"SearchAction","target":{"@type":"EntryPoint","urlTemplate":"https:\/\/www.organisator.ch\/?s={search_term_string}"},"query-input":{"@type":"PropertyValueSpecification","valueRequired":true,"valueName":"search_term_string"}}],"inLanguage":"it-IT"},{"@type":"Organization","@id":"https:\/\/www.organisator.ch\/#organization","name":"Organizzatore","url":"https:\/\/www.organisator.ch\/","logo":{"@type":"ImageObject","inLanguage":"it-IT","@id":"https:\/\/www.organisator.ch\/#\/schema\/logo\/image\/","url":"https:\/\/www.organisator.ch\/wp-content\/uploads\/2022\/01\/Logo_Organisator_Website.png","contentUrl":"https:\/\/www.organisator.ch\/wp-content\/uploads\/2022\/01\/Logo_Organisator_Website.png","width":800,"height":77,"caption":"Organisator"},"image":{"@id":"https:\/\/www.organisator.ch\/#\/schema\/logo\/image\/"},"sameAs":["https:\/\/www.facebook.com\/OrganisatorFachmagazin","https:\/\/www.linkedin.com\/showcase\/organisator-das-magazin-fr-kmu","https:\/\/www.xing.com\/news\/pages\/organisator-ch-695","https:\/\/www.youtube.com\/channel\/UCGP2Sq0iWaZwT3BdIAQFYpw"]},{"@type":"Person","@id":"https:\/\/www.organisator.ch\/#\/schema\/person\/aa2bace6c5c5aad60102004a50c4eb1c","name":"amministratore","image":{"@type":"ImageObject","inLanguage":"it-IT","@id":"https:\/\/secure.gravatar.com\/avatar\/ae2f4d718e6c49043e314ce431e7e645d646302a24a5ef5a8bc8e3f5a032e319?s=96&d=mm&r=g","url":"https:\/\/secure.gravatar.com\/avatar\/ae2f4d718e6c49043e314ce431e7e645d646302a24a5ef5a8bc8e3f5a032e319?s=96&d=mm&r=g","contentUrl":"https:\/\/secure.gravatar.com\/avatar\/ae2f4d718e6c49043e314ce431e7e645d646302a24a5ef5a8bc8e3f5a032e319?s=96&d=mm&r=g","caption":"admin"},"sameAs":["https:\/\/www.organisator.ch"],"url":"https:\/\/www.organisator.ch\/it\/author\/admin\/"}]}},"_links":{"self":[{"href":"https:\/\/www.organisator.ch\/it\/wp-json\/wp\/v2\/posts\/9962","targetHints":{"allow":["GET"]}}],"collection":[{"href":"https:\/\/www.organisator.ch\/it\/wp-json\/wp\/v2\/posts"}],"about":[{"href":"https:\/\/www.organisator.ch\/it\/wp-json\/wp\/v2\/types\/post"}],"author":[{"embeddable":true,"href":"https:\/\/www.organisator.ch\/it\/wp-json\/wp\/v2\/users\/1"}],"replies":[{"embeddable":true,"href":"https:\/\/www.organisator.ch\/it\/wp-json\/wp\/v2\/comments?post=9962"}],"version-history":[{"count":1,"href":"https:\/\/www.organisator.ch\/it\/wp-json\/wp\/v2\/posts\/9962\/revisions"}],"predecessor-version":[{"id":10609,"href":"https:\/\/www.organisator.ch\/it\/wp-json\/wp\/v2\/posts\/9962\/revisions\/10609"}],"wp:featuredmedia":[{"embeddable":true,"href":"https:\/\/www.organisator.ch\/it\/wp-json\/wp\/v2\/media\/9415"}],"wp:attachment":[{"href":"https:\/\/www.organisator.ch\/it\/wp-json\/wp\/v2\/media?parent=9962"}],"wp:term":[{"taxonomy":"category","embeddable":true,"href":"https:\/\/www.organisator.ch\/it\/wp-json\/wp\/v2\/categories?post=9962"},{"taxonomy":"post_tag","embeddable":true,"href":"https:\/\/www.organisator.ch\/it\/wp-json\/wp\/v2\/tags?post=9962"}],"curies":[{"name":"wp","href":"https:\/\/api.w.org\/{rel}","templated":true}]}}