{"id":9963,"date":"2016-09-16T16:11:05","date_gmt":"2016-09-16T14:11:05","guid":{"rendered":"https:\/\/dev.umweltperspektiven.ch\/?p=514"},"modified":"2022-02-09T11:06:23","modified_gmt":"2022-02-09T10:06:23","slug":"e-bus-in-zuercher-quartieren","status":"publish","type":"post","link":"https:\/\/www.organisator.ch\/it\/sustainability\/2016-09-16\/e-bus-in-zuercher-quartieren\/","title":{"rendered":"E-bus nei quartieri di Zurigo"},"content":{"rendered":"<figure id=\"attachment_515\" aria-describedby=\"caption-attachment-515\" style=\"width: 680px\" class=\"wp-caption alignnone\"><a href=\"\/\/dev.umweltperspektiven.ch\/wp-content\/uploads\/2016\/12\/E-Bus-in-Z\u00fcrcher-Quartieren-umweltperspektiven.jpg\"><img loading=\"lazy\" decoding=\"async\" class=\"size-medium wp-image-515\" src=\"\/\/dev.umweltperspektiven.ch\/wp-content\/uploads\/2016\/12\/E-Bus-in-Z\u00fcrcher-Quartieren-umweltperspektiven.jpg\" alt=\"VBZ sta testando un nuovo e-bus per i quartieri esterni.\" width=\"680\" height=\"383\" \/><\/a><figcaption id=\"caption-attachment-515\" class=\"wp-caption-text\">VBZ sta testando un nuovo e-bus per i quartieri esterni.<\/figcaption><\/figure>\n<p>L'autorit\u00e0 dei trasporti di Zurigo (VBZ) sta testando un autobus a propulsione elettrica sulle linee di autobus di quartiere a partire da ottobre 2016. I risultati dell'operazione di prova di due anni formeranno la base per l'acquisto in serie previsto. L'utilizzo dell'eBus di quartiere fa parte della strategia di elettrificazione \"eBus VBZ\": oltre all'acquisto di autobus ibridi articolati, questo comprende anche la conversione delle linee 69 e 80 all'esercizio filobus e il progetto faro \"SwissTrolley plus\".<\/p>\n<p>VBZ trasporta gi\u00e0 circa 80% dei suoi passeggeri con mezzi di trasporto elettronici, cio\u00e8 tram e filobus che funzionano con l'energia rinnovabile della EWZ. VBZ vorrebbe aumentare ulteriormente la quota di veicoli elettrici per ridurre ulteriormente il consumo di energia primaria, le emissioni di gas serra e di rumore e la dipendenza dai combustibili fossili.<\/p>\n<p>Lo sviluppo tecnologico degli eBus \u00e8 progredito notevolmente negli ultimi anni e viene osservato da vicino da VBZ. L'uso sulle linee di autobus di quartiere ha lo scopo di testare la praticit\u00e0, le caratteristiche tecniche e gli effetti operativi degli autobus di quartiere a trazione elettrica per Zurigo.<\/p>\n<p><strong>Ricarica in garage<\/strong><br \/>\nGli autobus di quartiere VBZ in funzione oggi percorrono fino a 300 km al giorno. La capacit\u00e0 di stoccaggio delle batterie degli eBus disponibili oggi non \u00e8 sufficiente per una prestazione giornaliera completa senza ricarica intermedia. Per questo motivo, gli eBus devono essere ricaricati durante l'uso, per esempio alle fermate del terminal; questo richiede un'infrastruttura di ricarica speciale. Un'altra possibilit\u00e0 \u00e8 quella di scambiare i veicoli con un basso livello di carica della batteria nel corso della giornata secondo il programma e di ricaricarli nel garage. Dato che gli autobus di quartiere di solito corrono a intervalli meno densi, VBZ persegue la ricarica nel garage. Questo approccio \u00e8 adatto agli autobus di quartiere perch\u00e9 l'utilizzo della capacit\u00e0 delle stazioni di ricarica della linea principale sarebbe basso.<\/p>\n<p><strong>Gli autobus ibridi come tecnologia ponte<\/strong><br \/>\nLa strategia di elettrificazione di VBZ include anche l'uso di undici autobus ibridi articolati per sostituire parte della flotta di autobus diesel. Questi autobus hanno una trasmissione parzialmente elettrica e colmano il divario tra gli autobus diesel convenzionali e i veicoli elettrici. Secondo l'esperienza con un autobus articolato ibrido noleggiato, che \u00e8 in servizio regolare con VBZ dal marzo 2015, \u00e8 possibile un risparmio di carburante di circa il 25 per cento rispetto agli autobus diesel comparabili. I nuovi autobus ibridi articolati saranno in funzione dalla met\u00e0 del 2017.<\/p>\n<p><em>Fonte: VBZ<\/em><\/p>","protected":false},"excerpt":{"rendered":"<p>Die Verkehrsbetriebe Z\u00fcrich (VBZ) testen ab Oktober 2016 einen elektrisch angetriebenen Bus auf Quartierbuslinien. Die Erkenntnisse aus dem zweij\u00e4hrigen Probebetrieb sollen die Grundlage f\u00fcr die geplante Serienbeschaffung bilden. Der Einsatz des Quartier-eBus ist ein Teil der Elektrifizierungsstrategie \u00abeBus VBZ\u00bb: Diese umfasst neben der Beschaffung von Hybridgelenkbussen auch die Umstellung der Linien 69 und 80 auf [&hellip;]<\/p>\n","protected":false},"author":1,"featured_media":515,"comment_status":"open","ping_status":"open","sticky":false,"template":"","format":"standard","meta":{"_acf_changed":false,"_yoast_wpseo_focuskw":"E-Bus","_yoast_wpseo_metadesc":"Die Z\u00fcrcher Verkehrsbetriebe VBZ testen einen neuen E-Bus f\u00fcr Aussenquartiere. Ziel ist die vollst\u00e4ndige Elektrifizierung der Flotte.","articlekey":"","footnotes":""},"categories":[580],"tags":[1002,1035,2426],"class_list":["post-9963","post","type-post","status-publish","format-standard","has-post-thumbnail","hentry","category-sustainability","tag-e-bus","tag-elektrofahrzeug","tag-vbz"],"acf":[],"yoast_head":"<!-- This site is optimized with the Yoast SEO plugin v27.5 - https:\/\/yoast.com\/product\/yoast-seo-wordpress\/ -->\n<title>E-Bus in Z\u00fcrcher Quartieren - Organisator<\/title>\n<meta name=\"description\" content=\"Die Z\u00fcrcher Verkehrsbetriebe VBZ testen einen neuen E-Bus f\u00fcr Aussenquartiere. Ziel ist die vollst\u00e4ndige Elektrifizierung der Flotte.\" \/>\n<meta name=\"robots\" content=\"index, follow, max-snippet:-1, max-image-preview:large, max-video-preview:-1\" \/>\n<link rel=\"canonical\" href=\"https:\/\/www.organisator.ch\/it\/sostenibilita\/2016-09-16\/e-bus-in-zuercher-quartieren\/\" \/>\n<meta property=\"og:locale\" content=\"it_IT\" \/>\n<meta property=\"og:type\" content=\"article\" \/>\n<meta property=\"og:title\" content=\"E-Bus in Z\u00fcrcher Quartieren - Organisator\" \/>\n<meta property=\"og:description\" content=\"Die Z\u00fcrcher Verkehrsbetriebe VBZ testen einen neuen E-Bus f\u00fcr Aussenquartiere. Ziel ist die vollst\u00e4ndige Elektrifizierung der Flotte.\" \/>\n<meta property=\"og:url\" content=\"https:\/\/www.organisator.ch\/it\/sostenibilita\/2016-09-16\/e-bus-in-zuercher-quartieren\/\" \/>\n<meta property=\"og:site_name\" content=\"Organisator\" \/>\n<meta property=\"article:publisher\" content=\"https:\/\/www.facebook.com\/OrganisatorFachmagazin\" \/>\n<meta property=\"article:published_time\" content=\"2016-09-16T14:11:05+00:00\" \/>\n<meta property=\"article:modified_time\" content=\"2022-02-09T10:06:23+00:00\" \/>\n<meta property=\"og:image\" content=\"https:\/\/www.organisator.ch\/wp-content\/uploads\/2016\/12\/E-Bus-in-Zuercher-Quartieren-umweltperspektiven.jpg\" \/>\n\t<meta property=\"og:image:width\" content=\"1920\" \/>\n\t<meta property=\"og:image:height\" content=\"1080\" \/>\n\t<meta property=\"og:image:type\" content=\"image\/jpeg\" \/>\n<meta name=\"author\" content=\"admin\" \/>\n<meta name=\"twitter:card\" content=\"summary_large_image\" \/>\n<script type=\"application\/ld+json\" class=\"yoast-schema-graph\">{\"@context\":\"https:\\\/\\\/schema.org\",\"@graph\":[{\"@type\":\"Article\",\"@id\":\"https:\\\/\\\/www.organisator.ch\\\/sustainability\\\/2016-09-16\\\/e-bus-in-zuercher-quartieren\\\/#article\",\"isPartOf\":{\"@id\":\"https:\\\/\\\/www.organisator.ch\\\/sustainability\\\/2016-09-16\\\/e-bus-in-zuercher-quartieren\\\/\"},\"author\":{\"name\":\"admin\",\"@id\":\"https:\\\/\\\/www.organisator.ch\\\/#\\\/schema\\\/person\\\/aa2bace6c5c5aad60102004a50c4eb1c\"},\"headline\":\"E-Bus in Z\u00fcrcher Quartieren\",\"datePublished\":\"2016-09-16T14:11:05+00:00\",\"dateModified\":\"2022-02-09T10:06:23+00:00\",\"mainEntityOfPage\":{\"@id\":\"https:\\\/\\\/www.organisator.ch\\\/sustainability\\\/2016-09-16\\\/e-bus-in-zuercher-quartieren\\\/\"},\"wordCount\":367,\"commentCount\":0,\"publisher\":{\"@id\":\"https:\\\/\\\/www.organisator.ch\\\/#organization\"},\"image\":{\"@id\":\"https:\\\/\\\/www.organisator.ch\\\/sustainability\\\/2016-09-16\\\/e-bus-in-zuercher-quartieren\\\/#primaryimage\"},\"thumbnailUrl\":\"https:\\\/\\\/www.organisator.ch\\\/wp-content\\\/uploads\\\/2016\\\/12\\\/E-Bus-in-Zuercher-Quartieren-umweltperspektiven.jpg\",\"keywords\":[\"E-Bus\",\"Elektrofahrzeug\",\"VBZ\"],\"articleSection\":[\"SUSTAINABILITY\"],\"inLanguage\":\"it-IT\"},{\"@type\":\"WebPage\",\"@id\":\"https:\\\/\\\/www.organisator.ch\\\/sustainability\\\/2016-09-16\\\/e-bus-in-zuercher-quartieren\\\/\",\"url\":\"https:\\\/\\\/www.organisator.ch\\\/sustainability\\\/2016-09-16\\\/e-bus-in-zuercher-quartieren\\\/\",\"name\":\"E-Bus in Z\u00fcrcher Quartieren - Organisator\",\"isPartOf\":{\"@id\":\"https:\\\/\\\/www.organisator.ch\\\/#website\"},\"primaryImageOfPage\":{\"@id\":\"https:\\\/\\\/www.organisator.ch\\\/sustainability\\\/2016-09-16\\\/e-bus-in-zuercher-quartieren\\\/#primaryimage\"},\"image\":{\"@id\":\"https:\\\/\\\/www.organisator.ch\\\/sustainability\\\/2016-09-16\\\/e-bus-in-zuercher-quartieren\\\/#primaryimage\"},\"thumbnailUrl\":\"https:\\\/\\\/www.organisator.ch\\\/wp-content\\\/uploads\\\/2016\\\/12\\\/E-Bus-in-Zuercher-Quartieren-umweltperspektiven.jpg\",\"datePublished\":\"2016-09-16T14:11:05+00:00\",\"dateModified\":\"2022-02-09T10:06:23+00:00\",\"description\":\"Die Z\u00fcrcher Verkehrsbetriebe VBZ testen einen neuen E-Bus f\u00fcr Aussenquartiere. Ziel ist die vollst\u00e4ndige Elektrifizierung der Flotte.\",\"breadcrumb\":{\"@id\":\"https:\\\/\\\/www.organisator.ch\\\/sustainability\\\/2016-09-16\\\/e-bus-in-zuercher-quartieren\\\/#breadcrumb\"},\"inLanguage\":\"it-IT\",\"potentialAction\":[{\"@type\":\"ReadAction\",\"target\":[\"https:\\\/\\\/www.organisator.ch\\\/sustainability\\\/2016-09-16\\\/e-bus-in-zuercher-quartieren\\\/\"]}]},{\"@type\":\"ImageObject\",\"inLanguage\":\"it-IT\",\"@id\":\"https:\\\/\\\/www.organisator.ch\\\/sustainability\\\/2016-09-16\\\/e-bus-in-zuercher-quartieren\\\/#primaryimage\",\"url\":\"https:\\\/\\\/www.organisator.ch\\\/wp-content\\\/uploads\\\/2016\\\/12\\\/E-Bus-in-Zuercher-Quartieren-umweltperspektiven.jpg\",\"contentUrl\":\"https:\\\/\\\/www.organisator.ch\\\/wp-content\\\/uploads\\\/2016\\\/12\\\/E-Bus-in-Zuercher-Quartieren-umweltperspektiven.jpg\",\"width\":1920,\"height\":1080,\"caption\":\"Die VBZ testet einen neuen E-Bus f\u00fcr Aussenquartiere.\"},{\"@type\":\"BreadcrumbList\",\"@id\":\"https:\\\/\\\/www.organisator.ch\\\/sustainability\\\/2016-09-16\\\/e-bus-in-zuercher-quartieren\\\/#breadcrumb\",\"itemListElement\":[{\"@type\":\"ListItem\",\"position\":1,\"name\":\"Home\",\"item\":\"https:\\\/\\\/www.organisator.ch\\\/\"},{\"@type\":\"ListItem\",\"position\":2,\"name\":\"E-Bus in Z\u00fcrcher Quartieren\"}]},{\"@type\":\"WebSite\",\"@id\":\"https:\\\/\\\/www.organisator.ch\\\/#website\",\"url\":\"https:\\\/\\\/www.organisator.ch\\\/\",\"name\":\"Organisator\",\"description\":\"Kompetent. Praxisnah. Der ORGANISATOR bereitet in 10 Ausgaben pro Jahr die wesentlichen Themen f\u00fcr F\u00fchrungskr\u00e4fte von KMU auf.\",\"publisher\":{\"@id\":\"https:\\\/\\\/www.organisator.ch\\\/#organization\"},\"potentialAction\":[{\"@type\":\"SearchAction\",\"target\":{\"@type\":\"EntryPoint\",\"urlTemplate\":\"https:\\\/\\\/www.organisator.ch\\\/?s={search_term_string}\"},\"query-input\":{\"@type\":\"PropertyValueSpecification\",\"valueRequired\":true,\"valueName\":\"search_term_string\"}}],\"inLanguage\":\"it-IT\"},{\"@type\":\"Organization\",\"@id\":\"https:\\\/\\\/www.organisator.ch\\\/#organization\",\"name\":\"Organisator\",\"url\":\"https:\\\/\\\/www.organisator.ch\\\/\",\"logo\":{\"@type\":\"ImageObject\",\"inLanguage\":\"it-IT\",\"@id\":\"https:\\\/\\\/www.organisator.ch\\\/#\\\/schema\\\/logo\\\/image\\\/\",\"url\":\"https:\\\/\\\/www.organisator.ch\\\/wp-content\\\/uploads\\\/2022\\\/01\\\/Logo_Organisator_Website.png\",\"contentUrl\":\"https:\\\/\\\/www.organisator.ch\\\/wp-content\\\/uploads\\\/2022\\\/01\\\/Logo_Organisator_Website.png\",\"width\":800,\"height\":77,\"caption\":\"Organisator\"},\"image\":{\"@id\":\"https:\\\/\\\/www.organisator.ch\\\/#\\\/schema\\\/logo\\\/image\\\/\"},\"sameAs\":[\"https:\\\/\\\/www.facebook.com\\\/OrganisatorFachmagazin\",\"https:\\\/\\\/www.linkedin.com\\\/showcase\\\/organisator-das-magazin-fr-kmu\",\"https:\\\/\\\/www.xing.com\\\/news\\\/pages\\\/organisator-ch-695\",\"https:\\\/\\\/www.youtube.com\\\/channel\\\/UCGP2Sq0iWaZwT3BdIAQFYpw\"]},{\"@type\":\"Person\",\"@id\":\"https:\\\/\\\/www.organisator.ch\\\/#\\\/schema\\\/person\\\/aa2bace6c5c5aad60102004a50c4eb1c\",\"name\":\"admin\",\"image\":{\"@type\":\"ImageObject\",\"inLanguage\":\"it-IT\",\"@id\":\"https:\\\/\\\/secure.gravatar.com\\\/avatar\\\/ae2f4d718e6c49043e314ce431e7e645d646302a24a5ef5a8bc8e3f5a032e319?s=96&d=mm&r=g\",\"url\":\"https:\\\/\\\/secure.gravatar.com\\\/avatar\\\/ae2f4d718e6c49043e314ce431e7e645d646302a24a5ef5a8bc8e3f5a032e319?s=96&d=mm&r=g\",\"contentUrl\":\"https:\\\/\\\/secure.gravatar.com\\\/avatar\\\/ae2f4d718e6c49043e314ce431e7e645d646302a24a5ef5a8bc8e3f5a032e319?s=96&d=mm&r=g\",\"caption\":\"admin\"},\"sameAs\":[\"https:\\\/\\\/www.organisator.ch\"],\"url\":\"https:\\\/\\\/www.organisator.ch\\\/it\\\/author\\\/admin\\\/\"}]}<\/script>\n<!-- \/ Yoast SEO plugin. -->","yoast_head_json":{"title":"E-bus nei quartieri di Zurigo - Organizzatore","description":"L'azienda dei trasporti pubblici di Zurigo VBZ sta testando un nuovo e-bus per i quartieri esterni. L'obiettivo \u00e8 la completa elettrificazione della flotta.","robots":{"index":"index","follow":"follow","max-snippet":"max-snippet:-1","max-image-preview":"max-image-preview:large","max-video-preview":"max-video-preview:-1"},"canonical":"https:\/\/www.organisator.ch\/it\/sostenibilita\/2016-09-16\/e-bus-in-zuercher-quartieren\/","og_locale":"it_IT","og_type":"article","og_title":"E-Bus in Z\u00fcrcher Quartieren - Organisator","og_description":"Die Z\u00fcrcher Verkehrsbetriebe VBZ testen einen neuen E-Bus f\u00fcr Aussenquartiere. Ziel ist die vollst\u00e4ndige Elektrifizierung der Flotte.","og_url":"https:\/\/www.organisator.ch\/it\/sostenibilita\/2016-09-16\/e-bus-in-zuercher-quartieren\/","og_site_name":"Organisator","article_publisher":"https:\/\/www.facebook.com\/OrganisatorFachmagazin","article_published_time":"2016-09-16T14:11:05+00:00","article_modified_time":"2022-02-09T10:06:23+00:00","og_image":[{"width":1920,"height":1080,"url":"https:\/\/www.organisator.ch\/wp-content\/uploads\/2016\/12\/E-Bus-in-Zuercher-Quartieren-umweltperspektiven.jpg","type":"image\/jpeg"}],"author":"admin","twitter_card":"summary_large_image","schema":{"@context":"https:\/\/schema.org","@graph":[{"@type":"Article","@id":"https:\/\/www.organisator.ch\/sustainability\/2016-09-16\/e-bus-in-zuercher-quartieren\/#article","isPartOf":{"@id":"https:\/\/www.organisator.ch\/sustainability\/2016-09-16\/e-bus-in-zuercher-quartieren\/"},"author":{"name":"admin","@id":"https:\/\/www.organisator.ch\/#\/schema\/person\/aa2bace6c5c5aad60102004a50c4eb1c"},"headline":"E-Bus in Z\u00fcrcher Quartieren","datePublished":"2016-09-16T14:11:05+00:00","dateModified":"2022-02-09T10:06:23+00:00","mainEntityOfPage":{"@id":"https:\/\/www.organisator.ch\/sustainability\/2016-09-16\/e-bus-in-zuercher-quartieren\/"},"wordCount":367,"commentCount":0,"publisher":{"@id":"https:\/\/www.organisator.ch\/#organization"},"image":{"@id":"https:\/\/www.organisator.ch\/sustainability\/2016-09-16\/e-bus-in-zuercher-quartieren\/#primaryimage"},"thumbnailUrl":"https:\/\/www.organisator.ch\/wp-content\/uploads\/2016\/12\/E-Bus-in-Zuercher-Quartieren-umweltperspektiven.jpg","keywords":["E-Bus","Elektrofahrzeug","VBZ"],"articleSection":["SUSTAINABILITY"],"inLanguage":"it-IT"},{"@type":"WebPage","@id":"https:\/\/www.organisator.ch\/sustainability\/2016-09-16\/e-bus-in-zuercher-quartieren\/","url":"https:\/\/www.organisator.ch\/sustainability\/2016-09-16\/e-bus-in-zuercher-quartieren\/","name":"E-bus nei quartieri di Zurigo - Organizzatore","isPartOf":{"@id":"https:\/\/www.organisator.ch\/#website"},"primaryImageOfPage":{"@id":"https:\/\/www.organisator.ch\/sustainability\/2016-09-16\/e-bus-in-zuercher-quartieren\/#primaryimage"},"image":{"@id":"https:\/\/www.organisator.ch\/sustainability\/2016-09-16\/e-bus-in-zuercher-quartieren\/#primaryimage"},"thumbnailUrl":"https:\/\/www.organisator.ch\/wp-content\/uploads\/2016\/12\/E-Bus-in-Zuercher-Quartieren-umweltperspektiven.jpg","datePublished":"2016-09-16T14:11:05+00:00","dateModified":"2022-02-09T10:06:23+00:00","description":"L'azienda dei trasporti pubblici di Zurigo VBZ sta testando un nuovo e-bus per i quartieri esterni. L'obiettivo \u00e8 la completa elettrificazione della flotta.","breadcrumb":{"@id":"https:\/\/www.organisator.ch\/sustainability\/2016-09-16\/e-bus-in-zuercher-quartieren\/#breadcrumb"},"inLanguage":"it-IT","potentialAction":[{"@type":"ReadAction","target":["https:\/\/www.organisator.ch\/sustainability\/2016-09-16\/e-bus-in-zuercher-quartieren\/"]}]},{"@type":"ImageObject","inLanguage":"it-IT","@id":"https:\/\/www.organisator.ch\/sustainability\/2016-09-16\/e-bus-in-zuercher-quartieren\/#primaryimage","url":"https:\/\/www.organisator.ch\/wp-content\/uploads\/2016\/12\/E-Bus-in-Zuercher-Quartieren-umweltperspektiven.jpg","contentUrl":"https:\/\/www.organisator.ch\/wp-content\/uploads\/2016\/12\/E-Bus-in-Zuercher-Quartieren-umweltperspektiven.jpg","width":1920,"height":1080,"caption":"Die VBZ testet einen neuen E-Bus f\u00fcr Aussenquartiere."},{"@type":"BreadcrumbList","@id":"https:\/\/www.organisator.ch\/sustainability\/2016-09-16\/e-bus-in-zuercher-quartieren\/#breadcrumb","itemListElement":[{"@type":"ListItem","position":1,"name":"Home","item":"https:\/\/www.organisator.ch\/"},{"@type":"ListItem","position":2,"name":"E-Bus in Z\u00fcrcher Quartieren"}]},{"@type":"WebSite","@id":"https:\/\/www.organisator.ch\/#website","url":"https:\/\/www.organisator.ch\/","name":"Organizzatore","description":"Competente. Pratico. In 10 numeri all'anno, ORGANISATOR presenta i temi essenziali per i manager delle PMI.","publisher":{"@id":"https:\/\/www.organisator.ch\/#organization"},"potentialAction":[{"@type":"SearchAction","target":{"@type":"EntryPoint","urlTemplate":"https:\/\/www.organisator.ch\/?s={search_term_string}"},"query-input":{"@type":"PropertyValueSpecification","valueRequired":true,"valueName":"search_term_string"}}],"inLanguage":"it-IT"},{"@type":"Organization","@id":"https:\/\/www.organisator.ch\/#organization","name":"Organizzatore","url":"https:\/\/www.organisator.ch\/","logo":{"@type":"ImageObject","inLanguage":"it-IT","@id":"https:\/\/www.organisator.ch\/#\/schema\/logo\/image\/","url":"https:\/\/www.organisator.ch\/wp-content\/uploads\/2022\/01\/Logo_Organisator_Website.png","contentUrl":"https:\/\/www.organisator.ch\/wp-content\/uploads\/2022\/01\/Logo_Organisator_Website.png","width":800,"height":77,"caption":"Organisator"},"image":{"@id":"https:\/\/www.organisator.ch\/#\/schema\/logo\/image\/"},"sameAs":["https:\/\/www.facebook.com\/OrganisatorFachmagazin","https:\/\/www.linkedin.com\/showcase\/organisator-das-magazin-fr-kmu","https:\/\/www.xing.com\/news\/pages\/organisator-ch-695","https:\/\/www.youtube.com\/channel\/UCGP2Sq0iWaZwT3BdIAQFYpw"]},{"@type":"Person","@id":"https:\/\/www.organisator.ch\/#\/schema\/person\/aa2bace6c5c5aad60102004a50c4eb1c","name":"amministratore","image":{"@type":"ImageObject","inLanguage":"it-IT","@id":"https:\/\/secure.gravatar.com\/avatar\/ae2f4d718e6c49043e314ce431e7e645d646302a24a5ef5a8bc8e3f5a032e319?s=96&d=mm&r=g","url":"https:\/\/secure.gravatar.com\/avatar\/ae2f4d718e6c49043e314ce431e7e645d646302a24a5ef5a8bc8e3f5a032e319?s=96&d=mm&r=g","contentUrl":"https:\/\/secure.gravatar.com\/avatar\/ae2f4d718e6c49043e314ce431e7e645d646302a24a5ef5a8bc8e3f5a032e319?s=96&d=mm&r=g","caption":"admin"},"sameAs":["https:\/\/www.organisator.ch"],"url":"https:\/\/www.organisator.ch\/it\/author\/admin\/"}]}},"_links":{"self":[{"href":"https:\/\/www.organisator.ch\/it\/wp-json\/wp\/v2\/posts\/9963","targetHints":{"allow":["GET"]}}],"collection":[{"href":"https:\/\/www.organisator.ch\/it\/wp-json\/wp\/v2\/posts"}],"about":[{"href":"https:\/\/www.organisator.ch\/it\/wp-json\/wp\/v2\/types\/post"}],"author":[{"embeddable":true,"href":"https:\/\/www.organisator.ch\/it\/wp-json\/wp\/v2\/users\/1"}],"replies":[{"embeddable":true,"href":"https:\/\/www.organisator.ch\/it\/wp-json\/wp\/v2\/comments?post=9963"}],"version-history":[{"count":1,"href":"https:\/\/www.organisator.ch\/it\/wp-json\/wp\/v2\/posts\/9963\/revisions"}],"predecessor-version":[{"id":10608,"href":"https:\/\/www.organisator.ch\/it\/wp-json\/wp\/v2\/posts\/9963\/revisions\/10608"}],"wp:featuredmedia":[{"embeddable":true,"href":"https:\/\/www.organisator.ch\/it\/wp-json\/wp\/v2\/media\/515"}],"wp:attachment":[{"href":"https:\/\/www.organisator.ch\/it\/wp-json\/wp\/v2\/media?parent=9963"}],"wp:term":[{"taxonomy":"category","embeddable":true,"href":"https:\/\/www.organisator.ch\/it\/wp-json\/wp\/v2\/categories?post=9963"},{"taxonomy":"post_tag","embeddable":true,"href":"https:\/\/www.organisator.ch\/it\/wp-json\/wp\/v2\/tags?post=9963"}],"curies":[{"name":"wp","href":"https:\/\/api.w.org\/{rel}","templated":true}]}}