{"id":9964,"date":"2016-09-19T16:12:18","date_gmt":"2016-09-19T14:12:18","guid":{"rendered":"https:\/\/dev.umweltperspektiven.ch\/?p=517"},"modified":"2016-09-19T16:12:18","modified_gmt":"2016-09-19T14:12:18","slug":"frankreich-verbietet-plastikbecher","status":"publish","type":"post","link":"https:\/\/www.organisator.ch\/it\/allgemein\/2016-09-19\/frankreich-verbietet-plastikbecher\/","title":{"rendered":"La Francia vieta i bicchieri di plastica"},"content":{"rendered":"<figure id=\"attachment_518\" aria-describedby=\"caption-attachment-518\" style=\"width: 680px\" class=\"wp-caption alignnone\"><a href=\"\/\/dev.umweltperspektiven.ch\/wp-content\/uploads\/2016\/12\/Frankreich-verbietet-Plastikbecher-umweltperspektiven.jpg\"><img loading=\"lazy\" decoding=\"async\" class=\"size-medium wp-image-518\" src=\"\/\/dev.umweltperspektiven.ch\/wp-content\/uploads\/2016\/12\/Frankreich-verbietet-Plastikbecher-umweltperspektiven.jpg\" alt=\"Le stoviglie di plastica usa e getta saranno presto vietate in Francia\" width=\"680\" height=\"458\" \/><\/a><figcaption id=\"caption-attachment-518\" class=\"wp-caption-text\">Le stoviglie di plastica usa e getta saranno presto vietate in Francia<\/figcaption><\/figure>\n<p>La Francia sta facendo progressi nella protezione dell'ambiente: \u00e8 il primo paese al mondo a vietare le stoviglie di plastica usa e getta.<\/p>\n<p>Il <a href=\"https:\/\/www.legifrance.gouv.fr\/affichTexte.do?cidTexte=JORFTEXT000033076240&amp;dateTexte=&amp;categorieLien=id\" target=\"_blank\" rel=\"noreferrer noopener\" data-cke-saved-href=\"\/\/www.legifrance.gouv.fr\/affichTexte.do?cidTexte=JORFTEXT000033076240&amp;dateTexte=&amp;categorieLien=id\">Regolamento<\/a>che \u00e8 stato approvato il 31 agosto, vieta non solo la vendita ma anche l'uso e la distribuzione di piatti, posate e bicchieri di plastica. Tuttavia, ci sono delle eccezioni: Le stoviglie compostabili e quelle a base di bioplastica sono ancora ammesse. Le aziende e i produttori hanno tempo fino al 1\u00b0 gennaio 2020 per cambiare.<\/p>\n<p>Secondo il giornale francese <a href=\"http:\/\/www.lesechos.fr\/27\/07\/2015\/lesechos.fr\/021230146650_environnement---condamnes--les-gobelets-en-plastique-ont-encore-leurs-adeptes.htm\" target=\"_blank\" rel=\"noreferrer noopener\" data-cke-saved-href=\"\/\/www.lesechos.fr\/27\/07\/2015\/lesechos.fr\/021230146650_environnement---condamnes--les-gobelets-en-plastique-ont-encore-leurs-adeptes.htm\">\"Les Echos\"<\/a>\u00a0i francesi buttano via 4,73 miliardi di bicchieri di plastica all'anno - impilati uno sull'altro, questo farebbe una piramide 25 volte pi\u00f9 alta della Torre Eiffel. Solo l'1% di questo viene riciclato, la maggior parte finisce nei cumuli di spazzatura o viene incenerita.<\/p>\n<p><strong>Confronto ambientale<\/strong><br \/>\nTuttavia, non \u00e8 affatto certo che i bicchieri di plastica siano sempre l'opzione peggiore. Le tazze di ceramica, per esempio, sono molto pi\u00f9 energetiche da produrre e pi\u00f9 pesanti, il che si riflette nel consumo di energia per il trasporto. Secondo un <a href=\"https:\/\/www.tno.nl\/en\/focus-area\/urbanisation\/environment-sustainability\/a-circular-economy-the-basis-for-a-sustainable-society\/tno-investigates-environmental-impact-of-coffee-cups\/\" target=\"_blank\" rel=\"noreferrer noopener\" data-cke-saved-href=\"\/\/www.tno.nl\/en\/focus-area\/urbanisation\/environment-sustainability\/a-circular-economy-the-basis-for-a-sustainable-society\/tno-investigates-environmental-impact-of-coffee-cups\/\">Studio olandese<\/a> Le tazze di ceramica sono pi\u00f9 ecologiche solo se vengono riutilizzate da 500 a 3000 volte. La seconda alternativa sono le tazze di cartone. Tuttavia, questi non sono necessariamente migliori: il rivestimento di plastica rende difficile il riciclaggio, e la produzione \u00e8 anche molto pi\u00f9 intensiva di energia e acqua rispetto ai bicchieri di plastica.<\/p>\n<p>Lo sfondo dell'ordinanza \u00e8 la legge del 2015 \"Energiewende f\u00fcr ein gr\u00fcnes Wachstum\" (svolta energetica per una crescita verde), che segue un divieto dei sacchetti di plastica che \u00e8 in vigore da luglio.<\/p>","protected":false},"excerpt":{"rendered":"<p>Frankreich prescht vor in Sachen Umweltschutz: Als erstes Land in der Welt will es Wegwerfgeschirr aus Plastik verbieten. Die Verordnung, das am 31. August verabschiedet wurde, untersagt nicht nur den Verkauf, sondern auch die Verwendung und Verteilung von Tellern, Besteck und Bechern aus Plastik. Es gibt allerdings Ausnahmen: Kompostierbares Geschirr sowie solches, das auf Biokunststoffen [&hellip;]<\/p>\n","protected":false},"author":1,"featured_media":9417,"comment_status":"open","ping_status":"open","sticky":false,"template":"","format":"standard","meta":{"_acf_changed":false,"_yoast_wpseo_focuskw":"Plastik","_yoast_wpseo_metadesc":"Ab dem Jahr 2020 ist in Frankreich das Bereitstellen von Wegwerfgeschirr aus Plastik verboten. Ausgenommen ist solches aus kompostierbaren und biobasierten Kunststoffen.","articlekey":"","footnotes":""},"categories":[1],"tags":[1230,1920,1922,2439],"class_list":["post-9964","post","type-post","status-publish","format-standard","has-post-thumbnail","hentry","category-allgemein","tag-frankreich","tag-plastikbecher","tag-plastikgeschirr","tag-verbot"],"acf":[],"yoast_head":"<!-- This site is optimized with the Yoast SEO plugin v27.5 - https:\/\/yoast.com\/product\/yoast-seo-wordpress\/ -->\n<title>Frankreich verbietet Plastikbecher - Organisator<\/title>\n<meta name=\"description\" content=\"Ab dem Jahr 2020 ist in Frankreich das Bereitstellen von Wegwerfgeschirr aus Plastik verboten. Ausgenommen ist solches aus kompostierbaren und biobasierten Kunststoffen.\" \/>\n<meta name=\"robots\" content=\"index, follow, max-snippet:-1, max-image-preview:large, max-video-preview:-1\" \/>\n<link rel=\"canonical\" href=\"https:\/\/www.organisator.ch\/it\/generale\/2016-09-19\/frankreich-verbietet-plastikbecher\/\" \/>\n<meta property=\"og:locale\" content=\"it_IT\" \/>\n<meta property=\"og:type\" content=\"article\" \/>\n<meta property=\"og:title\" content=\"Frankreich verbietet Plastikbecher - Organisator\" \/>\n<meta property=\"og:description\" content=\"Ab dem Jahr 2020 ist in Frankreich das Bereitstellen von Wegwerfgeschirr aus Plastik verboten. Ausgenommen ist solches aus kompostierbaren und biobasierten Kunststoffen.\" \/>\n<meta property=\"og:url\" content=\"https:\/\/www.organisator.ch\/it\/generale\/2016-09-19\/frankreich-verbietet-plastikbecher\/\" \/>\n<meta property=\"og:site_name\" content=\"Organisator\" \/>\n<meta property=\"article:publisher\" content=\"https:\/\/www.facebook.com\/OrganisatorFachmagazin\" \/>\n<meta property=\"article:published_time\" content=\"2016-09-19T14:12:18+00:00\" \/>\n<meta property=\"og:image\" content=\"https:\/\/www.organisator.ch\/wp-content\/uploads\/2016\/12\/Frankreich-verbietet-Plastikbecher-umweltperspektiven.jpg\" \/>\n\t<meta property=\"og:image:width\" content=\"1000\" \/>\n\t<meta property=\"og:image:height\" content=\"673\" \/>\n\t<meta property=\"og:image:type\" content=\"image\/jpeg\" \/>\n<meta name=\"author\" content=\"admin\" \/>\n<meta name=\"twitter:card\" content=\"summary_large_image\" \/>\n<script type=\"application\/ld+json\" class=\"yoast-schema-graph\">{\"@context\":\"https:\\\/\\\/schema.org\",\"@graph\":[{\"@type\":\"Article\",\"@id\":\"https:\\\/\\\/www.organisator.ch\\\/en\\\/general\\\/2016-09-19\\\/frankreich-verbietet-plastikbecher\\\/#article\",\"isPartOf\":{\"@id\":\"https:\\\/\\\/www.organisator.ch\\\/en\\\/general\\\/2016-09-19\\\/frankreich-verbietet-plastikbecher\\\/\"},\"author\":{\"name\":\"admin\",\"@id\":\"https:\\\/\\\/www.organisator.ch\\\/#\\\/schema\\\/person\\\/aa2bace6c5c5aad60102004a50c4eb1c\"},\"headline\":\"Frankreich verbietet Plastikbecher\",\"datePublished\":\"2016-09-19T14:12:18+00:00\",\"mainEntityOfPage\":{\"@id\":\"https:\\\/\\\/www.organisator.ch\\\/en\\\/general\\\/2016-09-19\\\/frankreich-verbietet-plastikbecher\\\/\"},\"wordCount\":246,\"commentCount\":0,\"publisher\":{\"@id\":\"https:\\\/\\\/www.organisator.ch\\\/#organization\"},\"image\":{\"@id\":\"https:\\\/\\\/www.organisator.ch\\\/en\\\/general\\\/2016-09-19\\\/frankreich-verbietet-plastikbecher\\\/#primaryimage\"},\"thumbnailUrl\":\"https:\\\/\\\/www.organisator.ch\\\/wp-content\\\/uploads\\\/2016\\\/12\\\/Frankreich-verbietet-Plastikbecher-umweltperspektiven.jpg\",\"keywords\":[\"Frankreich\",\"Plastikbecher\",\"Plastikgeschirr\",\"Verbot\"],\"articleSection\":[\"Allgemein\"],\"inLanguage\":\"it-IT\"},{\"@type\":\"WebPage\",\"@id\":\"https:\\\/\\\/www.organisator.ch\\\/en\\\/general\\\/2016-09-19\\\/frankreich-verbietet-plastikbecher\\\/\",\"url\":\"https:\\\/\\\/www.organisator.ch\\\/en\\\/general\\\/2016-09-19\\\/frankreich-verbietet-plastikbecher\\\/\",\"name\":\"Frankreich verbietet Plastikbecher - Organisator\",\"isPartOf\":{\"@id\":\"https:\\\/\\\/www.organisator.ch\\\/#website\"},\"primaryImageOfPage\":{\"@id\":\"https:\\\/\\\/www.organisator.ch\\\/en\\\/general\\\/2016-09-19\\\/frankreich-verbietet-plastikbecher\\\/#primaryimage\"},\"image\":{\"@id\":\"https:\\\/\\\/www.organisator.ch\\\/en\\\/general\\\/2016-09-19\\\/frankreich-verbietet-plastikbecher\\\/#primaryimage\"},\"thumbnailUrl\":\"https:\\\/\\\/www.organisator.ch\\\/wp-content\\\/uploads\\\/2016\\\/12\\\/Frankreich-verbietet-Plastikbecher-umweltperspektiven.jpg\",\"datePublished\":\"2016-09-19T14:12:18+00:00\",\"description\":\"Ab dem Jahr 2020 ist in Frankreich das Bereitstellen von Wegwerfgeschirr aus Plastik verboten. Ausgenommen ist solches aus kompostierbaren und biobasierten Kunststoffen.\",\"breadcrumb\":{\"@id\":\"https:\\\/\\\/www.organisator.ch\\\/en\\\/general\\\/2016-09-19\\\/frankreich-verbietet-plastikbecher\\\/#breadcrumb\"},\"inLanguage\":\"it-IT\",\"potentialAction\":[{\"@type\":\"ReadAction\",\"target\":[\"https:\\\/\\\/www.organisator.ch\\\/en\\\/general\\\/2016-09-19\\\/frankreich-verbietet-plastikbecher\\\/\"]}]},{\"@type\":\"ImageObject\",\"inLanguage\":\"it-IT\",\"@id\":\"https:\\\/\\\/www.organisator.ch\\\/en\\\/general\\\/2016-09-19\\\/frankreich-verbietet-plastikbecher\\\/#primaryimage\",\"url\":\"https:\\\/\\\/www.organisator.ch\\\/wp-content\\\/uploads\\\/2016\\\/12\\\/Frankreich-verbietet-Plastikbecher-umweltperspektiven.jpg\",\"contentUrl\":\"https:\\\/\\\/www.organisator.ch\\\/wp-content\\\/uploads\\\/2016\\\/12\\\/Frankreich-verbietet-Plastikbecher-umweltperspektiven.jpg\",\"width\":1000,\"height\":673,\"caption\":\"Wegwerfgeschirr aus Kunststoff ist in Frankreich bald verboten\"},{\"@type\":\"BreadcrumbList\",\"@id\":\"https:\\\/\\\/www.organisator.ch\\\/en\\\/general\\\/2016-09-19\\\/frankreich-verbietet-plastikbecher\\\/#breadcrumb\",\"itemListElement\":[{\"@type\":\"ListItem\",\"position\":1,\"name\":\"Home\",\"item\":\"https:\\\/\\\/www.organisator.ch\\\/\"},{\"@type\":\"ListItem\",\"position\":2,\"name\":\"Frankreich verbietet Plastikbecher\"}]},{\"@type\":\"WebSite\",\"@id\":\"https:\\\/\\\/www.organisator.ch\\\/#website\",\"url\":\"https:\\\/\\\/www.organisator.ch\\\/\",\"name\":\"Organisator\",\"description\":\"Kompetent. Praxisnah. Der ORGANISATOR bereitet in 10 Ausgaben pro Jahr die wesentlichen Themen f\u00fcr F\u00fchrungskr\u00e4fte von KMU auf.\",\"publisher\":{\"@id\":\"https:\\\/\\\/www.organisator.ch\\\/#organization\"},\"potentialAction\":[{\"@type\":\"SearchAction\",\"target\":{\"@type\":\"EntryPoint\",\"urlTemplate\":\"https:\\\/\\\/www.organisator.ch\\\/?s={search_term_string}\"},\"query-input\":{\"@type\":\"PropertyValueSpecification\",\"valueRequired\":true,\"valueName\":\"search_term_string\"}}],\"inLanguage\":\"it-IT\"},{\"@type\":\"Organization\",\"@id\":\"https:\\\/\\\/www.organisator.ch\\\/#organization\",\"name\":\"Organisator\",\"url\":\"https:\\\/\\\/www.organisator.ch\\\/\",\"logo\":{\"@type\":\"ImageObject\",\"inLanguage\":\"it-IT\",\"@id\":\"https:\\\/\\\/www.organisator.ch\\\/#\\\/schema\\\/logo\\\/image\\\/\",\"url\":\"https:\\\/\\\/www.organisator.ch\\\/wp-content\\\/uploads\\\/2022\\\/01\\\/Logo_Organisator_Website.png\",\"contentUrl\":\"https:\\\/\\\/www.organisator.ch\\\/wp-content\\\/uploads\\\/2022\\\/01\\\/Logo_Organisator_Website.png\",\"width\":800,\"height\":77,\"caption\":\"Organisator\"},\"image\":{\"@id\":\"https:\\\/\\\/www.organisator.ch\\\/#\\\/schema\\\/logo\\\/image\\\/\"},\"sameAs\":[\"https:\\\/\\\/www.facebook.com\\\/OrganisatorFachmagazin\",\"https:\\\/\\\/www.linkedin.com\\\/showcase\\\/organisator-das-magazin-fr-kmu\",\"https:\\\/\\\/www.xing.com\\\/news\\\/pages\\\/organisator-ch-695\",\"https:\\\/\\\/www.youtube.com\\\/channel\\\/UCGP2Sq0iWaZwT3BdIAQFYpw\"]},{\"@type\":\"Person\",\"@id\":\"https:\\\/\\\/www.organisator.ch\\\/#\\\/schema\\\/person\\\/aa2bace6c5c5aad60102004a50c4eb1c\",\"name\":\"admin\",\"image\":{\"@type\":\"ImageObject\",\"inLanguage\":\"it-IT\",\"@id\":\"https:\\\/\\\/secure.gravatar.com\\\/avatar\\\/ae2f4d718e6c49043e314ce431e7e645d646302a24a5ef5a8bc8e3f5a032e319?s=96&d=mm&r=g\",\"url\":\"https:\\\/\\\/secure.gravatar.com\\\/avatar\\\/ae2f4d718e6c49043e314ce431e7e645d646302a24a5ef5a8bc8e3f5a032e319?s=96&d=mm&r=g\",\"contentUrl\":\"https:\\\/\\\/secure.gravatar.com\\\/avatar\\\/ae2f4d718e6c49043e314ce431e7e645d646302a24a5ef5a8bc8e3f5a032e319?s=96&d=mm&r=g\",\"caption\":\"admin\"},\"sameAs\":[\"https:\\\/\\\/www.organisator.ch\"],\"url\":\"https:\\\/\\\/www.organisator.ch\\\/it\\\/author\\\/admin\\\/\"}]}<\/script>\n<!-- \/ Yoast SEO plugin. -->","yoast_head_json":{"title":"La Francia vieta i bicchieri di plastica - Organizzatore","description":"Dal 2020, la fornitura di stoviglie di plastica monouso sar\u00e0 vietata in Francia. Le uniche eccezioni sono quelle fatte di plastiche compostabili e a base biologica.","robots":{"index":"index","follow":"follow","max-snippet":"max-snippet:-1","max-image-preview":"max-image-preview:large","max-video-preview":"max-video-preview:-1"},"canonical":"https:\/\/www.organisator.ch\/it\/generale\/2016-09-19\/frankreich-verbietet-plastikbecher\/","og_locale":"it_IT","og_type":"article","og_title":"Frankreich verbietet Plastikbecher - Organisator","og_description":"Ab dem Jahr 2020 ist in Frankreich das Bereitstellen von Wegwerfgeschirr aus Plastik verboten. Ausgenommen ist solches aus kompostierbaren und biobasierten Kunststoffen.","og_url":"https:\/\/www.organisator.ch\/it\/generale\/2016-09-19\/frankreich-verbietet-plastikbecher\/","og_site_name":"Organisator","article_publisher":"https:\/\/www.facebook.com\/OrganisatorFachmagazin","article_published_time":"2016-09-19T14:12:18+00:00","og_image":[{"width":1000,"height":673,"url":"https:\/\/www.organisator.ch\/wp-content\/uploads\/2016\/12\/Frankreich-verbietet-Plastikbecher-umweltperspektiven.jpg","type":"image\/jpeg"}],"author":"admin","twitter_card":"summary_large_image","schema":{"@context":"https:\/\/schema.org","@graph":[{"@type":"Article","@id":"https:\/\/www.organisator.ch\/en\/general\/2016-09-19\/frankreich-verbietet-plastikbecher\/#article","isPartOf":{"@id":"https:\/\/www.organisator.ch\/en\/general\/2016-09-19\/frankreich-verbietet-plastikbecher\/"},"author":{"name":"admin","@id":"https:\/\/www.organisator.ch\/#\/schema\/person\/aa2bace6c5c5aad60102004a50c4eb1c"},"headline":"Frankreich verbietet Plastikbecher","datePublished":"2016-09-19T14:12:18+00:00","mainEntityOfPage":{"@id":"https:\/\/www.organisator.ch\/en\/general\/2016-09-19\/frankreich-verbietet-plastikbecher\/"},"wordCount":246,"commentCount":0,"publisher":{"@id":"https:\/\/www.organisator.ch\/#organization"},"image":{"@id":"https:\/\/www.organisator.ch\/en\/general\/2016-09-19\/frankreich-verbietet-plastikbecher\/#primaryimage"},"thumbnailUrl":"https:\/\/www.organisator.ch\/wp-content\/uploads\/2016\/12\/Frankreich-verbietet-Plastikbecher-umweltperspektiven.jpg","keywords":["Frankreich","Plastikbecher","Plastikgeschirr","Verbot"],"articleSection":["Allgemein"],"inLanguage":"it-IT"},{"@type":"WebPage","@id":"https:\/\/www.organisator.ch\/en\/general\/2016-09-19\/frankreich-verbietet-plastikbecher\/","url":"https:\/\/www.organisator.ch\/en\/general\/2016-09-19\/frankreich-verbietet-plastikbecher\/","name":"La Francia vieta i bicchieri di plastica - Organizzatore","isPartOf":{"@id":"https:\/\/www.organisator.ch\/#website"},"primaryImageOfPage":{"@id":"https:\/\/www.organisator.ch\/en\/general\/2016-09-19\/frankreich-verbietet-plastikbecher\/#primaryimage"},"image":{"@id":"https:\/\/www.organisator.ch\/en\/general\/2016-09-19\/frankreich-verbietet-plastikbecher\/#primaryimage"},"thumbnailUrl":"https:\/\/www.organisator.ch\/wp-content\/uploads\/2016\/12\/Frankreich-verbietet-Plastikbecher-umweltperspektiven.jpg","datePublished":"2016-09-19T14:12:18+00:00","description":"Dal 2020, la fornitura di stoviglie di plastica monouso sar\u00e0 vietata in Francia. Le uniche eccezioni sono quelle fatte di plastiche compostabili e a base biologica.","breadcrumb":{"@id":"https:\/\/www.organisator.ch\/en\/general\/2016-09-19\/frankreich-verbietet-plastikbecher\/#breadcrumb"},"inLanguage":"it-IT","potentialAction":[{"@type":"ReadAction","target":["https:\/\/www.organisator.ch\/en\/general\/2016-09-19\/frankreich-verbietet-plastikbecher\/"]}]},{"@type":"ImageObject","inLanguage":"it-IT","@id":"https:\/\/www.organisator.ch\/en\/general\/2016-09-19\/frankreich-verbietet-plastikbecher\/#primaryimage","url":"https:\/\/www.organisator.ch\/wp-content\/uploads\/2016\/12\/Frankreich-verbietet-Plastikbecher-umweltperspektiven.jpg","contentUrl":"https:\/\/www.organisator.ch\/wp-content\/uploads\/2016\/12\/Frankreich-verbietet-Plastikbecher-umweltperspektiven.jpg","width":1000,"height":673,"caption":"Wegwerfgeschirr aus Kunststoff ist in Frankreich bald verboten"},{"@type":"BreadcrumbList","@id":"https:\/\/www.organisator.ch\/en\/general\/2016-09-19\/frankreich-verbietet-plastikbecher\/#breadcrumb","itemListElement":[{"@type":"ListItem","position":1,"name":"Home","item":"https:\/\/www.organisator.ch\/"},{"@type":"ListItem","position":2,"name":"Frankreich verbietet Plastikbecher"}]},{"@type":"WebSite","@id":"https:\/\/www.organisator.ch\/#website","url":"https:\/\/www.organisator.ch\/","name":"Organizzatore","description":"Competente. Pratico. In 10 numeri all'anno, ORGANISATOR presenta i temi essenziali per i manager delle PMI.","publisher":{"@id":"https:\/\/www.organisator.ch\/#organization"},"potentialAction":[{"@type":"SearchAction","target":{"@type":"EntryPoint","urlTemplate":"https:\/\/www.organisator.ch\/?s={search_term_string}"},"query-input":{"@type":"PropertyValueSpecification","valueRequired":true,"valueName":"search_term_string"}}],"inLanguage":"it-IT"},{"@type":"Organization","@id":"https:\/\/www.organisator.ch\/#organization","name":"Organizzatore","url":"https:\/\/www.organisator.ch\/","logo":{"@type":"ImageObject","inLanguage":"it-IT","@id":"https:\/\/www.organisator.ch\/#\/schema\/logo\/image\/","url":"https:\/\/www.organisator.ch\/wp-content\/uploads\/2022\/01\/Logo_Organisator_Website.png","contentUrl":"https:\/\/www.organisator.ch\/wp-content\/uploads\/2022\/01\/Logo_Organisator_Website.png","width":800,"height":77,"caption":"Organisator"},"image":{"@id":"https:\/\/www.organisator.ch\/#\/schema\/logo\/image\/"},"sameAs":["https:\/\/www.facebook.com\/OrganisatorFachmagazin","https:\/\/www.linkedin.com\/showcase\/organisator-das-magazin-fr-kmu","https:\/\/www.xing.com\/news\/pages\/organisator-ch-695","https:\/\/www.youtube.com\/channel\/UCGP2Sq0iWaZwT3BdIAQFYpw"]},{"@type":"Person","@id":"https:\/\/www.organisator.ch\/#\/schema\/person\/aa2bace6c5c5aad60102004a50c4eb1c","name":"amministratore","image":{"@type":"ImageObject","inLanguage":"it-IT","@id":"https:\/\/secure.gravatar.com\/avatar\/ae2f4d718e6c49043e314ce431e7e645d646302a24a5ef5a8bc8e3f5a032e319?s=96&d=mm&r=g","url":"https:\/\/secure.gravatar.com\/avatar\/ae2f4d718e6c49043e314ce431e7e645d646302a24a5ef5a8bc8e3f5a032e319?s=96&d=mm&r=g","contentUrl":"https:\/\/secure.gravatar.com\/avatar\/ae2f4d718e6c49043e314ce431e7e645d646302a24a5ef5a8bc8e3f5a032e319?s=96&d=mm&r=g","caption":"admin"},"sameAs":["https:\/\/www.organisator.ch"],"url":"https:\/\/www.organisator.ch\/it\/author\/admin\/"}]}},"_links":{"self":[{"href":"https:\/\/www.organisator.ch\/it\/wp-json\/wp\/v2\/posts\/9964","targetHints":{"allow":["GET"]}}],"collection":[{"href":"https:\/\/www.organisator.ch\/it\/wp-json\/wp\/v2\/posts"}],"about":[{"href":"https:\/\/www.organisator.ch\/it\/wp-json\/wp\/v2\/types\/post"}],"author":[{"embeddable":true,"href":"https:\/\/www.organisator.ch\/it\/wp-json\/wp\/v2\/users\/1"}],"replies":[{"embeddable":true,"href":"https:\/\/www.organisator.ch\/it\/wp-json\/wp\/v2\/comments?post=9964"}],"version-history":[{"count":0,"href":"https:\/\/www.organisator.ch\/it\/wp-json\/wp\/v2\/posts\/9964\/revisions"}],"wp:featuredmedia":[{"embeddable":true,"href":"https:\/\/www.organisator.ch\/it\/wp-json\/wp\/v2\/media\/9417"}],"wp:attachment":[{"href":"https:\/\/www.organisator.ch\/it\/wp-json\/wp\/v2\/media?parent=9964"}],"wp:term":[{"taxonomy":"category","embeddable":true,"href":"https:\/\/www.organisator.ch\/it\/wp-json\/wp\/v2\/categories?post=9964"},{"taxonomy":"post_tag","embeddable":true,"href":"https:\/\/www.organisator.ch\/it\/wp-json\/wp\/v2\/tags?post=9964"}],"curies":[{"name":"wp","href":"https:\/\/api.w.org\/{rel}","templated":true}]}}