{"id":9971,"date":"2016-10-06T16:25:27","date_gmt":"2016-10-06T14:25:27","guid":{"rendered":"https:\/\/dev.umweltperspektiven.ch\/?p=555"},"modified":"2022-02-09T11:06:57","modified_gmt":"2022-02-09T10:06:57","slug":"pariser-klimaabkommen-tritt-definitiv-in-kraft","status":"publish","type":"post","link":"https:\/\/www.organisator.ch\/it\/sustainability\/2016-10-06\/pariser-klimaabkommen-tritt-definitiv-in-kraft\/","title":{"rendered":"L'accordo di Parigi sul clima entra definitivamente in vigore"},"content":{"rendered":"<figure id=\"attachment_556\" aria-describedby=\"caption-attachment-556\" style=\"width: 680px\" class=\"wp-caption alignnone\"><a href=\"\/\/dev.umweltperspektiven.ch\/wp-content\/uploads\/2016\/12\/Pariser-Klimaabkommen-tritt-definitiv-in-Kraft-umweltperspektiven.jpg\"><img loading=\"lazy\" decoding=\"async\" class=\"wp-image-556 size-medium\" src=\"\/\/www.umweltperspektiven.ch\/wp-content\/uploads\/2016\/12\/Pariser-Klimaabkommen-tritt-definitiv-in-Kraft-umweltperspektiven.jpg\" alt=\"Un momento storico: il primo accordo globale sul clima entra in vigore.\" width=\"680\" height=\"455\" srcset=\"https:\/\/www.organisator.ch\/wp-content\/uploads\/2016\/12\/Pariser-Klimaabkommen-tritt-definitiv-in-Kraft-umweltperspektiven.jpg 999w, https:\/\/www.organisator.ch\/wp-content\/uploads\/2016\/12\/Pariser-Klimaabkommen-tritt-definitiv-in-Kraft-umweltperspektiven-680x455.jpg 680w, https:\/\/www.organisator.ch\/wp-content\/uploads\/2016\/12\/Pariser-Klimaabkommen-tritt-definitiv-in-Kraft-umweltperspektiven-768x514.jpg 768w, https:\/\/www.organisator.ch\/wp-content\/uploads\/2016\/12\/Pariser-Klimaabkommen-tritt-definitiv-in-Kraft-umweltperspektiven-18x12.jpg 18w, https:\/\/www.organisator.ch\/wp-content\/uploads\/2016\/12\/Pariser-Klimaabkommen-tritt-definitiv-in-Kraft-umweltperspektiven-261x175.jpg 261w, https:\/\/www.organisator.ch\/wp-content\/uploads\/2016\/12\/Pariser-Klimaabkommen-tritt-definitiv-in-Kraft-umweltperspektiven-523x350.jpg 523w, https:\/\/www.organisator.ch\/wp-content\/uploads\/2016\/12\/Pariser-Klimaabkommen-tritt-definitiv-in-Kraft-umweltperspektiven-920x616.jpg 920w, https:\/\/www.organisator.ch\/wp-content\/uploads\/2016\/12\/Pariser-Klimaabkommen-tritt-definitiv-in-Kraft-umweltperspektiven-300x201.jpg 300w\" sizes=\"auto, (max-width: 680px) 100vw, 680px\" \/><\/a><figcaption id=\"caption-attachment-556\" class=\"wp-caption-text\">Un momento storico: il primo accordo globale sul clima entra in vigore.<\/figcaption><\/figure>\n<p>Un momento storico per la protezione del clima: l'accordo sul clima di Parigi entrer\u00e0 definitivamente in vigore il 5 novembre 2016.<\/p>\n<p>Questo, dopo che l'UE e dieci paesi hanno ratificato l'accordo il 5 ottobre. Ci\u00f2 significa che la soglia definita di 55 paesi che emettono un totale di 55% di emissioni \u00e8 stata superata; 30 giorni dopo, l'accordo entrer\u00e0 ufficialmente in vigore. Tuttavia, diventer\u00e0 vincolante solo a partire dal 2020.<\/p>\n<p>I nuovi paesi sono Germania, Austria, Canada, Francia, Ungheria, Bolivia, Malta, Nepal, Portogallo e Slovacchia. In totale, ci sono ora 74 paesi, compresi i due pi\u00f9 grandi peccatori del clima, gli Stati Uniti e la Cina.<\/p>\n<p>Con questo, i paesi si impegnano a fermare l'aumento globale della temperatura.<\/p>\n<p><strong>Svizzera: Ratifica nell'estate 2017 al pi\u00f9 presto<\/strong><\/p>\n<p>Il Consiglio federale svizzero ha approvato l'accordo e lo ha firmato il 22 aprile 2016. Spetta ora al parlamento ratificarlo - ma questo non \u00e8 previsto fino alla sessione estiva del 2017.<\/p>\n<p>Ci\u00f2 significa che la Svizzera non potr\u00e0 probabilmente partecipare ai negoziati sull'attuazione che si svolgeranno alla Conferenza delle Nazioni Unite sul cambiamento climatico a Marrakech il prossimo novembre.<\/p>","protected":false},"excerpt":{"rendered":"<p>Ein historischer Moment f\u00fcr den Klimaschutz:\u00a0Das Pariser Klimaabkommen tritt per 5. Novemeber 2016 definitiv in Kraft. Dies, nachdem die EU und zehn L\u00e4nder am 5. Oktober das Abkommen ratifiziert haben. Damit ist nun die definierte Schwelle von 55 L\u00e4ndern, die insgesamt 55% der Emissionen ausstossen \u00fcberschritten; 30 Tage sp\u00e4ter tritt das Abkommen offiziell in Kraft. [&hellip;]<\/p>\n","protected":false},"author":1,"featured_media":556,"comment_status":"open","ping_status":"open","sticky":false,"template":"","format":"standard","meta":{"_acf_changed":false,"_yoast_wpseo_focuskw":"Pariser Klimaabkommen","_yoast_wpseo_metadesc":"Die vereinbarte Schwelle ist erreicht, das Pariser Klimaabkommen tritt definitiv in Kraft.","articlekey":"","footnotes":""},"categories":[580],"tags":[596,1885,1979],"class_list":["post-9971","post","type-post","status-publish","format-standard","has-post-thumbnail","hentry","category-sustainability","tag-klima","tag-pariser-klimaabkommen","tag-ratifizierung"],"acf":[],"yoast_head":"<!-- This site is optimized with the Yoast SEO plugin v27.4 - https:\/\/yoast.com\/product\/yoast-seo-wordpress\/ -->\n<title>Pariser Klimaabkommen tritt definitiv in Kraft - Organisator<\/title>\n<meta name=\"description\" content=\"Die vereinbarte Schwelle ist erreicht, das Pariser Klimaabkommen tritt definitiv in Kraft.\" \/>\n<meta name=\"robots\" content=\"index, follow, max-snippet:-1, max-image-preview:large, max-video-preview:-1\" \/>\n<link rel=\"canonical\" href=\"https:\/\/www.organisator.ch\/it\/sostenibilita\/2016-10-06\/pariser-klimaabkommen-tritt-definitiv-in-kraft\/\" \/>\n<meta property=\"og:locale\" content=\"it_IT\" \/>\n<meta property=\"og:type\" content=\"article\" \/>\n<meta property=\"og:title\" content=\"Pariser Klimaabkommen tritt definitiv in Kraft - Organisator\" \/>\n<meta property=\"og:description\" content=\"Die vereinbarte Schwelle ist erreicht, das Pariser Klimaabkommen tritt definitiv in Kraft.\" \/>\n<meta property=\"og:url\" content=\"https:\/\/www.organisator.ch\/it\/sostenibilita\/2016-10-06\/pariser-klimaabkommen-tritt-definitiv-in-kraft\/\" \/>\n<meta property=\"og:site_name\" content=\"Organisator\" \/>\n<meta property=\"article:publisher\" content=\"https:\/\/www.facebook.com\/OrganisatorFachmagazin\" \/>\n<meta property=\"article:published_time\" content=\"2016-10-06T14:25:27+00:00\" \/>\n<meta property=\"article:modified_time\" content=\"2022-02-09T10:06:57+00:00\" \/>\n<meta property=\"og:image\" content=\"https:\/\/www.organisator.ch\/wp-content\/uploads\/2016\/12\/Pariser-Klimaabkommen-tritt-definitiv-in-Kraft-umweltperspektiven.jpg\" \/>\n\t<meta property=\"og:image:width\" content=\"999\" \/>\n\t<meta property=\"og:image:height\" content=\"669\" \/>\n\t<meta property=\"og:image:type\" content=\"image\/jpeg\" \/>\n<meta name=\"author\" content=\"admin\" \/>\n<meta name=\"twitter:card\" content=\"summary_large_image\" \/>\n<script type=\"application\/ld+json\" class=\"yoast-schema-graph\">{\"@context\":\"https:\\\/\\\/schema.org\",\"@graph\":[{\"@type\":\"Article\",\"@id\":\"https:\\\/\\\/www.organisator.ch\\\/sustainability\\\/2016-10-06\\\/pariser-klimaabkommen-tritt-definitiv-in-kraft\\\/#article\",\"isPartOf\":{\"@id\":\"https:\\\/\\\/www.organisator.ch\\\/sustainability\\\/2016-10-06\\\/pariser-klimaabkommen-tritt-definitiv-in-kraft\\\/\"},\"author\":{\"name\":\"admin\",\"@id\":\"https:\\\/\\\/www.organisator.ch\\\/#\\\/schema\\\/person\\\/aa2bace6c5c5aad60102004a50c4eb1c\"},\"headline\":\"Pariser Klimaabkommen tritt definitiv in Kraft\",\"datePublished\":\"2016-10-06T14:25:27+00:00\",\"dateModified\":\"2022-02-09T10:06:57+00:00\",\"mainEntityOfPage\":{\"@id\":\"https:\\\/\\\/www.organisator.ch\\\/sustainability\\\/2016-10-06\\\/pariser-klimaabkommen-tritt-definitiv-in-kraft\\\/\"},\"wordCount\":196,\"commentCount\":0,\"publisher\":{\"@id\":\"https:\\\/\\\/www.organisator.ch\\\/#organization\"},\"image\":{\"@id\":\"https:\\\/\\\/www.organisator.ch\\\/sustainability\\\/2016-10-06\\\/pariser-klimaabkommen-tritt-definitiv-in-kraft\\\/#primaryimage\"},\"thumbnailUrl\":\"https:\\\/\\\/www.organisator.ch\\\/wp-content\\\/uploads\\\/2016\\\/12\\\/Pariser-Klimaabkommen-tritt-definitiv-in-Kraft-umweltperspektiven.jpg\",\"keywords\":[\"KLIMA\",\"Pariser Klimaabkommen\",\"Ratifizierung\"],\"articleSection\":[\"SUSTAINABILITY\"],\"inLanguage\":\"it-IT\"},{\"@type\":\"WebPage\",\"@id\":\"https:\\\/\\\/www.organisator.ch\\\/sustainability\\\/2016-10-06\\\/pariser-klimaabkommen-tritt-definitiv-in-kraft\\\/\",\"url\":\"https:\\\/\\\/www.organisator.ch\\\/sustainability\\\/2016-10-06\\\/pariser-klimaabkommen-tritt-definitiv-in-kraft\\\/\",\"name\":\"Pariser Klimaabkommen tritt definitiv in Kraft - Organisator\",\"isPartOf\":{\"@id\":\"https:\\\/\\\/www.organisator.ch\\\/#website\"},\"primaryImageOfPage\":{\"@id\":\"https:\\\/\\\/www.organisator.ch\\\/sustainability\\\/2016-10-06\\\/pariser-klimaabkommen-tritt-definitiv-in-kraft\\\/#primaryimage\"},\"image\":{\"@id\":\"https:\\\/\\\/www.organisator.ch\\\/sustainability\\\/2016-10-06\\\/pariser-klimaabkommen-tritt-definitiv-in-kraft\\\/#primaryimage\"},\"thumbnailUrl\":\"https:\\\/\\\/www.organisator.ch\\\/wp-content\\\/uploads\\\/2016\\\/12\\\/Pariser-Klimaabkommen-tritt-definitiv-in-Kraft-umweltperspektiven.jpg\",\"datePublished\":\"2016-10-06T14:25:27+00:00\",\"dateModified\":\"2022-02-09T10:06:57+00:00\",\"description\":\"Die vereinbarte Schwelle ist erreicht, das Pariser Klimaabkommen tritt definitiv in Kraft.\",\"breadcrumb\":{\"@id\":\"https:\\\/\\\/www.organisator.ch\\\/sustainability\\\/2016-10-06\\\/pariser-klimaabkommen-tritt-definitiv-in-kraft\\\/#breadcrumb\"},\"inLanguage\":\"it-IT\",\"potentialAction\":[{\"@type\":\"ReadAction\",\"target\":[\"https:\\\/\\\/www.organisator.ch\\\/sustainability\\\/2016-10-06\\\/pariser-klimaabkommen-tritt-definitiv-in-kraft\\\/\"]}]},{\"@type\":\"ImageObject\",\"inLanguage\":\"it-IT\",\"@id\":\"https:\\\/\\\/www.organisator.ch\\\/sustainability\\\/2016-10-06\\\/pariser-klimaabkommen-tritt-definitiv-in-kraft\\\/#primaryimage\",\"url\":\"https:\\\/\\\/www.organisator.ch\\\/wp-content\\\/uploads\\\/2016\\\/12\\\/Pariser-Klimaabkommen-tritt-definitiv-in-Kraft-umweltperspektiven.jpg\",\"contentUrl\":\"https:\\\/\\\/www.organisator.ch\\\/wp-content\\\/uploads\\\/2016\\\/12\\\/Pariser-Klimaabkommen-tritt-definitiv-in-Kraft-umweltperspektiven.jpg\",\"width\":999,\"height\":669,\"caption\":\"Ein historischer Moment: Das erste globale Klimaabkommen tritt in Kraft.\"},{\"@type\":\"BreadcrumbList\",\"@id\":\"https:\\\/\\\/www.organisator.ch\\\/sustainability\\\/2016-10-06\\\/pariser-klimaabkommen-tritt-definitiv-in-kraft\\\/#breadcrumb\",\"itemListElement\":[{\"@type\":\"ListItem\",\"position\":1,\"name\":\"Home\",\"item\":\"https:\\\/\\\/www.organisator.ch\\\/\"},{\"@type\":\"ListItem\",\"position\":2,\"name\":\"Pariser Klimaabkommen tritt definitiv in Kraft\"}]},{\"@type\":\"WebSite\",\"@id\":\"https:\\\/\\\/www.organisator.ch\\\/#website\",\"url\":\"https:\\\/\\\/www.organisator.ch\\\/\",\"name\":\"Organisator\",\"description\":\"Kompetent. Praxisnah. Der ORGANISATOR bereitet in 10 Ausgaben pro Jahr die wesentlichen Themen f\u00fcr F\u00fchrungskr\u00e4fte von KMU auf.\",\"publisher\":{\"@id\":\"https:\\\/\\\/www.organisator.ch\\\/#organization\"},\"potentialAction\":[{\"@type\":\"SearchAction\",\"target\":{\"@type\":\"EntryPoint\",\"urlTemplate\":\"https:\\\/\\\/www.organisator.ch\\\/?s={search_term_string}\"},\"query-input\":{\"@type\":\"PropertyValueSpecification\",\"valueRequired\":true,\"valueName\":\"search_term_string\"}}],\"inLanguage\":\"it-IT\"},{\"@type\":\"Organization\",\"@id\":\"https:\\\/\\\/www.organisator.ch\\\/#organization\",\"name\":\"Organisator\",\"url\":\"https:\\\/\\\/www.organisator.ch\\\/\",\"logo\":{\"@type\":\"ImageObject\",\"inLanguage\":\"it-IT\",\"@id\":\"https:\\\/\\\/www.organisator.ch\\\/#\\\/schema\\\/logo\\\/image\\\/\",\"url\":\"https:\\\/\\\/www.organisator.ch\\\/wp-content\\\/uploads\\\/2022\\\/01\\\/Logo_Organisator_Website.png\",\"contentUrl\":\"https:\\\/\\\/www.organisator.ch\\\/wp-content\\\/uploads\\\/2022\\\/01\\\/Logo_Organisator_Website.png\",\"width\":800,\"height\":77,\"caption\":\"Organisator\"},\"image\":{\"@id\":\"https:\\\/\\\/www.organisator.ch\\\/#\\\/schema\\\/logo\\\/image\\\/\"},\"sameAs\":[\"https:\\\/\\\/www.facebook.com\\\/OrganisatorFachmagazin\",\"https:\\\/\\\/www.linkedin.com\\\/showcase\\\/organisator-das-magazin-fr-kmu\",\"https:\\\/\\\/www.xing.com\\\/news\\\/pages\\\/organisator-ch-695\",\"https:\\\/\\\/www.youtube.com\\\/channel\\\/UCGP2Sq0iWaZwT3BdIAQFYpw\"]},{\"@type\":\"Person\",\"@id\":\"https:\\\/\\\/www.organisator.ch\\\/#\\\/schema\\\/person\\\/aa2bace6c5c5aad60102004a50c4eb1c\",\"name\":\"admin\",\"image\":{\"@type\":\"ImageObject\",\"inLanguage\":\"it-IT\",\"@id\":\"https:\\\/\\\/secure.gravatar.com\\\/avatar\\\/ae2f4d718e6c49043e314ce431e7e645d646302a24a5ef5a8bc8e3f5a032e319?s=96&d=mm&r=g\",\"url\":\"https:\\\/\\\/secure.gravatar.com\\\/avatar\\\/ae2f4d718e6c49043e314ce431e7e645d646302a24a5ef5a8bc8e3f5a032e319?s=96&d=mm&r=g\",\"contentUrl\":\"https:\\\/\\\/secure.gravatar.com\\\/avatar\\\/ae2f4d718e6c49043e314ce431e7e645d646302a24a5ef5a8bc8e3f5a032e319?s=96&d=mm&r=g\",\"caption\":\"admin\"},\"sameAs\":[\"https:\\\/\\\/www.organisator.ch\"],\"url\":\"https:\\\/\\\/www.organisator.ch\\\/it\\\/author\\\/admin\\\/\"}]}<\/script>\n<!-- \/ Yoast SEO plugin. -->","yoast_head_json":{"title":"L'Accordo sul clima di Parigi entra definitivamente in vigore - Organizzatore","description":"Se la soglia concordata viene raggiunta, l'Accordo sul clima di Parigi entra definitivamente in vigore.","robots":{"index":"index","follow":"follow","max-snippet":"max-snippet:-1","max-image-preview":"max-image-preview:large","max-video-preview":"max-video-preview:-1"},"canonical":"https:\/\/www.organisator.ch\/it\/sostenibilita\/2016-10-06\/pariser-klimaabkommen-tritt-definitiv-in-kraft\/","og_locale":"it_IT","og_type":"article","og_title":"Pariser Klimaabkommen tritt definitiv in Kraft - Organisator","og_description":"Die vereinbarte Schwelle ist erreicht, das Pariser Klimaabkommen tritt definitiv in Kraft.","og_url":"https:\/\/www.organisator.ch\/it\/sostenibilita\/2016-10-06\/pariser-klimaabkommen-tritt-definitiv-in-kraft\/","og_site_name":"Organisator","article_publisher":"https:\/\/www.facebook.com\/OrganisatorFachmagazin","article_published_time":"2016-10-06T14:25:27+00:00","article_modified_time":"2022-02-09T10:06:57+00:00","og_image":[{"width":999,"height":669,"url":"https:\/\/www.organisator.ch\/wp-content\/uploads\/2016\/12\/Pariser-Klimaabkommen-tritt-definitiv-in-Kraft-umweltperspektiven.jpg","type":"image\/jpeg"}],"author":"admin","twitter_card":"summary_large_image","schema":{"@context":"https:\/\/schema.org","@graph":[{"@type":"Article","@id":"https:\/\/www.organisator.ch\/sustainability\/2016-10-06\/pariser-klimaabkommen-tritt-definitiv-in-kraft\/#article","isPartOf":{"@id":"https:\/\/www.organisator.ch\/sustainability\/2016-10-06\/pariser-klimaabkommen-tritt-definitiv-in-kraft\/"},"author":{"name":"admin","@id":"https:\/\/www.organisator.ch\/#\/schema\/person\/aa2bace6c5c5aad60102004a50c4eb1c"},"headline":"Pariser Klimaabkommen tritt definitiv in Kraft","datePublished":"2016-10-06T14:25:27+00:00","dateModified":"2022-02-09T10:06:57+00:00","mainEntityOfPage":{"@id":"https:\/\/www.organisator.ch\/sustainability\/2016-10-06\/pariser-klimaabkommen-tritt-definitiv-in-kraft\/"},"wordCount":196,"commentCount":0,"publisher":{"@id":"https:\/\/www.organisator.ch\/#organization"},"image":{"@id":"https:\/\/www.organisator.ch\/sustainability\/2016-10-06\/pariser-klimaabkommen-tritt-definitiv-in-kraft\/#primaryimage"},"thumbnailUrl":"https:\/\/www.organisator.ch\/wp-content\/uploads\/2016\/12\/Pariser-Klimaabkommen-tritt-definitiv-in-Kraft-umweltperspektiven.jpg","keywords":["KLIMA","Pariser Klimaabkommen","Ratifizierung"],"articleSection":["SUSTAINABILITY"],"inLanguage":"it-IT"},{"@type":"WebPage","@id":"https:\/\/www.organisator.ch\/sustainability\/2016-10-06\/pariser-klimaabkommen-tritt-definitiv-in-kraft\/","url":"https:\/\/www.organisator.ch\/sustainability\/2016-10-06\/pariser-klimaabkommen-tritt-definitiv-in-kraft\/","name":"L'Accordo sul clima di Parigi entra definitivamente in vigore - Organizzatore","isPartOf":{"@id":"https:\/\/www.organisator.ch\/#website"},"primaryImageOfPage":{"@id":"https:\/\/www.organisator.ch\/sustainability\/2016-10-06\/pariser-klimaabkommen-tritt-definitiv-in-kraft\/#primaryimage"},"image":{"@id":"https:\/\/www.organisator.ch\/sustainability\/2016-10-06\/pariser-klimaabkommen-tritt-definitiv-in-kraft\/#primaryimage"},"thumbnailUrl":"https:\/\/www.organisator.ch\/wp-content\/uploads\/2016\/12\/Pariser-Klimaabkommen-tritt-definitiv-in-Kraft-umweltperspektiven.jpg","datePublished":"2016-10-06T14:25:27+00:00","dateModified":"2022-02-09T10:06:57+00:00","description":"Se la soglia concordata viene raggiunta, l'Accordo sul clima di Parigi entra definitivamente in vigore.","breadcrumb":{"@id":"https:\/\/www.organisator.ch\/sustainability\/2016-10-06\/pariser-klimaabkommen-tritt-definitiv-in-kraft\/#breadcrumb"},"inLanguage":"it-IT","potentialAction":[{"@type":"ReadAction","target":["https:\/\/www.organisator.ch\/sustainability\/2016-10-06\/pariser-klimaabkommen-tritt-definitiv-in-kraft\/"]}]},{"@type":"ImageObject","inLanguage":"it-IT","@id":"https:\/\/www.organisator.ch\/sustainability\/2016-10-06\/pariser-klimaabkommen-tritt-definitiv-in-kraft\/#primaryimage","url":"https:\/\/www.organisator.ch\/wp-content\/uploads\/2016\/12\/Pariser-Klimaabkommen-tritt-definitiv-in-Kraft-umweltperspektiven.jpg","contentUrl":"https:\/\/www.organisator.ch\/wp-content\/uploads\/2016\/12\/Pariser-Klimaabkommen-tritt-definitiv-in-Kraft-umweltperspektiven.jpg","width":999,"height":669,"caption":"Ein historischer Moment: Das erste globale Klimaabkommen tritt in Kraft."},{"@type":"BreadcrumbList","@id":"https:\/\/www.organisator.ch\/sustainability\/2016-10-06\/pariser-klimaabkommen-tritt-definitiv-in-kraft\/#breadcrumb","itemListElement":[{"@type":"ListItem","position":1,"name":"Home","item":"https:\/\/www.organisator.ch\/"},{"@type":"ListItem","position":2,"name":"Pariser Klimaabkommen tritt definitiv in Kraft"}]},{"@type":"WebSite","@id":"https:\/\/www.organisator.ch\/#website","url":"https:\/\/www.organisator.ch\/","name":"Organizzatore","description":"Competente. Pratico. In 10 numeri all'anno, ORGANISATOR presenta i temi essenziali per i manager delle PMI.","publisher":{"@id":"https:\/\/www.organisator.ch\/#organization"},"potentialAction":[{"@type":"SearchAction","target":{"@type":"EntryPoint","urlTemplate":"https:\/\/www.organisator.ch\/?s={search_term_string}"},"query-input":{"@type":"PropertyValueSpecification","valueRequired":true,"valueName":"search_term_string"}}],"inLanguage":"it-IT"},{"@type":"Organization","@id":"https:\/\/www.organisator.ch\/#organization","name":"Organizzatore","url":"https:\/\/www.organisator.ch\/","logo":{"@type":"ImageObject","inLanguage":"it-IT","@id":"https:\/\/www.organisator.ch\/#\/schema\/logo\/image\/","url":"https:\/\/www.organisator.ch\/wp-content\/uploads\/2022\/01\/Logo_Organisator_Website.png","contentUrl":"https:\/\/www.organisator.ch\/wp-content\/uploads\/2022\/01\/Logo_Organisator_Website.png","width":800,"height":77,"caption":"Organisator"},"image":{"@id":"https:\/\/www.organisator.ch\/#\/schema\/logo\/image\/"},"sameAs":["https:\/\/www.facebook.com\/OrganisatorFachmagazin","https:\/\/www.linkedin.com\/showcase\/organisator-das-magazin-fr-kmu","https:\/\/www.xing.com\/news\/pages\/organisator-ch-695","https:\/\/www.youtube.com\/channel\/UCGP2Sq0iWaZwT3BdIAQFYpw"]},{"@type":"Person","@id":"https:\/\/www.organisator.ch\/#\/schema\/person\/aa2bace6c5c5aad60102004a50c4eb1c","name":"amministratore","image":{"@type":"ImageObject","inLanguage":"it-IT","@id":"https:\/\/secure.gravatar.com\/avatar\/ae2f4d718e6c49043e314ce431e7e645d646302a24a5ef5a8bc8e3f5a032e319?s=96&d=mm&r=g","url":"https:\/\/secure.gravatar.com\/avatar\/ae2f4d718e6c49043e314ce431e7e645d646302a24a5ef5a8bc8e3f5a032e319?s=96&d=mm&r=g","contentUrl":"https:\/\/secure.gravatar.com\/avatar\/ae2f4d718e6c49043e314ce431e7e645d646302a24a5ef5a8bc8e3f5a032e319?s=96&d=mm&r=g","caption":"admin"},"sameAs":["https:\/\/www.organisator.ch"],"url":"https:\/\/www.organisator.ch\/it\/author\/admin\/"}]}},"_links":{"self":[{"href":"https:\/\/www.organisator.ch\/it\/wp-json\/wp\/v2\/posts\/9971","targetHints":{"allow":["GET"]}}],"collection":[{"href":"https:\/\/www.organisator.ch\/it\/wp-json\/wp\/v2\/posts"}],"about":[{"href":"https:\/\/www.organisator.ch\/it\/wp-json\/wp\/v2\/types\/post"}],"author":[{"embeddable":true,"href":"https:\/\/www.organisator.ch\/it\/wp-json\/wp\/v2\/users\/1"}],"replies":[{"embeddable":true,"href":"https:\/\/www.organisator.ch\/it\/wp-json\/wp\/v2\/comments?post=9971"}],"version-history":[{"count":1,"href":"https:\/\/www.organisator.ch\/it\/wp-json\/wp\/v2\/posts\/9971\/revisions"}],"predecessor-version":[{"id":10745,"href":"https:\/\/www.organisator.ch\/it\/wp-json\/wp\/v2\/posts\/9971\/revisions\/10745"}],"wp:featuredmedia":[{"embeddable":true,"href":"https:\/\/www.organisator.ch\/it\/wp-json\/wp\/v2\/media\/556"}],"wp:attachment":[{"href":"https:\/\/www.organisator.ch\/it\/wp-json\/wp\/v2\/media?parent=9971"}],"wp:term":[{"taxonomy":"category","embeddable":true,"href":"https:\/\/www.organisator.ch\/it\/wp-json\/wp\/v2\/categories?post=9971"},{"taxonomy":"post_tag","embeddable":true,"href":"https:\/\/www.organisator.ch\/it\/wp-json\/wp\/v2\/tags?post=9971"}],"curies":[{"name":"wp","href":"https:\/\/api.w.org\/{rel}","templated":true}]}}