{"id":9974,"date":"2016-11-15T16:33:18","date_gmt":"2016-11-15T15:33:18","guid":{"rendered":"https:\/\/dev.umweltperspektiven.ch\/?p=570"},"modified":"2022-02-09T11:10:13","modified_gmt":"2022-02-09T10:10:13","slug":"erstes-sparkonto-fuer-entwicklungsfinanzierung","status":"publish","type":"post","link":"https:\/\/www.organisator.ch\/it\/sustainability\/2016-11-15\/erstes-sparkonto-fuer-entwicklungsfinanzierung\/","title":{"rendered":"Primo conto di risparmio per il finanziamento dello sviluppo"},"content":{"rendered":"<figure id=\"attachment_571\" aria-describedby=\"caption-attachment-571\" style=\"width: 680px\" class=\"wp-caption alignnone\"><a href=\"\/\/dev.umweltperspektiven.ch\/wp-content\/uploads\/2016\/12\/Erstes-Sparkonto-f\u00fcr-Entwicklungsfinanzierung-umweltperspektiven.jpg\"><img loading=\"lazy\" decoding=\"async\" class=\"size-medium wp-image-571\" src=\"\/\/dev.umweltperspektiven.ch\/wp-content\/uploads\/2016\/12\/Erstes-Sparkonto-f\u00fcr-Entwicklungsfinanzierung-umweltperspektiven.jpg\" alt=\"Gli investitori privati svizzeri possono investire il loro denaro in progetti sostenibili.\" width=\"680\" height=\"672\" \/><\/a><figcaption id=\"caption-attachment-571\" class=\"wp-caption-text\">Gli investitori privati svizzeri possono investire il loro denaro in progetti sostenibili.<\/figcaption><\/figure>\n<p>La Banca Alternativa Svizzera (ABS) e Oikocredit lanciano il primo conto di risparmio regolare della Svizzera con il quale i clienti della banca svizzera possono creare benefici sociali ed ecologici diretti nei paesi in via di sviluppo.<\/p>\n<p>I risparmiatori versano denaro nell'ABS sulla base del <a href=\"https:\/\/www.abs.ch\/de\/privatpersonen\/sparen-vorsorgen\/oikocredit-foerderkonto\/\" target=\"_blank\" rel=\"noreferrer noopener\" data-cke-saved-href=\"\/\/www.abs.ch\/de\/privatpersonen\/sparen-vorsorgen\/oikocredit-foerderkonto\/\">Conto di supporto Oikocredit<\/a> uno. Come per qualsiasi altro conto, la banca garantisce la sicurezza dei fondi. Come parte del partenariato, l'ABS concede un prestito per un importo pari ai fondi investiti a Oikocredit International, con sede nei Paesi Bassi. La cooperativa di investimento socialmente orientata utilizza i fondi per finanziare organizzazioni partner in oltre 70 paesi in via di sviluppo.<\/p>\n<p>Questo permette piccoli prestiti a persone economicamente attive sul posto, promuove le energie rinnovabili o fornisce finanziamenti a cooperative di piccoli proprietari che producono, per esempio, cibo equo e solidale per il proprio mercato o per l'esportazione in Svizzera. Con oltre quarant'anni di esperienza in questo campo, Oikocredit \u00e8 una delle principali istituzioni private del mondo per il finanziamento dello sviluppo sostenibile.<\/p>","protected":false},"excerpt":{"rendered":"<p>Die Alternative Bank Schweiz (ABS) und Oikocredit lancieren das schweizweit erste regul\u00e4re Sparkonto, mit dem Schweizer Bankkundinnen und -kunden einen direkten sozial-\u00f6kologischen Nutzen in Entwicklungsl\u00e4ndern stiften. Sparerinnen und Sparer zahlen bei der ABS Geld auf das Oikocredit-F\u00f6rderkonto ein. Wie bei jedem anderen Konto garantiert die Bank die Sicherheit der Guthaben. Im Rahmen der Partnerschaft vergibt [&hellip;]<\/p>\n","protected":false},"author":1,"featured_media":9429,"comment_status":"open","ping_status":"open","sticky":false,"template":"","format":"standard","meta":{"_acf_changed":false,"_yoast_wpseo_focuskw":"Sparkonto","_yoast_wpseo_metadesc":"Das schweizweit erste regul\u00e4re Sparkonto f\u00fcr Entwicklungsfinanzierung macht es m\u00f6glich, eine nachhaltige Entwicklung mitzufinanzieren.","articlekey":"","footnotes":""},"categories":[580],"tags":[1106,358],"class_list":["post-9974","post","type-post","status-publish","format-standard","has-post-thumbnail","hentry","category-sustainability","tag-enwicklungsfinanzierung","tag-nachhaltige-wirtschaft"],"acf":[],"yoast_head":"<!-- This site is optimized with the Yoast SEO plugin v27.5 - https:\/\/yoast.com\/product\/yoast-seo-wordpress\/ -->\n<title>Erstes Sparkonto f\u00fcr Entwicklungsfinanzierung - Organisator<\/title>\n<meta name=\"description\" content=\"Das schweizweit erste regul\u00e4re Sparkonto f\u00fcr Entwicklungsfinanzierung macht es m\u00f6glich, eine nachhaltige Entwicklung mitzufinanzieren.\" \/>\n<meta name=\"robots\" content=\"index, follow, max-snippet:-1, max-image-preview:large, max-video-preview:-1\" \/>\n<link rel=\"canonical\" href=\"https:\/\/www.organisator.ch\/it\/sostenibilita\/2016-11-15\/erstes-sparkonto-fuer-entwicklungsfinanzierung\/\" \/>\n<meta property=\"og:locale\" content=\"it_IT\" \/>\n<meta property=\"og:type\" content=\"article\" \/>\n<meta property=\"og:title\" content=\"Erstes Sparkonto f\u00fcr Entwicklungsfinanzierung - Organisator\" \/>\n<meta property=\"og:description\" content=\"Das schweizweit erste regul\u00e4re Sparkonto f\u00fcr Entwicklungsfinanzierung macht es m\u00f6glich, eine nachhaltige Entwicklung mitzufinanzieren.\" \/>\n<meta property=\"og:url\" content=\"https:\/\/www.organisator.ch\/it\/sostenibilita\/2016-11-15\/erstes-sparkonto-fuer-entwicklungsfinanzierung\/\" \/>\n<meta property=\"og:site_name\" content=\"Organisator\" \/>\n<meta property=\"article:publisher\" content=\"https:\/\/www.facebook.com\/OrganisatorFachmagazin\" \/>\n<meta property=\"article:published_time\" content=\"2016-11-15T15:33:18+00:00\" \/>\n<meta property=\"article:modified_time\" content=\"2022-02-09T10:10:13+00:00\" \/>\n<meta property=\"og:image\" content=\"https:\/\/www.organisator.ch\/wp-content\/uploads\/2016\/12\/Erstes-Sparkonto-fuer-Entwicklungsfinanzierung-umweltperspektiven.jpg\" \/>\n\t<meta property=\"og:image:width\" content=\"1000\" \/>\n\t<meta property=\"og:image:height\" content=\"988\" \/>\n\t<meta property=\"og:image:type\" content=\"image\/jpeg\" \/>\n<meta name=\"author\" content=\"admin\" \/>\n<meta name=\"twitter:card\" content=\"summary_large_image\" \/>\n<script type=\"application\/ld+json\" class=\"yoast-schema-graph\">{\"@context\":\"https:\\\/\\\/schema.org\",\"@graph\":[{\"@type\":\"Article\",\"@id\":\"https:\\\/\\\/www.organisator.ch\\\/sustainability\\\/2016-11-15\\\/erstes-sparkonto-fuer-entwicklungsfinanzierung\\\/#article\",\"isPartOf\":{\"@id\":\"https:\\\/\\\/www.organisator.ch\\\/sustainability\\\/2016-11-15\\\/erstes-sparkonto-fuer-entwicklungsfinanzierung\\\/\"},\"author\":{\"name\":\"admin\",\"@id\":\"https:\\\/\\\/www.organisator.ch\\\/#\\\/schema\\\/person\\\/aa2bace6c5c5aad60102004a50c4eb1c\"},\"headline\":\"Erstes Sparkonto f\u00fcr Entwicklungsfinanzierung\",\"datePublished\":\"2016-11-15T15:33:18+00:00\",\"dateModified\":\"2022-02-09T10:10:13+00:00\",\"mainEntityOfPage\":{\"@id\":\"https:\\\/\\\/www.organisator.ch\\\/sustainability\\\/2016-11-15\\\/erstes-sparkonto-fuer-entwicklungsfinanzierung\\\/\"},\"wordCount\":168,\"commentCount\":0,\"publisher\":{\"@id\":\"https:\\\/\\\/www.organisator.ch\\\/#organization\"},\"image\":{\"@id\":\"https:\\\/\\\/www.organisator.ch\\\/sustainability\\\/2016-11-15\\\/erstes-sparkonto-fuer-entwicklungsfinanzierung\\\/#primaryimage\"},\"thumbnailUrl\":\"https:\\\/\\\/www.organisator.ch\\\/wp-content\\\/uploads\\\/2016\\\/12\\\/Erstes-Sparkonto-fuer-Entwicklungsfinanzierung-umweltperspektiven.jpg\",\"keywords\":[\"Enwicklungsfinanzierung\",\"Nachhaltige Wirtschaft\"],\"articleSection\":[\"SUSTAINABILITY\"],\"inLanguage\":\"it-IT\"},{\"@type\":\"WebPage\",\"@id\":\"https:\\\/\\\/www.organisator.ch\\\/sustainability\\\/2016-11-15\\\/erstes-sparkonto-fuer-entwicklungsfinanzierung\\\/\",\"url\":\"https:\\\/\\\/www.organisator.ch\\\/sustainability\\\/2016-11-15\\\/erstes-sparkonto-fuer-entwicklungsfinanzierung\\\/\",\"name\":\"Erstes Sparkonto f\u00fcr Entwicklungsfinanzierung - Organisator\",\"isPartOf\":{\"@id\":\"https:\\\/\\\/www.organisator.ch\\\/#website\"},\"primaryImageOfPage\":{\"@id\":\"https:\\\/\\\/www.organisator.ch\\\/sustainability\\\/2016-11-15\\\/erstes-sparkonto-fuer-entwicklungsfinanzierung\\\/#primaryimage\"},\"image\":{\"@id\":\"https:\\\/\\\/www.organisator.ch\\\/sustainability\\\/2016-11-15\\\/erstes-sparkonto-fuer-entwicklungsfinanzierung\\\/#primaryimage\"},\"thumbnailUrl\":\"https:\\\/\\\/www.organisator.ch\\\/wp-content\\\/uploads\\\/2016\\\/12\\\/Erstes-Sparkonto-fuer-Entwicklungsfinanzierung-umweltperspektiven.jpg\",\"datePublished\":\"2016-11-15T15:33:18+00:00\",\"dateModified\":\"2022-02-09T10:10:13+00:00\",\"description\":\"Das schweizweit erste regul\u00e4re Sparkonto f\u00fcr Entwicklungsfinanzierung macht es m\u00f6glich, eine nachhaltige Entwicklung mitzufinanzieren.\",\"breadcrumb\":{\"@id\":\"https:\\\/\\\/www.organisator.ch\\\/sustainability\\\/2016-11-15\\\/erstes-sparkonto-fuer-entwicklungsfinanzierung\\\/#breadcrumb\"},\"inLanguage\":\"it-IT\",\"potentialAction\":[{\"@type\":\"ReadAction\",\"target\":[\"https:\\\/\\\/www.organisator.ch\\\/sustainability\\\/2016-11-15\\\/erstes-sparkonto-fuer-entwicklungsfinanzierung\\\/\"]}]},{\"@type\":\"ImageObject\",\"inLanguage\":\"it-IT\",\"@id\":\"https:\\\/\\\/www.organisator.ch\\\/sustainability\\\/2016-11-15\\\/erstes-sparkonto-fuer-entwicklungsfinanzierung\\\/#primaryimage\",\"url\":\"https:\\\/\\\/www.organisator.ch\\\/wp-content\\\/uploads\\\/2016\\\/12\\\/Erstes-Sparkonto-fuer-Entwicklungsfinanzierung-umweltperspektiven.jpg\",\"contentUrl\":\"https:\\\/\\\/www.organisator.ch\\\/wp-content\\\/uploads\\\/2016\\\/12\\\/Erstes-Sparkonto-fuer-Entwicklungsfinanzierung-umweltperspektiven.jpg\",\"width\":1000,\"height\":988,\"caption\":\"Schweizer Privatanleger k\u00f6nnen ihr Geld in nachhaltige Projekte investieren.\"},{\"@type\":\"BreadcrumbList\",\"@id\":\"https:\\\/\\\/www.organisator.ch\\\/sustainability\\\/2016-11-15\\\/erstes-sparkonto-fuer-entwicklungsfinanzierung\\\/#breadcrumb\",\"itemListElement\":[{\"@type\":\"ListItem\",\"position\":1,\"name\":\"Home\",\"item\":\"https:\\\/\\\/www.organisator.ch\\\/\"},{\"@type\":\"ListItem\",\"position\":2,\"name\":\"Erstes Sparkonto f\u00fcr Entwicklungsfinanzierung\"}]},{\"@type\":\"WebSite\",\"@id\":\"https:\\\/\\\/www.organisator.ch\\\/#website\",\"url\":\"https:\\\/\\\/www.organisator.ch\\\/\",\"name\":\"Organisator\",\"description\":\"Kompetent. Praxisnah. Der ORGANISATOR bereitet in 10 Ausgaben pro Jahr die wesentlichen Themen f\u00fcr F\u00fchrungskr\u00e4fte von KMU auf.\",\"publisher\":{\"@id\":\"https:\\\/\\\/www.organisator.ch\\\/#organization\"},\"potentialAction\":[{\"@type\":\"SearchAction\",\"target\":{\"@type\":\"EntryPoint\",\"urlTemplate\":\"https:\\\/\\\/www.organisator.ch\\\/?s={search_term_string}\"},\"query-input\":{\"@type\":\"PropertyValueSpecification\",\"valueRequired\":true,\"valueName\":\"search_term_string\"}}],\"inLanguage\":\"it-IT\"},{\"@type\":\"Organization\",\"@id\":\"https:\\\/\\\/www.organisator.ch\\\/#organization\",\"name\":\"Organisator\",\"url\":\"https:\\\/\\\/www.organisator.ch\\\/\",\"logo\":{\"@type\":\"ImageObject\",\"inLanguage\":\"it-IT\",\"@id\":\"https:\\\/\\\/www.organisator.ch\\\/#\\\/schema\\\/logo\\\/image\\\/\",\"url\":\"https:\\\/\\\/www.organisator.ch\\\/wp-content\\\/uploads\\\/2022\\\/01\\\/Logo_Organisator_Website.png\",\"contentUrl\":\"https:\\\/\\\/www.organisator.ch\\\/wp-content\\\/uploads\\\/2022\\\/01\\\/Logo_Organisator_Website.png\",\"width\":800,\"height\":77,\"caption\":\"Organisator\"},\"image\":{\"@id\":\"https:\\\/\\\/www.organisator.ch\\\/#\\\/schema\\\/logo\\\/image\\\/\"},\"sameAs\":[\"https:\\\/\\\/www.facebook.com\\\/OrganisatorFachmagazin\",\"https:\\\/\\\/www.linkedin.com\\\/showcase\\\/organisator-das-magazin-fr-kmu\",\"https:\\\/\\\/www.xing.com\\\/news\\\/pages\\\/organisator-ch-695\",\"https:\\\/\\\/www.youtube.com\\\/channel\\\/UCGP2Sq0iWaZwT3BdIAQFYpw\"]},{\"@type\":\"Person\",\"@id\":\"https:\\\/\\\/www.organisator.ch\\\/#\\\/schema\\\/person\\\/aa2bace6c5c5aad60102004a50c4eb1c\",\"name\":\"admin\",\"image\":{\"@type\":\"ImageObject\",\"inLanguage\":\"it-IT\",\"@id\":\"https:\\\/\\\/secure.gravatar.com\\\/avatar\\\/ae2f4d718e6c49043e314ce431e7e645d646302a24a5ef5a8bc8e3f5a032e319?s=96&d=mm&r=g\",\"url\":\"https:\\\/\\\/secure.gravatar.com\\\/avatar\\\/ae2f4d718e6c49043e314ce431e7e645d646302a24a5ef5a8bc8e3f5a032e319?s=96&d=mm&r=g\",\"contentUrl\":\"https:\\\/\\\/secure.gravatar.com\\\/avatar\\\/ae2f4d718e6c49043e314ce431e7e645d646302a24a5ef5a8bc8e3f5a032e319?s=96&d=mm&r=g\",\"caption\":\"admin\"},\"sameAs\":[\"https:\\\/\\\/www.organisator.ch\"],\"url\":\"https:\\\/\\\/www.organisator.ch\\\/it\\\/author\\\/admin\\\/\"}]}<\/script>\n<!-- \/ Yoast SEO plugin. -->","yoast_head_json":{"title":"Primo conto di risparmio per il finanziamento dello sviluppo - Organizzatore","description":"Il primo conto di risparmio regolare per il finanziamento dello sviluppo in Svizzera consente di cofinanziare lo sviluppo sostenibile.","robots":{"index":"index","follow":"follow","max-snippet":"max-snippet:-1","max-image-preview":"max-image-preview:large","max-video-preview":"max-video-preview:-1"},"canonical":"https:\/\/www.organisator.ch\/it\/sostenibilita\/2016-11-15\/erstes-sparkonto-fuer-entwicklungsfinanzierung\/","og_locale":"it_IT","og_type":"article","og_title":"Erstes Sparkonto f\u00fcr Entwicklungsfinanzierung - Organisator","og_description":"Das schweizweit erste regul\u00e4re Sparkonto f\u00fcr Entwicklungsfinanzierung macht es m\u00f6glich, eine nachhaltige Entwicklung mitzufinanzieren.","og_url":"https:\/\/www.organisator.ch\/it\/sostenibilita\/2016-11-15\/erstes-sparkonto-fuer-entwicklungsfinanzierung\/","og_site_name":"Organisator","article_publisher":"https:\/\/www.facebook.com\/OrganisatorFachmagazin","article_published_time":"2016-11-15T15:33:18+00:00","article_modified_time":"2022-02-09T10:10:13+00:00","og_image":[{"width":1000,"height":988,"url":"https:\/\/www.organisator.ch\/wp-content\/uploads\/2016\/12\/Erstes-Sparkonto-fuer-Entwicklungsfinanzierung-umweltperspektiven.jpg","type":"image\/jpeg"}],"author":"admin","twitter_card":"summary_large_image","schema":{"@context":"https:\/\/schema.org","@graph":[{"@type":"Article","@id":"https:\/\/www.organisator.ch\/sustainability\/2016-11-15\/erstes-sparkonto-fuer-entwicklungsfinanzierung\/#article","isPartOf":{"@id":"https:\/\/www.organisator.ch\/sustainability\/2016-11-15\/erstes-sparkonto-fuer-entwicklungsfinanzierung\/"},"author":{"name":"admin","@id":"https:\/\/www.organisator.ch\/#\/schema\/person\/aa2bace6c5c5aad60102004a50c4eb1c"},"headline":"Erstes Sparkonto f\u00fcr Entwicklungsfinanzierung","datePublished":"2016-11-15T15:33:18+00:00","dateModified":"2022-02-09T10:10:13+00:00","mainEntityOfPage":{"@id":"https:\/\/www.organisator.ch\/sustainability\/2016-11-15\/erstes-sparkonto-fuer-entwicklungsfinanzierung\/"},"wordCount":168,"commentCount":0,"publisher":{"@id":"https:\/\/www.organisator.ch\/#organization"},"image":{"@id":"https:\/\/www.organisator.ch\/sustainability\/2016-11-15\/erstes-sparkonto-fuer-entwicklungsfinanzierung\/#primaryimage"},"thumbnailUrl":"https:\/\/www.organisator.ch\/wp-content\/uploads\/2016\/12\/Erstes-Sparkonto-fuer-Entwicklungsfinanzierung-umweltperspektiven.jpg","keywords":["Enwicklungsfinanzierung","Nachhaltige Wirtschaft"],"articleSection":["SUSTAINABILITY"],"inLanguage":"it-IT"},{"@type":"WebPage","@id":"https:\/\/www.organisator.ch\/sustainability\/2016-11-15\/erstes-sparkonto-fuer-entwicklungsfinanzierung\/","url":"https:\/\/www.organisator.ch\/sustainability\/2016-11-15\/erstes-sparkonto-fuer-entwicklungsfinanzierung\/","name":"Primo conto di risparmio per il finanziamento dello sviluppo - Organizzatore","isPartOf":{"@id":"https:\/\/www.organisator.ch\/#website"},"primaryImageOfPage":{"@id":"https:\/\/www.organisator.ch\/sustainability\/2016-11-15\/erstes-sparkonto-fuer-entwicklungsfinanzierung\/#primaryimage"},"image":{"@id":"https:\/\/www.organisator.ch\/sustainability\/2016-11-15\/erstes-sparkonto-fuer-entwicklungsfinanzierung\/#primaryimage"},"thumbnailUrl":"https:\/\/www.organisator.ch\/wp-content\/uploads\/2016\/12\/Erstes-Sparkonto-fuer-Entwicklungsfinanzierung-umweltperspektiven.jpg","datePublished":"2016-11-15T15:33:18+00:00","dateModified":"2022-02-09T10:10:13+00:00","description":"Il primo conto di risparmio regolare per il finanziamento dello sviluppo in Svizzera consente di cofinanziare lo sviluppo sostenibile.","breadcrumb":{"@id":"https:\/\/www.organisator.ch\/sustainability\/2016-11-15\/erstes-sparkonto-fuer-entwicklungsfinanzierung\/#breadcrumb"},"inLanguage":"it-IT","potentialAction":[{"@type":"ReadAction","target":["https:\/\/www.organisator.ch\/sustainability\/2016-11-15\/erstes-sparkonto-fuer-entwicklungsfinanzierung\/"]}]},{"@type":"ImageObject","inLanguage":"it-IT","@id":"https:\/\/www.organisator.ch\/sustainability\/2016-11-15\/erstes-sparkonto-fuer-entwicklungsfinanzierung\/#primaryimage","url":"https:\/\/www.organisator.ch\/wp-content\/uploads\/2016\/12\/Erstes-Sparkonto-fuer-Entwicklungsfinanzierung-umweltperspektiven.jpg","contentUrl":"https:\/\/www.organisator.ch\/wp-content\/uploads\/2016\/12\/Erstes-Sparkonto-fuer-Entwicklungsfinanzierung-umweltperspektiven.jpg","width":1000,"height":988,"caption":"Schweizer Privatanleger k\u00f6nnen ihr Geld in nachhaltige Projekte investieren."},{"@type":"BreadcrumbList","@id":"https:\/\/www.organisator.ch\/sustainability\/2016-11-15\/erstes-sparkonto-fuer-entwicklungsfinanzierung\/#breadcrumb","itemListElement":[{"@type":"ListItem","position":1,"name":"Home","item":"https:\/\/www.organisator.ch\/"},{"@type":"ListItem","position":2,"name":"Erstes Sparkonto f\u00fcr Entwicklungsfinanzierung"}]},{"@type":"WebSite","@id":"https:\/\/www.organisator.ch\/#website","url":"https:\/\/www.organisator.ch\/","name":"Organizzatore","description":"Competente. Pratico. In 10 numeri all'anno, ORGANISATOR presenta i temi essenziali per i manager delle PMI.","publisher":{"@id":"https:\/\/www.organisator.ch\/#organization"},"potentialAction":[{"@type":"SearchAction","target":{"@type":"EntryPoint","urlTemplate":"https:\/\/www.organisator.ch\/?s={search_term_string}"},"query-input":{"@type":"PropertyValueSpecification","valueRequired":true,"valueName":"search_term_string"}}],"inLanguage":"it-IT"},{"@type":"Organization","@id":"https:\/\/www.organisator.ch\/#organization","name":"Organizzatore","url":"https:\/\/www.organisator.ch\/","logo":{"@type":"ImageObject","inLanguage":"it-IT","@id":"https:\/\/www.organisator.ch\/#\/schema\/logo\/image\/","url":"https:\/\/www.organisator.ch\/wp-content\/uploads\/2022\/01\/Logo_Organisator_Website.png","contentUrl":"https:\/\/www.organisator.ch\/wp-content\/uploads\/2022\/01\/Logo_Organisator_Website.png","width":800,"height":77,"caption":"Organisator"},"image":{"@id":"https:\/\/www.organisator.ch\/#\/schema\/logo\/image\/"},"sameAs":["https:\/\/www.facebook.com\/OrganisatorFachmagazin","https:\/\/www.linkedin.com\/showcase\/organisator-das-magazin-fr-kmu","https:\/\/www.xing.com\/news\/pages\/organisator-ch-695","https:\/\/www.youtube.com\/channel\/UCGP2Sq0iWaZwT3BdIAQFYpw"]},{"@type":"Person","@id":"https:\/\/www.organisator.ch\/#\/schema\/person\/aa2bace6c5c5aad60102004a50c4eb1c","name":"amministratore","image":{"@type":"ImageObject","inLanguage":"it-IT","@id":"https:\/\/secure.gravatar.com\/avatar\/ae2f4d718e6c49043e314ce431e7e645d646302a24a5ef5a8bc8e3f5a032e319?s=96&d=mm&r=g","url":"https:\/\/secure.gravatar.com\/avatar\/ae2f4d718e6c49043e314ce431e7e645d646302a24a5ef5a8bc8e3f5a032e319?s=96&d=mm&r=g","contentUrl":"https:\/\/secure.gravatar.com\/avatar\/ae2f4d718e6c49043e314ce431e7e645d646302a24a5ef5a8bc8e3f5a032e319?s=96&d=mm&r=g","caption":"admin"},"sameAs":["https:\/\/www.organisator.ch"],"url":"https:\/\/www.organisator.ch\/it\/author\/admin\/"}]}},"_links":{"self":[{"href":"https:\/\/www.organisator.ch\/it\/wp-json\/wp\/v2\/posts\/9974","targetHints":{"allow":["GET"]}}],"collection":[{"href":"https:\/\/www.organisator.ch\/it\/wp-json\/wp\/v2\/posts"}],"about":[{"href":"https:\/\/www.organisator.ch\/it\/wp-json\/wp\/v2\/types\/post"}],"author":[{"embeddable":true,"href":"https:\/\/www.organisator.ch\/it\/wp-json\/wp\/v2\/users\/1"}],"replies":[{"embeddable":true,"href":"https:\/\/www.organisator.ch\/it\/wp-json\/wp\/v2\/comments?post=9974"}],"version-history":[{"count":1,"href":"https:\/\/www.organisator.ch\/it\/wp-json\/wp\/v2\/posts\/9974\/revisions"}],"predecessor-version":[{"id":10959,"href":"https:\/\/www.organisator.ch\/it\/wp-json\/wp\/v2\/posts\/9974\/revisions\/10959"}],"wp:featuredmedia":[{"embeddable":true,"href":"https:\/\/www.organisator.ch\/it\/wp-json\/wp\/v2\/media\/9429"}],"wp:attachment":[{"href":"https:\/\/www.organisator.ch\/it\/wp-json\/wp\/v2\/media?parent=9974"}],"wp:term":[{"taxonomy":"category","embeddable":true,"href":"https:\/\/www.organisator.ch\/it\/wp-json\/wp\/v2\/categories?post=9974"},{"taxonomy":"post_tag","embeddable":true,"href":"https:\/\/www.organisator.ch\/it\/wp-json\/wp\/v2\/tags?post=9974"}],"curies":[{"name":"wp","href":"https:\/\/api.w.org\/{rel}","templated":true}]}}