{"id":9977,"date":"2016-11-20T16:41:38","date_gmt":"2016-11-20T15:41:38","guid":{"rendered":"https:\/\/dev.umweltperspektiven.ch\/?p=586"},"modified":"2022-02-09T11:06:57","modified_gmt":"2022-02-09T10:06:57","slug":"klimakonferenz-in-marrakesh-langsame-fortschritte","status":"publish","type":"post","link":"https:\/\/www.organisator.ch\/it\/sustainability\/2016-11-20\/klimakonferenz-in-marrakesh-langsame-fortschritte\/","title":{"rendered":"Conferenza sul clima a Marrakesh: progressi lenti"},"content":{"rendered":"<figure id=\"attachment_587\" aria-describedby=\"caption-attachment-587\" style=\"width: 680px\" class=\"wp-caption alignnone\"><a href=\"\/\/dev.umweltperspektiven.ch\/wp-content\/uploads\/2016\/12\/Klimakonferenz-in-Marrakesh-Langsame-Fortschritte-umweltperspektiven.jpg\"><img loading=\"lazy\" decoding=\"async\" class=\"size-medium wp-image-587\" src=\"\/\/dev.umweltperspektiven.ch\/wp-content\/uploads\/2016\/12\/Klimakonferenz-in-Marrakesh-Langsame-Fortschritte-umweltperspektiven.jpg\" alt=\"La conferenza sul clima di Marrakech si \u00e8 conclusa. Ma le soluzioni hanno bisogno di pazienza.\" width=\"680\" height=\"455\" \/><\/a><figcaption id=\"caption-attachment-587\" class=\"wp-caption-text\">La conferenza sul clima di Marrakech si \u00e8 conclusa. Ma le soluzioni hanno bisogno di pazienza.<\/figcaption><\/figure>\n<p>Con l'accordo di Parigi del 2015, tutti gli stati sono obbligati per la prima volta a formulare obiettivi climatici. L'obiettivo \u00e8 quello di limitare il riscaldamento globale medio a ben meno di 2 gradi Celsius, con un aumento massimo della temperatura di 1,5 gradi. La convenzione \u00e8 entrata in vigore il 4 novembre 2016. Alla 22esima Conferenza delle Nazioni Unite sui cambiamenti climatici a Marrakech, che si \u00e8 conclusa il 19 novembre 2016, gli Stati hanno iniziato a discutere le modalit\u00e0 di attuazione dell'accordo.<\/p>\n<p><strong>Obiettivo: Specifiche uniformi<\/strong><\/p>\n<p>L'obiettivo dei negoziati a Marrakech era quello di iniziare la stesura di disposizioni uniformi e linee guida vincolanti - il cosiddetto \"Libro delle regole di Parigi\" - in particolare per la definizione di obiettivi climatici definiti a livello nazionale e il reporting. Questo ha lo scopo di rendere misurabili e verificabili in futuro i progressi dei singoli paesi e gli effetti sulla politica climatica globale.<\/p>\n<p>I negoziati hanno dimostrato che la strada verso un'intesa comune \u00e8 lunga. Il ritmo presentato \u00e8 stato lento, ma corrisponde alle differenze ancora esistenti e in parte fondamentali tra i paesi. I negoziati sono stati rallentati in particolare dagli sforzi di vari paesi in via di sviluppo per tornare allo status pre-Parigi e reintrodurre la rigida dicotomia tra paesi sviluppati e in via di sviluppo.<\/p>\n<p><strong>\"Libro delle regole di Parigi\" lanciato<\/strong><\/p>\n<p>Nonostante i ritardi, sono stati raggiunti successi parziali. I prossimi passi nei vari percorsi negoziali sono stati avviati: i sottogruppi si occuperanno di questioni specifiche in profondit\u00e0 e presenteranno proposte al Segretariato dell'UNFCCC. Sulla base di questi risultati, saranno tenuti workshop tecnici fino alla COP 23. L'obiettivo \u00e8 di concludere i negoziati sul libro delle regole di Parigi nel 2018.<\/p>\n<p>Singoli argomenti come la trasparenza e i meccanismi di mercato sono stati discussi in profondit\u00e0. Per quanto riguarda il finanziamento del clima, i paesi donatori hanno presentato la \"Roadmap\", che mira a fornire 100 miliardi di dollari all'anno a partire dal 2020 per sostenere la politica climatica nei paesi in via di sviluppo. USD all'anno per sostenere la politica climatica nei paesi in via di sviluppo. Con il \"Climate Action Day\", \u00e8 stata creata per la prima volta una piattaforma nel quadro della COP per rendere visibile il grande impegno degli attori non statali (citt\u00e0, regioni, aziende, ONG). Questo \u00e8 un impulso importante per la societ\u00e0 civile per una politica climatica ambiziosa. Dopo tutto, anche i fondi e le iniziative private sono necessari per raggiungere gli obiettivi di Parigi.<\/p>\n<p>La delegazione svizzera si \u00e8 concentrata sulle aree della formulazione degli obiettivi climatici, dei meccanismi di mercato e della trasparenza; ha anche condotto i negoziati sul finanziamento del clima, tra le altre cose. Alla COP 22, la consigliera federale Doris Leuthard ha annunciato il sostegno finanziario ai paesi in via di sviluppo per il reporting (1 milione di franchi) e il trasferimento di tecnologia (4 milioni di franchi). Entrambe le aree sono centrali per il progresso di una politica climatica ambiziosa.<\/p>\n<p><strong>Prima conferenza delle parti della Convenzione di Parigi<\/strong><\/p>\n<p>La prima Conferenza delle Parti dell'Accordo di Parigi (CMA) si \u00e8 aperta a Marrakech. Ha adottato il Proclama d'azione di Marrakesh e si \u00e8 accordato su come procedere. La Svizzera, che non ha ancora ratificato l'accordo, ha partecipato solo come osservatore, ma ha potuto comunque dare un contributo attivo. Il CMA si riunir\u00e0 di nuovo nel 2017 per fare il punto sull'attuazione dell'accordo di Parigi. Nel 2018, tutte le decisioni pertinenti su questo devono poi essere adottate in un unico pacchetto al CMA. Alla conferenza sul clima COP 23, che si terr\u00e0 a Bonn nel 2017 sotto la presidenza delle Figi, l'attenzione sar\u00e0 concentrata sull'ulteriore lavoro sul libro delle regole di Parigi.<\/p>\n<p><strong>Proclamazione di azione di Marrakech per il nostro clima e lo sviluppo sostenibile<\/strong><\/p>\n<p>Su invito del re del Marocco, i capi di stato e di governo hanno adottato il Proclama d'azione di Marrakech alla 22esima Conferenza sui cambiamenti climatici. In esso, sottolineano l'urgente necessit\u00e0 di agire di fronte al riscaldamento globale e sottolineano l'irreversibilit\u00e0 dello slancio internazionale nella lotta contro il cambiamento climatico. Nel loro appello, i ministri fanno riferimento all'accordo di Parigi sul clima, nonch\u00e9 all'Agenda 2030 e agli obiettivi di sviluppo sostenibile dell'ONU. In questo senso, il proclama richiede un'azione sulla riduzione della povert\u00e0, la sicurezza alimentare e attivit\u00e0 mirate per affrontare le sfide del cambiamento climatico in agricoltura.<\/p>\n<p>Inoltre, i paesi industrializzati confermano l'obiettivo di mobilitare 100 miliardi di dollari all'anno a partire dal 2020 per misure climatiche nei paesi in via di sviluppo. USD all'anno per le misure climatiche nei paesi in via di sviluppo. Chiedono agli attori non statali di partecipare agli ambiziosi obiettivi climatici e sottolineano le opportunit\u00e0 per le imprese che derivano da questo processo.<\/p>\n<p><em>Fonte: UFAM<\/em><\/p>","protected":false},"excerpt":{"rendered":"<p>Mit dem \u00dcbereinkommen von Paris von 2015 sind erstmals alle Staaten verpflichtet, Klimaziele zu formulieren. Ziel ist, die durchschnittliche globale Erw\u00e4rmung auf deutlich unter 2 Grad Celsius zu begrenzen, wobei ein maximaler Temperaturanstieg von 1,5 Grad angestrebt wird. Das \u00dcbereinkommen trat am 4. November 2016 in Kraft. An der am 19. November 2016 zu Ende [&hellip;]<\/p>\n","protected":false},"author":1,"featured_media":9433,"comment_status":"open","ping_status":"open","sticky":false,"template":"","format":"standard","meta":{"_acf_changed":false,"_yoast_wpseo_focuskw":"Klimakonferenz","_yoast_wpseo_metadesc":"In Marrakesch ist die 22. UNO-Klimakonferenz zu Ende gegangen. Schwerpunkt der Verhandlungen war die Umsetzung des \u00dcbereinkommens von Paris.","articlekey":"","footnotes":""},"categories":[580],"tags":[596,1508,1513,1664,1884],"class_list":["post-9977","post","type-post","status-publish","format-standard","has-post-thumbnail","hentry","category-sustainability","tag-klima","tag-klimabkommen","tag-klimakonferenz","tag-marrakesch","tag-paris"],"acf":[],"yoast_head":"<!-- This site is optimized with the Yoast SEO plugin v27.4 - https:\/\/yoast.com\/product\/yoast-seo-wordpress\/ -->\n<title>Klimakonferenz in Marrakesh: Langsame Fortschritte - Organisator<\/title>\n<meta name=\"description\" content=\"In Marrakesch ist die 22. UNO-Klimakonferenz zu Ende gegangen. Schwerpunkt der Verhandlungen war die Umsetzung des \u00dcbereinkommens von Paris.\" \/>\n<meta name=\"robots\" content=\"index, follow, max-snippet:-1, max-image-preview:large, max-video-preview:-1\" \/>\n<link rel=\"canonical\" href=\"https:\/\/www.organisator.ch\/it\/sostenibilita\/2016-11-20\/klimakonferenz-in-marrakesh-langsame-fortschritte\/\" \/>\n<meta property=\"og:locale\" content=\"it_IT\" \/>\n<meta property=\"og:type\" content=\"article\" \/>\n<meta property=\"og:title\" content=\"Klimakonferenz in Marrakesh: Langsame Fortschritte - Organisator\" \/>\n<meta property=\"og:description\" content=\"In Marrakesch ist die 22. UNO-Klimakonferenz zu Ende gegangen. Schwerpunkt der Verhandlungen war die Umsetzung des \u00dcbereinkommens von Paris.\" \/>\n<meta property=\"og:url\" content=\"https:\/\/www.organisator.ch\/it\/sostenibilita\/2016-11-20\/klimakonferenz-in-marrakesh-langsame-fortschritte\/\" \/>\n<meta property=\"og:site_name\" content=\"Organisator\" \/>\n<meta property=\"article:publisher\" content=\"https:\/\/www.facebook.com\/OrganisatorFachmagazin\" \/>\n<meta property=\"article:published_time\" content=\"2016-11-20T15:41:38+00:00\" \/>\n<meta property=\"article:modified_time\" content=\"2022-02-09T10:06:57+00:00\" \/>\n<meta property=\"og:image\" content=\"https:\/\/www.organisator.ch\/wp-content\/uploads\/2016\/12\/Klimakonferenz-in-Marrakesh-Langsame-Fortschritte-umweltperspektiven.jpg\" \/>\n\t<meta property=\"og:image:width\" content=\"1000\" \/>\n\t<meta property=\"og:image:height\" content=\"669\" \/>\n\t<meta property=\"og:image:type\" content=\"image\/jpeg\" \/>\n<meta name=\"author\" content=\"admin\" \/>\n<meta name=\"twitter:card\" content=\"summary_large_image\" \/>\n<script type=\"application\/ld+json\" class=\"yoast-schema-graph\">{\"@context\":\"https:\\\/\\\/schema.org\",\"@graph\":[{\"@type\":\"Article\",\"@id\":\"https:\\\/\\\/www.organisator.ch\\\/sustainability\\\/2016-11-20\\\/klimakonferenz-in-marrakesh-langsame-fortschritte\\\/#article\",\"isPartOf\":{\"@id\":\"https:\\\/\\\/www.organisator.ch\\\/sustainability\\\/2016-11-20\\\/klimakonferenz-in-marrakesh-langsame-fortschritte\\\/\"},\"author\":{\"name\":\"admin\",\"@id\":\"https:\\\/\\\/www.organisator.ch\\\/#\\\/schema\\\/person\\\/aa2bace6c5c5aad60102004a50c4eb1c\"},\"headline\":\"Klimakonferenz in Marrakesh: Langsame Fortschritte\",\"datePublished\":\"2016-11-20T15:41:38+00:00\",\"dateModified\":\"2022-02-09T10:06:57+00:00\",\"mainEntityOfPage\":{\"@id\":\"https:\\\/\\\/www.organisator.ch\\\/sustainability\\\/2016-11-20\\\/klimakonferenz-in-marrakesh-langsame-fortschritte\\\/\"},\"wordCount\":712,\"commentCount\":0,\"publisher\":{\"@id\":\"https:\\\/\\\/www.organisator.ch\\\/#organization\"},\"image\":{\"@id\":\"https:\\\/\\\/www.organisator.ch\\\/sustainability\\\/2016-11-20\\\/klimakonferenz-in-marrakesh-langsame-fortschritte\\\/#primaryimage\"},\"thumbnailUrl\":\"https:\\\/\\\/www.organisator.ch\\\/wp-content\\\/uploads\\\/2016\\\/12\\\/Klimakonferenz-in-Marrakesh-Langsame-Fortschritte-umweltperspektiven.jpg\",\"keywords\":[\"KLIMA\",\"Klimabkommen\",\"Klimakonferenz\",\"Marrakesch\",\"Paris\"],\"articleSection\":[\"SUSTAINABILITY\"],\"inLanguage\":\"it-IT\"},{\"@type\":\"WebPage\",\"@id\":\"https:\\\/\\\/www.organisator.ch\\\/sustainability\\\/2016-11-20\\\/klimakonferenz-in-marrakesh-langsame-fortschritte\\\/\",\"url\":\"https:\\\/\\\/www.organisator.ch\\\/sustainability\\\/2016-11-20\\\/klimakonferenz-in-marrakesh-langsame-fortschritte\\\/\",\"name\":\"Klimakonferenz in Marrakesh: Langsame Fortschritte - Organisator\",\"isPartOf\":{\"@id\":\"https:\\\/\\\/www.organisator.ch\\\/#website\"},\"primaryImageOfPage\":{\"@id\":\"https:\\\/\\\/www.organisator.ch\\\/sustainability\\\/2016-11-20\\\/klimakonferenz-in-marrakesh-langsame-fortschritte\\\/#primaryimage\"},\"image\":{\"@id\":\"https:\\\/\\\/www.organisator.ch\\\/sustainability\\\/2016-11-20\\\/klimakonferenz-in-marrakesh-langsame-fortschritte\\\/#primaryimage\"},\"thumbnailUrl\":\"https:\\\/\\\/www.organisator.ch\\\/wp-content\\\/uploads\\\/2016\\\/12\\\/Klimakonferenz-in-Marrakesh-Langsame-Fortschritte-umweltperspektiven.jpg\",\"datePublished\":\"2016-11-20T15:41:38+00:00\",\"dateModified\":\"2022-02-09T10:06:57+00:00\",\"description\":\"In Marrakesch ist die 22. UNO-Klimakonferenz zu Ende gegangen. Schwerpunkt der Verhandlungen war die Umsetzung des \u00dcbereinkommens von Paris.\",\"breadcrumb\":{\"@id\":\"https:\\\/\\\/www.organisator.ch\\\/sustainability\\\/2016-11-20\\\/klimakonferenz-in-marrakesh-langsame-fortschritte\\\/#breadcrumb\"},\"inLanguage\":\"it-IT\",\"potentialAction\":[{\"@type\":\"ReadAction\",\"target\":[\"https:\\\/\\\/www.organisator.ch\\\/sustainability\\\/2016-11-20\\\/klimakonferenz-in-marrakesh-langsame-fortschritte\\\/\"]}]},{\"@type\":\"ImageObject\",\"inLanguage\":\"it-IT\",\"@id\":\"https:\\\/\\\/www.organisator.ch\\\/sustainability\\\/2016-11-20\\\/klimakonferenz-in-marrakesh-langsame-fortschritte\\\/#primaryimage\",\"url\":\"https:\\\/\\\/www.organisator.ch\\\/wp-content\\\/uploads\\\/2016\\\/12\\\/Klimakonferenz-in-Marrakesh-Langsame-Fortschritte-umweltperspektiven.jpg\",\"contentUrl\":\"https:\\\/\\\/www.organisator.ch\\\/wp-content\\\/uploads\\\/2016\\\/12\\\/Klimakonferenz-in-Marrakesh-Langsame-Fortschritte-umweltperspektiven.jpg\",\"width\":1000,\"height\":669,\"caption\":\"Die Klimakonferenz in Marrakesch ist zu Ende gegangen. L\u00f6sungen brauchen aber Geduld.\"},{\"@type\":\"BreadcrumbList\",\"@id\":\"https:\\\/\\\/www.organisator.ch\\\/sustainability\\\/2016-11-20\\\/klimakonferenz-in-marrakesh-langsame-fortschritte\\\/#breadcrumb\",\"itemListElement\":[{\"@type\":\"ListItem\",\"position\":1,\"name\":\"Home\",\"item\":\"https:\\\/\\\/www.organisator.ch\\\/\"},{\"@type\":\"ListItem\",\"position\":2,\"name\":\"Klimakonferenz in Marrakesh: Langsame Fortschritte\"}]},{\"@type\":\"WebSite\",\"@id\":\"https:\\\/\\\/www.organisator.ch\\\/#website\",\"url\":\"https:\\\/\\\/www.organisator.ch\\\/\",\"name\":\"Organisator\",\"description\":\"Kompetent. Praxisnah. Der ORGANISATOR bereitet in 10 Ausgaben pro Jahr die wesentlichen Themen f\u00fcr F\u00fchrungskr\u00e4fte von KMU auf.\",\"publisher\":{\"@id\":\"https:\\\/\\\/www.organisator.ch\\\/#organization\"},\"potentialAction\":[{\"@type\":\"SearchAction\",\"target\":{\"@type\":\"EntryPoint\",\"urlTemplate\":\"https:\\\/\\\/www.organisator.ch\\\/?s={search_term_string}\"},\"query-input\":{\"@type\":\"PropertyValueSpecification\",\"valueRequired\":true,\"valueName\":\"search_term_string\"}}],\"inLanguage\":\"it-IT\"},{\"@type\":\"Organization\",\"@id\":\"https:\\\/\\\/www.organisator.ch\\\/#organization\",\"name\":\"Organisator\",\"url\":\"https:\\\/\\\/www.organisator.ch\\\/\",\"logo\":{\"@type\":\"ImageObject\",\"inLanguage\":\"it-IT\",\"@id\":\"https:\\\/\\\/www.organisator.ch\\\/#\\\/schema\\\/logo\\\/image\\\/\",\"url\":\"https:\\\/\\\/www.organisator.ch\\\/wp-content\\\/uploads\\\/2022\\\/01\\\/Logo_Organisator_Website.png\",\"contentUrl\":\"https:\\\/\\\/www.organisator.ch\\\/wp-content\\\/uploads\\\/2022\\\/01\\\/Logo_Organisator_Website.png\",\"width\":800,\"height\":77,\"caption\":\"Organisator\"},\"image\":{\"@id\":\"https:\\\/\\\/www.organisator.ch\\\/#\\\/schema\\\/logo\\\/image\\\/\"},\"sameAs\":[\"https:\\\/\\\/www.facebook.com\\\/OrganisatorFachmagazin\",\"https:\\\/\\\/www.linkedin.com\\\/showcase\\\/organisator-das-magazin-fr-kmu\",\"https:\\\/\\\/www.xing.com\\\/news\\\/pages\\\/organisator-ch-695\",\"https:\\\/\\\/www.youtube.com\\\/channel\\\/UCGP2Sq0iWaZwT3BdIAQFYpw\"]},{\"@type\":\"Person\",\"@id\":\"https:\\\/\\\/www.organisator.ch\\\/#\\\/schema\\\/person\\\/aa2bace6c5c5aad60102004a50c4eb1c\",\"name\":\"admin\",\"image\":{\"@type\":\"ImageObject\",\"inLanguage\":\"it-IT\",\"@id\":\"https:\\\/\\\/secure.gravatar.com\\\/avatar\\\/ae2f4d718e6c49043e314ce431e7e645d646302a24a5ef5a8bc8e3f5a032e319?s=96&d=mm&r=g\",\"url\":\"https:\\\/\\\/secure.gravatar.com\\\/avatar\\\/ae2f4d718e6c49043e314ce431e7e645d646302a24a5ef5a8bc8e3f5a032e319?s=96&d=mm&r=g\",\"contentUrl\":\"https:\\\/\\\/secure.gravatar.com\\\/avatar\\\/ae2f4d718e6c49043e314ce431e7e645d646302a24a5ef5a8bc8e3f5a032e319?s=96&d=mm&r=g\",\"caption\":\"admin\"},\"sameAs\":[\"https:\\\/\\\/www.organisator.ch\"],\"url\":\"https:\\\/\\\/www.organisator.ch\\\/it\\\/author\\\/admin\\\/\"}]}<\/script>\n<!-- \/ Yoast SEO plugin. -->","yoast_head_json":{"title":"Conferenza sul clima a Marrakech: progressi lenti - Organizzatore","description":"Si \u00e8 conclusa a Marrakech la 22a Conferenza delle Nazioni Unite sui cambiamenti climatici. I negoziati si sono concentrati sull'attuazione dell'Accordo di Parigi.","robots":{"index":"index","follow":"follow","max-snippet":"max-snippet:-1","max-image-preview":"max-image-preview:large","max-video-preview":"max-video-preview:-1"},"canonical":"https:\/\/www.organisator.ch\/it\/sostenibilita\/2016-11-20\/klimakonferenz-in-marrakesh-langsame-fortschritte\/","og_locale":"it_IT","og_type":"article","og_title":"Klimakonferenz in Marrakesh: Langsame Fortschritte - Organisator","og_description":"In Marrakesch ist die 22. UNO-Klimakonferenz zu Ende gegangen. Schwerpunkt der Verhandlungen war die Umsetzung des \u00dcbereinkommens von Paris.","og_url":"https:\/\/www.organisator.ch\/it\/sostenibilita\/2016-11-20\/klimakonferenz-in-marrakesh-langsame-fortschritte\/","og_site_name":"Organisator","article_publisher":"https:\/\/www.facebook.com\/OrganisatorFachmagazin","article_published_time":"2016-11-20T15:41:38+00:00","article_modified_time":"2022-02-09T10:06:57+00:00","og_image":[{"width":1000,"height":669,"url":"https:\/\/www.organisator.ch\/wp-content\/uploads\/2016\/12\/Klimakonferenz-in-Marrakesh-Langsame-Fortschritte-umweltperspektiven.jpg","type":"image\/jpeg"}],"author":"admin","twitter_card":"summary_large_image","schema":{"@context":"https:\/\/schema.org","@graph":[{"@type":"Article","@id":"https:\/\/www.organisator.ch\/sustainability\/2016-11-20\/klimakonferenz-in-marrakesh-langsame-fortschritte\/#article","isPartOf":{"@id":"https:\/\/www.organisator.ch\/sustainability\/2016-11-20\/klimakonferenz-in-marrakesh-langsame-fortschritte\/"},"author":{"name":"admin","@id":"https:\/\/www.organisator.ch\/#\/schema\/person\/aa2bace6c5c5aad60102004a50c4eb1c"},"headline":"Klimakonferenz in Marrakesh: Langsame Fortschritte","datePublished":"2016-11-20T15:41:38+00:00","dateModified":"2022-02-09T10:06:57+00:00","mainEntityOfPage":{"@id":"https:\/\/www.organisator.ch\/sustainability\/2016-11-20\/klimakonferenz-in-marrakesh-langsame-fortschritte\/"},"wordCount":712,"commentCount":0,"publisher":{"@id":"https:\/\/www.organisator.ch\/#organization"},"image":{"@id":"https:\/\/www.organisator.ch\/sustainability\/2016-11-20\/klimakonferenz-in-marrakesh-langsame-fortschritte\/#primaryimage"},"thumbnailUrl":"https:\/\/www.organisator.ch\/wp-content\/uploads\/2016\/12\/Klimakonferenz-in-Marrakesh-Langsame-Fortschritte-umweltperspektiven.jpg","keywords":["KLIMA","Klimabkommen","Klimakonferenz","Marrakesch","Paris"],"articleSection":["SUSTAINABILITY"],"inLanguage":"it-IT"},{"@type":"WebPage","@id":"https:\/\/www.organisator.ch\/sustainability\/2016-11-20\/klimakonferenz-in-marrakesh-langsame-fortschritte\/","url":"https:\/\/www.organisator.ch\/sustainability\/2016-11-20\/klimakonferenz-in-marrakesh-langsame-fortschritte\/","name":"Conferenza sul clima a Marrakech: progressi lenti - Organizzatore","isPartOf":{"@id":"https:\/\/www.organisator.ch\/#website"},"primaryImageOfPage":{"@id":"https:\/\/www.organisator.ch\/sustainability\/2016-11-20\/klimakonferenz-in-marrakesh-langsame-fortschritte\/#primaryimage"},"image":{"@id":"https:\/\/www.organisator.ch\/sustainability\/2016-11-20\/klimakonferenz-in-marrakesh-langsame-fortschritte\/#primaryimage"},"thumbnailUrl":"https:\/\/www.organisator.ch\/wp-content\/uploads\/2016\/12\/Klimakonferenz-in-Marrakesh-Langsame-Fortschritte-umweltperspektiven.jpg","datePublished":"2016-11-20T15:41:38+00:00","dateModified":"2022-02-09T10:06:57+00:00","description":"Si \u00e8 conclusa a Marrakech la 22a Conferenza delle Nazioni Unite sui cambiamenti climatici. I negoziati si sono concentrati sull'attuazione dell'Accordo di Parigi.","breadcrumb":{"@id":"https:\/\/www.organisator.ch\/sustainability\/2016-11-20\/klimakonferenz-in-marrakesh-langsame-fortschritte\/#breadcrumb"},"inLanguage":"it-IT","potentialAction":[{"@type":"ReadAction","target":["https:\/\/www.organisator.ch\/sustainability\/2016-11-20\/klimakonferenz-in-marrakesh-langsame-fortschritte\/"]}]},{"@type":"ImageObject","inLanguage":"it-IT","@id":"https:\/\/www.organisator.ch\/sustainability\/2016-11-20\/klimakonferenz-in-marrakesh-langsame-fortschritte\/#primaryimage","url":"https:\/\/www.organisator.ch\/wp-content\/uploads\/2016\/12\/Klimakonferenz-in-Marrakesh-Langsame-Fortschritte-umweltperspektiven.jpg","contentUrl":"https:\/\/www.organisator.ch\/wp-content\/uploads\/2016\/12\/Klimakonferenz-in-Marrakesh-Langsame-Fortschritte-umweltperspektiven.jpg","width":1000,"height":669,"caption":"Die Klimakonferenz in Marrakesch ist zu Ende gegangen. L\u00f6sungen brauchen aber Geduld."},{"@type":"BreadcrumbList","@id":"https:\/\/www.organisator.ch\/sustainability\/2016-11-20\/klimakonferenz-in-marrakesh-langsame-fortschritte\/#breadcrumb","itemListElement":[{"@type":"ListItem","position":1,"name":"Home","item":"https:\/\/www.organisator.ch\/"},{"@type":"ListItem","position":2,"name":"Klimakonferenz in Marrakesh: Langsame Fortschritte"}]},{"@type":"WebSite","@id":"https:\/\/www.organisator.ch\/#website","url":"https:\/\/www.organisator.ch\/","name":"Organizzatore","description":"Competente. Pratico. In 10 numeri all'anno, ORGANISATOR presenta i temi essenziali per i manager delle PMI.","publisher":{"@id":"https:\/\/www.organisator.ch\/#organization"},"potentialAction":[{"@type":"SearchAction","target":{"@type":"EntryPoint","urlTemplate":"https:\/\/www.organisator.ch\/?s={search_term_string}"},"query-input":{"@type":"PropertyValueSpecification","valueRequired":true,"valueName":"search_term_string"}}],"inLanguage":"it-IT"},{"@type":"Organization","@id":"https:\/\/www.organisator.ch\/#organization","name":"Organizzatore","url":"https:\/\/www.organisator.ch\/","logo":{"@type":"ImageObject","inLanguage":"it-IT","@id":"https:\/\/www.organisator.ch\/#\/schema\/logo\/image\/","url":"https:\/\/www.organisator.ch\/wp-content\/uploads\/2022\/01\/Logo_Organisator_Website.png","contentUrl":"https:\/\/www.organisator.ch\/wp-content\/uploads\/2022\/01\/Logo_Organisator_Website.png","width":800,"height":77,"caption":"Organisator"},"image":{"@id":"https:\/\/www.organisator.ch\/#\/schema\/logo\/image\/"},"sameAs":["https:\/\/www.facebook.com\/OrganisatorFachmagazin","https:\/\/www.linkedin.com\/showcase\/organisator-das-magazin-fr-kmu","https:\/\/www.xing.com\/news\/pages\/organisator-ch-695","https:\/\/www.youtube.com\/channel\/UCGP2Sq0iWaZwT3BdIAQFYpw"]},{"@type":"Person","@id":"https:\/\/www.organisator.ch\/#\/schema\/person\/aa2bace6c5c5aad60102004a50c4eb1c","name":"amministratore","image":{"@type":"ImageObject","inLanguage":"it-IT","@id":"https:\/\/secure.gravatar.com\/avatar\/ae2f4d718e6c49043e314ce431e7e645d646302a24a5ef5a8bc8e3f5a032e319?s=96&d=mm&r=g","url":"https:\/\/secure.gravatar.com\/avatar\/ae2f4d718e6c49043e314ce431e7e645d646302a24a5ef5a8bc8e3f5a032e319?s=96&d=mm&r=g","contentUrl":"https:\/\/secure.gravatar.com\/avatar\/ae2f4d718e6c49043e314ce431e7e645d646302a24a5ef5a8bc8e3f5a032e319?s=96&d=mm&r=g","caption":"admin"},"sameAs":["https:\/\/www.organisator.ch"],"url":"https:\/\/www.organisator.ch\/it\/author\/admin\/"}]}},"_links":{"self":[{"href":"https:\/\/www.organisator.ch\/it\/wp-json\/wp\/v2\/posts\/9977","targetHints":{"allow":["GET"]}}],"collection":[{"href":"https:\/\/www.organisator.ch\/it\/wp-json\/wp\/v2\/posts"}],"about":[{"href":"https:\/\/www.organisator.ch\/it\/wp-json\/wp\/v2\/types\/post"}],"author":[{"embeddable":true,"href":"https:\/\/www.organisator.ch\/it\/wp-json\/wp\/v2\/users\/1"}],"replies":[{"embeddable":true,"href":"https:\/\/www.organisator.ch\/it\/wp-json\/wp\/v2\/comments?post=9977"}],"version-history":[{"count":1,"href":"https:\/\/www.organisator.ch\/it\/wp-json\/wp\/v2\/posts\/9977\/revisions"}],"predecessor-version":[{"id":10743,"href":"https:\/\/www.organisator.ch\/it\/wp-json\/wp\/v2\/posts\/9977\/revisions\/10743"}],"wp:featuredmedia":[{"embeddable":true,"href":"https:\/\/www.organisator.ch\/it\/wp-json\/wp\/v2\/media\/9433"}],"wp:attachment":[{"href":"https:\/\/www.organisator.ch\/it\/wp-json\/wp\/v2\/media?parent=9977"}],"wp:term":[{"taxonomy":"category","embeddable":true,"href":"https:\/\/www.organisator.ch\/it\/wp-json\/wp\/v2\/categories?post=9977"},{"taxonomy":"post_tag","embeddable":true,"href":"https:\/\/www.organisator.ch\/it\/wp-json\/wp\/v2\/tags?post=9977"}],"curies":[{"name":"wp","href":"https:\/\/api.w.org\/{rel}","templated":true}]}}