{"id":9982,"date":"2016-12-05T16:50:35","date_gmt":"2016-12-05T15:50:35","guid":{"rendered":"https:\/\/dev.umweltperspektiven.ch\/?p=607"},"modified":"2022-02-09T11:06:22","modified_gmt":"2022-02-09T10:06:22","slug":"erste-abschlussklasse-energie-und-effizienzberater-diplomiert","status":"publish","type":"post","link":"https:\/\/www.organisator.ch\/it\/sustainability\/2016-12-05\/erste-abschlussklasse-energie-und-effizienzberater-diplomiert\/","title":{"rendered":"Si laurea la prima classe di consulenti per l'energia e l'efficienza"},"content":{"rendered":"<figure id=\"attachment_608\" aria-describedby=\"caption-attachment-608\" style=\"width: 680px\" class=\"wp-caption alignnone\"><a href=\"\/\/dev.umweltperspektiven.ch\/wp-content\/uploads\/2016\/12\/Erste-Abschlussklasse-Energie-und-Effizienzberater-diplomiert-umweltperspektiven.jpg\"><img loading=\"lazy\" decoding=\"async\" class=\"size-medium wp-image-608\" src=\"\/\/dev.umweltperspektiven.ch\/wp-content\/uploads\/2016\/12\/Erste-Abschlussklasse-Energie-und-Effizienzberater-diplomiert-umweltperspektiven.jpg\" alt=\"Questi sono i primi otto studenti diplomati del nuovo corso VSE. (Immagine: obs\/VSE \/ AES\/Hans-Peter Thoma)\" width=\"680\" height=\"453\" \/><\/a><figcaption id=\"caption-attachment-608\" class=\"wp-caption-text\">Questi sono i primi otto studenti diplomati del nuovo corso VSE. (Immagine: obs\/VSE \/ AES\/Hans-Peter Thoma)<\/figcaption><\/figure>\n<p>Andreas K\u00fcng, Dominique Urech, Erich Schwegler, Franziska Hirschle, Hanspeter Gisler, J\u00fcrg Blattner, Markus Schelbert e Patrick Weber sono i primi diplomati del nuovo corso VSE per consulenti di energia ed efficienza certificati a livello federale. Essi devono svolgere un ruolo di primo piano nell'attuazione pratica della strategia energetica 2050.<\/p>\n<p><strong>Generalisti per la transizione energetica<\/strong><\/p>\n<p>Le energie rinnovabili - come l'acqua, il sole e il vento - plasmeranno il futuro. E l'uso attento dell'energia, cio\u00e8 l'efficienza energetica, sta diventando sempre pi\u00f9 importante per le aziende. Questo \u00e8 il motivo per cui il VSE ha sviluppato la formazione EEB (Energy and Efficiency Consultant).<\/p>\n<p>EEB offre una consulenza professionale completa in entrambe le aree. Sanno anche dove e come le energie rinnovabili possono essere utilizzate in modo ideale. Questa professione esigente combina i campi della societ\u00e0, dell'economia, della tecnologia e dell'ecologia. Nella ristrutturazione in corso del sistema energetico, questi consulenti agiscono quindi anche come una preziosa interfaccia. In termini di qualifiche, gli EEB sono generalisti che hanno gi\u00e0 superato un esame professionale (o una qualifica equivalente). La formazione \u00e8 rivolta a professionisti impegnati che sono consapevoli delle opportunit\u00e0 della transizione energetica e vogliono affrontarle.<\/p>\n<p>Ci sono ancora alcuni posti disponibili per il prossimo corso nella primavera 2017. Inizio: 28 aprile 2017. Gli interessati possono ancora iscriversi fino alla fine di dicembre 2016. Informazioni e registrazione <a href=\"http:\/\/www.strom.ch\/de\/bildung\/berufsbildung\/hoehere-berufsbildung\/energie-und-effizienzberater.html\" target=\"_blank\" rel=\"noreferrer noopener\" data-cke-saved-href=\"\/\/www.strom.ch\/de\/bildung\/berufsbildung\/hoehere-berufsbildung\/energie-und-effizienzberater.html\">sul sito web VSE<\/a>.<\/p>","protected":false},"excerpt":{"rendered":"<p>Andreas K\u00fcng, Dominique Urech, Erich Schwegler, Franziska Hirschle, Hanspeter Gisler, J\u00fcrg Blattner, Markus Schelbert und\u00a0Patrick Weber heissen die ersten Absolventen des neuen VSE-Lehrgangs zum\u00a0eidgen\u00f6ssisch diplomierten Energie- und Effizienzberater abgeschlossen. Sie sollen bei der praktischen Umsetung\u00a0der Energiestrategie 2050 eine tragende Rolle spielen. Generalisten f\u00fcr die Energiewende Erneuerbare Energien &#8211; wie Wasser, Sonne und Wind &#8211; werden [&hellip;]<\/p>\n","protected":false},"author":1,"featured_media":9437,"comment_status":"open","ping_status":"open","sticky":false,"template":"","format":"standard","meta":{"_acf_changed":false,"_yoast_wpseo_focuskw":"Effizienzberater","_yoast_wpseo_metadesc":"Sieben Absolventen und eine Absolventin haben als erstes die neue Ausbildung zum eidgen\u00f6ssisch diplomierten Energie- und Effizienzberater abgeschlossen.","articlekey":"","footnotes":""},"categories":[580],"tags":[584,1066,1618,2491],"class_list":["post-9982","post","type-post","status-publish","format-standard","has-post-thumbnail","hentry","category-sustainability","tag-energie","tag-energieeffizienz","tag-lehrgang","tag-vse"],"acf":[],"yoast_head":"<!-- This site is optimized with the Yoast SEO plugin v27.5 - https:\/\/yoast.com\/product\/yoast-seo-wordpress\/ -->\n<title>Erste Abschlussklasse Energie- und Effizienzberater diplomiert - Organisator<\/title>\n<meta name=\"description\" content=\"Sieben Absolventen und eine Absolventin haben als erstes die neue Ausbildung zum eidgen\u00f6ssisch diplomierten Energie- und Effizienzberater abgeschlossen.\" \/>\n<meta name=\"robots\" content=\"index, follow, max-snippet:-1, max-image-preview:large, max-video-preview:-1\" \/>\n<link rel=\"canonical\" href=\"https:\/\/www.organisator.ch\/it\/sostenibilita\/2016-12-05\/erste-abschlussklasse-energie-und-effizienzberater-diplomiert\/\" \/>\n<meta property=\"og:locale\" content=\"it_IT\" \/>\n<meta property=\"og:type\" content=\"article\" \/>\n<meta property=\"og:title\" content=\"Erste Abschlussklasse Energie- und Effizienzberater diplomiert - Organisator\" \/>\n<meta property=\"og:description\" content=\"Sieben Absolventen und eine Absolventin haben als erstes die neue Ausbildung zum eidgen\u00f6ssisch diplomierten Energie- und Effizienzberater abgeschlossen.\" \/>\n<meta property=\"og:url\" content=\"https:\/\/www.organisator.ch\/it\/sostenibilita\/2016-12-05\/erste-abschlussklasse-energie-und-effizienzberater-diplomiert\/\" \/>\n<meta property=\"og:site_name\" content=\"Organisator\" \/>\n<meta property=\"article:publisher\" content=\"https:\/\/www.facebook.com\/OrganisatorFachmagazin\" \/>\n<meta property=\"article:published_time\" content=\"2016-12-05T15:50:35+00:00\" \/>\n<meta property=\"article:modified_time\" content=\"2022-02-09T10:06:22+00:00\" \/>\n<meta property=\"og:image\" content=\"https:\/\/www.organisator.ch\/wp-content\/uploads\/2016\/12\/Erste-Abschlussklasse-Energie-und-Effizienzberater-diplomiert-umweltperspektiven-scaled.jpg\" \/>\n\t<meta property=\"og:image:width\" content=\"2560\" \/>\n\t<meta property=\"og:image:height\" content=\"1707\" \/>\n\t<meta property=\"og:image:type\" content=\"image\/jpeg\" \/>\n<meta name=\"author\" content=\"admin\" \/>\n<meta name=\"twitter:card\" content=\"summary_large_image\" \/>\n<script type=\"application\/ld+json\" class=\"yoast-schema-graph\">{\"@context\":\"https:\\\/\\\/schema.org\",\"@graph\":[{\"@type\":\"Article\",\"@id\":\"https:\\\/\\\/www.organisator.ch\\\/sustainability\\\/2016-12-05\\\/erste-abschlussklasse-energie-und-effizienzberater-diplomiert\\\/#article\",\"isPartOf\":{\"@id\":\"https:\\\/\\\/www.organisator.ch\\\/sustainability\\\/2016-12-05\\\/erste-abschlussklasse-energie-und-effizienzberater-diplomiert\\\/\"},\"author\":{\"name\":\"admin\",\"@id\":\"https:\\\/\\\/www.organisator.ch\\\/#\\\/schema\\\/person\\\/aa2bace6c5c5aad60102004a50c4eb1c\"},\"headline\":\"Erste Abschlussklasse Energie- und Effizienzberater diplomiert\",\"datePublished\":\"2016-12-05T15:50:35+00:00\",\"dateModified\":\"2022-02-09T10:06:22+00:00\",\"mainEntityOfPage\":{\"@id\":\"https:\\\/\\\/www.organisator.ch\\\/sustainability\\\/2016-12-05\\\/erste-abschlussklasse-energie-und-effizienzberater-diplomiert\\\/\"},\"wordCount\":229,\"commentCount\":0,\"publisher\":{\"@id\":\"https:\\\/\\\/www.organisator.ch\\\/#organization\"},\"image\":{\"@id\":\"https:\\\/\\\/www.organisator.ch\\\/sustainability\\\/2016-12-05\\\/erste-abschlussklasse-energie-und-effizienzberater-diplomiert\\\/#primaryimage\"},\"thumbnailUrl\":\"https:\\\/\\\/www.organisator.ch\\\/wp-content\\\/uploads\\\/2016\\\/12\\\/Erste-Abschlussklasse-Energie-und-Effizienzberater-diplomiert-umweltperspektiven-scaled.jpg\",\"keywords\":[\"ENERGIE\",\"Energieeffizienz\",\"Lehrgang\",\"VSE\"],\"articleSection\":[\"SUSTAINABILITY\"],\"inLanguage\":\"it-IT\"},{\"@type\":\"WebPage\",\"@id\":\"https:\\\/\\\/www.organisator.ch\\\/sustainability\\\/2016-12-05\\\/erste-abschlussklasse-energie-und-effizienzberater-diplomiert\\\/\",\"url\":\"https:\\\/\\\/www.organisator.ch\\\/sustainability\\\/2016-12-05\\\/erste-abschlussklasse-energie-und-effizienzberater-diplomiert\\\/\",\"name\":\"Erste Abschlussklasse Energie- und Effizienzberater diplomiert - Organisator\",\"isPartOf\":{\"@id\":\"https:\\\/\\\/www.organisator.ch\\\/#website\"},\"primaryImageOfPage\":{\"@id\":\"https:\\\/\\\/www.organisator.ch\\\/sustainability\\\/2016-12-05\\\/erste-abschlussklasse-energie-und-effizienzberater-diplomiert\\\/#primaryimage\"},\"image\":{\"@id\":\"https:\\\/\\\/www.organisator.ch\\\/sustainability\\\/2016-12-05\\\/erste-abschlussklasse-energie-und-effizienzberater-diplomiert\\\/#primaryimage\"},\"thumbnailUrl\":\"https:\\\/\\\/www.organisator.ch\\\/wp-content\\\/uploads\\\/2016\\\/12\\\/Erste-Abschlussklasse-Energie-und-Effizienzberater-diplomiert-umweltperspektiven-scaled.jpg\",\"datePublished\":\"2016-12-05T15:50:35+00:00\",\"dateModified\":\"2022-02-09T10:06:22+00:00\",\"description\":\"Sieben Absolventen und eine Absolventin haben als erstes die neue Ausbildung zum eidgen\u00f6ssisch diplomierten Energie- und Effizienzberater abgeschlossen.\",\"breadcrumb\":{\"@id\":\"https:\\\/\\\/www.organisator.ch\\\/sustainability\\\/2016-12-05\\\/erste-abschlussklasse-energie-und-effizienzberater-diplomiert\\\/#breadcrumb\"},\"inLanguage\":\"it-IT\",\"potentialAction\":[{\"@type\":\"ReadAction\",\"target\":[\"https:\\\/\\\/www.organisator.ch\\\/sustainability\\\/2016-12-05\\\/erste-abschlussklasse-energie-und-effizienzberater-diplomiert\\\/\"]}]},{\"@type\":\"ImageObject\",\"inLanguage\":\"it-IT\",\"@id\":\"https:\\\/\\\/www.organisator.ch\\\/sustainability\\\/2016-12-05\\\/erste-abschlussklasse-energie-und-effizienzberater-diplomiert\\\/#primaryimage\",\"url\":\"https:\\\/\\\/www.organisator.ch\\\/wp-content\\\/uploads\\\/2016\\\/12\\\/Erste-Abschlussklasse-Energie-und-Effizienzberater-diplomiert-umweltperspektiven-scaled.jpg\",\"contentUrl\":\"https:\\\/\\\/www.organisator.ch\\\/wp-content\\\/uploads\\\/2016\\\/12\\\/Erste-Abschlussklasse-Energie-und-Effizienzberater-diplomiert-umweltperspektiven-scaled.jpg\",\"width\":2560,\"height\":1707,\"caption\":\"Dies sind die ersten acht Diplomanden des neuen VSE-Lehrgangs. (Bild: obs\\\/VSE \\\/ AES\\\/Hans-Peter Thoma)\"},{\"@type\":\"BreadcrumbList\",\"@id\":\"https:\\\/\\\/www.organisator.ch\\\/sustainability\\\/2016-12-05\\\/erste-abschlussklasse-energie-und-effizienzberater-diplomiert\\\/#breadcrumb\",\"itemListElement\":[{\"@type\":\"ListItem\",\"position\":1,\"name\":\"Home\",\"item\":\"https:\\\/\\\/www.organisator.ch\\\/\"},{\"@type\":\"ListItem\",\"position\":2,\"name\":\"Erste Abschlussklasse Energie- und Effizienzberater diplomiert\"}]},{\"@type\":\"WebSite\",\"@id\":\"https:\\\/\\\/www.organisator.ch\\\/#website\",\"url\":\"https:\\\/\\\/www.organisator.ch\\\/\",\"name\":\"Organisator\",\"description\":\"Kompetent. Praxisnah. Der ORGANISATOR bereitet in 10 Ausgaben pro Jahr die wesentlichen Themen f\u00fcr F\u00fchrungskr\u00e4fte von KMU auf.\",\"publisher\":{\"@id\":\"https:\\\/\\\/www.organisator.ch\\\/#organization\"},\"potentialAction\":[{\"@type\":\"SearchAction\",\"target\":{\"@type\":\"EntryPoint\",\"urlTemplate\":\"https:\\\/\\\/www.organisator.ch\\\/?s={search_term_string}\"},\"query-input\":{\"@type\":\"PropertyValueSpecification\",\"valueRequired\":true,\"valueName\":\"search_term_string\"}}],\"inLanguage\":\"it-IT\"},{\"@type\":\"Organization\",\"@id\":\"https:\\\/\\\/www.organisator.ch\\\/#organization\",\"name\":\"Organisator\",\"url\":\"https:\\\/\\\/www.organisator.ch\\\/\",\"logo\":{\"@type\":\"ImageObject\",\"inLanguage\":\"it-IT\",\"@id\":\"https:\\\/\\\/www.organisator.ch\\\/#\\\/schema\\\/logo\\\/image\\\/\",\"url\":\"https:\\\/\\\/www.organisator.ch\\\/wp-content\\\/uploads\\\/2022\\\/01\\\/Logo_Organisator_Website.png\",\"contentUrl\":\"https:\\\/\\\/www.organisator.ch\\\/wp-content\\\/uploads\\\/2022\\\/01\\\/Logo_Organisator_Website.png\",\"width\":800,\"height\":77,\"caption\":\"Organisator\"},\"image\":{\"@id\":\"https:\\\/\\\/www.organisator.ch\\\/#\\\/schema\\\/logo\\\/image\\\/\"},\"sameAs\":[\"https:\\\/\\\/www.facebook.com\\\/OrganisatorFachmagazin\",\"https:\\\/\\\/www.linkedin.com\\\/showcase\\\/organisator-das-magazin-fr-kmu\",\"https:\\\/\\\/www.xing.com\\\/news\\\/pages\\\/organisator-ch-695\",\"https:\\\/\\\/www.youtube.com\\\/channel\\\/UCGP2Sq0iWaZwT3BdIAQFYpw\"]},{\"@type\":\"Person\",\"@id\":\"https:\\\/\\\/www.organisator.ch\\\/#\\\/schema\\\/person\\\/aa2bace6c5c5aad60102004a50c4eb1c\",\"name\":\"admin\",\"image\":{\"@type\":\"ImageObject\",\"inLanguage\":\"it-IT\",\"@id\":\"https:\\\/\\\/secure.gravatar.com\\\/avatar\\\/ae2f4d718e6c49043e314ce431e7e645d646302a24a5ef5a8bc8e3f5a032e319?s=96&d=mm&r=g\",\"url\":\"https:\\\/\\\/secure.gravatar.com\\\/avatar\\\/ae2f4d718e6c49043e314ce431e7e645d646302a24a5ef5a8bc8e3f5a032e319?s=96&d=mm&r=g\",\"contentUrl\":\"https:\\\/\\\/secure.gravatar.com\\\/avatar\\\/ae2f4d718e6c49043e314ce431e7e645d646302a24a5ef5a8bc8e3f5a032e319?s=96&d=mm&r=g\",\"caption\":\"admin\"},\"sameAs\":[\"https:\\\/\\\/www.organisator.ch\"],\"url\":\"https:\\\/\\\/www.organisator.ch\\\/it\\\/author\\\/admin\\\/\"}]}<\/script>\n<!-- \/ Yoast SEO plugin. -->","yoast_head_json":{"title":"Prima classe di laureati in consulenti per l'energia e l'efficienza - Organizzatore","description":"Sette laureati e una laureata sono stati i primi a completare la nuova formazione per diventare un consulente di energia ed efficienza certificato a livello federale.","robots":{"index":"index","follow":"follow","max-snippet":"max-snippet:-1","max-image-preview":"max-image-preview:large","max-video-preview":"max-video-preview:-1"},"canonical":"https:\/\/www.organisator.ch\/it\/sostenibilita\/2016-12-05\/erste-abschlussklasse-energie-und-effizienzberater-diplomiert\/","og_locale":"it_IT","og_type":"article","og_title":"Erste Abschlussklasse Energie- und Effizienzberater diplomiert - Organisator","og_description":"Sieben Absolventen und eine Absolventin haben als erstes die neue Ausbildung zum eidgen\u00f6ssisch diplomierten Energie- und Effizienzberater abgeschlossen.","og_url":"https:\/\/www.organisator.ch\/it\/sostenibilita\/2016-12-05\/erste-abschlussklasse-energie-und-effizienzberater-diplomiert\/","og_site_name":"Organisator","article_publisher":"https:\/\/www.facebook.com\/OrganisatorFachmagazin","article_published_time":"2016-12-05T15:50:35+00:00","article_modified_time":"2022-02-09T10:06:22+00:00","og_image":[{"width":2560,"height":1707,"url":"https:\/\/www.organisator.ch\/wp-content\/uploads\/2016\/12\/Erste-Abschlussklasse-Energie-und-Effizienzberater-diplomiert-umweltperspektiven-scaled.jpg","type":"image\/jpeg"}],"author":"admin","twitter_card":"summary_large_image","schema":{"@context":"https:\/\/schema.org","@graph":[{"@type":"Article","@id":"https:\/\/www.organisator.ch\/sustainability\/2016-12-05\/erste-abschlussklasse-energie-und-effizienzberater-diplomiert\/#article","isPartOf":{"@id":"https:\/\/www.organisator.ch\/sustainability\/2016-12-05\/erste-abschlussklasse-energie-und-effizienzberater-diplomiert\/"},"author":{"name":"admin","@id":"https:\/\/www.organisator.ch\/#\/schema\/person\/aa2bace6c5c5aad60102004a50c4eb1c"},"headline":"Erste Abschlussklasse Energie- und Effizienzberater diplomiert","datePublished":"2016-12-05T15:50:35+00:00","dateModified":"2022-02-09T10:06:22+00:00","mainEntityOfPage":{"@id":"https:\/\/www.organisator.ch\/sustainability\/2016-12-05\/erste-abschlussklasse-energie-und-effizienzberater-diplomiert\/"},"wordCount":229,"commentCount":0,"publisher":{"@id":"https:\/\/www.organisator.ch\/#organization"},"image":{"@id":"https:\/\/www.organisator.ch\/sustainability\/2016-12-05\/erste-abschlussklasse-energie-und-effizienzberater-diplomiert\/#primaryimage"},"thumbnailUrl":"https:\/\/www.organisator.ch\/wp-content\/uploads\/2016\/12\/Erste-Abschlussklasse-Energie-und-Effizienzberater-diplomiert-umweltperspektiven-scaled.jpg","keywords":["ENERGIE","Energieeffizienz","Lehrgang","VSE"],"articleSection":["SUSTAINABILITY"],"inLanguage":"it-IT"},{"@type":"WebPage","@id":"https:\/\/www.organisator.ch\/sustainability\/2016-12-05\/erste-abschlussklasse-energie-und-effizienzberater-diplomiert\/","url":"https:\/\/www.organisator.ch\/sustainability\/2016-12-05\/erste-abschlussklasse-energie-und-effizienzberater-diplomiert\/","name":"Prima classe di laureati in consulenti per l'energia e l'efficienza - Organizzatore","isPartOf":{"@id":"https:\/\/www.organisator.ch\/#website"},"primaryImageOfPage":{"@id":"https:\/\/www.organisator.ch\/sustainability\/2016-12-05\/erste-abschlussklasse-energie-und-effizienzberater-diplomiert\/#primaryimage"},"image":{"@id":"https:\/\/www.organisator.ch\/sustainability\/2016-12-05\/erste-abschlussklasse-energie-und-effizienzberater-diplomiert\/#primaryimage"},"thumbnailUrl":"https:\/\/www.organisator.ch\/wp-content\/uploads\/2016\/12\/Erste-Abschlussklasse-Energie-und-Effizienzberater-diplomiert-umweltperspektiven-scaled.jpg","datePublished":"2016-12-05T15:50:35+00:00","dateModified":"2022-02-09T10:06:22+00:00","description":"Sette laureati e una laureata sono stati i primi a completare la nuova formazione per diventare un consulente di energia ed efficienza certificato a livello federale.","breadcrumb":{"@id":"https:\/\/www.organisator.ch\/sustainability\/2016-12-05\/erste-abschlussklasse-energie-und-effizienzberater-diplomiert\/#breadcrumb"},"inLanguage":"it-IT","potentialAction":[{"@type":"ReadAction","target":["https:\/\/www.organisator.ch\/sustainability\/2016-12-05\/erste-abschlussklasse-energie-und-effizienzberater-diplomiert\/"]}]},{"@type":"ImageObject","inLanguage":"it-IT","@id":"https:\/\/www.organisator.ch\/sustainability\/2016-12-05\/erste-abschlussklasse-energie-und-effizienzberater-diplomiert\/#primaryimage","url":"https:\/\/www.organisator.ch\/wp-content\/uploads\/2016\/12\/Erste-Abschlussklasse-Energie-und-Effizienzberater-diplomiert-umweltperspektiven-scaled.jpg","contentUrl":"https:\/\/www.organisator.ch\/wp-content\/uploads\/2016\/12\/Erste-Abschlussklasse-Energie-und-Effizienzberater-diplomiert-umweltperspektiven-scaled.jpg","width":2560,"height":1707,"caption":"Dies sind die ersten acht Diplomanden des neuen VSE-Lehrgangs. (Bild: obs\/VSE \/ AES\/Hans-Peter Thoma)"},{"@type":"BreadcrumbList","@id":"https:\/\/www.organisator.ch\/sustainability\/2016-12-05\/erste-abschlussklasse-energie-und-effizienzberater-diplomiert\/#breadcrumb","itemListElement":[{"@type":"ListItem","position":1,"name":"Home","item":"https:\/\/www.organisator.ch\/"},{"@type":"ListItem","position":2,"name":"Erste Abschlussklasse Energie- und Effizienzberater diplomiert"}]},{"@type":"WebSite","@id":"https:\/\/www.organisator.ch\/#website","url":"https:\/\/www.organisator.ch\/","name":"Organizzatore","description":"Competente. Pratico. In 10 numeri all'anno, ORGANISATOR presenta i temi essenziali per i manager delle PMI.","publisher":{"@id":"https:\/\/www.organisator.ch\/#organization"},"potentialAction":[{"@type":"SearchAction","target":{"@type":"EntryPoint","urlTemplate":"https:\/\/www.organisator.ch\/?s={search_term_string}"},"query-input":{"@type":"PropertyValueSpecification","valueRequired":true,"valueName":"search_term_string"}}],"inLanguage":"it-IT"},{"@type":"Organization","@id":"https:\/\/www.organisator.ch\/#organization","name":"Organizzatore","url":"https:\/\/www.organisator.ch\/","logo":{"@type":"ImageObject","inLanguage":"it-IT","@id":"https:\/\/www.organisator.ch\/#\/schema\/logo\/image\/","url":"https:\/\/www.organisator.ch\/wp-content\/uploads\/2022\/01\/Logo_Organisator_Website.png","contentUrl":"https:\/\/www.organisator.ch\/wp-content\/uploads\/2022\/01\/Logo_Organisator_Website.png","width":800,"height":77,"caption":"Organisator"},"image":{"@id":"https:\/\/www.organisator.ch\/#\/schema\/logo\/image\/"},"sameAs":["https:\/\/www.facebook.com\/OrganisatorFachmagazin","https:\/\/www.linkedin.com\/showcase\/organisator-das-magazin-fr-kmu","https:\/\/www.xing.com\/news\/pages\/organisator-ch-695","https:\/\/www.youtube.com\/channel\/UCGP2Sq0iWaZwT3BdIAQFYpw"]},{"@type":"Person","@id":"https:\/\/www.organisator.ch\/#\/schema\/person\/aa2bace6c5c5aad60102004a50c4eb1c","name":"amministratore","image":{"@type":"ImageObject","inLanguage":"it-IT","@id":"https:\/\/secure.gravatar.com\/avatar\/ae2f4d718e6c49043e314ce431e7e645d646302a24a5ef5a8bc8e3f5a032e319?s=96&d=mm&r=g","url":"https:\/\/secure.gravatar.com\/avatar\/ae2f4d718e6c49043e314ce431e7e645d646302a24a5ef5a8bc8e3f5a032e319?s=96&d=mm&r=g","contentUrl":"https:\/\/secure.gravatar.com\/avatar\/ae2f4d718e6c49043e314ce431e7e645d646302a24a5ef5a8bc8e3f5a032e319?s=96&d=mm&r=g","caption":"admin"},"sameAs":["https:\/\/www.organisator.ch"],"url":"https:\/\/www.organisator.ch\/it\/author\/admin\/"}]}},"_links":{"self":[{"href":"https:\/\/www.organisator.ch\/it\/wp-json\/wp\/v2\/posts\/9982","targetHints":{"allow":["GET"]}}],"collection":[{"href":"https:\/\/www.organisator.ch\/it\/wp-json\/wp\/v2\/posts"}],"about":[{"href":"https:\/\/www.organisator.ch\/it\/wp-json\/wp\/v2\/types\/post"}],"author":[{"embeddable":true,"href":"https:\/\/www.organisator.ch\/it\/wp-json\/wp\/v2\/users\/1"}],"replies":[{"embeddable":true,"href":"https:\/\/www.organisator.ch\/it\/wp-json\/wp\/v2\/comments?post=9982"}],"version-history":[{"count":1,"href":"https:\/\/www.organisator.ch\/it\/wp-json\/wp\/v2\/posts\/9982\/revisions"}],"predecessor-version":[{"id":10602,"href":"https:\/\/www.organisator.ch\/it\/wp-json\/wp\/v2\/posts\/9982\/revisions\/10602"}],"wp:featuredmedia":[{"embeddable":true,"href":"https:\/\/www.organisator.ch\/it\/wp-json\/wp\/v2\/media\/9437"}],"wp:attachment":[{"href":"https:\/\/www.organisator.ch\/it\/wp-json\/wp\/v2\/media?parent=9982"}],"wp:term":[{"taxonomy":"category","embeddable":true,"href":"https:\/\/www.organisator.ch\/it\/wp-json\/wp\/v2\/categories?post=9982"},{"taxonomy":"post_tag","embeddable":true,"href":"https:\/\/www.organisator.ch\/it\/wp-json\/wp\/v2\/tags?post=9982"}],"curies":[{"name":"wp","href":"https:\/\/api.w.org\/{rel}","templated":true}]}}