{"id":9985,"date":"2017-02-02T10:57:32","date_gmt":"2017-02-02T09:57:32","guid":{"rendered":"https:\/\/www.umweltperspektiven.ch\/?p=703"},"modified":"2022-02-09T11:06:57","modified_gmt":"2022-02-09T10:06:57","slug":"e-bike-statt-autofahren","status":"publish","type":"post","link":"https:\/\/www.organisator.ch\/it\/sustainability\/2017-02-02\/e-bike-statt-autofahren\/","title":{"rendered":"E-bike invece di guidare un'auto"},"content":{"rendered":"<figure id=\"attachment_705\" aria-describedby=\"caption-attachment-705\" style=\"width: 680px\" class=\"wp-caption alignnone\"><img loading=\"lazy\" decoding=\"async\" class=\"size-medium wp-image-705\" src=\"\/\/www.umweltperspektiven.ch\/wp-content\/uploads\/2017\/02\/FactsTrends_6.jpg\" alt=\"\" width=\"680\" height=\"453\" \/><figcaption id=\"caption-attachment-705\" class=\"wp-caption-text\">Scambiare temporaneamente la tua auto per una e-bike ti incoraggia a ripensarci. (Immagine: myblueplanet)<\/figcaption><\/figure>\n<p><span style=\"font-size: 10.5pt; font-family: 'Arial','sans-serif';\">Da alcuni anni, gli automobilisti possono usufruire del \"<a href=\"\/\/www.myblueplanet.ch\/de\/aktion\/bike4car-2016\">Bike4Car<\/a>\"Il movimento per la protezione del clima myblueplanet, sostenuto dall'Ufficio federale dell'energia, vuole motivare le persone a provare un mezzo di trasporto alternativo. In questo modo, il movimento per la protezione del clima myblueplanet, sostenuto dall'Ufficio federale dell'energia, vuole motivare le persone a provare un mezzo di trasporto alternativo per sperimentare direttamente i suoi vantaggi. Ma incoraggia anche i partecipanti a cambiare il loro comportamento di mobilit\u00e0 a lungo termine? I ricercatori della ZHAW, insieme all'Universit\u00e0 di San Gallo, hanno intervistato i partecipanti dal 2015 e hanno scoperto che Bike4Car ha un effetto misurabile - anche un anno dopo la campagna.<\/span><\/p>\n<p><b><span style=\"font-size: 10.5pt; font-family: 'Arial','sans-serif';\">Pi\u00f9 della met\u00e0 guida meno oggi<br \/>\n<\/span><\/b><span style=\"font-size: 10.5pt; font-family: 'Arial','sans-serif';\">Secondo il sondaggio, la maggior parte dei collaudatori di e-bike si ricordano ancora bene di aver guidato una e-bike un anno dopo la campagna e hanno raccomandato alle persone del loro ambiente di provarla anche loro. Pi\u00f9 della met\u00e0 dei partecipanti al sondaggio dichiara anche di aver viaggiato pi\u00f9 spesso senza auto dopo la campagna. Inoltre, dopo aver provato una e-bike, i partecipanti associano le tipiche situazioni di mobilit\u00e0 quotidiana come il pendolarismo pi\u00f9 spesso con la e-bike che con l'auto - dopo un anno, questo effetto era ancora pi\u00f9 forte che subito dopo la fase di prova. \"Questa \u00e8 un'indicazione che provare una e-bike pu\u00f2 cambiare le abitudini di mobilit\u00e0\", spiega il leader dello studio Corinne Moser della ZHAW School of Engineering.<\/span><\/p>\n<p><b><span style=\"font-size: 10.5pt; font-family: 'Arial','sans-serif';\">La maggioranza vuole l'e-bike<br \/>\n<\/span><\/b><span style=\"font-size: 10.5pt; font-family: 'Arial','sans-serif';\">La maggioranza dei partecipanti al sondaggio vorrebbe comprare una e-bike o l'ha gi\u00e0 fatto. I test e le prove durante Bike4Car 2015 hanno giocato un ruolo importante secondo i partecipanti. Le ragioni importanti per la decisione di acquisto sono state il miglioramento della forma fisica e il fattore divertimento. Tuttavia, l'idea della protezione dell'ambiente era meno centrale. Per Corinne Moser, questo \u00e8 un risultato importante del sondaggio: \"Sembra che sia pi\u00f9 facile motivare qualcuno a usare una e-bike attraverso il tema della salute o del divertimento che attraverso il tema dell'ambiente. Questo colpisce pi\u00f9 direttamente le persone\".<\/span><\/p>\n<p><b><span style=\"font-size: 10.5pt; font-family: 'Arial','sans-serif';\">I partecipanti sono stati intervistati tre volte<br \/>\n<\/span><\/b><span style=\"font-size: 10.5pt; font-family: 'Arial','sans-serif';\">Il sondaggio \u00e8 stato condotto in tre fasi. Prima alla registrazione e direttamente dopo l'azione nel 2015 e poi un anno dopo (questionari completati 1a indagine: 405, 2a indagine: 218, 3a indagine: 300). L'indagine \u00e8 stata condotta nell'ambito del programma nazionale di ricerca del Fondo Nazionale Svizzero (FNS) \"Controlling Energy Consumption\" (PNR 71) - in collaborazione con il centro di competenza energia SCCER CREST, finanziato dalla Commissione per la tecnologia e l'innovazione CTI, e il movimento per la protezione del clima myblueplanet. Oltre alla ZHAW, l'Universit\u00e0 di San Gallo era anche un partner di ricerca. In tutta la Svizzera, 1854 persone hanno partecipato alla campagna Bike4Car nel 2015.<\/span><\/p>\n<p>Fonte: ZHAW<\/p>","protected":false},"excerpt":{"rendered":"<p>Seit einigen Jahren k\u00f6nnen Autofahrerinnen und Autofahrer im Rahmen der Aktion \u00abBike4Car\u00bb ihren Schl\u00fcssel abgeben, um w\u00e4hrend zwei Wochen kostenlos ein Elektrovelo auszuprobieren. Damit will die Klimaschutzbewegung myblueplanet, unterst\u00fctzt vom Bundesamt f\u00fcr Energie, dazu motivieren, ein alternatives Verkehrsmittel auszuprobieren, um so dessen Vorteile direkt zu erleben. Aber bringt es die Teilnehmenden auch dazu, ihr Mobilit\u00e4tsverhalten [&hellip;]<\/p>\n","protected":false},"author":1,"featured_media":9458,"comment_status":"open","ping_status":"open","sticky":false,"template":"","format":"standard","meta":{"_acf_changed":false,"_yoast_wpseo_focuskw":"E-Bike","_yoast_wpseo_metadesc":"Die nationale Aktion Bike4Car hat einen messbaren Effekt auf die Teilnehmenden: Sie fahren heute weniger oft Auto. Dies zeigt eine Umfrage.","articlekey":"","footnotes":""},"categories":[580],"tags":[1775,459,2600],"class_list":["post-9985","post","type-post","status-publish","format-standard","has-post-thumbnail","hentry","category-sustainability","tag-nachhaltiger-verkehr","tag-studie","tag-zhaw"],"acf":[],"yoast_head":"<!-- This site is optimized with the Yoast SEO plugin v27.5 - https:\/\/yoast.com\/product\/yoast-seo-wordpress\/ -->\n<title>E-Bike statt Autofahren - Organisator<\/title>\n<meta name=\"description\" content=\"Die nationale Aktion Bike4Car hat einen messbaren Effekt auf die Teilnehmenden: Sie fahren heute weniger oft Auto. Dies zeigt eine Umfrage.\" \/>\n<meta name=\"robots\" content=\"index, follow, max-snippet:-1, max-image-preview:large, max-video-preview:-1\" \/>\n<link rel=\"canonical\" href=\"https:\/\/www.organisator.ch\/it\/sostenibilita\/2017-02-02\/e-bike-statt-autofahren\/\" \/>\n<meta property=\"og:locale\" content=\"it_IT\" \/>\n<meta property=\"og:type\" content=\"article\" \/>\n<meta property=\"og:title\" content=\"E-Bike statt Autofahren - Organisator\" \/>\n<meta property=\"og:description\" content=\"Die nationale Aktion Bike4Car hat einen messbaren Effekt auf die Teilnehmenden: Sie fahren heute weniger oft Auto. Dies zeigt eine Umfrage.\" \/>\n<meta property=\"og:url\" content=\"https:\/\/www.organisator.ch\/it\/sostenibilita\/2017-02-02\/e-bike-statt-autofahren\/\" \/>\n<meta property=\"og:site_name\" content=\"Organisator\" \/>\n<meta property=\"article:publisher\" content=\"https:\/\/www.facebook.com\/OrganisatorFachmagazin\" \/>\n<meta property=\"article:published_time\" content=\"2017-02-02T09:57:32+00:00\" \/>\n<meta property=\"article:modified_time\" content=\"2022-02-09T10:06:57+00:00\" \/>\n<meta property=\"og:image\" content=\"https:\/\/www.organisator.ch\/wp-content\/uploads\/2017\/02\/FactsTrends_6.jpg\" \/>\n\t<meta property=\"og:image:width\" content=\"1800\" \/>\n\t<meta property=\"og:image:height\" content=\"1198\" \/>\n\t<meta property=\"og:image:type\" content=\"image\/jpeg\" \/>\n<meta name=\"author\" content=\"admin\" \/>\n<meta name=\"twitter:card\" content=\"summary_large_image\" \/>\n<script type=\"application\/ld+json\" class=\"yoast-schema-graph\">{\"@context\":\"https:\\\/\\\/schema.org\",\"@graph\":[{\"@type\":\"Article\",\"@id\":\"https:\\\/\\\/www.organisator.ch\\\/sustainability\\\/2017-02-02\\\/e-bike-statt-autofahren\\\/#article\",\"isPartOf\":{\"@id\":\"https:\\\/\\\/www.organisator.ch\\\/sustainability\\\/2017-02-02\\\/e-bike-statt-autofahren\\\/\"},\"author\":{\"name\":\"admin\",\"@id\":\"https:\\\/\\\/www.organisator.ch\\\/#\\\/schema\\\/person\\\/aa2bace6c5c5aad60102004a50c4eb1c\"},\"headline\":\"E-Bike statt Autofahren\",\"datePublished\":\"2017-02-02T09:57:32+00:00\",\"dateModified\":\"2022-02-09T10:06:57+00:00\",\"mainEntityOfPage\":{\"@id\":\"https:\\\/\\\/www.organisator.ch\\\/sustainability\\\/2017-02-02\\\/e-bike-statt-autofahren\\\/\"},\"wordCount\":440,\"commentCount\":0,\"publisher\":{\"@id\":\"https:\\\/\\\/www.organisator.ch\\\/#organization\"},\"image\":{\"@id\":\"https:\\\/\\\/www.organisator.ch\\\/sustainability\\\/2017-02-02\\\/e-bike-statt-autofahren\\\/#primaryimage\"},\"thumbnailUrl\":\"https:\\\/\\\/www.organisator.ch\\\/wp-content\\\/uploads\\\/2017\\\/02\\\/FactsTrends_6.jpg\",\"keywords\":[\"Nachhaltiger Verkehr\",\"Studie\",\"ZHAW\"],\"articleSection\":[\"SUSTAINABILITY\"],\"inLanguage\":\"it-IT\"},{\"@type\":\"WebPage\",\"@id\":\"https:\\\/\\\/www.organisator.ch\\\/sustainability\\\/2017-02-02\\\/e-bike-statt-autofahren\\\/\",\"url\":\"https:\\\/\\\/www.organisator.ch\\\/sustainability\\\/2017-02-02\\\/e-bike-statt-autofahren\\\/\",\"name\":\"E-Bike statt Autofahren - Organisator\",\"isPartOf\":{\"@id\":\"https:\\\/\\\/www.organisator.ch\\\/#website\"},\"primaryImageOfPage\":{\"@id\":\"https:\\\/\\\/www.organisator.ch\\\/sustainability\\\/2017-02-02\\\/e-bike-statt-autofahren\\\/#primaryimage\"},\"image\":{\"@id\":\"https:\\\/\\\/www.organisator.ch\\\/sustainability\\\/2017-02-02\\\/e-bike-statt-autofahren\\\/#primaryimage\"},\"thumbnailUrl\":\"https:\\\/\\\/www.organisator.ch\\\/wp-content\\\/uploads\\\/2017\\\/02\\\/FactsTrends_6.jpg\",\"datePublished\":\"2017-02-02T09:57:32+00:00\",\"dateModified\":\"2022-02-09T10:06:57+00:00\",\"description\":\"Die nationale Aktion Bike4Car hat einen messbaren Effekt auf die Teilnehmenden: Sie fahren heute weniger oft Auto. Dies zeigt eine Umfrage.\",\"breadcrumb\":{\"@id\":\"https:\\\/\\\/www.organisator.ch\\\/sustainability\\\/2017-02-02\\\/e-bike-statt-autofahren\\\/#breadcrumb\"},\"inLanguage\":\"it-IT\",\"potentialAction\":[{\"@type\":\"ReadAction\",\"target\":[\"https:\\\/\\\/www.organisator.ch\\\/sustainability\\\/2017-02-02\\\/e-bike-statt-autofahren\\\/\"]}]},{\"@type\":\"ImageObject\",\"inLanguage\":\"it-IT\",\"@id\":\"https:\\\/\\\/www.organisator.ch\\\/sustainability\\\/2017-02-02\\\/e-bike-statt-autofahren\\\/#primaryimage\",\"url\":\"https:\\\/\\\/www.organisator.ch\\\/wp-content\\\/uploads\\\/2017\\\/02\\\/FactsTrends_6.jpg\",\"contentUrl\":\"https:\\\/\\\/www.organisator.ch\\\/wp-content\\\/uploads\\\/2017\\\/02\\\/FactsTrends_6.jpg\",\"width\":1800,\"height\":1198,\"caption\":\"Das Auto tempor\u00e4r gegen ein E-Bike zu tauschen, regt zum Umdenken an. (Bild: myblueplanet)\"},{\"@type\":\"BreadcrumbList\",\"@id\":\"https:\\\/\\\/www.organisator.ch\\\/sustainability\\\/2017-02-02\\\/e-bike-statt-autofahren\\\/#breadcrumb\",\"itemListElement\":[{\"@type\":\"ListItem\",\"position\":1,\"name\":\"Home\",\"item\":\"https:\\\/\\\/www.organisator.ch\\\/\"},{\"@type\":\"ListItem\",\"position\":2,\"name\":\"E-Bike statt Autofahren\"}]},{\"@type\":\"WebSite\",\"@id\":\"https:\\\/\\\/www.organisator.ch\\\/#website\",\"url\":\"https:\\\/\\\/www.organisator.ch\\\/\",\"name\":\"Organisator\",\"description\":\"Kompetent. Praxisnah. Der ORGANISATOR bereitet in 10 Ausgaben pro Jahr die wesentlichen Themen f\u00fcr F\u00fchrungskr\u00e4fte von KMU auf.\",\"publisher\":{\"@id\":\"https:\\\/\\\/www.organisator.ch\\\/#organization\"},\"potentialAction\":[{\"@type\":\"SearchAction\",\"target\":{\"@type\":\"EntryPoint\",\"urlTemplate\":\"https:\\\/\\\/www.organisator.ch\\\/?s={search_term_string}\"},\"query-input\":{\"@type\":\"PropertyValueSpecification\",\"valueRequired\":true,\"valueName\":\"search_term_string\"}}],\"inLanguage\":\"it-IT\"},{\"@type\":\"Organization\",\"@id\":\"https:\\\/\\\/www.organisator.ch\\\/#organization\",\"name\":\"Organisator\",\"url\":\"https:\\\/\\\/www.organisator.ch\\\/\",\"logo\":{\"@type\":\"ImageObject\",\"inLanguage\":\"it-IT\",\"@id\":\"https:\\\/\\\/www.organisator.ch\\\/#\\\/schema\\\/logo\\\/image\\\/\",\"url\":\"https:\\\/\\\/www.organisator.ch\\\/wp-content\\\/uploads\\\/2022\\\/01\\\/Logo_Organisator_Website.png\",\"contentUrl\":\"https:\\\/\\\/www.organisator.ch\\\/wp-content\\\/uploads\\\/2022\\\/01\\\/Logo_Organisator_Website.png\",\"width\":800,\"height\":77,\"caption\":\"Organisator\"},\"image\":{\"@id\":\"https:\\\/\\\/www.organisator.ch\\\/#\\\/schema\\\/logo\\\/image\\\/\"},\"sameAs\":[\"https:\\\/\\\/www.facebook.com\\\/OrganisatorFachmagazin\",\"https:\\\/\\\/www.linkedin.com\\\/showcase\\\/organisator-das-magazin-fr-kmu\",\"https:\\\/\\\/www.xing.com\\\/news\\\/pages\\\/organisator-ch-695\",\"https:\\\/\\\/www.youtube.com\\\/channel\\\/UCGP2Sq0iWaZwT3BdIAQFYpw\"]},{\"@type\":\"Person\",\"@id\":\"https:\\\/\\\/www.organisator.ch\\\/#\\\/schema\\\/person\\\/aa2bace6c5c5aad60102004a50c4eb1c\",\"name\":\"admin\",\"image\":{\"@type\":\"ImageObject\",\"inLanguage\":\"it-IT\",\"@id\":\"https:\\\/\\\/secure.gravatar.com\\\/avatar\\\/ae2f4d718e6c49043e314ce431e7e645d646302a24a5ef5a8bc8e3f5a032e319?s=96&d=mm&r=g\",\"url\":\"https:\\\/\\\/secure.gravatar.com\\\/avatar\\\/ae2f4d718e6c49043e314ce431e7e645d646302a24a5ef5a8bc8e3f5a032e319?s=96&d=mm&r=g\",\"contentUrl\":\"https:\\\/\\\/secure.gravatar.com\\\/avatar\\\/ae2f4d718e6c49043e314ce431e7e645d646302a24a5ef5a8bc8e3f5a032e319?s=96&d=mm&r=g\",\"caption\":\"admin\"},\"sameAs\":[\"https:\\\/\\\/www.organisator.ch\"],\"url\":\"https:\\\/\\\/www.organisator.ch\\\/it\\\/author\\\/admin\\\/\"}]}<\/script>\n<!-- \/ Yoast SEO plugin. -->","yoast_head_json":{"title":"E-bike invece di guidare un'auto - Organizzatore","description":"La campagna nazionale Bike4Car ha un effetto misurabile sui partecipanti: Oggi guidano meno spesso. Lo dimostra un sondaggio.","robots":{"index":"index","follow":"follow","max-snippet":"max-snippet:-1","max-image-preview":"max-image-preview:large","max-video-preview":"max-video-preview:-1"},"canonical":"https:\/\/www.organisator.ch\/it\/sostenibilita\/2017-02-02\/e-bike-statt-autofahren\/","og_locale":"it_IT","og_type":"article","og_title":"E-Bike statt Autofahren - Organisator","og_description":"Die nationale Aktion Bike4Car hat einen messbaren Effekt auf die Teilnehmenden: Sie fahren heute weniger oft Auto. Dies zeigt eine Umfrage.","og_url":"https:\/\/www.organisator.ch\/it\/sostenibilita\/2017-02-02\/e-bike-statt-autofahren\/","og_site_name":"Organisator","article_publisher":"https:\/\/www.facebook.com\/OrganisatorFachmagazin","article_published_time":"2017-02-02T09:57:32+00:00","article_modified_time":"2022-02-09T10:06:57+00:00","og_image":[{"width":1800,"height":1198,"url":"https:\/\/www.organisator.ch\/wp-content\/uploads\/2017\/02\/FactsTrends_6.jpg","type":"image\/jpeg"}],"author":"admin","twitter_card":"summary_large_image","schema":{"@context":"https:\/\/schema.org","@graph":[{"@type":"Article","@id":"https:\/\/www.organisator.ch\/sustainability\/2017-02-02\/e-bike-statt-autofahren\/#article","isPartOf":{"@id":"https:\/\/www.organisator.ch\/sustainability\/2017-02-02\/e-bike-statt-autofahren\/"},"author":{"name":"admin","@id":"https:\/\/www.organisator.ch\/#\/schema\/person\/aa2bace6c5c5aad60102004a50c4eb1c"},"headline":"E-Bike statt Autofahren","datePublished":"2017-02-02T09:57:32+00:00","dateModified":"2022-02-09T10:06:57+00:00","mainEntityOfPage":{"@id":"https:\/\/www.organisator.ch\/sustainability\/2017-02-02\/e-bike-statt-autofahren\/"},"wordCount":440,"commentCount":0,"publisher":{"@id":"https:\/\/www.organisator.ch\/#organization"},"image":{"@id":"https:\/\/www.organisator.ch\/sustainability\/2017-02-02\/e-bike-statt-autofahren\/#primaryimage"},"thumbnailUrl":"https:\/\/www.organisator.ch\/wp-content\/uploads\/2017\/02\/FactsTrends_6.jpg","keywords":["Nachhaltiger Verkehr","Studie","ZHAW"],"articleSection":["SUSTAINABILITY"],"inLanguage":"it-IT"},{"@type":"WebPage","@id":"https:\/\/www.organisator.ch\/sustainability\/2017-02-02\/e-bike-statt-autofahren\/","url":"https:\/\/www.organisator.ch\/sustainability\/2017-02-02\/e-bike-statt-autofahren\/","name":"E-bike invece di guidare un'auto - Organizzatore","isPartOf":{"@id":"https:\/\/www.organisator.ch\/#website"},"primaryImageOfPage":{"@id":"https:\/\/www.organisator.ch\/sustainability\/2017-02-02\/e-bike-statt-autofahren\/#primaryimage"},"image":{"@id":"https:\/\/www.organisator.ch\/sustainability\/2017-02-02\/e-bike-statt-autofahren\/#primaryimage"},"thumbnailUrl":"https:\/\/www.organisator.ch\/wp-content\/uploads\/2017\/02\/FactsTrends_6.jpg","datePublished":"2017-02-02T09:57:32+00:00","dateModified":"2022-02-09T10:06:57+00:00","description":"La campagna nazionale Bike4Car ha un effetto misurabile sui partecipanti: Oggi guidano meno spesso. Lo dimostra un sondaggio.","breadcrumb":{"@id":"https:\/\/www.organisator.ch\/sustainability\/2017-02-02\/e-bike-statt-autofahren\/#breadcrumb"},"inLanguage":"it-IT","potentialAction":[{"@type":"ReadAction","target":["https:\/\/www.organisator.ch\/sustainability\/2017-02-02\/e-bike-statt-autofahren\/"]}]},{"@type":"ImageObject","inLanguage":"it-IT","@id":"https:\/\/www.organisator.ch\/sustainability\/2017-02-02\/e-bike-statt-autofahren\/#primaryimage","url":"https:\/\/www.organisator.ch\/wp-content\/uploads\/2017\/02\/FactsTrends_6.jpg","contentUrl":"https:\/\/www.organisator.ch\/wp-content\/uploads\/2017\/02\/FactsTrends_6.jpg","width":1800,"height":1198,"caption":"Das Auto tempor\u00e4r gegen ein E-Bike zu tauschen, regt zum Umdenken an. (Bild: myblueplanet)"},{"@type":"BreadcrumbList","@id":"https:\/\/www.organisator.ch\/sustainability\/2017-02-02\/e-bike-statt-autofahren\/#breadcrumb","itemListElement":[{"@type":"ListItem","position":1,"name":"Home","item":"https:\/\/www.organisator.ch\/"},{"@type":"ListItem","position":2,"name":"E-Bike statt Autofahren"}]},{"@type":"WebSite","@id":"https:\/\/www.organisator.ch\/#website","url":"https:\/\/www.organisator.ch\/","name":"Organizzatore","description":"Competente. Pratico. In 10 numeri all'anno, ORGANISATOR presenta i temi essenziali per i manager delle PMI.","publisher":{"@id":"https:\/\/www.organisator.ch\/#organization"},"potentialAction":[{"@type":"SearchAction","target":{"@type":"EntryPoint","urlTemplate":"https:\/\/www.organisator.ch\/?s={search_term_string}"},"query-input":{"@type":"PropertyValueSpecification","valueRequired":true,"valueName":"search_term_string"}}],"inLanguage":"it-IT"},{"@type":"Organization","@id":"https:\/\/www.organisator.ch\/#organization","name":"Organizzatore","url":"https:\/\/www.organisator.ch\/","logo":{"@type":"ImageObject","inLanguage":"it-IT","@id":"https:\/\/www.organisator.ch\/#\/schema\/logo\/image\/","url":"https:\/\/www.organisator.ch\/wp-content\/uploads\/2022\/01\/Logo_Organisator_Website.png","contentUrl":"https:\/\/www.organisator.ch\/wp-content\/uploads\/2022\/01\/Logo_Organisator_Website.png","width":800,"height":77,"caption":"Organisator"},"image":{"@id":"https:\/\/www.organisator.ch\/#\/schema\/logo\/image\/"},"sameAs":["https:\/\/www.facebook.com\/OrganisatorFachmagazin","https:\/\/www.linkedin.com\/showcase\/organisator-das-magazin-fr-kmu","https:\/\/www.xing.com\/news\/pages\/organisator-ch-695","https:\/\/www.youtube.com\/channel\/UCGP2Sq0iWaZwT3BdIAQFYpw"]},{"@type":"Person","@id":"https:\/\/www.organisator.ch\/#\/schema\/person\/aa2bace6c5c5aad60102004a50c4eb1c","name":"amministratore","image":{"@type":"ImageObject","inLanguage":"it-IT","@id":"https:\/\/secure.gravatar.com\/avatar\/ae2f4d718e6c49043e314ce431e7e645d646302a24a5ef5a8bc8e3f5a032e319?s=96&d=mm&r=g","url":"https:\/\/secure.gravatar.com\/avatar\/ae2f4d718e6c49043e314ce431e7e645d646302a24a5ef5a8bc8e3f5a032e319?s=96&d=mm&r=g","contentUrl":"https:\/\/secure.gravatar.com\/avatar\/ae2f4d718e6c49043e314ce431e7e645d646302a24a5ef5a8bc8e3f5a032e319?s=96&d=mm&r=g","caption":"admin"},"sameAs":["https:\/\/www.organisator.ch"],"url":"https:\/\/www.organisator.ch\/it\/author\/admin\/"}]}},"_links":{"self":[{"href":"https:\/\/www.organisator.ch\/it\/wp-json\/wp\/v2\/posts\/9985","targetHints":{"allow":["GET"]}}],"collection":[{"href":"https:\/\/www.organisator.ch\/it\/wp-json\/wp\/v2\/posts"}],"about":[{"href":"https:\/\/www.organisator.ch\/it\/wp-json\/wp\/v2\/types\/post"}],"author":[{"embeddable":true,"href":"https:\/\/www.organisator.ch\/it\/wp-json\/wp\/v2\/users\/1"}],"replies":[{"embeddable":true,"href":"https:\/\/www.organisator.ch\/it\/wp-json\/wp\/v2\/comments?post=9985"}],"version-history":[{"count":1,"href":"https:\/\/www.organisator.ch\/it\/wp-json\/wp\/v2\/posts\/9985\/revisions"}],"predecessor-version":[{"id":10740,"href":"https:\/\/www.organisator.ch\/it\/wp-json\/wp\/v2\/posts\/9985\/revisions\/10740"}],"wp:featuredmedia":[{"embeddable":true,"href":"https:\/\/www.organisator.ch\/it\/wp-json\/wp\/v2\/media\/9458"}],"wp:attachment":[{"href":"https:\/\/www.organisator.ch\/it\/wp-json\/wp\/v2\/media?parent=9985"}],"wp:term":[{"taxonomy":"category","embeddable":true,"href":"https:\/\/www.organisator.ch\/it\/wp-json\/wp\/v2\/categories?post=9985"},{"taxonomy":"post_tag","embeddable":true,"href":"https:\/\/www.organisator.ch\/it\/wp-json\/wp\/v2\/tags?post=9985"}],"curies":[{"name":"wp","href":"https:\/\/api.w.org\/{rel}","templated":true}]}}