{"id":9986,"date":"2017-02-17T09:54:32","date_gmt":"2017-02-17T08:54:32","guid":{"rendered":"https:\/\/www.umweltperspektiven.ch\/?p=730"},"modified":"2022-02-09T11:10:12","modified_gmt":"2022-02-09T10:10:12","slug":"schweizer-halten-sich-fuer-umweltbewusst","status":"publish","type":"post","link":"https:\/\/www.organisator.ch\/it\/sustainability\/2017-02-17\/schweizer-halten-sich-fuer-umweltbewusst\/","title":{"rendered":"Gli svizzeri si considerano attenti all'ambiente"},"content":{"rendered":"<figure id=\"attachment_731\" aria-describedby=\"caption-attachment-731\" style=\"width: 680px\" class=\"wp-caption alignnone\"><img loading=\"lazy\" decoding=\"async\" class=\"size-medium wp-image-731\" src=\"\/\/www.umweltperspektiven.ch\/wp-content\/uploads\/2017\/02\/Depositphotos_59208609_l-2015.jpg\" alt=\"\" width=\"680\" height=\"471\" srcset=\"https:\/\/www.organisator.ch\/wp-content\/uploads\/2017\/02\/Depositphotos_59208609_l-2015.jpg 2000w, https:\/\/www.organisator.ch\/wp-content\/uploads\/2017\/02\/Depositphotos_59208609_l-2015-680x471.jpg 680w, https:\/\/www.organisator.ch\/wp-content\/uploads\/2017\/02\/Depositphotos_59208609_l-2015-1024x710.jpg 1024w, https:\/\/www.organisator.ch\/wp-content\/uploads\/2017\/02\/Depositphotos_59208609_l-2015-768x532.jpg 768w, https:\/\/www.organisator.ch\/wp-content\/uploads\/2017\/02\/Depositphotos_59208609_l-2015-1536x1064.jpg 1536w, https:\/\/www.organisator.ch\/wp-content\/uploads\/2017\/02\/Depositphotos_59208609_l-2015-18x12.jpg 18w, https:\/\/www.organisator.ch\/wp-content\/uploads\/2017\/02\/Depositphotos_59208609_l-2015-253x175.jpg 253w, https:\/\/www.organisator.ch\/wp-content\/uploads\/2017\/02\/Depositphotos_59208609_l-2015-505x350.jpg 505w, https:\/\/www.organisator.ch\/wp-content\/uploads\/2017\/02\/Depositphotos_59208609_l-2015-1154x800.jpg 1154w, https:\/\/www.organisator.ch\/wp-content\/uploads\/2017\/02\/Depositphotos_59208609_l-2015-920x638.jpg 920w, https:\/\/www.organisator.ch\/wp-content\/uploads\/2017\/02\/Depositphotos_59208609_l-2015-1400x970.jpg 1400w, https:\/\/www.organisator.ch\/wp-content\/uploads\/2017\/02\/Depositphotos_59208609_l-2015-300x208.jpg 300w\" sizes=\"auto, (max-width: 680px) 100vw, 680px\" \/><figcaption id=\"caption-attachment-731\" class=\"wp-caption-text\">Quando si tratta di scegliere una propriet\u00e0, l'ambiente difficilmente gioca un ruolo.<\/figcaption><\/figure>\n<p>Due terzi degli svizzeri si descrivono come attenti all'ambiente. Questo \u00e8 dimostrato dal <a href=\"\/\/www.homegate.ch\">homegate.ch<\/a> La proporzione nella Svizzera francese raggiunge l'81%. Dei quasi 2.000 intervistati, 90% hanno dichiarato di cercare informazioni su argomenti come l'ambiente, la sostenibilit\u00e0 e la vita ecologica. Con 28% che cercano regolarmente informazioni, i ticinesi sono in testa, seguiti dagli abitanti della Svizzera francese con 27%. Le fonti di informazione pi\u00f9 importanti sono i media (44%) e conoscenti, amici e parenti (38%). Gli studi scientifici sono raramente consultati.<\/p>\n<p><strong>Gli svizzeri sono fedeli alla loro situazione abitativa<\/strong><\/p>\n<p>Poco meno di 40% dei partecipanti al sondaggio sono proprietari della loro casa, altri 56% sono affittuari e 4% non hanno fatto alcuna dichiarazione precisa. Con 48%, la percentuale di proprietari di immobili in Ticino \u00e8 significativamente superiore alla media svizzera. La proporzione di proprietari di case in Ticino \u00e8 anche superiore alla media svizzera di 41% con 54%. La grande maggioranza degli intervistati non si sposta frequentemente e vive nel suo attuale appartamento o casa da pi\u00f9 di 10 anni. Solo 6% si sono mossi negli ultimi 6 mesi.<\/p>\n<p><strong>Il tema dell'ambiente non ha importanza quando si sceglie una propriet\u00e0<\/strong><\/p>\n<p>Nella scelta di un immobile, il tema dell'ambiente non ha avuto alcun ruolo per la maggioranza (52%). I ticinesi hanno trattato il tema pi\u00f9 intensamente. Questo \u00e8 probabilmente anche perch\u00e9 la percentuale di proprietari di case in questa parte del paese \u00e8 superiore alla media. Tra tutti gli intervistati, 59% hanno trattato l'argomento almeno marginalmente.<\/p>\n<p>Se il tema dell'ambiente ha giocato un ruolo, sono stati soprattutto la posizione residenziale (nessuna macchina necessaria), il buon isolamento e il desiderio di un nuovo edificio a influenzare la scelta dell'immobile.<\/p>\n<p><strong>Poco interesse per il tipo di acquisto di elettricit\u00e0<\/strong><\/p>\n<p>Quando si tratta di energia, il quadro \u00e8 un po' cupo. Poco meno di un quarto dei partecipanti al sondaggio non sa che tipo di pacchetto elettrico ottiene. Degli altri 75%, la maggioranza ottiene un'offerta di base (36%) o un mix di fonti diverse (34%). \u00c8 interessante notare che la percentuale di coloro che utilizzano l'offerta di base senza fonti rinnovabili \u00e8 pi\u00f9 alta nella Svizzera francese, con 45%, anche se gli svizzeri francesi si considerano molto rispettosi dell'ambiente. Se questo sia dovuto alla mancanza di offerta o alla mancanza di informazioni non \u00e8 stato rilevato qui. Secondo il sondaggio, il 45% degli intervistati sarebbe disposto a pagare di pi\u00f9 per l'energia per dare un contributo all'ambiente. Un altro 45% potrebbe farlo.<\/p>\n<p>La maggior parte delle persone cerca di non lasciare le luci accese inutilmente, di chiudere il rubinetto quando non \u00e8 in uso e di fare la doccia invece del bagno. Tuttavia, solo uno su tre usa una doccia a risparmio idrico. Con questo tipo di risparmio energetico, la zona di comfort non deve ancora essere lasciata per la maggior parte. La maggior parte risparmia energia per ragioni ambientali e finanziarie.<\/p>\n<p><strong>Esempio di separazione dei rifiuti<\/strong><\/p>\n<p>Innanzitutto, la questione della separazione dei rifiuti \u00e8 presa molto sul serio in Svizzera. Pi\u00f9 di 90% smaltiscono separatamente cartone, carta, vetro, PET e batterie. Per i rifiuti verdi, la cifra \u00e8 ancora 69%. Anche i mobili e gli elettrodomestici che sono ancora utilizzabili vengono ceduti piuttosto che smaltiti. Tuttavia, solo pochi (18%) preferiscono comprare i loro mobili di seconda mano piuttosto che nuovi.<\/p>\n<p><strong>Pagare di pi\u00f9 per contribuire all'ambiente<\/strong><\/p>\n<p>Quando si tratta di cibo, la volont\u00e0 di contribuire all'ambiente attraverso prezzi pi\u00f9 alti \u00e8 pi\u00f9 alta a 52%, seguita dall'energia. Quando si tratta di viaggiare, tuttavia, gli svizzeri non vogliono fare a meno e sono riluttanti al compromesso. Nemmeno un quarto \u00e8 disposto a spendere di pi\u00f9 per un viaggio pi\u00f9 ecologico. Il quadro \u00e8 simile quando si tratta di alloggi (32%).<\/p>\n<p>In generale, si pu\u00f2 dire che gli anziani che non sono occupati o sono occupati a tempo parziale tendono a considerarsi pi\u00f9 consapevoli dell'ambiente e sono pi\u00f9 preoccupati per la questione. Inoltre, l'argomento \u00e8 stato un fattore nella scelta degli immobili, soprattutto tra le persone pi\u00f9 anziane e pi\u00f9 istruite. Tuttavia, i giovani vogliono anche fare qualcosa per l'ambiente nell'area dell'alloggio molto pi\u00f9 spesso in futuro.<\/p>\n<p>Fonte: Homegate<\/p>","protected":false},"excerpt":{"rendered":"<p>Zwei Drittel der Schweizer bezeichnen sich selber als umweltbewusst. Dies zeigt die von homegate.ch durchgef\u00fchrte Online-Studie im Winter 2016. Der Anteil liegt in der Westschweiz sogar bei beachtlichen 81%. Von den knapp 2&#8217;000 Befragten gaben 90% an, dass sie sich \u00fcber Themen wie Umwelt, Nachhaltigkeit und \u00f6kologisch Leben informieren. Dabei belegen die Tessiner mit 28% [&hellip;]<\/p>\n","protected":false},"author":1,"featured_media":731,"comment_status":"open","ping_status":"open","sticky":false,"template":"","format":"standard","meta":{"_acf_changed":false,"_yoast_wpseo_focuskw":"umweltbewusst","_yoast_wpseo_metadesc":"Zwei Drittel der Schweizerinnen und Schweizer halten sich selber f\u00fcr umweltbewusst. In der Praxis sieht es aber h\u00e4ufig anders aus.","articlekey":"","footnotes":""},"categories":[580],"tags":[1376,459,487,489],"class_list":["post-9986","post","type-post","status-publish","format-standard","has-post-thumbnail","hentry","category-sustainability","tag-homegate","tag-studie","tag-umfrage","tag-umweltschutz"],"acf":[],"yoast_head":"<!-- This site is optimized with the Yoast SEO plugin v27.4 - https:\/\/yoast.com\/product\/yoast-seo-wordpress\/ -->\n<title>Schweizer halten sich f\u00fcr umweltbewusst - Organisator<\/title>\n<meta name=\"description\" content=\"Zwei Drittel der Schweizerinnen und Schweizer halten sich selber f\u00fcr umweltbewusst. In der Praxis sieht es aber h\u00e4ufig anders aus.\" \/>\n<meta name=\"robots\" content=\"index, follow, max-snippet:-1, max-image-preview:large, max-video-preview:-1\" \/>\n<link rel=\"canonical\" href=\"https:\/\/www.organisator.ch\/it\/sostenibilita\/2017-02-17\/schweizer-halten-sich-fuer-umweltbewusst\/\" \/>\n<meta property=\"og:locale\" content=\"it_IT\" \/>\n<meta property=\"og:type\" content=\"article\" \/>\n<meta property=\"og:title\" content=\"Schweizer halten sich f\u00fcr umweltbewusst - Organisator\" \/>\n<meta property=\"og:description\" content=\"Zwei Drittel der Schweizerinnen und Schweizer halten sich selber f\u00fcr umweltbewusst. In der Praxis sieht es aber h\u00e4ufig anders aus.\" \/>\n<meta property=\"og:url\" content=\"https:\/\/www.organisator.ch\/it\/sostenibilita\/2017-02-17\/schweizer-halten-sich-fuer-umweltbewusst\/\" \/>\n<meta property=\"og:site_name\" content=\"Organisator\" \/>\n<meta property=\"article:publisher\" content=\"https:\/\/www.facebook.com\/OrganisatorFachmagazin\" \/>\n<meta property=\"article:published_time\" content=\"2017-02-17T08:54:32+00:00\" \/>\n<meta property=\"article:modified_time\" content=\"2022-02-09T10:10:12+00:00\" \/>\n<meta property=\"og:image\" content=\"https:\/\/www.organisator.ch\/wp-content\/uploads\/2017\/02\/Depositphotos_59208609_l-2015.jpg\" \/>\n\t<meta property=\"og:image:width\" content=\"2000\" \/>\n\t<meta property=\"og:image:height\" content=\"1386\" \/>\n\t<meta property=\"og:image:type\" content=\"image\/jpeg\" \/>\n<meta name=\"author\" content=\"admin\" \/>\n<meta name=\"twitter:card\" content=\"summary_large_image\" \/>\n<script type=\"application\/ld+json\" class=\"yoast-schema-graph\">{\"@context\":\"https:\\\/\\\/schema.org\",\"@graph\":[{\"@type\":\"Article\",\"@id\":\"https:\\\/\\\/www.organisator.ch\\\/sustainability\\\/2017-02-17\\\/schweizer-halten-sich-fuer-umweltbewusst\\\/#article\",\"isPartOf\":{\"@id\":\"https:\\\/\\\/www.organisator.ch\\\/sustainability\\\/2017-02-17\\\/schweizer-halten-sich-fuer-umweltbewusst\\\/\"},\"author\":{\"name\":\"admin\",\"@id\":\"https:\\\/\\\/www.organisator.ch\\\/#\\\/schema\\\/person\\\/aa2bace6c5c5aad60102004a50c4eb1c\"},\"headline\":\"Schweizer halten sich f\u00fcr umweltbewusst\",\"datePublished\":\"2017-02-17T08:54:32+00:00\",\"dateModified\":\"2022-02-09T10:10:12+00:00\",\"mainEntityOfPage\":{\"@id\":\"https:\\\/\\\/www.organisator.ch\\\/sustainability\\\/2017-02-17\\\/schweizer-halten-sich-fuer-umweltbewusst\\\/\"},\"wordCount\":659,\"commentCount\":0,\"publisher\":{\"@id\":\"https:\\\/\\\/www.organisator.ch\\\/#organization\"},\"image\":{\"@id\":\"https:\\\/\\\/www.organisator.ch\\\/sustainability\\\/2017-02-17\\\/schweizer-halten-sich-fuer-umweltbewusst\\\/#primaryimage\"},\"thumbnailUrl\":\"https:\\\/\\\/www.organisator.ch\\\/wp-content\\\/uploads\\\/2017\\\/02\\\/Depositphotos_59208609_l-2015.jpg\",\"keywords\":[\"Homegate\",\"Studie\",\"Umfrage\",\"Umweltschutz\"],\"articleSection\":[\"SUSTAINABILITY\"],\"inLanguage\":\"it-IT\"},{\"@type\":\"WebPage\",\"@id\":\"https:\\\/\\\/www.organisator.ch\\\/sustainability\\\/2017-02-17\\\/schweizer-halten-sich-fuer-umweltbewusst\\\/\",\"url\":\"https:\\\/\\\/www.organisator.ch\\\/sustainability\\\/2017-02-17\\\/schweizer-halten-sich-fuer-umweltbewusst\\\/\",\"name\":\"Schweizer halten sich f\u00fcr umweltbewusst - Organisator\",\"isPartOf\":{\"@id\":\"https:\\\/\\\/www.organisator.ch\\\/#website\"},\"primaryImageOfPage\":{\"@id\":\"https:\\\/\\\/www.organisator.ch\\\/sustainability\\\/2017-02-17\\\/schweizer-halten-sich-fuer-umweltbewusst\\\/#primaryimage\"},\"image\":{\"@id\":\"https:\\\/\\\/www.organisator.ch\\\/sustainability\\\/2017-02-17\\\/schweizer-halten-sich-fuer-umweltbewusst\\\/#primaryimage\"},\"thumbnailUrl\":\"https:\\\/\\\/www.organisator.ch\\\/wp-content\\\/uploads\\\/2017\\\/02\\\/Depositphotos_59208609_l-2015.jpg\",\"datePublished\":\"2017-02-17T08:54:32+00:00\",\"dateModified\":\"2022-02-09T10:10:12+00:00\",\"description\":\"Zwei Drittel der Schweizerinnen und Schweizer halten sich selber f\u00fcr umweltbewusst. In der Praxis sieht es aber h\u00e4ufig anders aus.\",\"breadcrumb\":{\"@id\":\"https:\\\/\\\/www.organisator.ch\\\/sustainability\\\/2017-02-17\\\/schweizer-halten-sich-fuer-umweltbewusst\\\/#breadcrumb\"},\"inLanguage\":\"it-IT\",\"potentialAction\":[{\"@type\":\"ReadAction\",\"target\":[\"https:\\\/\\\/www.organisator.ch\\\/sustainability\\\/2017-02-17\\\/schweizer-halten-sich-fuer-umweltbewusst\\\/\"]}]},{\"@type\":\"ImageObject\",\"inLanguage\":\"it-IT\",\"@id\":\"https:\\\/\\\/www.organisator.ch\\\/sustainability\\\/2017-02-17\\\/schweizer-halten-sich-fuer-umweltbewusst\\\/#primaryimage\",\"url\":\"https:\\\/\\\/www.organisator.ch\\\/wp-content\\\/uploads\\\/2017\\\/02\\\/Depositphotos_59208609_l-2015.jpg\",\"contentUrl\":\"https:\\\/\\\/www.organisator.ch\\\/wp-content\\\/uploads\\\/2017\\\/02\\\/Depositphotos_59208609_l-2015.jpg\",\"width\":2000,\"height\":1386,\"caption\":\"Wenn es um die Wahl einer Immobilie geht, spielt das Thema Umwelt kaum eine Rolle.\"},{\"@type\":\"BreadcrumbList\",\"@id\":\"https:\\\/\\\/www.organisator.ch\\\/sustainability\\\/2017-02-17\\\/schweizer-halten-sich-fuer-umweltbewusst\\\/#breadcrumb\",\"itemListElement\":[{\"@type\":\"ListItem\",\"position\":1,\"name\":\"Home\",\"item\":\"https:\\\/\\\/www.organisator.ch\\\/\"},{\"@type\":\"ListItem\",\"position\":2,\"name\":\"Schweizer halten sich f\u00fcr umweltbewusst\"}]},{\"@type\":\"WebSite\",\"@id\":\"https:\\\/\\\/www.organisator.ch\\\/#website\",\"url\":\"https:\\\/\\\/www.organisator.ch\\\/\",\"name\":\"Organisator\",\"description\":\"Kompetent. Praxisnah. Der ORGANISATOR bereitet in 10 Ausgaben pro Jahr die wesentlichen Themen f\u00fcr F\u00fchrungskr\u00e4fte von KMU auf.\",\"publisher\":{\"@id\":\"https:\\\/\\\/www.organisator.ch\\\/#organization\"},\"potentialAction\":[{\"@type\":\"SearchAction\",\"target\":{\"@type\":\"EntryPoint\",\"urlTemplate\":\"https:\\\/\\\/www.organisator.ch\\\/?s={search_term_string}\"},\"query-input\":{\"@type\":\"PropertyValueSpecification\",\"valueRequired\":true,\"valueName\":\"search_term_string\"}}],\"inLanguage\":\"it-IT\"},{\"@type\":\"Organization\",\"@id\":\"https:\\\/\\\/www.organisator.ch\\\/#organization\",\"name\":\"Organisator\",\"url\":\"https:\\\/\\\/www.organisator.ch\\\/\",\"logo\":{\"@type\":\"ImageObject\",\"inLanguage\":\"it-IT\",\"@id\":\"https:\\\/\\\/www.organisator.ch\\\/#\\\/schema\\\/logo\\\/image\\\/\",\"url\":\"https:\\\/\\\/www.organisator.ch\\\/wp-content\\\/uploads\\\/2022\\\/01\\\/Logo_Organisator_Website.png\",\"contentUrl\":\"https:\\\/\\\/www.organisator.ch\\\/wp-content\\\/uploads\\\/2022\\\/01\\\/Logo_Organisator_Website.png\",\"width\":800,\"height\":77,\"caption\":\"Organisator\"},\"image\":{\"@id\":\"https:\\\/\\\/www.organisator.ch\\\/#\\\/schema\\\/logo\\\/image\\\/\"},\"sameAs\":[\"https:\\\/\\\/www.facebook.com\\\/OrganisatorFachmagazin\",\"https:\\\/\\\/www.linkedin.com\\\/showcase\\\/organisator-das-magazin-fr-kmu\",\"https:\\\/\\\/www.xing.com\\\/news\\\/pages\\\/organisator-ch-695\",\"https:\\\/\\\/www.youtube.com\\\/channel\\\/UCGP2Sq0iWaZwT3BdIAQFYpw\"]},{\"@type\":\"Person\",\"@id\":\"https:\\\/\\\/www.organisator.ch\\\/#\\\/schema\\\/person\\\/aa2bace6c5c5aad60102004a50c4eb1c\",\"name\":\"admin\",\"image\":{\"@type\":\"ImageObject\",\"inLanguage\":\"it-IT\",\"@id\":\"https:\\\/\\\/secure.gravatar.com\\\/avatar\\\/ae2f4d718e6c49043e314ce431e7e645d646302a24a5ef5a8bc8e3f5a032e319?s=96&d=mm&r=g\",\"url\":\"https:\\\/\\\/secure.gravatar.com\\\/avatar\\\/ae2f4d718e6c49043e314ce431e7e645d646302a24a5ef5a8bc8e3f5a032e319?s=96&d=mm&r=g\",\"contentUrl\":\"https:\\\/\\\/secure.gravatar.com\\\/avatar\\\/ae2f4d718e6c49043e314ce431e7e645d646302a24a5ef5a8bc8e3f5a032e319?s=96&d=mm&r=g\",\"caption\":\"admin\"},\"sameAs\":[\"https:\\\/\\\/www.organisator.ch\"],\"url\":\"https:\\\/\\\/www.organisator.ch\\\/it\\\/author\\\/admin\\\/\"}]}<\/script>\n<!-- \/ Yoast SEO plugin. -->","yoast_head_json":{"title":"Gli svizzeri si considerano attenti all'ambiente - Organizzatore","description":"Due terzi degli svizzeri si considerano attenti all'ambiente. In pratica, per\u00f2, le cose appaiono spesso diverse.","robots":{"index":"index","follow":"follow","max-snippet":"max-snippet:-1","max-image-preview":"max-image-preview:large","max-video-preview":"max-video-preview:-1"},"canonical":"https:\/\/www.organisator.ch\/it\/sostenibilita\/2017-02-17\/schweizer-halten-sich-fuer-umweltbewusst\/","og_locale":"it_IT","og_type":"article","og_title":"Schweizer halten sich f\u00fcr umweltbewusst - Organisator","og_description":"Zwei Drittel der Schweizerinnen und Schweizer halten sich selber f\u00fcr umweltbewusst. In der Praxis sieht es aber h\u00e4ufig anders aus.","og_url":"https:\/\/www.organisator.ch\/it\/sostenibilita\/2017-02-17\/schweizer-halten-sich-fuer-umweltbewusst\/","og_site_name":"Organisator","article_publisher":"https:\/\/www.facebook.com\/OrganisatorFachmagazin","article_published_time":"2017-02-17T08:54:32+00:00","article_modified_time":"2022-02-09T10:10:12+00:00","og_image":[{"width":2000,"height":1386,"url":"https:\/\/www.organisator.ch\/wp-content\/uploads\/2017\/02\/Depositphotos_59208609_l-2015.jpg","type":"image\/jpeg"}],"author":"admin","twitter_card":"summary_large_image","schema":{"@context":"https:\/\/schema.org","@graph":[{"@type":"Article","@id":"https:\/\/www.organisator.ch\/sustainability\/2017-02-17\/schweizer-halten-sich-fuer-umweltbewusst\/#article","isPartOf":{"@id":"https:\/\/www.organisator.ch\/sustainability\/2017-02-17\/schweizer-halten-sich-fuer-umweltbewusst\/"},"author":{"name":"admin","@id":"https:\/\/www.organisator.ch\/#\/schema\/person\/aa2bace6c5c5aad60102004a50c4eb1c"},"headline":"Schweizer halten sich f\u00fcr umweltbewusst","datePublished":"2017-02-17T08:54:32+00:00","dateModified":"2022-02-09T10:10:12+00:00","mainEntityOfPage":{"@id":"https:\/\/www.organisator.ch\/sustainability\/2017-02-17\/schweizer-halten-sich-fuer-umweltbewusst\/"},"wordCount":659,"commentCount":0,"publisher":{"@id":"https:\/\/www.organisator.ch\/#organization"},"image":{"@id":"https:\/\/www.organisator.ch\/sustainability\/2017-02-17\/schweizer-halten-sich-fuer-umweltbewusst\/#primaryimage"},"thumbnailUrl":"https:\/\/www.organisator.ch\/wp-content\/uploads\/2017\/02\/Depositphotos_59208609_l-2015.jpg","keywords":["Homegate","Studie","Umfrage","Umweltschutz"],"articleSection":["SUSTAINABILITY"],"inLanguage":"it-IT"},{"@type":"WebPage","@id":"https:\/\/www.organisator.ch\/sustainability\/2017-02-17\/schweizer-halten-sich-fuer-umweltbewusst\/","url":"https:\/\/www.organisator.ch\/sustainability\/2017-02-17\/schweizer-halten-sich-fuer-umweltbewusst\/","name":"Gli svizzeri si considerano attenti all'ambiente - Organizzatore","isPartOf":{"@id":"https:\/\/www.organisator.ch\/#website"},"primaryImageOfPage":{"@id":"https:\/\/www.organisator.ch\/sustainability\/2017-02-17\/schweizer-halten-sich-fuer-umweltbewusst\/#primaryimage"},"image":{"@id":"https:\/\/www.organisator.ch\/sustainability\/2017-02-17\/schweizer-halten-sich-fuer-umweltbewusst\/#primaryimage"},"thumbnailUrl":"https:\/\/www.organisator.ch\/wp-content\/uploads\/2017\/02\/Depositphotos_59208609_l-2015.jpg","datePublished":"2017-02-17T08:54:32+00:00","dateModified":"2022-02-09T10:10:12+00:00","description":"Due terzi degli svizzeri si considerano attenti all'ambiente. In pratica, per\u00f2, le cose appaiono spesso diverse.","breadcrumb":{"@id":"https:\/\/www.organisator.ch\/sustainability\/2017-02-17\/schweizer-halten-sich-fuer-umweltbewusst\/#breadcrumb"},"inLanguage":"it-IT","potentialAction":[{"@type":"ReadAction","target":["https:\/\/www.organisator.ch\/sustainability\/2017-02-17\/schweizer-halten-sich-fuer-umweltbewusst\/"]}]},{"@type":"ImageObject","inLanguage":"it-IT","@id":"https:\/\/www.organisator.ch\/sustainability\/2017-02-17\/schweizer-halten-sich-fuer-umweltbewusst\/#primaryimage","url":"https:\/\/www.organisator.ch\/wp-content\/uploads\/2017\/02\/Depositphotos_59208609_l-2015.jpg","contentUrl":"https:\/\/www.organisator.ch\/wp-content\/uploads\/2017\/02\/Depositphotos_59208609_l-2015.jpg","width":2000,"height":1386,"caption":"Wenn es um die Wahl einer Immobilie geht, spielt das Thema Umwelt kaum eine Rolle."},{"@type":"BreadcrumbList","@id":"https:\/\/www.organisator.ch\/sustainability\/2017-02-17\/schweizer-halten-sich-fuer-umweltbewusst\/#breadcrumb","itemListElement":[{"@type":"ListItem","position":1,"name":"Home","item":"https:\/\/www.organisator.ch\/"},{"@type":"ListItem","position":2,"name":"Schweizer halten sich f\u00fcr umweltbewusst"}]},{"@type":"WebSite","@id":"https:\/\/www.organisator.ch\/#website","url":"https:\/\/www.organisator.ch\/","name":"Organizzatore","description":"Competente. Pratico. In 10 numeri all'anno, ORGANISATOR presenta i temi essenziali per i manager delle PMI.","publisher":{"@id":"https:\/\/www.organisator.ch\/#organization"},"potentialAction":[{"@type":"SearchAction","target":{"@type":"EntryPoint","urlTemplate":"https:\/\/www.organisator.ch\/?s={search_term_string}"},"query-input":{"@type":"PropertyValueSpecification","valueRequired":true,"valueName":"search_term_string"}}],"inLanguage":"it-IT"},{"@type":"Organization","@id":"https:\/\/www.organisator.ch\/#organization","name":"Organizzatore","url":"https:\/\/www.organisator.ch\/","logo":{"@type":"ImageObject","inLanguage":"it-IT","@id":"https:\/\/www.organisator.ch\/#\/schema\/logo\/image\/","url":"https:\/\/www.organisator.ch\/wp-content\/uploads\/2022\/01\/Logo_Organisator_Website.png","contentUrl":"https:\/\/www.organisator.ch\/wp-content\/uploads\/2022\/01\/Logo_Organisator_Website.png","width":800,"height":77,"caption":"Organisator"},"image":{"@id":"https:\/\/www.organisator.ch\/#\/schema\/logo\/image\/"},"sameAs":["https:\/\/www.facebook.com\/OrganisatorFachmagazin","https:\/\/www.linkedin.com\/showcase\/organisator-das-magazin-fr-kmu","https:\/\/www.xing.com\/news\/pages\/organisator-ch-695","https:\/\/www.youtube.com\/channel\/UCGP2Sq0iWaZwT3BdIAQFYpw"]},{"@type":"Person","@id":"https:\/\/www.organisator.ch\/#\/schema\/person\/aa2bace6c5c5aad60102004a50c4eb1c","name":"amministratore","image":{"@type":"ImageObject","inLanguage":"it-IT","@id":"https:\/\/secure.gravatar.com\/avatar\/ae2f4d718e6c49043e314ce431e7e645d646302a24a5ef5a8bc8e3f5a032e319?s=96&d=mm&r=g","url":"https:\/\/secure.gravatar.com\/avatar\/ae2f4d718e6c49043e314ce431e7e645d646302a24a5ef5a8bc8e3f5a032e319?s=96&d=mm&r=g","contentUrl":"https:\/\/secure.gravatar.com\/avatar\/ae2f4d718e6c49043e314ce431e7e645d646302a24a5ef5a8bc8e3f5a032e319?s=96&d=mm&r=g","caption":"admin"},"sameAs":["https:\/\/www.organisator.ch"],"url":"https:\/\/www.organisator.ch\/it\/author\/admin\/"}]}},"_links":{"self":[{"href":"https:\/\/www.organisator.ch\/it\/wp-json\/wp\/v2\/posts\/9986","targetHints":{"allow":["GET"]}}],"collection":[{"href":"https:\/\/www.organisator.ch\/it\/wp-json\/wp\/v2\/posts"}],"about":[{"href":"https:\/\/www.organisator.ch\/it\/wp-json\/wp\/v2\/types\/post"}],"author":[{"embeddable":true,"href":"https:\/\/www.organisator.ch\/it\/wp-json\/wp\/v2\/users\/1"}],"replies":[{"embeddable":true,"href":"https:\/\/www.organisator.ch\/it\/wp-json\/wp\/v2\/comments?post=9986"}],"version-history":[{"count":1,"href":"https:\/\/www.organisator.ch\/it\/wp-json\/wp\/v2\/posts\/9986\/revisions"}],"predecessor-version":[{"id":10950,"href":"https:\/\/www.organisator.ch\/it\/wp-json\/wp\/v2\/posts\/9986\/revisions\/10950"}],"wp:featuredmedia":[{"embeddable":true,"href":"https:\/\/www.organisator.ch\/it\/wp-json\/wp\/v2\/media\/731"}],"wp:attachment":[{"href":"https:\/\/www.organisator.ch\/it\/wp-json\/wp\/v2\/media?parent=9986"}],"wp:term":[{"taxonomy":"category","embeddable":true,"href":"https:\/\/www.organisator.ch\/it\/wp-json\/wp\/v2\/categories?post=9986"},{"taxonomy":"post_tag","embeddable":true,"href":"https:\/\/www.organisator.ch\/it\/wp-json\/wp\/v2\/tags?post=9986"}],"curies":[{"name":"wp","href":"https:\/\/api.w.org\/{rel}","templated":true}]}}