{"id":9992,"date":"2017-02-27T16:42:17","date_gmt":"2017-02-27T15:42:17","guid":{"rendered":"https:\/\/www.umweltperspektiven.ch\/?p=779"},"modified":"2022-02-09T11:10:12","modified_gmt":"2022-02-09T10:10:12","slug":"779-2","status":"publish","type":"post","link":"https:\/\/www.organisator.ch\/it\/sustainability\/2017-02-27\/779-2\/","title":{"rendered":"Divieto di pesce pescato illegalmente"},"content":{"rendered":"<figure id=\"attachment_780\" aria-describedby=\"caption-attachment-780\" style=\"width: 680px\" class=\"wp-caption alignnone\"><img loading=\"lazy\" decoding=\"async\" class=\"size-medium wp-image-780\" src=\"\/\/www.umweltperspektiven.ch\/wp-content\/uploads\/2017\/02\/Depositphotos_36704977_l-2015.jpg\" alt=\"\" width=\"680\" height=\"453\" \/><figcaption id=\"caption-attachment-780\" class=\"wp-caption-text\">Il pesce importato deve provenire da fonti legali a partire dal 1\u00b0 marzo 2017. Questo dovrebbe contribuire alla conservazione degli stock ittici.<\/figcaption><\/figure>\n<p>In futuro, solo i prodotti della pesca marittima la cui origine legale \u00e8 garantita potranno essere importati in Svizzera. Il 1\u00b0 marzo 2017 entrer\u00e0 in vigore un nuovo regolamento che intende contribuire all'uso sostenibile degli stock ittici mondiali.<\/p>\n<p>I prodotti interessati dal regolamento sul controllo dell'origine legale dei prodotti della pesca marittima importati sono il salmone del Pacifico e dell'Atlantico, le aringhe, il tonno, il merluzzo, i pesci piatti e altri prodotti della pesca marittima in forma fresca, refrigerata, congelata, salata, tritata, essiccata, affumicata o viva.<\/p>\n<p>La loro cattura deve rispettare le disposizioni legali nazionali e internazionali in vigore nei paesi esportatori, cos\u00ec come le misure di conservazione e le quote di cattura. Nell'Unione Europea, l'importazione di prodotti provenienti dalla pesca illegale, non dichiarata o non regolamentata (IUU) \u00e8 stata vietata dal 2010.<\/p>\n<p><strong>Controlli per i prodotti della pesca<\/strong><\/p>\n<p>Al fine di garantire che i prodotti della pesca marittima siano effettivamente di origine legale, l'Ufficio federale della sicurezza alimentare e di veterinaria (FSVO) effettuer\u00e0 dei controlli. Le consegne da paesi con un controllo ufficiale riconosciuto della pesca possono continuare ad essere importate senza ispezioni e tasse. Tutti i paesi che esportano prodotti della pesca possono presentare in qualsiasi momento una domanda all'FSVO per essere riconosciuti come uno stato con controllo ufficiale da parte delle autorit\u00e0.<\/p>\n<p><strong>Preservare le risorse<\/strong><\/p>\n<p>Queste misure sono destinate a contribuire alla conservazione sostenibile delle risorse ittiche. Oggi, diverse specie di pesci sono minacciate dalla pesca eccessiva, che pu\u00f2 portare al collasso degli stock. Prevenendo il commercio di prodotti ittici illegali, i paesi importatori possono dare un contributo significativo alla protezione degli stock ittici.<\/p>","protected":false},"excerpt":{"rendered":"<p>In Zukunft d\u00fcrfen nur noch Meeresfischereierzeugnisse in die Schweiz eingef\u00fchrt werden, deren rechtm\u00e4ssige Herkunft gew\u00e4hrleistet ist. Am 1. M\u00e4rz 2017 tritt eine neue Verordnung in Kraft, die zu einer nachhaltigen Nutzung der weltweiten Fischbest\u00e4nde beitragen soll. Betroffen von der Verordnung \u00fcber die Kontrolle der rechtm\u00e4ssigen Herkunft von eingef\u00fchrten Erzeugnissen der Meeresfischerei sind Pazifische und Atlantische [&hellip;]<\/p>\n","protected":false},"author":1,"featured_media":9472,"comment_status":"open","ping_status":"open","sticky":false,"template":"","format":"standard","meta":{"_acf_changed":false,"_yoast_wpseo_focuskw":"Fisch","_yoast_wpseo_metadesc":"Fischkonsum ohne schlechtes Gewissen: Ab 1. M\u00e4rz 2017 d\u00fcrfen nur noch Fische in die Schweiz importiert werden, die nachweislich legal gefischt wurden.","articlekey":"","footnotes":""},"categories":[580],"tags":[883,1180,1399,1605],"class_list":["post-9992","post","type-post","status-publish","format-standard","has-post-thumbnail","hentry","category-sustainability","tag-bund","tag-fisch","tag-import","tag-lebensmittel"],"acf":[],"yoast_head":"<!-- This site is optimized with the Yoast SEO plugin v27.4 - https:\/\/yoast.com\/product\/yoast-seo-wordpress\/ -->\n<title>Verbot f\u00fcr illegal gefangenen Fisch - Organisator<\/title>\n<meta name=\"description\" content=\"Fischkonsum ohne schlechtes Gewissen: Ab 1. M\u00e4rz 2017 d\u00fcrfen nur noch Fische in die Schweiz importiert werden, die nachweislich legal gefischt wurden.\" \/>\n<meta name=\"robots\" content=\"index, follow, max-snippet:-1, max-image-preview:large, max-video-preview:-1\" \/>\n<link rel=\"canonical\" href=\"https:\/\/www.organisator.ch\/it\/sostenibilita\/2017-02-27\/779-2\/\" \/>\n<meta property=\"og:locale\" content=\"it_IT\" \/>\n<meta property=\"og:type\" content=\"article\" \/>\n<meta property=\"og:title\" content=\"Verbot f\u00fcr illegal gefangenen Fisch - Organisator\" \/>\n<meta property=\"og:description\" content=\"Fischkonsum ohne schlechtes Gewissen: Ab 1. M\u00e4rz 2017 d\u00fcrfen nur noch Fische in die Schweiz importiert werden, die nachweislich legal gefischt wurden.\" \/>\n<meta property=\"og:url\" content=\"https:\/\/www.organisator.ch\/it\/sostenibilita\/2017-02-27\/779-2\/\" \/>\n<meta property=\"og:site_name\" content=\"Organisator\" \/>\n<meta property=\"article:publisher\" content=\"https:\/\/www.facebook.com\/OrganisatorFachmagazin\" \/>\n<meta property=\"article:published_time\" content=\"2017-02-27T15:42:17+00:00\" \/>\n<meta property=\"article:modified_time\" content=\"2022-02-09T10:10:12+00:00\" \/>\n<meta property=\"og:image\" content=\"https:\/\/www.organisator.ch\/wp-content\/uploads\/2017\/02\/Depositphotos_36704977_l-2015-1024x681.jpg\" \/>\n\t<meta property=\"og:image:width\" content=\"1024\" \/>\n\t<meta property=\"og:image:height\" content=\"681\" \/>\n\t<meta property=\"og:image:type\" content=\"image\/jpeg\" \/>\n<meta name=\"author\" content=\"admin\" \/>\n<meta name=\"twitter:card\" content=\"summary_large_image\" \/>\n<script type=\"application\/ld+json\" class=\"yoast-schema-graph\">{\"@context\":\"https:\\\/\\\/schema.org\",\"@graph\":[{\"@type\":\"Article\",\"@id\":\"https:\\\/\\\/www.organisator.ch\\\/sustainability\\\/2017-02-27\\\/779-2\\\/#article\",\"isPartOf\":{\"@id\":\"https:\\\/\\\/www.organisator.ch\\\/sustainability\\\/2017-02-27\\\/779-2\\\/\"},\"author\":{\"name\":\"admin\",\"@id\":\"https:\\\/\\\/www.organisator.ch\\\/#\\\/schema\\\/person\\\/aa2bace6c5c5aad60102004a50c4eb1c\"},\"headline\":\"Verbot f\u00fcr illegal gefangenen Fisch\",\"datePublished\":\"2017-02-27T15:42:17+00:00\",\"dateModified\":\"2022-02-09T10:10:12+00:00\",\"mainEntityOfPage\":{\"@id\":\"https:\\\/\\\/www.organisator.ch\\\/sustainability\\\/2017-02-27\\\/779-2\\\/\"},\"wordCount\":291,\"commentCount\":0,\"publisher\":{\"@id\":\"https:\\\/\\\/www.organisator.ch\\\/#organization\"},\"image\":{\"@id\":\"https:\\\/\\\/www.organisator.ch\\\/sustainability\\\/2017-02-27\\\/779-2\\\/#primaryimage\"},\"thumbnailUrl\":\"https:\\\/\\\/www.organisator.ch\\\/wp-content\\\/uploads\\\/2017\\\/02\\\/Depositphotos_36704977_l-2015.jpg\",\"keywords\":[\"Bund\",\"Fisch\",\"Import\",\"Lebensmittel\"],\"articleSection\":[\"SUSTAINABILITY\"],\"inLanguage\":\"it-IT\"},{\"@type\":\"WebPage\",\"@id\":\"https:\\\/\\\/www.organisator.ch\\\/sustainability\\\/2017-02-27\\\/779-2\\\/\",\"url\":\"https:\\\/\\\/www.organisator.ch\\\/sustainability\\\/2017-02-27\\\/779-2\\\/\",\"name\":\"Verbot f\u00fcr illegal gefangenen Fisch - Organisator\",\"isPartOf\":{\"@id\":\"https:\\\/\\\/www.organisator.ch\\\/#website\"},\"primaryImageOfPage\":{\"@id\":\"https:\\\/\\\/www.organisator.ch\\\/sustainability\\\/2017-02-27\\\/779-2\\\/#primaryimage\"},\"image\":{\"@id\":\"https:\\\/\\\/www.organisator.ch\\\/sustainability\\\/2017-02-27\\\/779-2\\\/#primaryimage\"},\"thumbnailUrl\":\"https:\\\/\\\/www.organisator.ch\\\/wp-content\\\/uploads\\\/2017\\\/02\\\/Depositphotos_36704977_l-2015.jpg\",\"datePublished\":\"2017-02-27T15:42:17+00:00\",\"dateModified\":\"2022-02-09T10:10:12+00:00\",\"description\":\"Fischkonsum ohne schlechtes Gewissen: Ab 1. M\u00e4rz 2017 d\u00fcrfen nur noch Fische in die Schweiz importiert werden, die nachweislich legal gefischt wurden.\",\"breadcrumb\":{\"@id\":\"https:\\\/\\\/www.organisator.ch\\\/sustainability\\\/2017-02-27\\\/779-2\\\/#breadcrumb\"},\"inLanguage\":\"it-IT\",\"potentialAction\":[{\"@type\":\"ReadAction\",\"target\":[\"https:\\\/\\\/www.organisator.ch\\\/sustainability\\\/2017-02-27\\\/779-2\\\/\"]}]},{\"@type\":\"ImageObject\",\"inLanguage\":\"it-IT\",\"@id\":\"https:\\\/\\\/www.organisator.ch\\\/sustainability\\\/2017-02-27\\\/779-2\\\/#primaryimage\",\"url\":\"https:\\\/\\\/www.organisator.ch\\\/wp-content\\\/uploads\\\/2017\\\/02\\\/Depositphotos_36704977_l-2015.jpg\",\"contentUrl\":\"https:\\\/\\\/www.organisator.ch\\\/wp-content\\\/uploads\\\/2017\\\/02\\\/Depositphotos_36704977_l-2015.jpg\",\"width\":2000,\"height\":1331,\"caption\":\"Importierter Fisch muss per 1. M\u00e4rz 2017 aus legaler Quelle stammen. Dies soll zur Ressourcenerhaltung der Fischbest\u00e4nde beitragen.\"},{\"@type\":\"BreadcrumbList\",\"@id\":\"https:\\\/\\\/www.organisator.ch\\\/sustainability\\\/2017-02-27\\\/779-2\\\/#breadcrumb\",\"itemListElement\":[{\"@type\":\"ListItem\",\"position\":1,\"name\":\"Home\",\"item\":\"https:\\\/\\\/www.organisator.ch\\\/\"},{\"@type\":\"ListItem\",\"position\":2,\"name\":\"Verbot f\u00fcr illegal gefangenen Fisch\"}]},{\"@type\":\"WebSite\",\"@id\":\"https:\\\/\\\/www.organisator.ch\\\/#website\",\"url\":\"https:\\\/\\\/www.organisator.ch\\\/\",\"name\":\"Organisator\",\"description\":\"Kompetent. Praxisnah. Der ORGANISATOR bereitet in 10 Ausgaben pro Jahr die wesentlichen Themen f\u00fcr F\u00fchrungskr\u00e4fte von KMU auf.\",\"publisher\":{\"@id\":\"https:\\\/\\\/www.organisator.ch\\\/#organization\"},\"potentialAction\":[{\"@type\":\"SearchAction\",\"target\":{\"@type\":\"EntryPoint\",\"urlTemplate\":\"https:\\\/\\\/www.organisator.ch\\\/?s={search_term_string}\"},\"query-input\":{\"@type\":\"PropertyValueSpecification\",\"valueRequired\":true,\"valueName\":\"search_term_string\"}}],\"inLanguage\":\"it-IT\"},{\"@type\":\"Organization\",\"@id\":\"https:\\\/\\\/www.organisator.ch\\\/#organization\",\"name\":\"Organisator\",\"url\":\"https:\\\/\\\/www.organisator.ch\\\/\",\"logo\":{\"@type\":\"ImageObject\",\"inLanguage\":\"it-IT\",\"@id\":\"https:\\\/\\\/www.organisator.ch\\\/#\\\/schema\\\/logo\\\/image\\\/\",\"url\":\"https:\\\/\\\/www.organisator.ch\\\/wp-content\\\/uploads\\\/2022\\\/01\\\/Logo_Organisator_Website.png\",\"contentUrl\":\"https:\\\/\\\/www.organisator.ch\\\/wp-content\\\/uploads\\\/2022\\\/01\\\/Logo_Organisator_Website.png\",\"width\":800,\"height\":77,\"caption\":\"Organisator\"},\"image\":{\"@id\":\"https:\\\/\\\/www.organisator.ch\\\/#\\\/schema\\\/logo\\\/image\\\/\"},\"sameAs\":[\"https:\\\/\\\/www.facebook.com\\\/OrganisatorFachmagazin\",\"https:\\\/\\\/www.linkedin.com\\\/showcase\\\/organisator-das-magazin-fr-kmu\",\"https:\\\/\\\/www.xing.com\\\/news\\\/pages\\\/organisator-ch-695\",\"https:\\\/\\\/www.youtube.com\\\/channel\\\/UCGP2Sq0iWaZwT3BdIAQFYpw\"]},{\"@type\":\"Person\",\"@id\":\"https:\\\/\\\/www.organisator.ch\\\/#\\\/schema\\\/person\\\/aa2bace6c5c5aad60102004a50c4eb1c\",\"name\":\"admin\",\"image\":{\"@type\":\"ImageObject\",\"inLanguage\":\"it-IT\",\"@id\":\"https:\\\/\\\/secure.gravatar.com\\\/avatar\\\/ae2f4d718e6c49043e314ce431e7e645d646302a24a5ef5a8bc8e3f5a032e319?s=96&d=mm&r=g\",\"url\":\"https:\\\/\\\/secure.gravatar.com\\\/avatar\\\/ae2f4d718e6c49043e314ce431e7e645d646302a24a5ef5a8bc8e3f5a032e319?s=96&d=mm&r=g\",\"contentUrl\":\"https:\\\/\\\/secure.gravatar.com\\\/avatar\\\/ae2f4d718e6c49043e314ce431e7e645d646302a24a5ef5a8bc8e3f5a032e319?s=96&d=mm&r=g\",\"caption\":\"admin\"},\"sameAs\":[\"https:\\\/\\\/www.organisator.ch\"],\"url\":\"https:\\\/\\\/www.organisator.ch\\\/it\\\/author\\\/admin\\\/\"}]}<\/script>\n<!-- \/ Yoast SEO plugin. -->","yoast_head_json":{"title":"Divieto di pesca illegale - Organizzatore","description":"Consumo di pesce senza coscienza sporca: Dal 1\u00b0 marzo 2017, solo il pesce che pu\u00f2 essere provato di essere stato pescato legalmente pu\u00f2 essere importato in Svizzera.","robots":{"index":"index","follow":"follow","max-snippet":"max-snippet:-1","max-image-preview":"max-image-preview:large","max-video-preview":"max-video-preview:-1"},"canonical":"https:\/\/www.organisator.ch\/it\/sostenibilita\/2017-02-27\/779-2\/","og_locale":"it_IT","og_type":"article","og_title":"Verbot f\u00fcr illegal gefangenen Fisch - Organisator","og_description":"Fischkonsum ohne schlechtes Gewissen: Ab 1. M\u00e4rz 2017 d\u00fcrfen nur noch Fische in die Schweiz importiert werden, die nachweislich legal gefischt wurden.","og_url":"https:\/\/www.organisator.ch\/it\/sostenibilita\/2017-02-27\/779-2\/","og_site_name":"Organisator","article_publisher":"https:\/\/www.facebook.com\/OrganisatorFachmagazin","article_published_time":"2017-02-27T15:42:17+00:00","article_modified_time":"2022-02-09T10:10:12+00:00","og_image":[{"width":1024,"height":681,"url":"https:\/\/www.organisator.ch\/wp-content\/uploads\/2017\/02\/Depositphotos_36704977_l-2015-1024x681.jpg","type":"image\/jpeg"}],"author":"admin","twitter_card":"summary_large_image","schema":{"@context":"https:\/\/schema.org","@graph":[{"@type":"Article","@id":"https:\/\/www.organisator.ch\/sustainability\/2017-02-27\/779-2\/#article","isPartOf":{"@id":"https:\/\/www.organisator.ch\/sustainability\/2017-02-27\/779-2\/"},"author":{"name":"admin","@id":"https:\/\/www.organisator.ch\/#\/schema\/person\/aa2bace6c5c5aad60102004a50c4eb1c"},"headline":"Verbot f\u00fcr illegal gefangenen Fisch","datePublished":"2017-02-27T15:42:17+00:00","dateModified":"2022-02-09T10:10:12+00:00","mainEntityOfPage":{"@id":"https:\/\/www.organisator.ch\/sustainability\/2017-02-27\/779-2\/"},"wordCount":291,"commentCount":0,"publisher":{"@id":"https:\/\/www.organisator.ch\/#organization"},"image":{"@id":"https:\/\/www.organisator.ch\/sustainability\/2017-02-27\/779-2\/#primaryimage"},"thumbnailUrl":"https:\/\/www.organisator.ch\/wp-content\/uploads\/2017\/02\/Depositphotos_36704977_l-2015.jpg","keywords":["Bund","Fisch","Import","Lebensmittel"],"articleSection":["SUSTAINABILITY"],"inLanguage":"it-IT"},{"@type":"WebPage","@id":"https:\/\/www.organisator.ch\/sustainability\/2017-02-27\/779-2\/","url":"https:\/\/www.organisator.ch\/sustainability\/2017-02-27\/779-2\/","name":"Divieto di pesca illegale - Organizzatore","isPartOf":{"@id":"https:\/\/www.organisator.ch\/#website"},"primaryImageOfPage":{"@id":"https:\/\/www.organisator.ch\/sustainability\/2017-02-27\/779-2\/#primaryimage"},"image":{"@id":"https:\/\/www.organisator.ch\/sustainability\/2017-02-27\/779-2\/#primaryimage"},"thumbnailUrl":"https:\/\/www.organisator.ch\/wp-content\/uploads\/2017\/02\/Depositphotos_36704977_l-2015.jpg","datePublished":"2017-02-27T15:42:17+00:00","dateModified":"2022-02-09T10:10:12+00:00","description":"Consumo di pesce senza coscienza sporca: Dal 1\u00b0 marzo 2017, solo il pesce che pu\u00f2 essere provato di essere stato pescato legalmente pu\u00f2 essere importato in Svizzera.","breadcrumb":{"@id":"https:\/\/www.organisator.ch\/sustainability\/2017-02-27\/779-2\/#breadcrumb"},"inLanguage":"it-IT","potentialAction":[{"@type":"ReadAction","target":["https:\/\/www.organisator.ch\/sustainability\/2017-02-27\/779-2\/"]}]},{"@type":"ImageObject","inLanguage":"it-IT","@id":"https:\/\/www.organisator.ch\/sustainability\/2017-02-27\/779-2\/#primaryimage","url":"https:\/\/www.organisator.ch\/wp-content\/uploads\/2017\/02\/Depositphotos_36704977_l-2015.jpg","contentUrl":"https:\/\/www.organisator.ch\/wp-content\/uploads\/2017\/02\/Depositphotos_36704977_l-2015.jpg","width":2000,"height":1331,"caption":"Importierter Fisch muss per 1. M\u00e4rz 2017 aus legaler Quelle stammen. Dies soll zur Ressourcenerhaltung der Fischbest\u00e4nde beitragen."},{"@type":"BreadcrumbList","@id":"https:\/\/www.organisator.ch\/sustainability\/2017-02-27\/779-2\/#breadcrumb","itemListElement":[{"@type":"ListItem","position":1,"name":"Home","item":"https:\/\/www.organisator.ch\/"},{"@type":"ListItem","position":2,"name":"Verbot f\u00fcr illegal gefangenen Fisch"}]},{"@type":"WebSite","@id":"https:\/\/www.organisator.ch\/#website","url":"https:\/\/www.organisator.ch\/","name":"Organizzatore","description":"Competente. Pratico. In 10 numeri all'anno, ORGANISATOR presenta i temi essenziali per i manager delle PMI.","publisher":{"@id":"https:\/\/www.organisator.ch\/#organization"},"potentialAction":[{"@type":"SearchAction","target":{"@type":"EntryPoint","urlTemplate":"https:\/\/www.organisator.ch\/?s={search_term_string}"},"query-input":{"@type":"PropertyValueSpecification","valueRequired":true,"valueName":"search_term_string"}}],"inLanguage":"it-IT"},{"@type":"Organization","@id":"https:\/\/www.organisator.ch\/#organization","name":"Organizzatore","url":"https:\/\/www.organisator.ch\/","logo":{"@type":"ImageObject","inLanguage":"it-IT","@id":"https:\/\/www.organisator.ch\/#\/schema\/logo\/image\/","url":"https:\/\/www.organisator.ch\/wp-content\/uploads\/2022\/01\/Logo_Organisator_Website.png","contentUrl":"https:\/\/www.organisator.ch\/wp-content\/uploads\/2022\/01\/Logo_Organisator_Website.png","width":800,"height":77,"caption":"Organisator"},"image":{"@id":"https:\/\/www.organisator.ch\/#\/schema\/logo\/image\/"},"sameAs":["https:\/\/www.facebook.com\/OrganisatorFachmagazin","https:\/\/www.linkedin.com\/showcase\/organisator-das-magazin-fr-kmu","https:\/\/www.xing.com\/news\/pages\/organisator-ch-695","https:\/\/www.youtube.com\/channel\/UCGP2Sq0iWaZwT3BdIAQFYpw"]},{"@type":"Person","@id":"https:\/\/www.organisator.ch\/#\/schema\/person\/aa2bace6c5c5aad60102004a50c4eb1c","name":"amministratore","image":{"@type":"ImageObject","inLanguage":"it-IT","@id":"https:\/\/secure.gravatar.com\/avatar\/ae2f4d718e6c49043e314ce431e7e645d646302a24a5ef5a8bc8e3f5a032e319?s=96&d=mm&r=g","url":"https:\/\/secure.gravatar.com\/avatar\/ae2f4d718e6c49043e314ce431e7e645d646302a24a5ef5a8bc8e3f5a032e319?s=96&d=mm&r=g","contentUrl":"https:\/\/secure.gravatar.com\/avatar\/ae2f4d718e6c49043e314ce431e7e645d646302a24a5ef5a8bc8e3f5a032e319?s=96&d=mm&r=g","caption":"admin"},"sameAs":["https:\/\/www.organisator.ch"],"url":"https:\/\/www.organisator.ch\/it\/author\/admin\/"}]}},"_links":{"self":[{"href":"https:\/\/www.organisator.ch\/it\/wp-json\/wp\/v2\/posts\/9992","targetHints":{"allow":["GET"]}}],"collection":[{"href":"https:\/\/www.organisator.ch\/it\/wp-json\/wp\/v2\/posts"}],"about":[{"href":"https:\/\/www.organisator.ch\/it\/wp-json\/wp\/v2\/types\/post"}],"author":[{"embeddable":true,"href":"https:\/\/www.organisator.ch\/it\/wp-json\/wp\/v2\/users\/1"}],"replies":[{"embeddable":true,"href":"https:\/\/www.organisator.ch\/it\/wp-json\/wp\/v2\/comments?post=9992"}],"version-history":[{"count":1,"href":"https:\/\/www.organisator.ch\/it\/wp-json\/wp\/v2\/posts\/9992\/revisions"}],"predecessor-version":[{"id":10946,"href":"https:\/\/www.organisator.ch\/it\/wp-json\/wp\/v2\/posts\/9992\/revisions\/10946"}],"wp:featuredmedia":[{"embeddable":true,"href":"https:\/\/www.organisator.ch\/it\/wp-json\/wp\/v2\/media\/9472"}],"wp:attachment":[{"href":"https:\/\/www.organisator.ch\/it\/wp-json\/wp\/v2\/media?parent=9992"}],"wp:term":[{"taxonomy":"category","embeddable":true,"href":"https:\/\/www.organisator.ch\/it\/wp-json\/wp\/v2\/categories?post=9992"},{"taxonomy":"post_tag","embeddable":true,"href":"https:\/\/www.organisator.ch\/it\/wp-json\/wp\/v2\/tags?post=9992"}],"curies":[{"name":"wp","href":"https:\/\/api.w.org\/{rel}","templated":true}]}}