{"id":9994,"date":"2017-02-28T10:48:51","date_gmt":"2017-02-28T09:48:51","guid":{"rendered":"https:\/\/www.umweltperspektiven.ch\/?p=787"},"modified":"2022-02-09T11:10:12","modified_gmt":"2022-02-09T10:10:12","slug":"gesucht-innovative-mobilitaetsprojekte","status":"publish","type":"post","link":"https:\/\/www.organisator.ch\/it\/sustainability\/2017-02-28\/gesucht-innovative-mobilitaetsprojekte\/","title":{"rendered":"Cercasi: Progetti innovativi di mobilit\u00e0"},"content":{"rendered":"<p>Progetti pilota e dimostrativi per la mobilit\u00e0 combinata dei passeggeri, nuove forme di servizio per il trasporto privato motorizzato, il trasporto pubblico e il trasporto non motorizzato, cos\u00ec come progetti con misure orientate alla domanda e approcci innovativi: In queste tre categorie, il <a href=\"\/\/www.energieschweiz.ch\/page\/de-ch\/innovative-mobilitaetsprojekte\">Ufficio di coordinamento per la mobilit\u00e0 sostenibile KOMO <\/a>accetta ancora candidature di progetti fino al 30 aprile.  KOMO promuove lo sviluppo e l'implementazione di nuove idee per forme e offerte lungimiranti di mobilit\u00e0; per esempio con il finanziamento di start-up o il sostegno finanziario per l'espansione di un progetto.<\/p>\n<p>KOMO \u00e8 sostenuta dagli uffici federali ARE, USTRA, UFAM, UFSP, UFT e UFE. L'ufficio di coordinamento ha sostituito il Centro di servizi per la mobilit\u00e0 innovativa e sostenibile (DZM) nel gennaio 2016 e da allora ha assunto i suoi compiti.<\/p>\n<p><strong>Trova i progetti attuali<\/strong><\/p>\n<p>A <a href=\"\/\/www.energieschweiz.ch\/page\/de-ch\/komo-projektueberblick?nossl=true\">mappa interattiva<\/a> fornisce una panoramica di tutti i progetti di mobilit\u00e0 che sono attualmente supportati da KOMO o che sono gi\u00e0 stati completati.  Tra questi, il progetto MIWO 2, che si occupa della gestione della mobilit\u00e0 nei quartieri residenziali; un progetto di car pooling e car sharing nel Canton Ticino; o un progetto della Fondazione svizzera per il cuore, che mira a migliorare la salute della popolazione sostenendo il traffico non motorizzato.<\/p>\n<p><strong>Sistemi di trasporto intelligenti<\/strong><\/p>\n<p>Quest'anno, l'attenzione si concentra su progetti che coinvolgono sistemi e servizi di trasporto intelligenti. Questi progetti avranno la priorit\u00e0. Includono progetti che mettono in rete diversi modi di trasporto, servizi di informazione sul traffico e di navigazione, progetti che migliorano la base di dati e l'uso per la mobilit\u00e0 sostenibile, o soluzioni logistiche intelligenti e basate sull'IT per ridurre il traffico merci.<\/p>\n<p>Ma anche le presentazioni di progetti su argomenti aperti sono benvenute. In particolare, si cercano approcci e progetti innovativi che mirino a un uso sostenibile e pi\u00f9 efficiente delle capacit\u00e0 esistenti e delle risorse naturali, che facilitino gli interscambi, che colmino le lacune nella catena della mobilit\u00e0 o che consentano nuove soluzioni di trasporto intermodale.<\/p>\n<p>I progetti devono avere costi totali di almeno 50.000 franchi svizzeri, avere un obiettivo a lungo termine ed essere in grado di dimostrare una gestione trasparente del progetto. Un altro criterio importante \u00e8 un potenziale di impatto nazionale o almeno di moltiplicazione e diffusione.<\/p>\n<p>Maggiori informazioni possono essere trovate nel <a href=\"\/\/www.bfe.admin.ch\/php\/modules\/publikationen\/stream.php?extlang=de&amp;name=de_8695410.pdf\">Invito a presentare progetti<\/a>.<\/p>","protected":false},"excerpt":{"rendered":"<p>Pilot- und Demonstrationsprojekte der kombinierten Personenmobilit\u00e4t, neue Angebotsformen f\u00fcr den motorisierten Individualverkehr, den \u00f6ffentlichen Verkehr und den Langsamverkehr sowie Projekte mit nachfrageorientierten Massnahmen und innovativen L\u00f6suungsans\u00e4tzen: In diesen drei Kategorien nimmt die Koordinationsstelle f\u00fcr nachhaltige Mobilit\u00e4t KOMO noch bis zum 30. April Projekteingaben an.\u00a0 KOMO f\u00f6rdert die Entwicklung und Umsetzung neuer Ideen f\u00fcr zukunftsweisende Mobilit\u00e4tsformen [&hellip;]<\/p>\n","protected":false},"author":1,"featured_media":9473,"comment_status":"open","ping_status":"open","sticky":false,"template":"","format":"standard","meta":{"_acf_changed":false,"_yoast_wpseo_focuskw":"Mobilit\u00e4tsprojekte","_yoast_wpseo_metadesc":"Die Koordinationsstelle f\u00fcr nachhaltige Mobilit\u00e4t KOMO sucht Projekte, die neue Ideen f\u00fcr zukunftsweisende Mobilit\u00e4tsformen und -angebote umsetzen wollen.","articlekey":"","footnotes":""},"categories":[580],"tags":[736,1549,1727,1775],"class_list":["post-9994","post","type-post","status-publish","format-standard","has-post-thumbnail","hentry","category-sustainability","tag-astra","tag-komo","tag-mobilitaetsmanagement","tag-nachhaltiger-verkehr"],"acf":[],"yoast_head":"<!-- This site is optimized with the Yoast SEO plugin v27.5 - https:\/\/yoast.com\/product\/yoast-seo-wordpress\/ -->\n<title>Gesucht: Innovative Mobilit\u00e4tsprojekte - Organisator<\/title>\n<meta name=\"description\" content=\"Die Koordinationsstelle f\u00fcr nachhaltige Mobilit\u00e4t KOMO sucht Projekte, die neue Ideen f\u00fcr zukunftsweisende Mobilit\u00e4tsformen und -angebote umsetzen wollen.\" \/>\n<meta name=\"robots\" content=\"index, follow, max-snippet:-1, max-image-preview:large, max-video-preview:-1\" \/>\n<link rel=\"canonical\" href=\"https:\/\/www.organisator.ch\/it\/sostenibilita\/2017-02-28\/gesucht-innovative-mobilitaetsprojekte\/\" \/>\n<meta property=\"og:locale\" content=\"it_IT\" \/>\n<meta property=\"og:type\" content=\"article\" \/>\n<meta property=\"og:title\" content=\"Gesucht: Innovative Mobilit\u00e4tsprojekte - Organisator\" \/>\n<meta property=\"og:description\" content=\"Die Koordinationsstelle f\u00fcr nachhaltige Mobilit\u00e4t KOMO sucht Projekte, die neue Ideen f\u00fcr zukunftsweisende Mobilit\u00e4tsformen und -angebote umsetzen wollen.\" \/>\n<meta property=\"og:url\" content=\"https:\/\/www.organisator.ch\/it\/sostenibilita\/2017-02-28\/gesucht-innovative-mobilitaetsprojekte\/\" \/>\n<meta property=\"og:site_name\" content=\"Organisator\" \/>\n<meta property=\"article:publisher\" content=\"https:\/\/www.facebook.com\/OrganisatorFachmagazin\" \/>\n<meta property=\"article:published_time\" content=\"2017-02-28T09:48:51+00:00\" \/>\n<meta property=\"article:modified_time\" content=\"2022-02-09T10:10:12+00:00\" \/>\n<meta property=\"og:image\" content=\"https:\/\/www.organisator.ch\/wp-content\/uploads\/2017\/02\/Depositphotos_128677098_l-2015-1024x682.jpg\" \/>\n\t<meta property=\"og:image:width\" content=\"1024\" \/>\n\t<meta property=\"og:image:height\" content=\"682\" \/>\n\t<meta property=\"og:image:type\" content=\"image\/jpeg\" \/>\n<meta name=\"author\" content=\"admin\" \/>\n<meta name=\"twitter:card\" content=\"summary_large_image\" \/>\n<script type=\"application\/ld+json\" class=\"yoast-schema-graph\">{\"@context\":\"https:\\\/\\\/schema.org\",\"@graph\":[{\"@type\":\"Article\",\"@id\":\"https:\\\/\\\/www.organisator.ch\\\/sustainability\\\/2017-02-28\\\/gesucht-innovative-mobilitaetsprojekte\\\/#article\",\"isPartOf\":{\"@id\":\"https:\\\/\\\/www.organisator.ch\\\/sustainability\\\/2017-02-28\\\/gesucht-innovative-mobilitaetsprojekte\\\/\"},\"author\":{\"name\":\"admin\",\"@id\":\"https:\\\/\\\/www.organisator.ch\\\/#\\\/schema\\\/person\\\/aa2bace6c5c5aad60102004a50c4eb1c\"},\"headline\":\"Gesucht: Innovative Mobilit\u00e4tsprojekte\",\"datePublished\":\"2017-02-28T09:48:51+00:00\",\"dateModified\":\"2022-02-09T10:10:12+00:00\",\"mainEntityOfPage\":{\"@id\":\"https:\\\/\\\/www.organisator.ch\\\/sustainability\\\/2017-02-28\\\/gesucht-innovative-mobilitaetsprojekte\\\/\"},\"wordCount\":334,\"commentCount\":0,\"publisher\":{\"@id\":\"https:\\\/\\\/www.organisator.ch\\\/#organization\"},\"image\":{\"@id\":\"https:\\\/\\\/www.organisator.ch\\\/sustainability\\\/2017-02-28\\\/gesucht-innovative-mobilitaetsprojekte\\\/#primaryimage\"},\"thumbnailUrl\":\"https:\\\/\\\/www.organisator.ch\\\/wp-content\\\/uploads\\\/2017\\\/02\\\/Depositphotos_128677098_l-2015.jpg\",\"keywords\":[\"ASTRA\",\"KOMO\",\"Mobilit\u00e4tsmanagement\",\"Nachhaltiger Verkehr\"],\"articleSection\":[\"SUSTAINABILITY\"],\"inLanguage\":\"it-IT\"},{\"@type\":\"WebPage\",\"@id\":\"https:\\\/\\\/www.organisator.ch\\\/sustainability\\\/2017-02-28\\\/gesucht-innovative-mobilitaetsprojekte\\\/\",\"url\":\"https:\\\/\\\/www.organisator.ch\\\/sustainability\\\/2017-02-28\\\/gesucht-innovative-mobilitaetsprojekte\\\/\",\"name\":\"Gesucht: Innovative Mobilit\u00e4tsprojekte - Organisator\",\"isPartOf\":{\"@id\":\"https:\\\/\\\/www.organisator.ch\\\/#website\"},\"primaryImageOfPage\":{\"@id\":\"https:\\\/\\\/www.organisator.ch\\\/sustainability\\\/2017-02-28\\\/gesucht-innovative-mobilitaetsprojekte\\\/#primaryimage\"},\"image\":{\"@id\":\"https:\\\/\\\/www.organisator.ch\\\/sustainability\\\/2017-02-28\\\/gesucht-innovative-mobilitaetsprojekte\\\/#primaryimage\"},\"thumbnailUrl\":\"https:\\\/\\\/www.organisator.ch\\\/wp-content\\\/uploads\\\/2017\\\/02\\\/Depositphotos_128677098_l-2015.jpg\",\"datePublished\":\"2017-02-28T09:48:51+00:00\",\"dateModified\":\"2022-02-09T10:10:12+00:00\",\"description\":\"Die Koordinationsstelle f\u00fcr nachhaltige Mobilit\u00e4t KOMO sucht Projekte, die neue Ideen f\u00fcr zukunftsweisende Mobilit\u00e4tsformen und -angebote umsetzen wollen.\",\"breadcrumb\":{\"@id\":\"https:\\\/\\\/www.organisator.ch\\\/sustainability\\\/2017-02-28\\\/gesucht-innovative-mobilitaetsprojekte\\\/#breadcrumb\"},\"inLanguage\":\"it-IT\",\"potentialAction\":[{\"@type\":\"ReadAction\",\"target\":[\"https:\\\/\\\/www.organisator.ch\\\/sustainability\\\/2017-02-28\\\/gesucht-innovative-mobilitaetsprojekte\\\/\"]}]},{\"@type\":\"ImageObject\",\"inLanguage\":\"it-IT\",\"@id\":\"https:\\\/\\\/www.organisator.ch\\\/sustainability\\\/2017-02-28\\\/gesucht-innovative-mobilitaetsprojekte\\\/#primaryimage\",\"url\":\"https:\\\/\\\/www.organisator.ch\\\/wp-content\\\/uploads\\\/2017\\\/02\\\/Depositphotos_128677098_l-2015.jpg\",\"contentUrl\":\"https:\\\/\\\/www.organisator.ch\\\/wp-content\\\/uploads\\\/2017\\\/02\\\/Depositphotos_128677098_l-2015.jpg\",\"width\":2000,\"height\":1333,\"caption\":\"Gesucht sind insbesondere Projekte, die sich um intelligent Transportsysteme und -services drehen.\"},{\"@type\":\"BreadcrumbList\",\"@id\":\"https:\\\/\\\/www.organisator.ch\\\/sustainability\\\/2017-02-28\\\/gesucht-innovative-mobilitaetsprojekte\\\/#breadcrumb\",\"itemListElement\":[{\"@type\":\"ListItem\",\"position\":1,\"name\":\"Home\",\"item\":\"https:\\\/\\\/www.organisator.ch\\\/\"},{\"@type\":\"ListItem\",\"position\":2,\"name\":\"Gesucht: Innovative Mobilit\u00e4tsprojekte\"}]},{\"@type\":\"WebSite\",\"@id\":\"https:\\\/\\\/www.organisator.ch\\\/#website\",\"url\":\"https:\\\/\\\/www.organisator.ch\\\/\",\"name\":\"Organisator\",\"description\":\"Kompetent. Praxisnah. Der ORGANISATOR bereitet in 10 Ausgaben pro Jahr die wesentlichen Themen f\u00fcr F\u00fchrungskr\u00e4fte von KMU auf.\",\"publisher\":{\"@id\":\"https:\\\/\\\/www.organisator.ch\\\/#organization\"},\"potentialAction\":[{\"@type\":\"SearchAction\",\"target\":{\"@type\":\"EntryPoint\",\"urlTemplate\":\"https:\\\/\\\/www.organisator.ch\\\/?s={search_term_string}\"},\"query-input\":{\"@type\":\"PropertyValueSpecification\",\"valueRequired\":true,\"valueName\":\"search_term_string\"}}],\"inLanguage\":\"it-IT\"},{\"@type\":\"Organization\",\"@id\":\"https:\\\/\\\/www.organisator.ch\\\/#organization\",\"name\":\"Organisator\",\"url\":\"https:\\\/\\\/www.organisator.ch\\\/\",\"logo\":{\"@type\":\"ImageObject\",\"inLanguage\":\"it-IT\",\"@id\":\"https:\\\/\\\/www.organisator.ch\\\/#\\\/schema\\\/logo\\\/image\\\/\",\"url\":\"https:\\\/\\\/www.organisator.ch\\\/wp-content\\\/uploads\\\/2022\\\/01\\\/Logo_Organisator_Website.png\",\"contentUrl\":\"https:\\\/\\\/www.organisator.ch\\\/wp-content\\\/uploads\\\/2022\\\/01\\\/Logo_Organisator_Website.png\",\"width\":800,\"height\":77,\"caption\":\"Organisator\"},\"image\":{\"@id\":\"https:\\\/\\\/www.organisator.ch\\\/#\\\/schema\\\/logo\\\/image\\\/\"},\"sameAs\":[\"https:\\\/\\\/www.facebook.com\\\/OrganisatorFachmagazin\",\"https:\\\/\\\/www.linkedin.com\\\/showcase\\\/organisator-das-magazin-fr-kmu\",\"https:\\\/\\\/www.xing.com\\\/news\\\/pages\\\/organisator-ch-695\",\"https:\\\/\\\/www.youtube.com\\\/channel\\\/UCGP2Sq0iWaZwT3BdIAQFYpw\"]},{\"@type\":\"Person\",\"@id\":\"https:\\\/\\\/www.organisator.ch\\\/#\\\/schema\\\/person\\\/aa2bace6c5c5aad60102004a50c4eb1c\",\"name\":\"admin\",\"image\":{\"@type\":\"ImageObject\",\"inLanguage\":\"it-IT\",\"@id\":\"https:\\\/\\\/secure.gravatar.com\\\/avatar\\\/ae2f4d718e6c49043e314ce431e7e645d646302a24a5ef5a8bc8e3f5a032e319?s=96&d=mm&r=g\",\"url\":\"https:\\\/\\\/secure.gravatar.com\\\/avatar\\\/ae2f4d718e6c49043e314ce431e7e645d646302a24a5ef5a8bc8e3f5a032e319?s=96&d=mm&r=g\",\"contentUrl\":\"https:\\\/\\\/secure.gravatar.com\\\/avatar\\\/ae2f4d718e6c49043e314ce431e7e645d646302a24a5ef5a8bc8e3f5a032e319?s=96&d=mm&r=g\",\"caption\":\"admin\"},\"sameAs\":[\"https:\\\/\\\/www.organisator.ch\"],\"url\":\"https:\\\/\\\/www.organisator.ch\\\/it\\\/author\\\/admin\\\/\"}]}<\/script>\n<!-- \/ Yoast SEO plugin. -->","yoast_head_json":{"title":"Ricercato: Progetti di mobilit\u00e0 innovativi - Organizzatore","description":"L'ufficio di coordinamento per la mobilit\u00e0 sostenibile KOMO \u00e8 alla ricerca di progetti che vogliono implementare nuove idee per forme e offerte di mobilit\u00e0 orientate al futuro.","robots":{"index":"index","follow":"follow","max-snippet":"max-snippet:-1","max-image-preview":"max-image-preview:large","max-video-preview":"max-video-preview:-1"},"canonical":"https:\/\/www.organisator.ch\/it\/sostenibilita\/2017-02-28\/gesucht-innovative-mobilitaetsprojekte\/","og_locale":"it_IT","og_type":"article","og_title":"Gesucht: Innovative Mobilit\u00e4tsprojekte - Organisator","og_description":"Die Koordinationsstelle f\u00fcr nachhaltige Mobilit\u00e4t KOMO sucht Projekte, die neue Ideen f\u00fcr zukunftsweisende Mobilit\u00e4tsformen und -angebote umsetzen wollen.","og_url":"https:\/\/www.organisator.ch\/it\/sostenibilita\/2017-02-28\/gesucht-innovative-mobilitaetsprojekte\/","og_site_name":"Organisator","article_publisher":"https:\/\/www.facebook.com\/OrganisatorFachmagazin","article_published_time":"2017-02-28T09:48:51+00:00","article_modified_time":"2022-02-09T10:10:12+00:00","og_image":[{"width":1024,"height":682,"url":"https:\/\/www.organisator.ch\/wp-content\/uploads\/2017\/02\/Depositphotos_128677098_l-2015-1024x682.jpg","type":"image\/jpeg"}],"author":"admin","twitter_card":"summary_large_image","schema":{"@context":"https:\/\/schema.org","@graph":[{"@type":"Article","@id":"https:\/\/www.organisator.ch\/sustainability\/2017-02-28\/gesucht-innovative-mobilitaetsprojekte\/#article","isPartOf":{"@id":"https:\/\/www.organisator.ch\/sustainability\/2017-02-28\/gesucht-innovative-mobilitaetsprojekte\/"},"author":{"name":"admin","@id":"https:\/\/www.organisator.ch\/#\/schema\/person\/aa2bace6c5c5aad60102004a50c4eb1c"},"headline":"Gesucht: Innovative Mobilit\u00e4tsprojekte","datePublished":"2017-02-28T09:48:51+00:00","dateModified":"2022-02-09T10:10:12+00:00","mainEntityOfPage":{"@id":"https:\/\/www.organisator.ch\/sustainability\/2017-02-28\/gesucht-innovative-mobilitaetsprojekte\/"},"wordCount":334,"commentCount":0,"publisher":{"@id":"https:\/\/www.organisator.ch\/#organization"},"image":{"@id":"https:\/\/www.organisator.ch\/sustainability\/2017-02-28\/gesucht-innovative-mobilitaetsprojekte\/#primaryimage"},"thumbnailUrl":"https:\/\/www.organisator.ch\/wp-content\/uploads\/2017\/02\/Depositphotos_128677098_l-2015.jpg","keywords":["ASTRA","KOMO","Mobilit\u00e4tsmanagement","Nachhaltiger Verkehr"],"articleSection":["SUSTAINABILITY"],"inLanguage":"it-IT"},{"@type":"WebPage","@id":"https:\/\/www.organisator.ch\/sustainability\/2017-02-28\/gesucht-innovative-mobilitaetsprojekte\/","url":"https:\/\/www.organisator.ch\/sustainability\/2017-02-28\/gesucht-innovative-mobilitaetsprojekte\/","name":"Ricercato: Progetti di mobilit\u00e0 innovativi - Organizzatore","isPartOf":{"@id":"https:\/\/www.organisator.ch\/#website"},"primaryImageOfPage":{"@id":"https:\/\/www.organisator.ch\/sustainability\/2017-02-28\/gesucht-innovative-mobilitaetsprojekte\/#primaryimage"},"image":{"@id":"https:\/\/www.organisator.ch\/sustainability\/2017-02-28\/gesucht-innovative-mobilitaetsprojekte\/#primaryimage"},"thumbnailUrl":"https:\/\/www.organisator.ch\/wp-content\/uploads\/2017\/02\/Depositphotos_128677098_l-2015.jpg","datePublished":"2017-02-28T09:48:51+00:00","dateModified":"2022-02-09T10:10:12+00:00","description":"L'ufficio di coordinamento per la mobilit\u00e0 sostenibile KOMO \u00e8 alla ricerca di progetti che vogliono implementare nuove idee per forme e offerte di mobilit\u00e0 orientate al futuro.","breadcrumb":{"@id":"https:\/\/www.organisator.ch\/sustainability\/2017-02-28\/gesucht-innovative-mobilitaetsprojekte\/#breadcrumb"},"inLanguage":"it-IT","potentialAction":[{"@type":"ReadAction","target":["https:\/\/www.organisator.ch\/sustainability\/2017-02-28\/gesucht-innovative-mobilitaetsprojekte\/"]}]},{"@type":"ImageObject","inLanguage":"it-IT","@id":"https:\/\/www.organisator.ch\/sustainability\/2017-02-28\/gesucht-innovative-mobilitaetsprojekte\/#primaryimage","url":"https:\/\/www.organisator.ch\/wp-content\/uploads\/2017\/02\/Depositphotos_128677098_l-2015.jpg","contentUrl":"https:\/\/www.organisator.ch\/wp-content\/uploads\/2017\/02\/Depositphotos_128677098_l-2015.jpg","width":2000,"height":1333,"caption":"Gesucht sind insbesondere Projekte, die sich um intelligent Transportsysteme und -services drehen."},{"@type":"BreadcrumbList","@id":"https:\/\/www.organisator.ch\/sustainability\/2017-02-28\/gesucht-innovative-mobilitaetsprojekte\/#breadcrumb","itemListElement":[{"@type":"ListItem","position":1,"name":"Home","item":"https:\/\/www.organisator.ch\/"},{"@type":"ListItem","position":2,"name":"Gesucht: Innovative Mobilit\u00e4tsprojekte"}]},{"@type":"WebSite","@id":"https:\/\/www.organisator.ch\/#website","url":"https:\/\/www.organisator.ch\/","name":"Organizzatore","description":"Competente. Pratico. In 10 numeri all'anno, ORGANISATOR presenta i temi essenziali per i manager delle PMI.","publisher":{"@id":"https:\/\/www.organisator.ch\/#organization"},"potentialAction":[{"@type":"SearchAction","target":{"@type":"EntryPoint","urlTemplate":"https:\/\/www.organisator.ch\/?s={search_term_string}"},"query-input":{"@type":"PropertyValueSpecification","valueRequired":true,"valueName":"search_term_string"}}],"inLanguage":"it-IT"},{"@type":"Organization","@id":"https:\/\/www.organisator.ch\/#organization","name":"Organizzatore","url":"https:\/\/www.organisator.ch\/","logo":{"@type":"ImageObject","inLanguage":"it-IT","@id":"https:\/\/www.organisator.ch\/#\/schema\/logo\/image\/","url":"https:\/\/www.organisator.ch\/wp-content\/uploads\/2022\/01\/Logo_Organisator_Website.png","contentUrl":"https:\/\/www.organisator.ch\/wp-content\/uploads\/2022\/01\/Logo_Organisator_Website.png","width":800,"height":77,"caption":"Organisator"},"image":{"@id":"https:\/\/www.organisator.ch\/#\/schema\/logo\/image\/"},"sameAs":["https:\/\/www.facebook.com\/OrganisatorFachmagazin","https:\/\/www.linkedin.com\/showcase\/organisator-das-magazin-fr-kmu","https:\/\/www.xing.com\/news\/pages\/organisator-ch-695","https:\/\/www.youtube.com\/channel\/UCGP2Sq0iWaZwT3BdIAQFYpw"]},{"@type":"Person","@id":"https:\/\/www.organisator.ch\/#\/schema\/person\/aa2bace6c5c5aad60102004a50c4eb1c","name":"amministratore","image":{"@type":"ImageObject","inLanguage":"it-IT","@id":"https:\/\/secure.gravatar.com\/avatar\/ae2f4d718e6c49043e314ce431e7e645d646302a24a5ef5a8bc8e3f5a032e319?s=96&d=mm&r=g","url":"https:\/\/secure.gravatar.com\/avatar\/ae2f4d718e6c49043e314ce431e7e645d646302a24a5ef5a8bc8e3f5a032e319?s=96&d=mm&r=g","contentUrl":"https:\/\/secure.gravatar.com\/avatar\/ae2f4d718e6c49043e314ce431e7e645d646302a24a5ef5a8bc8e3f5a032e319?s=96&d=mm&r=g","caption":"admin"},"sameAs":["https:\/\/www.organisator.ch"],"url":"https:\/\/www.organisator.ch\/it\/author\/admin\/"}]}},"_links":{"self":[{"href":"https:\/\/www.organisator.ch\/it\/wp-json\/wp\/v2\/posts\/9994","targetHints":{"allow":["GET"]}}],"collection":[{"href":"https:\/\/www.organisator.ch\/it\/wp-json\/wp\/v2\/posts"}],"about":[{"href":"https:\/\/www.organisator.ch\/it\/wp-json\/wp\/v2\/types\/post"}],"author":[{"embeddable":true,"href":"https:\/\/www.organisator.ch\/it\/wp-json\/wp\/v2\/users\/1"}],"replies":[{"embeddable":true,"href":"https:\/\/www.organisator.ch\/it\/wp-json\/wp\/v2\/comments?post=9994"}],"version-history":[{"count":1,"href":"https:\/\/www.organisator.ch\/it\/wp-json\/wp\/v2\/posts\/9994\/revisions"}],"predecessor-version":[{"id":10945,"href":"https:\/\/www.organisator.ch\/it\/wp-json\/wp\/v2\/posts\/9994\/revisions\/10945"}],"wp:featuredmedia":[{"embeddable":true,"href":"https:\/\/www.organisator.ch\/it\/wp-json\/wp\/v2\/media\/9473"}],"wp:attachment":[{"href":"https:\/\/www.organisator.ch\/it\/wp-json\/wp\/v2\/media?parent=9994"}],"wp:term":[{"taxonomy":"category","embeddable":true,"href":"https:\/\/www.organisator.ch\/it\/wp-json\/wp\/v2\/categories?post=9994"},{"taxonomy":"post_tag","embeddable":true,"href":"https:\/\/www.organisator.ch\/it\/wp-json\/wp\/v2\/tags?post=9994"}],"curies":[{"name":"wp","href":"https:\/\/api.w.org\/{rel}","templated":true}]}}