{"id":9996,"date":"2017-03-15T10:35:05","date_gmt":"2017-03-15T09:35:05","guid":{"rendered":"https:\/\/www.umweltperspektiven.ch\/?p=884"},"modified":"2017-03-15T10:35:05","modified_gmt":"2017-03-15T09:35:05","slug":"stoerfallverordnung-bafu-aktualisiert-mengenschwellen","status":"publish","type":"post","link":"https:\/\/www.organisator.ch\/it\/allgemein\/2017-03-15\/stoerfallverordnung-bafu-aktualisiert-mengenschwellen\/","title":{"rendered":"Ordinanza sugli incidenti rilevanti: l'UFAM aggiorna le soglie quantitative"},"content":{"rendered":"<figure id=\"attachment_885\" aria-describedby=\"caption-attachment-885\" style=\"width: 680px\" class=\"wp-caption alignnone\"><img loading=\"lazy\" decoding=\"async\" class=\"size-medium wp-image-885\" src=\"\/\/www.umweltperspektiven.ch\/wp-content\/uploads\/2017\/03\/Mengenschwellen-BAFU.jpg\" alt=\"\" width=\"680\" height=\"819\" srcset=\"https:\/\/www.organisator.ch\/wp-content\/uploads\/2017\/03\/Mengenschwellen-BAFU.jpg 993w, https:\/\/www.organisator.ch\/wp-content\/uploads\/2017\/03\/Mengenschwellen-BAFU-680x819.jpg 680w, https:\/\/www.organisator.ch\/wp-content\/uploads\/2017\/03\/Mengenschwellen-BAFU-850x1024.jpg 850w, https:\/\/www.organisator.ch\/wp-content\/uploads\/2017\/03\/Mengenschwellen-BAFU-768x925.jpg 768w, https:\/\/www.organisator.ch\/wp-content\/uploads\/2017\/03\/Mengenschwellen-BAFU-10x12.jpg 10w, https:\/\/www.organisator.ch\/wp-content\/uploads\/2017\/03\/Mengenschwellen-BAFU-145x175.jpg 145w, https:\/\/www.organisator.ch\/wp-content\/uploads\/2017\/03\/Mengenschwellen-BAFU-291x350.jpg 291w, https:\/\/www.organisator.ch\/wp-content\/uploads\/2017\/03\/Mengenschwellen-BAFU-664x800.jpg 664w, https:\/\/www.organisator.ch\/wp-content\/uploads\/2017\/03\/Mengenschwellen-BAFU-920x1108.jpg 920w, https:\/\/www.organisator.ch\/wp-content\/uploads\/2017\/03\/Mengenschwellen-BAFU-300x361.jpg 300w\" sizes=\"auto, (max-width: 680px) 100vw, 680px\" \/><figcaption id=\"caption-attachment-885\" class=\"wp-caption-text\">Il modulo appena pubblicato, compreso il calcolatore della soglia di quantit\u00e0, pu\u00f2 essere scaricato dal sito dell'UFAM.<\/figcaption><\/figure>\n<p>La guida all'attuazione si rivolge sia ai proprietari di stabilimenti che alle autorit\u00e0 di esecuzione per chiarire le questioni relative al superamento delle soglie di quantit\u00e0 secondo l'Ordinanza sulla protezione contro gli incidenti rilevanti (OMA). Spiega la procedura per determinare la quantit\u00e0 massima operativa di una sostanza, di un preparato o di un rifiuto pericoloso per stabilire se \u00e8 stata superata una soglia di quantit\u00e0. Inoltre, vengono discussi i criteri per determinare le soglie di quantit\u00e0 specifiche per le sostanze e i preparati.<\/p>\n<p>Come strumento centrale, questa pubblicazione contiene una lista che fornisce una panoramica di un gran numero di quantit\u00e0 qualificate per sostanze e preparati. Questi sono stati determinati da un gruppo di lavoro sulla base dei criteri per la tossicit\u00e0 umana ed ecotossicit\u00e0, i pericoli fisici, la reattivit\u00e0 con l'acqua e gli acidi, e i criteri per le sostanze altamente attive secondo l'allegato 1 della StFV.<\/p>\n<p><strong>Calcolatrice per le soglie di quantit\u00e0<\/strong><\/p>\n<p>Il documento \u00e8 disponibile sul sito <a href=\"\/\/www.bafu.admin.ch\/bafu\/de\/home\/themen\/stoerfallvorsorge\/publikationen-studien\/publikationen\/mengenschwellen-gemaess-stoerfallverordnung.html\">Sito web dell'UFAM<\/a> \u00e8 disponibile per il download come file PDF. Sulla stessa pagina c'\u00e8 un calcolatore di soglia di quantit\u00e0 scaricabile in Excel. Inserendo i codici H e i codici EUH di una sostanza o di un preparato, lo strumento calcola la soglia di quantit\u00e0 ricercata.<\/p>\n<p>&nbsp;<\/p>","protected":false},"excerpt":{"rendered":"<p>Die Vollzugshilfe richtet sich sowohl an die Inhaber von Betrieben wie auch die Vollzugsbeh\u00f6rden bei der Kl\u00e4rung von Fragen in Bezug auf die \u00dcberschreitung von Mengenschwellen gem\u00e4ss St\u00f6rfallverordnung (StFV). Sie erl\u00e4utert das Vorgehen zur Bestimmung der betrieblichen H\u00f6chstmenge eines Stoffes, einer Zubereitung oder eines Sonderabfalls, um eine Mengenschwellen\u00fcberschreitung festzustellen. Zudem werden die Kriterien zur Ermittlung [&hellip;]<\/p>\n","protected":false},"author":1,"featured_media":885,"comment_status":"open","ping_status":"open","sticky":false,"template":"","format":"standard","meta":{"_acf_changed":false,"_yoast_wpseo_focuskw":"Mengenschwellen","_yoast_wpseo_metadesc":"Das Modul \"Mengenschwellen gem\u00e4ss St\u00f6rfallverordnung\" erl\u00e4utert das Vorgehen zur Bestimmung der betrieblichen H\u00f6chstmenge eines Stoffes.","articlekey":"","footnotes":""},"categories":[1],"tags":[762,1686,2356],"class_list":["post-9996","post","type-post","status-publish","format-standard","has-post-thumbnail","hentry","category-allgemein","tag-bafu","tag-mengenschwellen","tag-umwelt-vollzug"],"acf":[],"yoast_head":"<!-- This site is optimized with the Yoast SEO plugin v27.4 - https:\/\/yoast.com\/product\/yoast-seo-wordpress\/ -->\n<title>St\u00f6rfallverordnung: BAFU aktualisiert Mengenschwellen - Organisator<\/title>\n<meta name=\"description\" content=\"Das Modul &quot;Mengenschwellen gem\u00e4ss St\u00f6rfallverordnung&quot; erl\u00e4utert das Vorgehen zur Bestimmung der betrieblichen H\u00f6chstmenge eines Stoffes.\" \/>\n<meta name=\"robots\" content=\"index, follow, max-snippet:-1, max-image-preview:large, max-video-preview:-1\" \/>\n<link rel=\"canonical\" href=\"https:\/\/www.organisator.ch\/it\/generale\/2017-03-15\/stoerfallverordnung-bafu-aktualisiert-mengenschwellen\/\" \/>\n<meta property=\"og:locale\" content=\"it_IT\" \/>\n<meta property=\"og:type\" content=\"article\" \/>\n<meta property=\"og:title\" content=\"St\u00f6rfallverordnung: BAFU aktualisiert Mengenschwellen - Organisator\" \/>\n<meta property=\"og:description\" content=\"Das Modul &quot;Mengenschwellen gem\u00e4ss St\u00f6rfallverordnung&quot; erl\u00e4utert das Vorgehen zur Bestimmung der betrieblichen H\u00f6chstmenge eines Stoffes.\" \/>\n<meta property=\"og:url\" content=\"https:\/\/www.organisator.ch\/it\/generale\/2017-03-15\/stoerfallverordnung-bafu-aktualisiert-mengenschwellen\/\" \/>\n<meta property=\"og:site_name\" content=\"Organisator\" \/>\n<meta property=\"article:publisher\" content=\"https:\/\/www.facebook.com\/OrganisatorFachmagazin\" \/>\n<meta property=\"article:published_time\" content=\"2017-03-15T09:35:05+00:00\" \/>\n<meta property=\"og:image\" content=\"https:\/\/www.organisator.ch\/wp-content\/uploads\/2017\/03\/Mengenschwellen-BAFU.jpg\" \/>\n\t<meta property=\"og:image:width\" content=\"993\" \/>\n\t<meta property=\"og:image:height\" content=\"1196\" \/>\n\t<meta property=\"og:image:type\" content=\"image\/jpeg\" \/>\n<meta name=\"author\" content=\"admin\" \/>\n<meta name=\"twitter:card\" content=\"summary_large_image\" \/>\n<script type=\"application\/ld+json\" class=\"yoast-schema-graph\">{\"@context\":\"https:\\\/\\\/schema.org\",\"@graph\":[{\"@type\":\"Article\",\"@id\":\"https:\\\/\\\/www.organisator.ch\\\/en\\\/general\\\/2017-03-15\\\/stoerfallverordnung-bafu-aktualisiert-mengenschwellen\\\/#article\",\"isPartOf\":{\"@id\":\"https:\\\/\\\/www.organisator.ch\\\/en\\\/general\\\/2017-03-15\\\/stoerfallverordnung-bafu-aktualisiert-mengenschwellen\\\/\"},\"author\":{\"name\":\"admin\",\"@id\":\"https:\\\/\\\/www.organisator.ch\\\/#\\\/schema\\\/person\\\/aa2bace6c5c5aad60102004a50c4eb1c\"},\"headline\":\"St\u00f6rfallverordnung: BAFU aktualisiert Mengenschwellen\",\"datePublished\":\"2017-03-15T09:35:05+00:00\",\"mainEntityOfPage\":{\"@id\":\"https:\\\/\\\/www.organisator.ch\\\/en\\\/general\\\/2017-03-15\\\/stoerfallverordnung-bafu-aktualisiert-mengenschwellen\\\/\"},\"wordCount\":202,\"commentCount\":0,\"publisher\":{\"@id\":\"https:\\\/\\\/www.organisator.ch\\\/#organization\"},\"image\":{\"@id\":\"https:\\\/\\\/www.organisator.ch\\\/en\\\/general\\\/2017-03-15\\\/stoerfallverordnung-bafu-aktualisiert-mengenschwellen\\\/#primaryimage\"},\"thumbnailUrl\":\"https:\\\/\\\/www.organisator.ch\\\/wp-content\\\/uploads\\\/2017\\\/03\\\/Mengenschwellen-BAFU.jpg\",\"keywords\":[\"BAFU\",\"Mengenschwellen\",\"Umwelt-Vollzug\"],\"articleSection\":[\"Allgemein\"],\"inLanguage\":\"it-IT\"},{\"@type\":\"WebPage\",\"@id\":\"https:\\\/\\\/www.organisator.ch\\\/en\\\/general\\\/2017-03-15\\\/stoerfallverordnung-bafu-aktualisiert-mengenschwellen\\\/\",\"url\":\"https:\\\/\\\/www.organisator.ch\\\/en\\\/general\\\/2017-03-15\\\/stoerfallverordnung-bafu-aktualisiert-mengenschwellen\\\/\",\"name\":\"St\u00f6rfallverordnung: BAFU aktualisiert Mengenschwellen - Organisator\",\"isPartOf\":{\"@id\":\"https:\\\/\\\/www.organisator.ch\\\/#website\"},\"primaryImageOfPage\":{\"@id\":\"https:\\\/\\\/www.organisator.ch\\\/en\\\/general\\\/2017-03-15\\\/stoerfallverordnung-bafu-aktualisiert-mengenschwellen\\\/#primaryimage\"},\"image\":{\"@id\":\"https:\\\/\\\/www.organisator.ch\\\/en\\\/general\\\/2017-03-15\\\/stoerfallverordnung-bafu-aktualisiert-mengenschwellen\\\/#primaryimage\"},\"thumbnailUrl\":\"https:\\\/\\\/www.organisator.ch\\\/wp-content\\\/uploads\\\/2017\\\/03\\\/Mengenschwellen-BAFU.jpg\",\"datePublished\":\"2017-03-15T09:35:05+00:00\",\"description\":\"Das Modul \\\"Mengenschwellen gem\u00e4ss St\u00f6rfallverordnung\\\" erl\u00e4utert das Vorgehen zur Bestimmung der betrieblichen H\u00f6chstmenge eines Stoffes.\",\"breadcrumb\":{\"@id\":\"https:\\\/\\\/www.organisator.ch\\\/en\\\/general\\\/2017-03-15\\\/stoerfallverordnung-bafu-aktualisiert-mengenschwellen\\\/#breadcrumb\"},\"inLanguage\":\"it-IT\",\"potentialAction\":[{\"@type\":\"ReadAction\",\"target\":[\"https:\\\/\\\/www.organisator.ch\\\/en\\\/general\\\/2017-03-15\\\/stoerfallverordnung-bafu-aktualisiert-mengenschwellen\\\/\"]}]},{\"@type\":\"ImageObject\",\"inLanguage\":\"it-IT\",\"@id\":\"https:\\\/\\\/www.organisator.ch\\\/en\\\/general\\\/2017-03-15\\\/stoerfallverordnung-bafu-aktualisiert-mengenschwellen\\\/#primaryimage\",\"url\":\"https:\\\/\\\/www.organisator.ch\\\/wp-content\\\/uploads\\\/2017\\\/03\\\/Mengenschwellen-BAFU.jpg\",\"contentUrl\":\"https:\\\/\\\/www.organisator.ch\\\/wp-content\\\/uploads\\\/2017\\\/03\\\/Mengenschwellen-BAFU.jpg\",\"width\":993,\"height\":1196,\"caption\":\"Das frisch ver\u00f6ffentliche Modul steht samt Mengenschwellenrechner auf der Website des BAFU zum Download bereit.\"},{\"@type\":\"BreadcrumbList\",\"@id\":\"https:\\\/\\\/www.organisator.ch\\\/en\\\/general\\\/2017-03-15\\\/stoerfallverordnung-bafu-aktualisiert-mengenschwellen\\\/#breadcrumb\",\"itemListElement\":[{\"@type\":\"ListItem\",\"position\":1,\"name\":\"Home\",\"item\":\"https:\\\/\\\/www.organisator.ch\\\/\"},{\"@type\":\"ListItem\",\"position\":2,\"name\":\"St\u00f6rfallverordnung: BAFU aktualisiert Mengenschwellen\"}]},{\"@type\":\"WebSite\",\"@id\":\"https:\\\/\\\/www.organisator.ch\\\/#website\",\"url\":\"https:\\\/\\\/www.organisator.ch\\\/\",\"name\":\"Organisator\",\"description\":\"Kompetent. Praxisnah. Der ORGANISATOR bereitet in 10 Ausgaben pro Jahr die wesentlichen Themen f\u00fcr F\u00fchrungskr\u00e4fte von KMU auf.\",\"publisher\":{\"@id\":\"https:\\\/\\\/www.organisator.ch\\\/#organization\"},\"potentialAction\":[{\"@type\":\"SearchAction\",\"target\":{\"@type\":\"EntryPoint\",\"urlTemplate\":\"https:\\\/\\\/www.organisator.ch\\\/?s={search_term_string}\"},\"query-input\":{\"@type\":\"PropertyValueSpecification\",\"valueRequired\":true,\"valueName\":\"search_term_string\"}}],\"inLanguage\":\"it-IT\"},{\"@type\":\"Organization\",\"@id\":\"https:\\\/\\\/www.organisator.ch\\\/#organization\",\"name\":\"Organisator\",\"url\":\"https:\\\/\\\/www.organisator.ch\\\/\",\"logo\":{\"@type\":\"ImageObject\",\"inLanguage\":\"it-IT\",\"@id\":\"https:\\\/\\\/www.organisator.ch\\\/#\\\/schema\\\/logo\\\/image\\\/\",\"url\":\"https:\\\/\\\/www.organisator.ch\\\/wp-content\\\/uploads\\\/2022\\\/01\\\/Logo_Organisator_Website.png\",\"contentUrl\":\"https:\\\/\\\/www.organisator.ch\\\/wp-content\\\/uploads\\\/2022\\\/01\\\/Logo_Organisator_Website.png\",\"width\":800,\"height\":77,\"caption\":\"Organisator\"},\"image\":{\"@id\":\"https:\\\/\\\/www.organisator.ch\\\/#\\\/schema\\\/logo\\\/image\\\/\"},\"sameAs\":[\"https:\\\/\\\/www.facebook.com\\\/OrganisatorFachmagazin\",\"https:\\\/\\\/www.linkedin.com\\\/showcase\\\/organisator-das-magazin-fr-kmu\",\"https:\\\/\\\/www.xing.com\\\/news\\\/pages\\\/organisator-ch-695\",\"https:\\\/\\\/www.youtube.com\\\/channel\\\/UCGP2Sq0iWaZwT3BdIAQFYpw\"]},{\"@type\":\"Person\",\"@id\":\"https:\\\/\\\/www.organisator.ch\\\/#\\\/schema\\\/person\\\/aa2bace6c5c5aad60102004a50c4eb1c\",\"name\":\"admin\",\"image\":{\"@type\":\"ImageObject\",\"inLanguage\":\"it-IT\",\"@id\":\"https:\\\/\\\/secure.gravatar.com\\\/avatar\\\/ae2f4d718e6c49043e314ce431e7e645d646302a24a5ef5a8bc8e3f5a032e319?s=96&d=mm&r=g\",\"url\":\"https:\\\/\\\/secure.gravatar.com\\\/avatar\\\/ae2f4d718e6c49043e314ce431e7e645d646302a24a5ef5a8bc8e3f5a032e319?s=96&d=mm&r=g\",\"contentUrl\":\"https:\\\/\\\/secure.gravatar.com\\\/avatar\\\/ae2f4d718e6c49043e314ce431e7e645d646302a24a5ef5a8bc8e3f5a032e319?s=96&d=mm&r=g\",\"caption\":\"admin\"},\"sameAs\":[\"https:\\\/\\\/www.organisator.ch\"],\"url\":\"https:\\\/\\\/www.organisator.ch\\\/it\\\/author\\\/admin\\\/\"}]}<\/script>\n<!-- \/ Yoast SEO plugin. -->","yoast_head_json":{"title":"Ordinanza sugli incidenti rilevanti: l'UFAM aggiorna le soglie di quantit\u00e0 - Organizzatore","description":"Il modulo \"Soglie di quantit\u00e0 secondo l'ordinanza sugli incidenti rilevanti\" spiega la procedura per determinare la quantit\u00e0 massima operativa di una sostanza.","robots":{"index":"index","follow":"follow","max-snippet":"max-snippet:-1","max-image-preview":"max-image-preview:large","max-video-preview":"max-video-preview:-1"},"canonical":"https:\/\/www.organisator.ch\/it\/generale\/2017-03-15\/stoerfallverordnung-bafu-aktualisiert-mengenschwellen\/","og_locale":"it_IT","og_type":"article","og_title":"St\u00f6rfallverordnung: BAFU aktualisiert Mengenschwellen - Organisator","og_description":"Das Modul \"Mengenschwellen gem\u00e4ss St\u00f6rfallverordnung\" erl\u00e4utert das Vorgehen zur Bestimmung der betrieblichen H\u00f6chstmenge eines Stoffes.","og_url":"https:\/\/www.organisator.ch\/it\/generale\/2017-03-15\/stoerfallverordnung-bafu-aktualisiert-mengenschwellen\/","og_site_name":"Organisator","article_publisher":"https:\/\/www.facebook.com\/OrganisatorFachmagazin","article_published_time":"2017-03-15T09:35:05+00:00","og_image":[{"width":993,"height":1196,"url":"https:\/\/www.organisator.ch\/wp-content\/uploads\/2017\/03\/Mengenschwellen-BAFU.jpg","type":"image\/jpeg"}],"author":"admin","twitter_card":"summary_large_image","schema":{"@context":"https:\/\/schema.org","@graph":[{"@type":"Article","@id":"https:\/\/www.organisator.ch\/en\/general\/2017-03-15\/stoerfallverordnung-bafu-aktualisiert-mengenschwellen\/#article","isPartOf":{"@id":"https:\/\/www.organisator.ch\/en\/general\/2017-03-15\/stoerfallverordnung-bafu-aktualisiert-mengenschwellen\/"},"author":{"name":"admin","@id":"https:\/\/www.organisator.ch\/#\/schema\/person\/aa2bace6c5c5aad60102004a50c4eb1c"},"headline":"St\u00f6rfallverordnung: BAFU aktualisiert Mengenschwellen","datePublished":"2017-03-15T09:35:05+00:00","mainEntityOfPage":{"@id":"https:\/\/www.organisator.ch\/en\/general\/2017-03-15\/stoerfallverordnung-bafu-aktualisiert-mengenschwellen\/"},"wordCount":202,"commentCount":0,"publisher":{"@id":"https:\/\/www.organisator.ch\/#organization"},"image":{"@id":"https:\/\/www.organisator.ch\/en\/general\/2017-03-15\/stoerfallverordnung-bafu-aktualisiert-mengenschwellen\/#primaryimage"},"thumbnailUrl":"https:\/\/www.organisator.ch\/wp-content\/uploads\/2017\/03\/Mengenschwellen-BAFU.jpg","keywords":["BAFU","Mengenschwellen","Umwelt-Vollzug"],"articleSection":["Allgemein"],"inLanguage":"it-IT"},{"@type":"WebPage","@id":"https:\/\/www.organisator.ch\/en\/general\/2017-03-15\/stoerfallverordnung-bafu-aktualisiert-mengenschwellen\/","url":"https:\/\/www.organisator.ch\/en\/general\/2017-03-15\/stoerfallverordnung-bafu-aktualisiert-mengenschwellen\/","name":"Ordinanza sugli incidenti rilevanti: l'UFAM aggiorna le soglie di quantit\u00e0 - Organizzatore","isPartOf":{"@id":"https:\/\/www.organisator.ch\/#website"},"primaryImageOfPage":{"@id":"https:\/\/www.organisator.ch\/en\/general\/2017-03-15\/stoerfallverordnung-bafu-aktualisiert-mengenschwellen\/#primaryimage"},"image":{"@id":"https:\/\/www.organisator.ch\/en\/general\/2017-03-15\/stoerfallverordnung-bafu-aktualisiert-mengenschwellen\/#primaryimage"},"thumbnailUrl":"https:\/\/www.organisator.ch\/wp-content\/uploads\/2017\/03\/Mengenschwellen-BAFU.jpg","datePublished":"2017-03-15T09:35:05+00:00","description":"Il modulo \"Soglie di quantit\u00e0 secondo l'ordinanza sugli incidenti rilevanti\" spiega la procedura per determinare la quantit\u00e0 massima operativa di una sostanza.","breadcrumb":{"@id":"https:\/\/www.organisator.ch\/en\/general\/2017-03-15\/stoerfallverordnung-bafu-aktualisiert-mengenschwellen\/#breadcrumb"},"inLanguage":"it-IT","potentialAction":[{"@type":"ReadAction","target":["https:\/\/www.organisator.ch\/en\/general\/2017-03-15\/stoerfallverordnung-bafu-aktualisiert-mengenschwellen\/"]}]},{"@type":"ImageObject","inLanguage":"it-IT","@id":"https:\/\/www.organisator.ch\/en\/general\/2017-03-15\/stoerfallverordnung-bafu-aktualisiert-mengenschwellen\/#primaryimage","url":"https:\/\/www.organisator.ch\/wp-content\/uploads\/2017\/03\/Mengenschwellen-BAFU.jpg","contentUrl":"https:\/\/www.organisator.ch\/wp-content\/uploads\/2017\/03\/Mengenschwellen-BAFU.jpg","width":993,"height":1196,"caption":"Das frisch ver\u00f6ffentliche Modul steht samt Mengenschwellenrechner auf der Website des BAFU zum Download bereit."},{"@type":"BreadcrumbList","@id":"https:\/\/www.organisator.ch\/en\/general\/2017-03-15\/stoerfallverordnung-bafu-aktualisiert-mengenschwellen\/#breadcrumb","itemListElement":[{"@type":"ListItem","position":1,"name":"Home","item":"https:\/\/www.organisator.ch\/"},{"@type":"ListItem","position":2,"name":"St\u00f6rfallverordnung: BAFU aktualisiert Mengenschwellen"}]},{"@type":"WebSite","@id":"https:\/\/www.organisator.ch\/#website","url":"https:\/\/www.organisator.ch\/","name":"Organizzatore","description":"Competente. Pratico. In 10 numeri all'anno, ORGANISATOR presenta i temi essenziali per i manager delle PMI.","publisher":{"@id":"https:\/\/www.organisator.ch\/#organization"},"potentialAction":[{"@type":"SearchAction","target":{"@type":"EntryPoint","urlTemplate":"https:\/\/www.organisator.ch\/?s={search_term_string}"},"query-input":{"@type":"PropertyValueSpecification","valueRequired":true,"valueName":"search_term_string"}}],"inLanguage":"it-IT"},{"@type":"Organization","@id":"https:\/\/www.organisator.ch\/#organization","name":"Organizzatore","url":"https:\/\/www.organisator.ch\/","logo":{"@type":"ImageObject","inLanguage":"it-IT","@id":"https:\/\/www.organisator.ch\/#\/schema\/logo\/image\/","url":"https:\/\/www.organisator.ch\/wp-content\/uploads\/2022\/01\/Logo_Organisator_Website.png","contentUrl":"https:\/\/www.organisator.ch\/wp-content\/uploads\/2022\/01\/Logo_Organisator_Website.png","width":800,"height":77,"caption":"Organisator"},"image":{"@id":"https:\/\/www.organisator.ch\/#\/schema\/logo\/image\/"},"sameAs":["https:\/\/www.facebook.com\/OrganisatorFachmagazin","https:\/\/www.linkedin.com\/showcase\/organisator-das-magazin-fr-kmu","https:\/\/www.xing.com\/news\/pages\/organisator-ch-695","https:\/\/www.youtube.com\/channel\/UCGP2Sq0iWaZwT3BdIAQFYpw"]},{"@type":"Person","@id":"https:\/\/www.organisator.ch\/#\/schema\/person\/aa2bace6c5c5aad60102004a50c4eb1c","name":"amministratore","image":{"@type":"ImageObject","inLanguage":"it-IT","@id":"https:\/\/secure.gravatar.com\/avatar\/ae2f4d718e6c49043e314ce431e7e645d646302a24a5ef5a8bc8e3f5a032e319?s=96&d=mm&r=g","url":"https:\/\/secure.gravatar.com\/avatar\/ae2f4d718e6c49043e314ce431e7e645d646302a24a5ef5a8bc8e3f5a032e319?s=96&d=mm&r=g","contentUrl":"https:\/\/secure.gravatar.com\/avatar\/ae2f4d718e6c49043e314ce431e7e645d646302a24a5ef5a8bc8e3f5a032e319?s=96&d=mm&r=g","caption":"admin"},"sameAs":["https:\/\/www.organisator.ch"],"url":"https:\/\/www.organisator.ch\/it\/author\/admin\/"}]}},"_links":{"self":[{"href":"https:\/\/www.organisator.ch\/it\/wp-json\/wp\/v2\/posts\/9996","targetHints":{"allow":["GET"]}}],"collection":[{"href":"https:\/\/www.organisator.ch\/it\/wp-json\/wp\/v2\/posts"}],"about":[{"href":"https:\/\/www.organisator.ch\/it\/wp-json\/wp\/v2\/types\/post"}],"author":[{"embeddable":true,"href":"https:\/\/www.organisator.ch\/it\/wp-json\/wp\/v2\/users\/1"}],"replies":[{"embeddable":true,"href":"https:\/\/www.organisator.ch\/it\/wp-json\/wp\/v2\/comments?post=9996"}],"version-history":[{"count":0,"href":"https:\/\/www.organisator.ch\/it\/wp-json\/wp\/v2\/posts\/9996\/revisions"}],"wp:featuredmedia":[{"embeddable":true,"href":"https:\/\/www.organisator.ch\/it\/wp-json\/wp\/v2\/media\/885"}],"wp:attachment":[{"href":"https:\/\/www.organisator.ch\/it\/wp-json\/wp\/v2\/media?parent=9996"}],"wp:term":[{"taxonomy":"category","embeddable":true,"href":"https:\/\/www.organisator.ch\/it\/wp-json\/wp\/v2\/categories?post=9996"},{"taxonomy":"post_tag","embeddable":true,"href":"https:\/\/www.organisator.ch\/it\/wp-json\/wp\/v2\/tags?post=9996"}],"curies":[{"name":"wp","href":"https:\/\/api.w.org\/{rel}","templated":true}]}}